{"id":754197,"date":"2023-08-09T13:42:06","date_gmt":"2023-08-09T16:42:06","guid":{"rendered":"https:\/\/bahiaeconomica.com.br\/wp\/?p=754197"},"modified":"2023-08-09T13:42:06","modified_gmt":"2023-08-09T16:42:06","slug":"mec-abre-inscricoes-para-concurso-com-220-vagas","status":"publish","type":"post","link":"https:\/\/bahiaeconomica.com.br\/wp\/2023\/08\/09\/mec-abre-inscricoes-para-concurso-com-220-vagas\/","title":{"rendered":"MEC ABRE INSCRI\u00c7\u00d5ES PARA CONCURSO COM 220 VAGAS"},"content":{"rendered":"<p>As inscri\u00e7\u00f5es para o concurso p\u00fablico que vai preencher 220 vagas de t\u00e9cnico em assuntos educacionais no Minist\u00e9rio da Educa\u00e7\u00e3o (MEC), iniciaram nesta quarta-feira (9), \u00e0s 10h (hor\u00e1rio de Bras\u00edlia\/DF).<\/p>\n<p>O sal\u00e1rio inicial para o cargo \u00e9 de R$ 6.255,90, e os aprovados tamb\u00e9m v\u00e3o receber aux\u00edlio-alimenta\u00e7\u00e3o de R$ 658. A vaga \u00e9 de n\u00edvel superior, com uma jornada de trabalho de 40 horas semanais. A taxa de inscri\u00e7\u00e3o \u00e9 de R$ 80 e podem ser feitas pelo site do Cebraspe at\u00e9 as 18h do dia 28 de agosto.<\/p>\n<p>Podem pedir isen\u00e7\u00e3o do pagamento candidatos de baixa renda, inscritos no Cad\u00danico ou doadores de medula \u00f3ssea. Das 220 vagas, 11 ser\u00e3o reservadas para pessoas com defici\u00eancia (PCD) e 44 para candidatos que se autodeclararem pretos ou pardos.<\/p>\n<p>Foto: Dragana Gordic\/Freepik<\/p>\n","protected":false},"excerpt":{"rendered":"<p>As inscri\u00e7\u00f5es para o concurso p\u00fablico que vai preencher 220 vagas de t\u00e9cnico em assuntos educacionais no Minist\u00e9rio da Educa\u00e7\u00e3o (MEC), iniciaram nesta quarta-feira (9), \u00e0s 10h (hor\u00e1rio de Bras\u00edlia\/DF). O sal\u00e1rio inicial para o cargo \u00e9 de R$ 6.255,90, e os aprovados tamb\u00e9m v\u00e3o receber aux\u00edlio-alimenta\u00e7\u00e3o de R$ 658. A vaga \u00e9 de n\u00edvel [&hellip;]<\/p>\n","protected":false},"author":15,"featured_media":754198,"comment_status":"closed","ping_status":"closed","sticky":false,"template":"","format":"standard","meta":[],"categories":[8],"tags":[175,981,417],"acf":[],"yoast_head":"<!-- This site is optimized with the Yoast SEO plugin v20.8 - https:\/\/yoast.com\/wordpress\/plugins\/seo\/ -->\n<title>MEC ABRE INSCRI\u00c7\u00d5ES PARA CONCURSO COM 220 VAGAS - Bahia Economica<\/title>\n<meta name=\"description\" content=\"O maior portal de Economia da Bahia EMPREGOS \/ CONCURSOS Bahia Economica As inscri\u00e7\u00f5es para o concurso p\u00fablico que vai preencher 220 vagas\" \/>\n<meta name=\"robots\" content=\"index, follow, max-snippet:-1, max-image-preview:large, max-video-preview:-1\" \/>\n<link rel=\"canonical\" href=\"https:\/\/bahiaeconomica.com.br\/wp\/2023\/08\/09\/mec-abre-inscricoes-para-concurso-com-220-vagas\/\" \/>\n<meta property=\"og:locale\" content=\"pt_BR\" \/>\n<meta property=\"og:type\" content=\"article\" \/>\n<meta property=\"og:title\" content=\"MEC ABRE INSCRI\u00c7\u00d5ES PARA CONCURSO COM 220 VAGAS - Bahia Economica\" \/>\n<meta property=\"og:description\" content=\"O maior portal de Economia da Bahia EMPREGOS \/ CONCURSOS Bahia Economica As inscri\u00e7\u00f5es para o concurso p\u00fablico que vai preencher 220 vagas\" \/>\n<meta property=\"og:url\" content=\"https:\/\/bahiaeconomica.com.br\/wp\/2023\/08\/09\/mec-abre-inscricoes-para-concurso-com-220-vagas\/\" \/>\n<meta property=\"og:site_name\" content=\"Bahia Economica\" \/>\n<meta property=\"article:publisher\" content=\"https:\/\/www.facebook.com\/bahiaeconomica\" \/>\n<meta property=\"article:published_time\" content=\"2023-08-09T16:42:06+00:00\" \/>\n<meta property=\"og:image\" content=\"https:\/\/bahiaeconomica.com.br\/wp\/wp-content\/uploads\/2023\/08\/image-50-.webp\" \/>\n\t<meta property=\"og:image:width\" content=\"984\" \/>\n\t<meta property=\"og:image:height\" content=\"620\" \/>\n\t<meta property=\"og:image:type\" content=\"image\/webp\" \/>\n<meta name=\"author\" content=\"VICTORIA ISABEL\" \/>\n<meta name=\"twitter:card\" content=\"summary_large_image\" \/>\n<meta name=\"twitter:label1\" content=\"Escrito por\" \/>\n\t<meta name=\"twitter:data1\" content=\"VICTORIA ISABEL\" \/>\n\t<meta name=\"twitter:label2\" content=\"Est. tempo de leitura\" \/>\n\t<meta name=\"twitter:data2\" content=\"1 minuto\" \/>\n<script type=\"application\/ld+json\" class=\"yoast-schema-graph\">{\"@context\":\"https:\/\/schema.org\",\"@graph\":[{\"@type\":\"Article\",\"@id\":\"https:\/\/bahiaeconomica.com.br\/wp\/2023\/08\/09\/mec-abre-inscricoes-para-concurso-com-220-vagas\/#article\",\"isPartOf\":{\"@id\":\"https:\/\/bahiaeconomica.com.br\/wp\/2023\/08\/09\/mec-abre-inscricoes-para-concurso-com-220-vagas\/\"},\"author\":{\"name\":\"VICTORIA ISABEL\",\"@id\":\"https:\/\/bahiaeconomica.com.br\/wp\/#\/schema\/person\/b719ce0fb1c09f3c7a00d9243ced4a6f\"},\"headline\":\"MEC ABRE INSCRI\u00c7\u00d5ES PARA CONCURSO COM 220 VAGAS\",\"datePublished\":\"2023-08-09T16:42:06+00:00\",\"dateModified\":\"2023-08-09T16:42:06+00:00\",\"mainEntityOfPage\":{\"@id\":\"https:\/\/bahiaeconomica.com.br\/wp\/2023\/08\/09\/mec-abre-inscricoes-para-concurso-com-220-vagas\/\"},\"wordCount\":145,\"publisher\":{\"@id\":\"https:\/\/bahiaeconomica.com.br\/wp\/#organization\"},\"keywords\":[\"concurso\",\"inscri\u00e7\u00f5es\",\"MEC\"],\"articleSection\":[\"EMPREGOS \/ CONCURSOS\"],\"inLanguage\":\"pt-BR\"},{\"@type\":\"WebPage\",\"@id\":\"https:\/\/bahiaeconomica.com.br\/wp\/2023\/08\/09\/mec-abre-inscricoes-para-concurso-com-220-vagas\/\",\"url\":\"https:\/\/bahiaeconomica.com.br\/wp\/2023\/08\/09\/mec-abre-inscricoes-para-concurso-com-220-vagas\/\",\"name\":\"MEC ABRE INSCRI\u00c7\u00d5ES PARA CONCURSO COM 220 VAGAS - Bahia Economica\",\"isPartOf\":{\"@id\":\"https:\/\/bahiaeconomica.com.br\/wp\/#website\"},\"datePublished\":\"2023-08-09T16:42:06+00:00\",\"dateModified\":\"2023-08-09T16:42:06+00:00\",\"description\":\"O maior portal de Economia da Bahia EMPREGOS \/ CONCURSOS Bahia Economica As inscri\u00e7\u00f5es para o concurso p\u00fablico que vai preencher 220 vagas\",\"breadcrumb\":{\"@id\":\"https:\/\/bahiaeconomica.com.br\/wp\/2023\/08\/09\/mec-abre-inscricoes-para-concurso-com-220-vagas\/#breadcrumb\"},\"inLanguage\":\"pt-BR\",\"potentialAction\":[{\"@type\":\"ReadAction\",\"target\":[\"https:\/\/bahiaeconomica.com.br\/wp\/2023\/08\/09\/mec-abre-inscricoes-para-concurso-com-220-vagas\/\"]}]},{\"@type\":\"BreadcrumbList\",\"@id\":\"https:\/\/bahiaeconomica.com.br\/wp\/2023\/08\/09\/mec-abre-inscricoes-para-concurso-com-220-vagas\/#breadcrumb\",\"itemListElement\":[{\"@type\":\"ListItem\",\"position\":1,\"name\":\"In\u00edcio\",\"item\":\"https:\/\/bahiaeconomica.com.br\/wp\/\"},{\"@type\":\"ListItem\",\"position\":2,\"name\":\"MEC ABRE INSCRI\u00c7\u00d5ES PARA CONCURSO COM 220 VAGAS\"}]},{\"@type\":\"WebSite\",\"@id\":\"https:\/\/bahiaeconomica.com.br\/wp\/#website\",\"url\":\"https:\/\/bahiaeconomica.com.br\/wp\/\",\"name\":\"Bahia Economica\",\"description\":\"O maior portal de Economia da Bahia\",\"publisher\":{\"@id\":\"https:\/\/bahiaeconomica.com.br\/wp\/#organization\"},\"potentialAction\":[{\"@type\":\"SearchAction\",\"target\":{\"@type\":\"EntryPoint\",\"urlTemplate\":\"https:\/\/bahiaeconomica.com.br\/wp\/?s={search_term_string}\"},\"query-input\":\"required name=search_term_string\"}],\"inLanguage\":\"pt-BR\"},{\"@type\":\"Organization\",\"@id\":\"https:\/\/bahiaeconomica.com.br\/wp\/#organization\",\"name\":\"Bahia Econ\u00f4mica\",\"url\":\"https:\/\/bahiaeconomica.com.br\/wp\/\",\"logo\":{\"@type\":\"ImageObject\",\"inLanguage\":\"pt-BR\",\"@id\":\"https:\/\/bahiaeconomica.com.br\/wp\/#\/schema\/logo\/image\/\",\"url\":\"https:\/\/bahiaeconomica.com.br\/wp\/wp-content\/uploads\/2020\/12\/cropped-BE.png\",\"contentUrl\":\"https:\/\/bahiaeconomica.com.br\/wp\/wp-content\/uploads\/2020\/12\/cropped-BE.png\",\"width\":512,\"height\":512,\"caption\":\"Bahia Econ\u00f4mica\"},\"image\":{\"@id\":\"https:\/\/bahiaeconomica.com.br\/wp\/#\/schema\/logo\/image\/\"},\"sameAs\":[\"https:\/\/www.facebook.com\/bahiaeconomica\"]},{\"@type\":\"Person\",\"@id\":\"https:\/\/bahiaeconomica.com.br\/wp\/#\/schema\/person\/b719ce0fb1c09f3c7a00d9243ced4a6f\",\"name\":\"VICTORIA ISABEL\",\"sameAs\":[\"http:\/\/www.bahiaeconomica.com.br\"],\"url\":\"https:\/\/bahiaeconomica.com.br\/wp\/author\/victoria-isabel\/\"}]}<\/script>\n<!-- \/ Yoast SEO plugin. -->","yoast_head_json":{"title":"MEC ABRE INSCRI\u00c7\u00d5ES PARA CONCURSO COM 220 VAGAS - Bahia Economica","description":"O maior portal de Economia da Bahia EMPREGOS \/ CONCURSOS Bahia Economica As inscri\u00e7\u00f5es para o concurso p\u00fablico que vai preencher 220 vagas","robots":{"index":"index","follow":"follow","max-snippet":"max-snippet:-1","max-image-preview":"max-image-preview:large","max-video-preview":"max-video-preview:-1"},"canonical":"https:\/\/bahiaeconomica.com.br\/wp\/2023\/08\/09\/mec-abre-inscricoes-para-concurso-com-220-vagas\/","og_locale":"pt_BR","og_type":"article","og_title":"MEC ABRE INSCRI\u00c7\u00d5ES PARA CONCURSO COM 220 VAGAS - Bahia Economica","og_description":"O maior portal de Economia da Bahia EMPREGOS \/ CONCURSOS Bahia Economica As inscri\u00e7\u00f5es para o concurso p\u00fablico que vai preencher 220 vagas","og_url":"https:\/\/bahiaeconomica.com.br\/wp\/2023\/08\/09\/mec-abre-inscricoes-para-concurso-com-220-vagas\/","og_site_name":"Bahia Economica","article_publisher":"https:\/\/www.facebook.com\/bahiaeconomica","article_published_time":"2023-08-09T16:42:06+00:00","og_image":[{"width":984,"height":620,"url":"https:\/\/bahiaeconomica.com.br\/wp\/wp-content\/uploads\/2023\/08\/image-50-.webp","type":"image\/webp"}],"author":"VICTORIA ISABEL","twitter_card":"summary_large_image","twitter_misc":{"Escrito por":"VICTORIA ISABEL","Est. tempo de leitura":"1 minuto"},"schema":{"@context":"https:\/\/schema.org","@graph":[{"@type":"Article","@id":"https:\/\/bahiaeconomica.com.br\/wp\/2023\/08\/09\/mec-abre-inscricoes-para-concurso-com-220-vagas\/#article","isPartOf":{"@id":"https:\/\/bahiaeconomica.com.br\/wp\/2023\/08\/09\/mec-abre-inscricoes-para-concurso-com-220-vagas\/"},"author":{"name":"VICTORIA ISABEL","@id":"https:\/\/bahiaeconomica.com.br\/wp\/#\/schema\/person\/b719ce0fb1c09f3c7a00d9243ced4a6f"},"headline":"MEC ABRE INSCRI\u00c7\u00d5ES PARA CONCURSO COM 220 VAGAS","datePublished":"2023-08-09T16:42:06+00:00","dateModified":"2023-08-09T16:42:06+00:00","mainEntityOfPage":{"@id":"https:\/\/bahiaeconomica.com.br\/wp\/2023\/08\/09\/mec-abre-inscricoes-para-concurso-com-220-vagas\/"},"wordCount":145,"publisher":{"@id":"https:\/\/bahiaeconomica.com.br\/wp\/#organization"},"keywords":["concurso","inscri\u00e7\u00f5es","MEC"],"articleSection":["EMPREGOS \/ CONCURSOS"],"inLanguage":"pt-BR"},{"@type":"WebPage","@id":"https:\/\/bahiaeconomica.com.br\/wp\/2023\/08\/09\/mec-abre-inscricoes-para-concurso-com-220-vagas\/","url":"https:\/\/bahiaeconomica.com.br\/wp\/2023\/08\/09\/mec-abre-inscricoes-para-concurso-com-220-vagas\/","name":"MEC ABRE INSCRI\u00c7\u00d5ES PARA CONCURSO COM 220 VAGAS - Bahia Economica","isPartOf":{"@id":"https:\/\/bahiaeconomica.com.br\/wp\/#website"},"datePublished":"2023-08-09T16:42:06+00:00","dateModified":"2023-08-09T16:42:06+00:00","description":"O maior portal de Economia da Bahia EMPREGOS \/ CONCURSOS Bahia Economica As inscri\u00e7\u00f5es para o concurso p\u00fablico que vai preencher 220 vagas","breadcrumb":{"@id":"https:\/\/bahiaeconomica.com.br\/wp\/2023\/08\/09\/mec-abre-inscricoes-para-concurso-com-220-vagas\/#breadcrumb"},"inLanguage":"pt-BR","potentialAction":[{"@type":"ReadAction","target":["https:\/\/bahiaeconomica.com.br\/wp\/2023\/08\/09\/mec-abre-inscricoes-para-concurso-com-220-vagas\/"]}]},{"@type":"BreadcrumbList","@id":"https:\/\/bahiaeconomica.com.br\/wp\/2023\/08\/09\/mec-abre-inscricoes-para-concurso-com-220-vagas\/#breadcrumb","itemListElement":[{"@type":"ListItem","position":1,"name":"In\u00edcio","item":"https:\/\/bahiaeconomica.com.br\/wp\/"},{"@type":"ListItem","position":2,"name":"MEC ABRE INSCRI\u00c7\u00d5ES PARA CONCURSO COM 220 VAGAS"}]},{"@type":"WebSite","@id":"https:\/\/bahiaeconomica.com.br\/wp\/#website","url":"https:\/\/bahiaeconomica.com.br\/wp\/","name":"Bahia Economica","description":"O maior portal de Economia da Bahia","publisher":{"@id":"https:\/\/bahiaeconomica.com.br\/wp\/#organization"},"potentialAction":[{"@type":"SearchAction","target":{"@type":"EntryPoint","urlTemplate":"https:\/\/bahiaeconomica.com.br\/wp\/?s={search_term_string}"},"query-input":"required name=search_term_string"}],"inLanguage":"pt-BR"},{"@type":"Organization","@id":"https:\/\/bahiaeconomica.com.br\/wp\/#organization","name":"Bahia Econ\u00f4mica","url":"https:\/\/bahiaeconomica.com.br\/wp\/","logo":{"@type":"ImageObject","inLanguage":"pt-BR","@id":"https:\/\/bahiaeconomica.com.br\/wp\/#\/schema\/logo\/image\/","url":"https:\/\/bahiaeconomica.com.br\/wp\/wp-content\/uploads\/2020\/12\/cropped-BE.png","contentUrl":"https:\/\/bahiaeconomica.com.br\/wp\/wp-content\/uploads\/2020\/12\/cropped-BE.png","width":512,"height":512,"caption":"Bahia Econ\u00f4mica"},"image":{"@id":"https:\/\/bahiaeconomica.com.br\/wp\/#\/schema\/logo\/image\/"},"sameAs":["https:\/\/www.facebook.com\/bahiaeconomica"]},{"@type":"Person","@id":"https:\/\/bahiaeconomica.com.br\/wp\/#\/schema\/person\/b719ce0fb1c09f3c7a00d9243ced4a6f","name":"VICTORIA ISABEL","sameAs":["http:\/\/www.bahiaeconomica.com.br"],"url":"https:\/\/bahiaeconomica.com.br\/wp\/author\/victoria-isabel\/"}]}},"views":36,"_links":{"self":[{"href":"https:\/\/bahiaeconomica.com.br\/wp\/wp-json\/wp\/v2\/posts\/754197"}],"collection":[{"href":"https:\/\/bahiaeconomica.com.br\/wp\/wp-json\/wp\/v2\/posts"}],"about":[{"href":"https:\/\/bahiaeconomica.com.br\/wp\/wp-json\/wp\/v2\/types\/post"}],"author":[{"embeddable":true,"href":"https:\/\/bahiaeconomica.com.br\/wp\/wp-json\/wp\/v2\/users\/15"}],"replies":[{"embeddable":true,"href":"https:\/\/bahiaeconomica.com.br\/wp\/wp-json\/wp\/v2\/comments?post=754197"}],"version-history":[{"count":1,"href":"https:\/\/bahiaeconomica.com.br\/wp\/wp-json\/wp\/v2\/posts\/754197\/revisions"}],"predecessor-version":[{"id":754199,"href":"https:\/\/bahiaeconomica.com.br\/wp\/wp-json\/wp\/v2\/posts\/754197\/revisions\/754199"}],"wp:featuredmedia":[{"embeddable":true,"href":"https:\/\/bahiaeconomica.com.br\/wp\/wp-json\/wp\/v2\/media\/754198"}],"wp:attachment":[{"href":"https:\/\/bahiaeconomica.com.br\/wp\/wp-json\/wp\/v2\/media?parent=754197"}],"wp:term":[{"taxonomy":"category","embeddable":true,"href":"https:\/\/bahiaeconomica.com.br\/wp\/wp-json\/wp\/v2\/categories?post=754197"},{"taxonomy":"post_tag","embeddable":true,"href":"https:\/\/bahiaeconomica.com.br\/wp\/wp-json\/wp\/v2\/tags?post=754197"}],"curies":[{"name":"wp","href":"https:\/\/api.w.org\/{rel}","templated":true}]}}