{"id":753516,"date":"2023-08-07T10:05:34","date_gmt":"2023-08-07T13:05:34","guid":{"rendered":"https:\/\/bahiaeconomica.com.br\/wp\/?p=753516"},"modified":"2023-08-07T10:05:34","modified_gmt":"2023-08-07T13:05:34","slug":"portaria-institui-projeto-de-renegociacao-de-dividas-para-setor-cultural","status":"publish","type":"post","link":"https:\/\/bahiaeconomica.com.br\/wp\/2023\/08\/07\/portaria-institui-projeto-de-renegociacao-de-dividas-para-setor-cultural\/","title":{"rendered":"PORTARIA INSTITUI PROJETO DE RENEGOCIA\u00c7\u00c3O DE D\u00cdVIDAS PARA SETOR CULTURAL"},"content":{"rendered":"<p>A portaria do Programa de Gest\u00e3o de Solu\u00e7\u00f5es Negociais para Devedores da \u00c1rea Cultural (AGU Pr\u00f3-Cultura), que permite a renegocia\u00e7\u00e3o de d\u00edvidas de profissionais e empresas do setor cultural com \u00f3rg\u00e3os federais, foi publicada nesta segunda-feira (7) no Di\u00e1rio Oficial da Uni\u00e3o.<\/p>\n<p>A proposta \u00e9 oferecer condi\u00e7\u00f5es especiais para que devedores possam celebrar, de maneira c\u00e9lere e acess\u00edvel, acordos para quita\u00e7\u00e3o consensual desses d\u00e9bitos, considerando-se o perfil da d\u00edvida e a capacidade de pagamento.<br \/>\nDe acordo com a AGU, o projeto foi idealizado a partir do diagn\u00f3stico de que o segmento foi um dos mais prejudicados pela pandemia da covid-19, que levou muitos profissionais e empresas a acumularem d\u00edvidas com \u00f3rg\u00e3os e entidades p\u00fablicas federais.<\/p>\n<p>Ainda segundo a portaria, a implementa\u00e7\u00e3o do projeto acontecer\u00e1 em duas etapas. A primeira, com in\u00edcio imediato, envolve d\u00e9bitos com autarquias e funda\u00e7\u00f5es p\u00fablicas federais da \u00e1rea da cultura. A segunda, ainda em elabora\u00e7\u00e3o, abranger\u00e1 outros \u00f3rg\u00e3os p\u00fablicos da Uni\u00e3o, como o pr\u00f3prio Minist\u00e9rio da Cultura.<\/p>\n<p>O AGU Pr\u00f3-Cultura, em sua primeira etapa, ser\u00e1 executado no \u00e2mbito da Procuradoria-Geral Federal e, na segunda etapa, na Procuradoria-Geral da Fazenda Nacional e na Procuradoria-Geral da Uni\u00e3o. Saiba mais sobre o projeto aqui.<\/p>\n<p>Foto: Daniel Estev\u00e3o\/Ascom\/AGU<br \/>\nFonte: Ag\u00eancia Brasil<\/p>\n","protected":false},"excerpt":{"rendered":"<p>A portaria do Programa de Gest\u00e3o de Solu\u00e7\u00f5es Negociais para Devedores da \u00c1rea Cultural (AGU Pr\u00f3-Cultura), que permite a renegocia\u00e7\u00e3o de d\u00edvidas de profissionais e empresas do setor cultural com \u00f3rg\u00e3os federais, foi publicada nesta segunda-feira (7) no Di\u00e1rio Oficial da Uni\u00e3o. A proposta \u00e9 oferecer condi\u00e7\u00f5es especiais para que devedores possam celebrar, de maneira [&hellip;]<\/p>\n","protected":false},"author":15,"featured_media":753519,"comment_status":"closed","ping_status":"closed","sticky":false,"template":"","format":"standard","meta":[],"categories":[3],"tags":[17896,5300,10860,17637],"acf":[],"yoast_head":"<!-- This site is optimized with the Yoast SEO plugin v20.8 - https:\/\/yoast.com\/wordpress\/plugins\/seo\/ -->\n<title>PORTARIA INSTITUI PROJETO DE RENEGOCIA\u00c7\u00c3O DE D\u00cdVIDAS PARA SETOR CULTURAL - Bahia Economica<\/title>\n<meta name=\"description\" content=\"O maior portal de Economia da Bahia ECONOMIA \/ POL\u00cdTICA Bahia Economica A portaria do Programa de Gest\u00e3o de Solu\u00e7\u00f5es Negociais para Devedores\" \/>\n<meta name=\"robots\" content=\"index, follow, max-snippet:-1, max-image-preview:large, max-video-preview:-1\" \/>\n<link rel=\"canonical\" href=\"https:\/\/bahiaeconomica.com.br\/wp\/2023\/08\/07\/portaria-institui-projeto-de-renegociacao-de-dividas-para-setor-cultural\/\" \/>\n<meta property=\"og:locale\" content=\"pt_BR\" \/>\n<meta property=\"og:type\" content=\"article\" \/>\n<meta property=\"og:title\" content=\"PORTARIA INSTITUI PROJETO DE RENEGOCIA\u00c7\u00c3O DE D\u00cdVIDAS PARA SETOR CULTURAL - Bahia Economica\" \/>\n<meta property=\"og:description\" content=\"O maior portal de Economia da Bahia ECONOMIA \/ POL\u00cdTICA Bahia Economica A portaria do Programa de Gest\u00e3o de Solu\u00e7\u00f5es Negociais para Devedores\" \/>\n<meta property=\"og:url\" content=\"https:\/\/bahiaeconomica.com.br\/wp\/2023\/08\/07\/portaria-institui-projeto-de-renegociacao-de-dividas-para-setor-cultural\/\" \/>\n<meta property=\"og:site_name\" content=\"Bahia Economica\" \/>\n<meta property=\"article:publisher\" content=\"https:\/\/www.facebook.com\/bahiaeconomica\" \/>\n<meta property=\"article:published_time\" content=\"2023-08-07T13:05:34+00:00\" \/>\n<meta property=\"og:image\" content=\"https:\/\/bahiaeconomica.com.br\/wp\/wp-content\/uploads\/2023\/08\/1da30175-2f8e-4612-a6e1-1e1510b24aaf.jpeg\" \/>\n\t<meta property=\"og:image:width\" content=\"768\" \/>\n\t<meta property=\"og:image:height\" content=\"512\" \/>\n\t<meta property=\"og:image:type\" content=\"image\/jpeg\" \/>\n<meta name=\"author\" content=\"VICTORIA ISABEL\" \/>\n<meta name=\"twitter:card\" content=\"summary_large_image\" \/>\n<meta name=\"twitter:label1\" content=\"Escrito por\" \/>\n\t<meta name=\"twitter:data1\" content=\"VICTORIA ISABEL\" \/>\n\t<meta name=\"twitter:label2\" content=\"Est. tempo de leitura\" \/>\n\t<meta name=\"twitter:data2\" content=\"2 minutos\" \/>\n<script type=\"application\/ld+json\" class=\"yoast-schema-graph\">{\"@context\":\"https:\/\/schema.org\",\"@graph\":[{\"@type\":\"Article\",\"@id\":\"https:\/\/bahiaeconomica.com.br\/wp\/2023\/08\/07\/portaria-institui-projeto-de-renegociacao-de-dividas-para-setor-cultural\/#article\",\"isPartOf\":{\"@id\":\"https:\/\/bahiaeconomica.com.br\/wp\/2023\/08\/07\/portaria-institui-projeto-de-renegociacao-de-dividas-para-setor-cultural\/\"},\"author\":{\"name\":\"VICTORIA ISABEL\",\"@id\":\"https:\/\/bahiaeconomica.com.br\/wp\/#\/schema\/person\/b719ce0fb1c09f3c7a00d9243ced4a6f\"},\"headline\":\"PORTARIA INSTITUI PROJETO DE RENEGOCIA\u00c7\u00c3O DE D\u00cdVIDAS PARA SETOR CULTURAL\",\"datePublished\":\"2023-08-07T13:05:34+00:00\",\"dateModified\":\"2023-08-07T13:05:34+00:00\",\"mainEntityOfPage\":{\"@id\":\"https:\/\/bahiaeconomica.com.br\/wp\/2023\/08\/07\/portaria-institui-projeto-de-renegociacao-de-dividas-para-setor-cultural\/\"},\"wordCount\":246,\"publisher\":{\"@id\":\"https:\/\/bahiaeconomica.com.br\/wp\/#organization\"},\"keywords\":[\"\u00c1rea Cultural\",\"devedores\",\"renegocia\u00e7\u00e3o de d\u00edvidas\",\"setor cultural\"],\"articleSection\":[\"ECONOMIA \/ POL\u00cdTICA\"],\"inLanguage\":\"pt-BR\"},{\"@type\":\"WebPage\",\"@id\":\"https:\/\/bahiaeconomica.com.br\/wp\/2023\/08\/07\/portaria-institui-projeto-de-renegociacao-de-dividas-para-setor-cultural\/\",\"url\":\"https:\/\/bahiaeconomica.com.br\/wp\/2023\/08\/07\/portaria-institui-projeto-de-renegociacao-de-dividas-para-setor-cultural\/\",\"name\":\"PORTARIA INSTITUI PROJETO DE RENEGOCIA\u00c7\u00c3O DE D\u00cdVIDAS PARA SETOR CULTURAL - Bahia Economica\",\"isPartOf\":{\"@id\":\"https:\/\/bahiaeconomica.com.br\/wp\/#website\"},\"datePublished\":\"2023-08-07T13:05:34+00:00\",\"dateModified\":\"2023-08-07T13:05:34+00:00\",\"description\":\"O maior portal de Economia da Bahia ECONOMIA \/ POL\u00cdTICA Bahia Economica A portaria do Programa de Gest\u00e3o de Solu\u00e7\u00f5es Negociais para Devedores\",\"breadcrumb\":{\"@id\":\"https:\/\/bahiaeconomica.com.br\/wp\/2023\/08\/07\/portaria-institui-projeto-de-renegociacao-de-dividas-para-setor-cultural\/#breadcrumb\"},\"inLanguage\":\"pt-BR\",\"potentialAction\":[{\"@type\":\"ReadAction\",\"target\":[\"https:\/\/bahiaeconomica.com.br\/wp\/2023\/08\/07\/portaria-institui-projeto-de-renegociacao-de-dividas-para-setor-cultural\/\"]}]},{\"@type\":\"BreadcrumbList\",\"@id\":\"https:\/\/bahiaeconomica.com.br\/wp\/2023\/08\/07\/portaria-institui-projeto-de-renegociacao-de-dividas-para-setor-cultural\/#breadcrumb\",\"itemListElement\":[{\"@type\":\"ListItem\",\"position\":1,\"name\":\"In\u00edcio\",\"item\":\"https:\/\/bahiaeconomica.com.br\/wp\/\"},{\"@type\":\"ListItem\",\"position\":2,\"name\":\"PORTARIA INSTITUI PROJETO DE RENEGOCIA\u00c7\u00c3O DE D\u00cdVIDAS PARA SETOR CULTURAL\"}]},{\"@type\":\"WebSite\",\"@id\":\"https:\/\/bahiaeconomica.com.br\/wp\/#website\",\"url\":\"https:\/\/bahiaeconomica.com.br\/wp\/\",\"name\":\"Bahia Economica\",\"description\":\"O maior portal de Economia da Bahia\",\"publisher\":{\"@id\":\"https:\/\/bahiaeconomica.com.br\/wp\/#organization\"},\"potentialAction\":[{\"@type\":\"SearchAction\",\"target\":{\"@type\":\"EntryPoint\",\"urlTemplate\":\"https:\/\/bahiaeconomica.com.br\/wp\/?s={search_term_string}\"},\"query-input\":\"required name=search_term_string\"}],\"inLanguage\":\"pt-BR\"},{\"@type\":\"Organization\",\"@id\":\"https:\/\/bahiaeconomica.com.br\/wp\/#organization\",\"name\":\"Bahia Econ\u00f4mica\",\"url\":\"https:\/\/bahiaeconomica.com.br\/wp\/\",\"logo\":{\"@type\":\"ImageObject\",\"inLanguage\":\"pt-BR\",\"@id\":\"https:\/\/bahiaeconomica.com.br\/wp\/#\/schema\/logo\/image\/\",\"url\":\"https:\/\/bahiaeconomica.com.br\/wp\/wp-content\/uploads\/2020\/12\/cropped-BE.png\",\"contentUrl\":\"https:\/\/bahiaeconomica.com.br\/wp\/wp-content\/uploads\/2020\/12\/cropped-BE.png\",\"width\":512,\"height\":512,\"caption\":\"Bahia Econ\u00f4mica\"},\"image\":{\"@id\":\"https:\/\/bahiaeconomica.com.br\/wp\/#\/schema\/logo\/image\/\"},\"sameAs\":[\"https:\/\/www.facebook.com\/bahiaeconomica\"]},{\"@type\":\"Person\",\"@id\":\"https:\/\/bahiaeconomica.com.br\/wp\/#\/schema\/person\/b719ce0fb1c09f3c7a00d9243ced4a6f\",\"name\":\"VICTORIA ISABEL\",\"sameAs\":[\"http:\/\/www.bahiaeconomica.com.br\"],\"url\":\"https:\/\/bahiaeconomica.com.br\/wp\/author\/victoria-isabel\/\"}]}<\/script>\n<!-- \/ Yoast SEO plugin. -->","yoast_head_json":{"title":"PORTARIA INSTITUI PROJETO DE RENEGOCIA\u00c7\u00c3O DE D\u00cdVIDAS PARA SETOR CULTURAL - Bahia Economica","description":"O maior portal de Economia da Bahia ECONOMIA \/ POL\u00cdTICA Bahia Economica A portaria do Programa de Gest\u00e3o de Solu\u00e7\u00f5es Negociais para Devedores","robots":{"index":"index","follow":"follow","max-snippet":"max-snippet:-1","max-image-preview":"max-image-preview:large","max-video-preview":"max-video-preview:-1"},"canonical":"https:\/\/bahiaeconomica.com.br\/wp\/2023\/08\/07\/portaria-institui-projeto-de-renegociacao-de-dividas-para-setor-cultural\/","og_locale":"pt_BR","og_type":"article","og_title":"PORTARIA INSTITUI PROJETO DE RENEGOCIA\u00c7\u00c3O DE D\u00cdVIDAS PARA SETOR CULTURAL - Bahia Economica","og_description":"O maior portal de Economia da Bahia ECONOMIA \/ POL\u00cdTICA Bahia Economica A portaria do Programa de Gest\u00e3o de Solu\u00e7\u00f5es Negociais para Devedores","og_url":"https:\/\/bahiaeconomica.com.br\/wp\/2023\/08\/07\/portaria-institui-projeto-de-renegociacao-de-dividas-para-setor-cultural\/","og_site_name":"Bahia Economica","article_publisher":"https:\/\/www.facebook.com\/bahiaeconomica","article_published_time":"2023-08-07T13:05:34+00:00","og_image":[{"width":768,"height":512,"url":"https:\/\/bahiaeconomica.com.br\/wp\/wp-content\/uploads\/2023\/08\/1da30175-2f8e-4612-a6e1-1e1510b24aaf.jpeg","type":"image\/jpeg"}],"author":"VICTORIA ISABEL","twitter_card":"summary_large_image","twitter_misc":{"Escrito por":"VICTORIA ISABEL","Est. tempo de leitura":"2 minutos"},"schema":{"@context":"https:\/\/schema.org","@graph":[{"@type":"Article","@id":"https:\/\/bahiaeconomica.com.br\/wp\/2023\/08\/07\/portaria-institui-projeto-de-renegociacao-de-dividas-para-setor-cultural\/#article","isPartOf":{"@id":"https:\/\/bahiaeconomica.com.br\/wp\/2023\/08\/07\/portaria-institui-projeto-de-renegociacao-de-dividas-para-setor-cultural\/"},"author":{"name":"VICTORIA ISABEL","@id":"https:\/\/bahiaeconomica.com.br\/wp\/#\/schema\/person\/b719ce0fb1c09f3c7a00d9243ced4a6f"},"headline":"PORTARIA INSTITUI PROJETO DE RENEGOCIA\u00c7\u00c3O DE D\u00cdVIDAS PARA SETOR CULTURAL","datePublished":"2023-08-07T13:05:34+00:00","dateModified":"2023-08-07T13:05:34+00:00","mainEntityOfPage":{"@id":"https:\/\/bahiaeconomica.com.br\/wp\/2023\/08\/07\/portaria-institui-projeto-de-renegociacao-de-dividas-para-setor-cultural\/"},"wordCount":246,"publisher":{"@id":"https:\/\/bahiaeconomica.com.br\/wp\/#organization"},"keywords":["\u00c1rea Cultural","devedores","renegocia\u00e7\u00e3o de d\u00edvidas","setor cultural"],"articleSection":["ECONOMIA \/ POL\u00cdTICA"],"inLanguage":"pt-BR"},{"@type":"WebPage","@id":"https:\/\/bahiaeconomica.com.br\/wp\/2023\/08\/07\/portaria-institui-projeto-de-renegociacao-de-dividas-para-setor-cultural\/","url":"https:\/\/bahiaeconomica.com.br\/wp\/2023\/08\/07\/portaria-institui-projeto-de-renegociacao-de-dividas-para-setor-cultural\/","name":"PORTARIA INSTITUI PROJETO DE RENEGOCIA\u00c7\u00c3O DE D\u00cdVIDAS PARA SETOR CULTURAL - Bahia Economica","isPartOf":{"@id":"https:\/\/bahiaeconomica.com.br\/wp\/#website"},"datePublished":"2023-08-07T13:05:34+00:00","dateModified":"2023-08-07T13:05:34+00:00","description":"O maior portal de Economia da Bahia ECONOMIA \/ POL\u00cdTICA Bahia Economica A portaria do Programa de Gest\u00e3o de Solu\u00e7\u00f5es Negociais para Devedores","breadcrumb":{"@id":"https:\/\/bahiaeconomica.com.br\/wp\/2023\/08\/07\/portaria-institui-projeto-de-renegociacao-de-dividas-para-setor-cultural\/#breadcrumb"},"inLanguage":"pt-BR","potentialAction":[{"@type":"ReadAction","target":["https:\/\/bahiaeconomica.com.br\/wp\/2023\/08\/07\/portaria-institui-projeto-de-renegociacao-de-dividas-para-setor-cultural\/"]}]},{"@type":"BreadcrumbList","@id":"https:\/\/bahiaeconomica.com.br\/wp\/2023\/08\/07\/portaria-institui-projeto-de-renegociacao-de-dividas-para-setor-cultural\/#breadcrumb","itemListElement":[{"@type":"ListItem","position":1,"name":"In\u00edcio","item":"https:\/\/bahiaeconomica.com.br\/wp\/"},{"@type":"ListItem","position":2,"name":"PORTARIA INSTITUI PROJETO DE RENEGOCIA\u00c7\u00c3O DE D\u00cdVIDAS PARA SETOR CULTURAL"}]},{"@type":"WebSite","@id":"https:\/\/bahiaeconomica.com.br\/wp\/#website","url":"https:\/\/bahiaeconomica.com.br\/wp\/","name":"Bahia Economica","description":"O maior portal de Economia da Bahia","publisher":{"@id":"https:\/\/bahiaeconomica.com.br\/wp\/#organization"},"potentialAction":[{"@type":"SearchAction","target":{"@type":"EntryPoint","urlTemplate":"https:\/\/bahiaeconomica.com.br\/wp\/?s={search_term_string}"},"query-input":"required name=search_term_string"}],"inLanguage":"pt-BR"},{"@type":"Organization","@id":"https:\/\/bahiaeconomica.com.br\/wp\/#organization","name":"Bahia Econ\u00f4mica","url":"https:\/\/bahiaeconomica.com.br\/wp\/","logo":{"@type":"ImageObject","inLanguage":"pt-BR","@id":"https:\/\/bahiaeconomica.com.br\/wp\/#\/schema\/logo\/image\/","url":"https:\/\/bahiaeconomica.com.br\/wp\/wp-content\/uploads\/2020\/12\/cropped-BE.png","contentUrl":"https:\/\/bahiaeconomica.com.br\/wp\/wp-content\/uploads\/2020\/12\/cropped-BE.png","width":512,"height":512,"caption":"Bahia Econ\u00f4mica"},"image":{"@id":"https:\/\/bahiaeconomica.com.br\/wp\/#\/schema\/logo\/image\/"},"sameAs":["https:\/\/www.facebook.com\/bahiaeconomica"]},{"@type":"Person","@id":"https:\/\/bahiaeconomica.com.br\/wp\/#\/schema\/person\/b719ce0fb1c09f3c7a00d9243ced4a6f","name":"VICTORIA ISABEL","sameAs":["http:\/\/www.bahiaeconomica.com.br"],"url":"https:\/\/bahiaeconomica.com.br\/wp\/author\/victoria-isabel\/"}]}},"views":9,"_links":{"self":[{"href":"https:\/\/bahiaeconomica.com.br\/wp\/wp-json\/wp\/v2\/posts\/753516"}],"collection":[{"href":"https:\/\/bahiaeconomica.com.br\/wp\/wp-json\/wp\/v2\/posts"}],"about":[{"href":"https:\/\/bahiaeconomica.com.br\/wp\/wp-json\/wp\/v2\/types\/post"}],"author":[{"embeddable":true,"href":"https:\/\/bahiaeconomica.com.br\/wp\/wp-json\/wp\/v2\/users\/15"}],"replies":[{"embeddable":true,"href":"https:\/\/bahiaeconomica.com.br\/wp\/wp-json\/wp\/v2\/comments?post=753516"}],"version-history":[{"count":1,"href":"https:\/\/bahiaeconomica.com.br\/wp\/wp-json\/wp\/v2\/posts\/753516\/revisions"}],"predecessor-version":[{"id":753522,"href":"https:\/\/bahiaeconomica.com.br\/wp\/wp-json\/wp\/v2\/posts\/753516\/revisions\/753522"}],"wp:featuredmedia":[{"embeddable":true,"href":"https:\/\/bahiaeconomica.com.br\/wp\/wp-json\/wp\/v2\/media\/753519"}],"wp:attachment":[{"href":"https:\/\/bahiaeconomica.com.br\/wp\/wp-json\/wp\/v2\/media?parent=753516"}],"wp:term":[{"taxonomy":"category","embeddable":true,"href":"https:\/\/bahiaeconomica.com.br\/wp\/wp-json\/wp\/v2\/categories?post=753516"},{"taxonomy":"post_tag","embeddable":true,"href":"https:\/\/bahiaeconomica.com.br\/wp\/wp-json\/wp\/v2\/tags?post=753516"}],"curies":[{"name":"wp","href":"https:\/\/api.w.org\/{rel}","templated":true}]}}