{"id":753186,"date":"2023-08-04T14:26:56","date_gmt":"2023-08-04T17:26:56","guid":{"rendered":"https:\/\/bahiaeconomica.com.br\/wp\/?p=753186"},"modified":"2023-08-04T14:33:30","modified_gmt":"2023-08-04T17:33:30","slug":"lula-cogita-indicar-mulher-para-proxima-vaga-no-stf","status":"publish","type":"post","link":"https:\/\/bahiaeconomica.com.br\/wp\/2023\/08\/04\/lula-cogita-indicar-mulher-para-proxima-vaga-no-stf\/","title":{"rendered":"LULA COGITA INDICAR MULHER PARA PR\u00d3XIMA VAGA NO STF"},"content":{"rendered":"<p>Lula far\u00e1 uma nova indica\u00e7\u00e3o ap\u00f3s aposentadoria de Rosa Weber <!--more--><\/p>\n<p>O presidente Lula (PT) sinalizou que deve mudar o crit\u00e9rio para a escolha da pr\u00f3xima vaga no Supremo Tribunal Federal (STF). Em recente conversa com um dos seus interlocutores mais pr\u00f3ximos, o pol\u00edtico passou a reconhecer a necessidade de que uma mulher assuma a pr\u00f3xima cadeira, que ser\u00e1 aberta com a aposentadoria da ministra Rosa Weber, ainda este ano.<\/p>\n<div id=\"sagre-9b70fb2e04420acbff31de90648ca3ca\" class=\"sagre-9b70fb2e04420acbff31de90648ca3ca sagre-materia-primeiro-paragrafo\">\n<p>Segundo informa\u00e7\u00f5es do blog de Gerson Camarotti, no G1, se a vaga de Rosa n\u00e3o for preenchida por uma mulher, a Corte de 11 ministros ter\u00e1 uma \u00fanica representante do g\u00eanero feminino, a ministra C\u00e1rmen L\u00facia.<\/p>\n<\/div>\n<div id=\"dp-v-par1\" class=\"jba filled\" data-google-query-id=\"CPTFp7a9w4ADFUMcuQYdOgMHGg\">\n<p>No entorno mais pr\u00f3ximo do presidente, a mudan\u00e7a de crit\u00e9rio para a escolha da futura vaga no STF \u00e9 atribu\u00edda \u00e0 influ\u00eancia direta da primeira-dama, Janja da Silva. A informa\u00e7\u00e3o \u00e9 que um interlocutor defendeu a Lula um dos tr\u00eas nomes entre dos ministros Fl\u00e1vio Dino (Justi\u00e7a), Jorge Messias (AGU) e do presidente do Tribunal de Contas da Uni\u00e3o (TCU), Bruno Dantas.<\/p>\n<p>\u201cMas dessa vez, vai ter que ser uma mulher\u201d, teria respondido Lula.<\/p>\n<p>Foto: Divulga\u00e7\u00e3o \/ STF<\/p>\n<\/div>\n","protected":false},"excerpt":{"rendered":"<p>Lula far\u00e1 uma nova indica\u00e7\u00e3o ap\u00f3s aposentadoria de Rosa Weber<\/p>\n","protected":false},"author":17,"featured_media":753189,"comment_status":"closed","ping_status":"closed","sticky":false,"template":"","format":"standard","meta":[],"categories":[14601],"tags":[3080,182,93],"acf":[],"yoast_head":"<!-- This site is optimized with the Yoast SEO plugin v20.8 - https:\/\/yoast.com\/wordpress\/plugins\/seo\/ -->\n<title>LULA COGITA INDICAR MULHER PARA PR\u00d3XIMA VAGA NO STF - Bahia Economica<\/title>\n<meta name=\"description\" content=\"Lula far\u00e1 uma nova indica\u00e7\u00e3o ap\u00f3s aposentadoria de Rosa Weber\" \/>\n<meta name=\"robots\" content=\"index, follow, max-snippet:-1, max-image-preview:large, max-video-preview:-1\" \/>\n<link rel=\"canonical\" href=\"https:\/\/bahiaeconomica.com.br\/wp\/2023\/08\/04\/lula-cogita-indicar-mulher-para-proxima-vaga-no-stf\/\" \/>\n<meta property=\"og:locale\" content=\"pt_BR\" \/>\n<meta property=\"og:type\" content=\"article\" \/>\n<meta property=\"og:title\" content=\"LULA COGITA INDICAR MULHER PARA PR\u00d3XIMA VAGA NO STF - Bahia Economica\" \/>\n<meta property=\"og:description\" content=\"Lula far\u00e1 uma nova indica\u00e7\u00e3o ap\u00f3s aposentadoria de Rosa Weber\" \/>\n<meta property=\"og:url\" content=\"https:\/\/bahiaeconomica.com.br\/wp\/2023\/08\/04\/lula-cogita-indicar-mulher-para-proxima-vaga-no-stf\/\" \/>\n<meta property=\"og:site_name\" content=\"Bahia Economica\" \/>\n<meta property=\"article:publisher\" content=\"https:\/\/www.facebook.com\/bahiaeconomica\" \/>\n<meta property=\"article:published_time\" content=\"2023-08-04T17:26:56+00:00\" \/>\n<meta property=\"article:modified_time\" content=\"2023-08-04T17:33:30+00:00\" \/>\n<meta property=\"og:image\" content=\"https:\/\/bahiaeconomica.com.br\/wp\/wp-content\/uploads\/2023\/08\/lula-73-scaled.webp\" \/>\n\t<meta property=\"og:image:width\" content=\"2560\" \/>\n\t<meta property=\"og:image:height\" content=\"1707\" \/>\n\t<meta property=\"og:image:type\" content=\"image\/webp\" \/>\n<meta name=\"author\" content=\"LUANA NEIVA\" \/>\n<meta name=\"twitter:card\" content=\"summary_large_image\" \/>\n<meta name=\"twitter:label1\" content=\"Escrito por\" \/>\n\t<meta name=\"twitter:data1\" content=\"LUANA NEIVA\" \/>\n\t<meta name=\"twitter:label2\" content=\"Est. tempo de leitura\" \/>\n\t<meta name=\"twitter:data2\" content=\"2 minutos\" \/>\n<script type=\"application\/ld+json\" class=\"yoast-schema-graph\">{\"@context\":\"https:\/\/schema.org\",\"@graph\":[{\"@type\":\"Article\",\"@id\":\"https:\/\/bahiaeconomica.com.br\/wp\/2023\/08\/04\/lula-cogita-indicar-mulher-para-proxima-vaga-no-stf\/#article\",\"isPartOf\":{\"@id\":\"https:\/\/bahiaeconomica.com.br\/wp\/2023\/08\/04\/lula-cogita-indicar-mulher-para-proxima-vaga-no-stf\/\"},\"author\":{\"name\":\"LUANA NEIVA\",\"@id\":\"https:\/\/bahiaeconomica.com.br\/wp\/#\/schema\/person\/1ce30764265540f754d66197c4212789\"},\"headline\":\"LULA COGITA INDICAR MULHER PARA PR\u00d3XIMA VAGA NO STF\",\"datePublished\":\"2023-08-04T17:26:56+00:00\",\"dateModified\":\"2023-08-04T17:33:30+00:00\",\"mainEntityOfPage\":{\"@id\":\"https:\/\/bahiaeconomica.com.br\/wp\/2023\/08\/04\/lula-cogita-indicar-mulher-para-proxima-vaga-no-stf\/\"},\"wordCount\":211,\"publisher\":{\"@id\":\"https:\/\/bahiaeconomica.com.br\/wp\/#organization\"},\"keywords\":[\"indica\u00e7\u00e3o\",\"Lula\",\"STF\"],\"articleSection\":[\"Pol\u00edtica\"],\"inLanguage\":\"pt-BR\"},{\"@type\":\"WebPage\",\"@id\":\"https:\/\/bahiaeconomica.com.br\/wp\/2023\/08\/04\/lula-cogita-indicar-mulher-para-proxima-vaga-no-stf\/\",\"url\":\"https:\/\/bahiaeconomica.com.br\/wp\/2023\/08\/04\/lula-cogita-indicar-mulher-para-proxima-vaga-no-stf\/\",\"name\":\"LULA COGITA INDICAR MULHER PARA PR\u00d3XIMA VAGA NO STF - Bahia Economica\",\"isPartOf\":{\"@id\":\"https:\/\/bahiaeconomica.com.br\/wp\/#website\"},\"datePublished\":\"2023-08-04T17:26:56+00:00\",\"dateModified\":\"2023-08-04T17:33:30+00:00\",\"description\":\"Lula far\u00e1 uma nova indica\u00e7\u00e3o ap\u00f3s aposentadoria de Rosa Weber\",\"breadcrumb\":{\"@id\":\"https:\/\/bahiaeconomica.com.br\/wp\/2023\/08\/04\/lula-cogita-indicar-mulher-para-proxima-vaga-no-stf\/#breadcrumb\"},\"inLanguage\":\"pt-BR\",\"potentialAction\":[{\"@type\":\"ReadAction\",\"target\":[\"https:\/\/bahiaeconomica.com.br\/wp\/2023\/08\/04\/lula-cogita-indicar-mulher-para-proxima-vaga-no-stf\/\"]}]},{\"@type\":\"BreadcrumbList\",\"@id\":\"https:\/\/bahiaeconomica.com.br\/wp\/2023\/08\/04\/lula-cogita-indicar-mulher-para-proxima-vaga-no-stf\/#breadcrumb\",\"itemListElement\":[{\"@type\":\"ListItem\",\"position\":1,\"name\":\"In\u00edcio\",\"item\":\"https:\/\/bahiaeconomica.com.br\/wp\/\"},{\"@type\":\"ListItem\",\"position\":2,\"name\":\"LULA COGITA INDICAR MULHER PARA PR\u00d3XIMA VAGA NO STF\"}]},{\"@type\":\"WebSite\",\"@id\":\"https:\/\/bahiaeconomica.com.br\/wp\/#website\",\"url\":\"https:\/\/bahiaeconomica.com.br\/wp\/\",\"name\":\"Bahia Economica\",\"description\":\"O maior portal de Economia da Bahia\",\"publisher\":{\"@id\":\"https:\/\/bahiaeconomica.com.br\/wp\/#organization\"},\"potentialAction\":[{\"@type\":\"SearchAction\",\"target\":{\"@type\":\"EntryPoint\",\"urlTemplate\":\"https:\/\/bahiaeconomica.com.br\/wp\/?s={search_term_string}\"},\"query-input\":\"required name=search_term_string\"}],\"inLanguage\":\"pt-BR\"},{\"@type\":\"Organization\",\"@id\":\"https:\/\/bahiaeconomica.com.br\/wp\/#organization\",\"name\":\"Bahia Econ\u00f4mica\",\"url\":\"https:\/\/bahiaeconomica.com.br\/wp\/\",\"logo\":{\"@type\":\"ImageObject\",\"inLanguage\":\"pt-BR\",\"@id\":\"https:\/\/bahiaeconomica.com.br\/wp\/#\/schema\/logo\/image\/\",\"url\":\"https:\/\/bahiaeconomica.com.br\/wp\/wp-content\/uploads\/2020\/12\/cropped-BE.png\",\"contentUrl\":\"https:\/\/bahiaeconomica.com.br\/wp\/wp-content\/uploads\/2020\/12\/cropped-BE.png\",\"width\":512,\"height\":512,\"caption\":\"Bahia Econ\u00f4mica\"},\"image\":{\"@id\":\"https:\/\/bahiaeconomica.com.br\/wp\/#\/schema\/logo\/image\/\"},\"sameAs\":[\"https:\/\/www.facebook.com\/bahiaeconomica\"]},{\"@type\":\"Person\",\"@id\":\"https:\/\/bahiaeconomica.com.br\/wp\/#\/schema\/person\/1ce30764265540f754d66197c4212789\",\"name\":\"LUANA NEIVA\",\"sameAs\":[\"http:\/\/www.bahiaeconomica.com.br\"],\"url\":\"https:\/\/bahiaeconomica.com.br\/wp\/author\/luana-neiva\/\"}]}<\/script>\n<!-- \/ Yoast SEO plugin. -->","yoast_head_json":{"title":"LULA COGITA INDICAR MULHER PARA PR\u00d3XIMA VAGA NO STF - Bahia Economica","description":"Lula far\u00e1 uma nova indica\u00e7\u00e3o ap\u00f3s aposentadoria de Rosa Weber","robots":{"index":"index","follow":"follow","max-snippet":"max-snippet:-1","max-image-preview":"max-image-preview:large","max-video-preview":"max-video-preview:-1"},"canonical":"https:\/\/bahiaeconomica.com.br\/wp\/2023\/08\/04\/lula-cogita-indicar-mulher-para-proxima-vaga-no-stf\/","og_locale":"pt_BR","og_type":"article","og_title":"LULA COGITA INDICAR MULHER PARA PR\u00d3XIMA VAGA NO STF - Bahia Economica","og_description":"Lula far\u00e1 uma nova indica\u00e7\u00e3o ap\u00f3s aposentadoria de Rosa Weber","og_url":"https:\/\/bahiaeconomica.com.br\/wp\/2023\/08\/04\/lula-cogita-indicar-mulher-para-proxima-vaga-no-stf\/","og_site_name":"Bahia Economica","article_publisher":"https:\/\/www.facebook.com\/bahiaeconomica","article_published_time":"2023-08-04T17:26:56+00:00","article_modified_time":"2023-08-04T17:33:30+00:00","og_image":[{"width":2560,"height":1707,"url":"https:\/\/bahiaeconomica.com.br\/wp\/wp-content\/uploads\/2023\/08\/lula-73-scaled.webp","type":"image\/webp"}],"author":"LUANA NEIVA","twitter_card":"summary_large_image","twitter_misc":{"Escrito por":"LUANA NEIVA","Est. tempo de leitura":"2 minutos"},"schema":{"@context":"https:\/\/schema.org","@graph":[{"@type":"Article","@id":"https:\/\/bahiaeconomica.com.br\/wp\/2023\/08\/04\/lula-cogita-indicar-mulher-para-proxima-vaga-no-stf\/#article","isPartOf":{"@id":"https:\/\/bahiaeconomica.com.br\/wp\/2023\/08\/04\/lula-cogita-indicar-mulher-para-proxima-vaga-no-stf\/"},"author":{"name":"LUANA NEIVA","@id":"https:\/\/bahiaeconomica.com.br\/wp\/#\/schema\/person\/1ce30764265540f754d66197c4212789"},"headline":"LULA COGITA INDICAR MULHER PARA PR\u00d3XIMA VAGA NO STF","datePublished":"2023-08-04T17:26:56+00:00","dateModified":"2023-08-04T17:33:30+00:00","mainEntityOfPage":{"@id":"https:\/\/bahiaeconomica.com.br\/wp\/2023\/08\/04\/lula-cogita-indicar-mulher-para-proxima-vaga-no-stf\/"},"wordCount":211,"publisher":{"@id":"https:\/\/bahiaeconomica.com.br\/wp\/#organization"},"keywords":["indica\u00e7\u00e3o","Lula","STF"],"articleSection":["Pol\u00edtica"],"inLanguage":"pt-BR"},{"@type":"WebPage","@id":"https:\/\/bahiaeconomica.com.br\/wp\/2023\/08\/04\/lula-cogita-indicar-mulher-para-proxima-vaga-no-stf\/","url":"https:\/\/bahiaeconomica.com.br\/wp\/2023\/08\/04\/lula-cogita-indicar-mulher-para-proxima-vaga-no-stf\/","name":"LULA COGITA INDICAR MULHER PARA PR\u00d3XIMA VAGA NO STF - Bahia Economica","isPartOf":{"@id":"https:\/\/bahiaeconomica.com.br\/wp\/#website"},"datePublished":"2023-08-04T17:26:56+00:00","dateModified":"2023-08-04T17:33:30+00:00","description":"Lula far\u00e1 uma nova indica\u00e7\u00e3o ap\u00f3s aposentadoria de Rosa Weber","breadcrumb":{"@id":"https:\/\/bahiaeconomica.com.br\/wp\/2023\/08\/04\/lula-cogita-indicar-mulher-para-proxima-vaga-no-stf\/#breadcrumb"},"inLanguage":"pt-BR","potentialAction":[{"@type":"ReadAction","target":["https:\/\/bahiaeconomica.com.br\/wp\/2023\/08\/04\/lula-cogita-indicar-mulher-para-proxima-vaga-no-stf\/"]}]},{"@type":"BreadcrumbList","@id":"https:\/\/bahiaeconomica.com.br\/wp\/2023\/08\/04\/lula-cogita-indicar-mulher-para-proxima-vaga-no-stf\/#breadcrumb","itemListElement":[{"@type":"ListItem","position":1,"name":"In\u00edcio","item":"https:\/\/bahiaeconomica.com.br\/wp\/"},{"@type":"ListItem","position":2,"name":"LULA COGITA INDICAR MULHER PARA PR\u00d3XIMA VAGA NO STF"}]},{"@type":"WebSite","@id":"https:\/\/bahiaeconomica.com.br\/wp\/#website","url":"https:\/\/bahiaeconomica.com.br\/wp\/","name":"Bahia Economica","description":"O maior portal de Economia da Bahia","publisher":{"@id":"https:\/\/bahiaeconomica.com.br\/wp\/#organization"},"potentialAction":[{"@type":"SearchAction","target":{"@type":"EntryPoint","urlTemplate":"https:\/\/bahiaeconomica.com.br\/wp\/?s={search_term_string}"},"query-input":"required name=search_term_string"}],"inLanguage":"pt-BR"},{"@type":"Organization","@id":"https:\/\/bahiaeconomica.com.br\/wp\/#organization","name":"Bahia Econ\u00f4mica","url":"https:\/\/bahiaeconomica.com.br\/wp\/","logo":{"@type":"ImageObject","inLanguage":"pt-BR","@id":"https:\/\/bahiaeconomica.com.br\/wp\/#\/schema\/logo\/image\/","url":"https:\/\/bahiaeconomica.com.br\/wp\/wp-content\/uploads\/2020\/12\/cropped-BE.png","contentUrl":"https:\/\/bahiaeconomica.com.br\/wp\/wp-content\/uploads\/2020\/12\/cropped-BE.png","width":512,"height":512,"caption":"Bahia Econ\u00f4mica"},"image":{"@id":"https:\/\/bahiaeconomica.com.br\/wp\/#\/schema\/logo\/image\/"},"sameAs":["https:\/\/www.facebook.com\/bahiaeconomica"]},{"@type":"Person","@id":"https:\/\/bahiaeconomica.com.br\/wp\/#\/schema\/person\/1ce30764265540f754d66197c4212789","name":"LUANA NEIVA","sameAs":["http:\/\/www.bahiaeconomica.com.br"],"url":"https:\/\/bahiaeconomica.com.br\/wp\/author\/luana-neiva\/"}]}},"views":30,"_links":{"self":[{"href":"https:\/\/bahiaeconomica.com.br\/wp\/wp-json\/wp\/v2\/posts\/753186"}],"collection":[{"href":"https:\/\/bahiaeconomica.com.br\/wp\/wp-json\/wp\/v2\/posts"}],"about":[{"href":"https:\/\/bahiaeconomica.com.br\/wp\/wp-json\/wp\/v2\/types\/post"}],"author":[{"embeddable":true,"href":"https:\/\/bahiaeconomica.com.br\/wp\/wp-json\/wp\/v2\/users\/17"}],"replies":[{"embeddable":true,"href":"https:\/\/bahiaeconomica.com.br\/wp\/wp-json\/wp\/v2\/comments?post=753186"}],"version-history":[{"count":1,"href":"https:\/\/bahiaeconomica.com.br\/wp\/wp-json\/wp\/v2\/posts\/753186\/revisions"}],"predecessor-version":[{"id":753190,"href":"https:\/\/bahiaeconomica.com.br\/wp\/wp-json\/wp\/v2\/posts\/753186\/revisions\/753190"}],"wp:featuredmedia":[{"embeddable":true,"href":"https:\/\/bahiaeconomica.com.br\/wp\/wp-json\/wp\/v2\/media\/753189"}],"wp:attachment":[{"href":"https:\/\/bahiaeconomica.com.br\/wp\/wp-json\/wp\/v2\/media?parent=753186"}],"wp:term":[{"taxonomy":"category","embeddable":true,"href":"https:\/\/bahiaeconomica.com.br\/wp\/wp-json\/wp\/v2\/categories?post=753186"},{"taxonomy":"post_tag","embeddable":true,"href":"https:\/\/bahiaeconomica.com.br\/wp\/wp-json\/wp\/v2\/tags?post=753186"}],"curies":[{"name":"wp","href":"https:\/\/api.w.org\/{rel}","templated":true}]}}