{"id":752900,"date":"2023-08-03T15:00:54","date_gmt":"2023-08-03T18:00:54","guid":{"rendered":"https:\/\/bahiaeconomica.com.br\/wp\/?p=752900"},"modified":"2023-08-03T15:24:15","modified_gmt":"2023-08-03T18:24:15","slug":"eleicoes-2024-deputado-baiano-defende-que-bruno-reis-crie-uma-identidade-propria-e-descole-imagem-de-acm-neto","status":"publish","type":"post","link":"https:\/\/bahiaeconomica.com.br\/wp\/2023\/08\/03\/eleicoes-2024-deputado-baiano-defende-que-bruno-reis-crie-uma-identidade-propria-e-descole-imagem-de-acm-neto\/","title":{"rendered":"ELEI\u00c7\u00d5ES 2024: DEPUTADO BAIANO DEFENDE QUE BRUNO REIS CRIE UMA &#8216;IDENTIDADE PR\u00d3PRIA&#8217; E DESCOLE IMAGEM DE ACM NETO"},"content":{"rendered":"<p>O deputado federal baiano, Elmar Nascimento, l\u00edder do Uni\u00e3o Brasil na C\u00e2mara dos Deputados, defende que o prefeito de Salvador, Bruno Reis (UB), descole sua imagem do ex-prefeito ACM neto (UB) e crie uma \u201cidentidade pr\u00f3pria\u201d para concorrer \u00e0 reelei\u00e7\u00e3o no pleito em 2024.<\/p>\n<p>Segundo Elmar, o gestor baiano n\u00e3o pode ser visto como \u201cassessor de ACM Neto\u201d. \u201cO que eu digo aqui e tenho dito pessoalmente a ele, \u00e9 que ele precisa criar na quest\u00e3o da comunica\u00e7\u00e3o dele uma identidade pr\u00f3pria. Ele n\u00e3o pode ser o assessor do ACM Neto. Ele tem que mostrar suas qualidades e ele tem muitas. A capacidade de articula\u00e7\u00e3o, de trabalho, a responsabilidade com as finan\u00e7as do munic\u00edpio, de reunir uma s\u00e9rie de pequenas obras que juntas t\u00eam ajudado a transformar a realidade da cidade. Ele tem uma capacidade de entrega at\u00e9 superior a ACM Neto e tem que saber transmitir e comunicar isso\u201d, afirmou o parlamentar em entrevista \u00e0 R\u00e1dio Metr\u00f3pole na manh\u00e3 desta quinta-feira (3).<\/p>\n<p>O parlamentar nega que o ex-prefeito ser\u00e1 candidato ao cargo municipal no pr\u00f3ximo ano. \u201cEle \u00e9 um player, mas o candidato nosso \u00e9 o Bruno Reis, que vai para a reelei\u00e7\u00e3o\u201d, pontuou Elmar.<\/p>\n<p><strong>Foto: C\u00e2mara dos Deputados<\/strong><\/p>\n","protected":false},"excerpt":{"rendered":"<p>O deputado federal baiano, Elmar Nascimento, l\u00edder do Uni\u00e3o Brasil na C\u00e2mara dos Deputados, defende que o prefeito de Salvador, Bruno Reis (UB), descole sua imagem do ex-prefeito ACM neto (UB) e crie uma \u201cidentidade pr\u00f3pria\u201d para concorrer \u00e0 reelei\u00e7\u00e3o no pleito em 2024. Segundo Elmar, o gestor baiano n\u00e3o pode ser visto como \u201cassessor [&hellip;]<\/p>\n","protected":false},"author":18,"featured_media":752905,"comment_status":"closed","ping_status":"closed","sticky":false,"template":"","format":"standard","meta":[],"categories":[14,14601],"tags":[17736,166,242,6846,10398,17737,100],"acf":[],"yoast_head":"<!-- This site is optimized with the Yoast SEO plugin v20.8 - https:\/\/yoast.com\/wordpress\/plugins\/seo\/ -->\n<title>ELEI\u00c7\u00d5ES 2024: DEPUTADO BAIANO DEFENDE QUE BRUNO REIS CRIE UMA &#039;IDENTIDADE PR\u00d3PRIA&#039; E DESCOLE IMAGEM DE ACM NETO - Bahia Economica<\/title>\n<meta name=\"description\" content=\"O maior portal de Economia da Bahia DESTAQUE DO DIA, Pol\u00edtica Bahia Economica O deputado federal baiano, Elmar Nascimento, l\u00edder do Uni\u00e3o\" \/>\n<meta name=\"robots\" content=\"index, follow, max-snippet:-1, max-image-preview:large, max-video-preview:-1\" \/>\n<link rel=\"canonical\" href=\"https:\/\/bahiaeconomica.com.br\/wp\/2023\/08\/03\/eleicoes-2024-deputado-baiano-defende-que-bruno-reis-crie-uma-identidade-propria-e-descole-imagem-de-acm-neto\/\" \/>\n<meta property=\"og:locale\" content=\"pt_BR\" \/>\n<meta property=\"og:type\" content=\"article\" \/>\n<meta property=\"og:title\" content=\"ELEI\u00c7\u00d5ES 2024: DEPUTADO BAIANO DEFENDE QUE BRUNO REIS CRIE UMA &#039;IDENTIDADE PR\u00d3PRIA&#039; E DESCOLE IMAGEM DE ACM NETO - Bahia Economica\" \/>\n<meta property=\"og:description\" content=\"O maior portal de Economia da Bahia DESTAQUE DO DIA, Pol\u00edtica Bahia Economica O deputado federal baiano, Elmar Nascimento, l\u00edder do Uni\u00e3o\" \/>\n<meta property=\"og:url\" content=\"https:\/\/bahiaeconomica.com.br\/wp\/2023\/08\/03\/eleicoes-2024-deputado-baiano-defende-que-bruno-reis-crie-uma-identidade-propria-e-descole-imagem-de-acm-neto\/\" \/>\n<meta property=\"og:site_name\" content=\"Bahia Economica\" \/>\n<meta property=\"article:publisher\" content=\"https:\/\/www.facebook.com\/bahiaeconomica\" \/>\n<meta property=\"article:published_time\" content=\"2023-08-03T18:00:54+00:00\" \/>\n<meta property=\"article:modified_time\" content=\"2023-08-03T18:24:15+00:00\" \/>\n<meta property=\"og:image\" content=\"https:\/\/bahiaeconomica.com.br\/wp\/wp-content\/uploads\/2023\/08\/178854-e1691087036755.jpg\" \/>\n\t<meta property=\"og:image:width\" content=\"640\" \/>\n\t<meta property=\"og:image:height\" content=\"398\" \/>\n\t<meta property=\"og:image:type\" content=\"image\/jpeg\" \/>\n<meta name=\"author\" content=\"Emily Oliveira\" \/>\n<meta name=\"twitter:card\" content=\"summary_large_image\" \/>\n<meta name=\"twitter:label1\" content=\"Escrito por\" \/>\n\t<meta name=\"twitter:data1\" content=\"Emily Oliveira\" \/>\n\t<meta name=\"twitter:label2\" content=\"Est. tempo de leitura\" \/>\n\t<meta name=\"twitter:data2\" content=\"2 minutos\" \/>\n<script type=\"application\/ld+json\" class=\"yoast-schema-graph\">{\"@context\":\"https:\/\/schema.org\",\"@graph\":[{\"@type\":\"Article\",\"@id\":\"https:\/\/bahiaeconomica.com.br\/wp\/2023\/08\/03\/eleicoes-2024-deputado-baiano-defende-que-bruno-reis-crie-uma-identidade-propria-e-descole-imagem-de-acm-neto\/#article\",\"isPartOf\":{\"@id\":\"https:\/\/bahiaeconomica.com.br\/wp\/2023\/08\/03\/eleicoes-2024-deputado-baiano-defende-que-bruno-reis-crie-uma-identidade-propria-e-descole-imagem-de-acm-neto\/\"},\"author\":{\"name\":\"Emily Oliveira\",\"@id\":\"https:\/\/bahiaeconomica.com.br\/wp\/#\/schema\/person\/547396bb3b39ebb828ab5807d982c42f\"},\"headline\":\"ELEI\u00c7\u00d5ES 2024: DEPUTADO BAIANO DEFENDE QUE BRUNO REIS CRIE UMA &#8216;IDENTIDADE PR\u00d3PRIA&#8217; E DESCOLE IMAGEM DE ACM NETO\",\"datePublished\":\"2023-08-03T18:00:54+00:00\",\"dateModified\":\"2023-08-03T18:24:15+00:00\",\"mainEntityOfPage\":{\"@id\":\"https:\/\/bahiaeconomica.com.br\/wp\/2023\/08\/03\/eleicoes-2024-deputado-baiano-defende-que-bruno-reis-crie-uma-identidade-propria-e-descole-imagem-de-acm-neto\/\"},\"wordCount\":232,\"publisher\":{\"@id\":\"https:\/\/bahiaeconomica.com.br\/wp\/#organization\"},\"keywords\":[\"assessor de acm neto\",\"Bruno Reis\",\"C\u00e2mara dos Deputados\",\"deputado federal\",\"Elmar Nascimento\",\"identidade pr\u00f3pria\",\"Pol\u00edtica\"],\"articleSection\":[\"DESTAQUE DO DIA\",\"Pol\u00edtica\"],\"inLanguage\":\"pt-BR\"},{\"@type\":\"WebPage\",\"@id\":\"https:\/\/bahiaeconomica.com.br\/wp\/2023\/08\/03\/eleicoes-2024-deputado-baiano-defende-que-bruno-reis-crie-uma-identidade-propria-e-descole-imagem-de-acm-neto\/\",\"url\":\"https:\/\/bahiaeconomica.com.br\/wp\/2023\/08\/03\/eleicoes-2024-deputado-baiano-defende-que-bruno-reis-crie-uma-identidade-propria-e-descole-imagem-de-acm-neto\/\",\"name\":\"ELEI\u00c7\u00d5ES 2024: DEPUTADO BAIANO DEFENDE QUE BRUNO REIS CRIE UMA 'IDENTIDADE PR\u00d3PRIA' E DESCOLE IMAGEM DE ACM NETO - Bahia Economica\",\"isPartOf\":{\"@id\":\"https:\/\/bahiaeconomica.com.br\/wp\/#website\"},\"datePublished\":\"2023-08-03T18:00:54+00:00\",\"dateModified\":\"2023-08-03T18:24:15+00:00\",\"description\":\"O maior portal de Economia da Bahia DESTAQUE DO DIA, Pol\u00edtica Bahia Economica O deputado federal baiano, Elmar Nascimento, l\u00edder do Uni\u00e3o\",\"breadcrumb\":{\"@id\":\"https:\/\/bahiaeconomica.com.br\/wp\/2023\/08\/03\/eleicoes-2024-deputado-baiano-defende-que-bruno-reis-crie-uma-identidade-propria-e-descole-imagem-de-acm-neto\/#breadcrumb\"},\"inLanguage\":\"pt-BR\",\"potentialAction\":[{\"@type\":\"ReadAction\",\"target\":[\"https:\/\/bahiaeconomica.com.br\/wp\/2023\/08\/03\/eleicoes-2024-deputado-baiano-defende-que-bruno-reis-crie-uma-identidade-propria-e-descole-imagem-de-acm-neto\/\"]}]},{\"@type\":\"BreadcrumbList\",\"@id\":\"https:\/\/bahiaeconomica.com.br\/wp\/2023\/08\/03\/eleicoes-2024-deputado-baiano-defende-que-bruno-reis-crie-uma-identidade-propria-e-descole-imagem-de-acm-neto\/#breadcrumb\",\"itemListElement\":[{\"@type\":\"ListItem\",\"position\":1,\"name\":\"In\u00edcio\",\"item\":\"https:\/\/bahiaeconomica.com.br\/wp\/\"},{\"@type\":\"ListItem\",\"position\":2,\"name\":\"ELEI\u00c7\u00d5ES 2024: DEPUTADO BAIANO DEFENDE QUE BRUNO REIS CRIE UMA &#8216;IDENTIDADE PR\u00d3PRIA&#8217; E DESCOLE IMAGEM DE ACM NETO\"}]},{\"@type\":\"WebSite\",\"@id\":\"https:\/\/bahiaeconomica.com.br\/wp\/#website\",\"url\":\"https:\/\/bahiaeconomica.com.br\/wp\/\",\"name\":\"Bahia Economica\",\"description\":\"O maior portal de Economia da Bahia\",\"publisher\":{\"@id\":\"https:\/\/bahiaeconomica.com.br\/wp\/#organization\"},\"potentialAction\":[{\"@type\":\"SearchAction\",\"target\":{\"@type\":\"EntryPoint\",\"urlTemplate\":\"https:\/\/bahiaeconomica.com.br\/wp\/?s={search_term_string}\"},\"query-input\":\"required name=search_term_string\"}],\"inLanguage\":\"pt-BR\"},{\"@type\":\"Organization\",\"@id\":\"https:\/\/bahiaeconomica.com.br\/wp\/#organization\",\"name\":\"Bahia Econ\u00f4mica\",\"url\":\"https:\/\/bahiaeconomica.com.br\/wp\/\",\"logo\":{\"@type\":\"ImageObject\",\"inLanguage\":\"pt-BR\",\"@id\":\"https:\/\/bahiaeconomica.com.br\/wp\/#\/schema\/logo\/image\/\",\"url\":\"https:\/\/bahiaeconomica.com.br\/wp\/wp-content\/uploads\/2020\/12\/cropped-BE.png\",\"contentUrl\":\"https:\/\/bahiaeconomica.com.br\/wp\/wp-content\/uploads\/2020\/12\/cropped-BE.png\",\"width\":512,\"height\":512,\"caption\":\"Bahia Econ\u00f4mica\"},\"image\":{\"@id\":\"https:\/\/bahiaeconomica.com.br\/wp\/#\/schema\/logo\/image\/\"},\"sameAs\":[\"https:\/\/www.facebook.com\/bahiaeconomica\"]},{\"@type\":\"Person\",\"@id\":\"https:\/\/bahiaeconomica.com.br\/wp\/#\/schema\/person\/547396bb3b39ebb828ab5807d982c42f\",\"name\":\"Emily Oliveira\",\"sameAs\":[\"https:\/\/bahiaeconomica.com.br\/wp\/\"],\"url\":\"https:\/\/bahiaeconomica.com.br\/wp\/author\/emily-oliveira\/\"}]}<\/script>\n<!-- \/ Yoast SEO plugin. -->","yoast_head_json":{"title":"ELEI\u00c7\u00d5ES 2024: DEPUTADO BAIANO DEFENDE QUE BRUNO REIS CRIE UMA 'IDENTIDADE PR\u00d3PRIA' E DESCOLE IMAGEM DE ACM NETO - Bahia Economica","description":"O maior portal de Economia da Bahia DESTAQUE DO DIA, Pol\u00edtica Bahia Economica O deputado federal baiano, Elmar Nascimento, l\u00edder do Uni\u00e3o","robots":{"index":"index","follow":"follow","max-snippet":"max-snippet:-1","max-image-preview":"max-image-preview:large","max-video-preview":"max-video-preview:-1"},"canonical":"https:\/\/bahiaeconomica.com.br\/wp\/2023\/08\/03\/eleicoes-2024-deputado-baiano-defende-que-bruno-reis-crie-uma-identidade-propria-e-descole-imagem-de-acm-neto\/","og_locale":"pt_BR","og_type":"article","og_title":"ELEI\u00c7\u00d5ES 2024: DEPUTADO BAIANO DEFENDE QUE BRUNO REIS CRIE UMA 'IDENTIDADE PR\u00d3PRIA' E DESCOLE IMAGEM DE ACM NETO - Bahia Economica","og_description":"O maior portal de Economia da Bahia DESTAQUE DO DIA, Pol\u00edtica Bahia Economica O deputado federal baiano, Elmar Nascimento, l\u00edder do Uni\u00e3o","og_url":"https:\/\/bahiaeconomica.com.br\/wp\/2023\/08\/03\/eleicoes-2024-deputado-baiano-defende-que-bruno-reis-crie-uma-identidade-propria-e-descole-imagem-de-acm-neto\/","og_site_name":"Bahia Economica","article_publisher":"https:\/\/www.facebook.com\/bahiaeconomica","article_published_time":"2023-08-03T18:00:54+00:00","article_modified_time":"2023-08-03T18:24:15+00:00","og_image":[{"width":640,"height":398,"url":"https:\/\/bahiaeconomica.com.br\/wp\/wp-content\/uploads\/2023\/08\/178854-e1691087036755.jpg","type":"image\/jpeg"}],"author":"Emily Oliveira","twitter_card":"summary_large_image","twitter_misc":{"Escrito por":"Emily Oliveira","Est. tempo de leitura":"2 minutos"},"schema":{"@context":"https:\/\/schema.org","@graph":[{"@type":"Article","@id":"https:\/\/bahiaeconomica.com.br\/wp\/2023\/08\/03\/eleicoes-2024-deputado-baiano-defende-que-bruno-reis-crie-uma-identidade-propria-e-descole-imagem-de-acm-neto\/#article","isPartOf":{"@id":"https:\/\/bahiaeconomica.com.br\/wp\/2023\/08\/03\/eleicoes-2024-deputado-baiano-defende-que-bruno-reis-crie-uma-identidade-propria-e-descole-imagem-de-acm-neto\/"},"author":{"name":"Emily Oliveira","@id":"https:\/\/bahiaeconomica.com.br\/wp\/#\/schema\/person\/547396bb3b39ebb828ab5807d982c42f"},"headline":"ELEI\u00c7\u00d5ES 2024: DEPUTADO BAIANO DEFENDE QUE BRUNO REIS CRIE UMA &#8216;IDENTIDADE PR\u00d3PRIA&#8217; E DESCOLE IMAGEM DE ACM NETO","datePublished":"2023-08-03T18:00:54+00:00","dateModified":"2023-08-03T18:24:15+00:00","mainEntityOfPage":{"@id":"https:\/\/bahiaeconomica.com.br\/wp\/2023\/08\/03\/eleicoes-2024-deputado-baiano-defende-que-bruno-reis-crie-uma-identidade-propria-e-descole-imagem-de-acm-neto\/"},"wordCount":232,"publisher":{"@id":"https:\/\/bahiaeconomica.com.br\/wp\/#organization"},"keywords":["assessor de acm neto","Bruno Reis","C\u00e2mara dos Deputados","deputado federal","Elmar Nascimento","identidade pr\u00f3pria","Pol\u00edtica"],"articleSection":["DESTAQUE DO DIA","Pol\u00edtica"],"inLanguage":"pt-BR"},{"@type":"WebPage","@id":"https:\/\/bahiaeconomica.com.br\/wp\/2023\/08\/03\/eleicoes-2024-deputado-baiano-defende-que-bruno-reis-crie-uma-identidade-propria-e-descole-imagem-de-acm-neto\/","url":"https:\/\/bahiaeconomica.com.br\/wp\/2023\/08\/03\/eleicoes-2024-deputado-baiano-defende-que-bruno-reis-crie-uma-identidade-propria-e-descole-imagem-de-acm-neto\/","name":"ELEI\u00c7\u00d5ES 2024: DEPUTADO BAIANO DEFENDE QUE BRUNO REIS CRIE UMA 'IDENTIDADE PR\u00d3PRIA' E DESCOLE IMAGEM DE ACM NETO - Bahia Economica","isPartOf":{"@id":"https:\/\/bahiaeconomica.com.br\/wp\/#website"},"datePublished":"2023-08-03T18:00:54+00:00","dateModified":"2023-08-03T18:24:15+00:00","description":"O maior portal de Economia da Bahia DESTAQUE DO DIA, Pol\u00edtica Bahia Economica O deputado federal baiano, Elmar Nascimento, l\u00edder do Uni\u00e3o","breadcrumb":{"@id":"https:\/\/bahiaeconomica.com.br\/wp\/2023\/08\/03\/eleicoes-2024-deputado-baiano-defende-que-bruno-reis-crie-uma-identidade-propria-e-descole-imagem-de-acm-neto\/#breadcrumb"},"inLanguage":"pt-BR","potentialAction":[{"@type":"ReadAction","target":["https:\/\/bahiaeconomica.com.br\/wp\/2023\/08\/03\/eleicoes-2024-deputado-baiano-defende-que-bruno-reis-crie-uma-identidade-propria-e-descole-imagem-de-acm-neto\/"]}]},{"@type":"BreadcrumbList","@id":"https:\/\/bahiaeconomica.com.br\/wp\/2023\/08\/03\/eleicoes-2024-deputado-baiano-defende-que-bruno-reis-crie-uma-identidade-propria-e-descole-imagem-de-acm-neto\/#breadcrumb","itemListElement":[{"@type":"ListItem","position":1,"name":"In\u00edcio","item":"https:\/\/bahiaeconomica.com.br\/wp\/"},{"@type":"ListItem","position":2,"name":"ELEI\u00c7\u00d5ES 2024: DEPUTADO BAIANO DEFENDE QUE BRUNO REIS CRIE UMA &#8216;IDENTIDADE PR\u00d3PRIA&#8217; E DESCOLE IMAGEM DE ACM NETO"}]},{"@type":"WebSite","@id":"https:\/\/bahiaeconomica.com.br\/wp\/#website","url":"https:\/\/bahiaeconomica.com.br\/wp\/","name":"Bahia Economica","description":"O maior portal de Economia da Bahia","publisher":{"@id":"https:\/\/bahiaeconomica.com.br\/wp\/#organization"},"potentialAction":[{"@type":"SearchAction","target":{"@type":"EntryPoint","urlTemplate":"https:\/\/bahiaeconomica.com.br\/wp\/?s={search_term_string}"},"query-input":"required name=search_term_string"}],"inLanguage":"pt-BR"},{"@type":"Organization","@id":"https:\/\/bahiaeconomica.com.br\/wp\/#organization","name":"Bahia Econ\u00f4mica","url":"https:\/\/bahiaeconomica.com.br\/wp\/","logo":{"@type":"ImageObject","inLanguage":"pt-BR","@id":"https:\/\/bahiaeconomica.com.br\/wp\/#\/schema\/logo\/image\/","url":"https:\/\/bahiaeconomica.com.br\/wp\/wp-content\/uploads\/2020\/12\/cropped-BE.png","contentUrl":"https:\/\/bahiaeconomica.com.br\/wp\/wp-content\/uploads\/2020\/12\/cropped-BE.png","width":512,"height":512,"caption":"Bahia Econ\u00f4mica"},"image":{"@id":"https:\/\/bahiaeconomica.com.br\/wp\/#\/schema\/logo\/image\/"},"sameAs":["https:\/\/www.facebook.com\/bahiaeconomica"]},{"@type":"Person","@id":"https:\/\/bahiaeconomica.com.br\/wp\/#\/schema\/person\/547396bb3b39ebb828ab5807d982c42f","name":"Emily Oliveira","sameAs":["https:\/\/bahiaeconomica.com.br\/wp\/"],"url":"https:\/\/bahiaeconomica.com.br\/wp\/author\/emily-oliveira\/"}]}},"views":54,"_links":{"self":[{"href":"https:\/\/bahiaeconomica.com.br\/wp\/wp-json\/wp\/v2\/posts\/752900"}],"collection":[{"href":"https:\/\/bahiaeconomica.com.br\/wp\/wp-json\/wp\/v2\/posts"}],"about":[{"href":"https:\/\/bahiaeconomica.com.br\/wp\/wp-json\/wp\/v2\/types\/post"}],"author":[{"embeddable":true,"href":"https:\/\/bahiaeconomica.com.br\/wp\/wp-json\/wp\/v2\/users\/18"}],"replies":[{"embeddable":true,"href":"https:\/\/bahiaeconomica.com.br\/wp\/wp-json\/wp\/v2\/comments?post=752900"}],"version-history":[{"count":1,"href":"https:\/\/bahiaeconomica.com.br\/wp\/wp-json\/wp\/v2\/posts\/752900\/revisions"}],"predecessor-version":[{"id":752907,"href":"https:\/\/bahiaeconomica.com.br\/wp\/wp-json\/wp\/v2\/posts\/752900\/revisions\/752907"}],"wp:featuredmedia":[{"embeddable":true,"href":"https:\/\/bahiaeconomica.com.br\/wp\/wp-json\/wp\/v2\/media\/752905"}],"wp:attachment":[{"href":"https:\/\/bahiaeconomica.com.br\/wp\/wp-json\/wp\/v2\/media?parent=752900"}],"wp:term":[{"taxonomy":"category","embeddable":true,"href":"https:\/\/bahiaeconomica.com.br\/wp\/wp-json\/wp\/v2\/categories?post=752900"},{"taxonomy":"post_tag","embeddable":true,"href":"https:\/\/bahiaeconomica.com.br\/wp\/wp-json\/wp\/v2\/tags?post=752900"}],"curies":[{"name":"wp","href":"https:\/\/api.w.org\/{rel}","templated":true}]}}