{"id":752800,"date":"2023-08-03T10:31:49","date_gmt":"2023-08-03T13:31:49","guid":{"rendered":"https:\/\/bahiaeconomica.com.br\/wp\/?p=752800"},"modified":"2023-08-03T10:31:49","modified_gmt":"2023-08-03T13:31:49","slug":"sebrae-abre-vagas-de-r-5-mil-mensais-na-bahia","status":"publish","type":"post","link":"https:\/\/bahiaeconomica.com.br\/wp\/2023\/08\/03\/sebrae-abre-vagas-de-r-5-mil-mensais-na-bahia\/","title":{"rendered":"SEBRAE ABRE VAGAS DE R$ 5 MIL MENSAIS NA BAHIA"},"content":{"rendered":"<p>O Sebrae-BA abriu processo de inscri\u00e7\u00e3o para agentes de produtividade, que atuar\u00e3o no acompanhamento e orienta\u00e7\u00e3o em processos inovadores implementados em empresas baianas. As inscri\u00e7\u00f5es, mediante pagamento de boleto de R$ 60, s\u00e3o aceitas pela internet, at\u00e9 dia 10 de agosto, a fim de concorrerem \u00e0s oito primeiras vagas para presta\u00e7\u00e3o de servi\u00e7o durante nove meses.<\/p>\n<p>S\u00e3o oito vagas distribu\u00eddas por Salvador; Paulo Afonso e Juazeiro, no norte do Estado; Candeias, regi\u00e3o metropolitana; e o munic\u00edpio de Alagoinhas, a 108 quil\u00f4metros da capital. De outubro deste ano a junho de 2024, os contratos v\u00e3o garantir o pagamento de uma bolsa mensal no valor de R$ 5 mil.<\/p>\n<p>\u201cO agente vai identificar o problema da empresa, indicar solu\u00e7\u00f5es que podem ser empregadas, construir um plano de a\u00e7\u00e3o, juntamente com a empresa, e desenvolver o prot\u00f3tipo para ser validado em cima desse problema e dessa solu\u00e7\u00e3o\u201d, explica Elton Rodrigues da Silva, analista t\u00e9cnico e gestor do Programa de Produtividade.<\/p>\n<p>Para tornar-se um agente local de inova\u00e7\u00e3o, \u00e9 preciso ter conquistado diploma de gradua\u00e7\u00e3o em administra\u00e7\u00e3o, ci\u00eancia da computa\u00e7\u00e3o, cont\u00e1beis, design, economia, engenharias ou sistema da informa\u00e7\u00e3o. Tamb\u00e9m se exige experi\u00eancia comprovada no of\u00edcio indicado, valendo atividades em consultoria, administrativa, atendimento ou vendas, sem qualquer restri\u00e7\u00e3o para faixa et\u00e1ria.<\/p>\n<p>Os novos agentes seguir\u00e3o metodologia espec\u00edfica do projeto, prevista a realiza\u00e7\u00e3o de nove etapas com as empresas, durante um per\u00edodo m\u00e1ximo de at\u00e9 seis meses.<\/p>\n<p>&nbsp;<\/p>\n<p>Foto: Sebrae\/PB<\/p>\n","protected":false},"excerpt":{"rendered":"<p>O Sebrae-BA abriu processo de inscri\u00e7\u00e3o para agentes de produtividade, que atuar\u00e3o no acompanhamento e orienta\u00e7\u00e3o em processos inovadores implementados em empresas baianas. As inscri\u00e7\u00f5es, mediante pagamento de boleto de R$ 60, s\u00e3o aceitas pela internet, at\u00e9 dia 10 de agosto, a fim de concorrerem \u00e0s oito primeiras vagas para presta\u00e7\u00e3o de servi\u00e7o durante nove [&hellip;]<\/p>\n","protected":false},"author":6,"featured_media":752802,"comment_status":"closed","ping_status":"closed","sticky":false,"template":"","format":"standard","meta":[],"categories":[8],"tags":[85,11641,73,985,17719],"acf":[],"yoast_head":"<!-- This site is optimized with the Yoast SEO plugin v20.8 - https:\/\/yoast.com\/wordpress\/plugins\/seo\/ -->\n<title>SEBRAE ABRE VAGAS DE R$ 5 MIL MENSAIS NA BAHIA - Bahia Economica<\/title>\n<meta name=\"description\" content=\"O maior portal de Economia da Bahia EMPREGOS \/ CONCURSOS Bahia Economica\" \/>\n<meta name=\"robots\" content=\"index, follow, max-snippet:-1, max-image-preview:large, max-video-preview:-1\" \/>\n<link rel=\"canonical\" href=\"https:\/\/bahiaeconomica.com.br\/wp\/2023\/08\/03\/sebrae-abre-vagas-de-r-5-mil-mensais-na-bahia\/\" \/>\n<meta property=\"og:locale\" content=\"pt_BR\" \/>\n<meta property=\"og:type\" content=\"article\" \/>\n<meta property=\"og:title\" content=\"SEBRAE ABRE VAGAS DE R$ 5 MIL MENSAIS NA BAHIA - Bahia Economica\" \/>\n<meta property=\"og:description\" content=\"O maior portal de Economia da Bahia EMPREGOS \/ CONCURSOS Bahia Economica\" \/>\n<meta property=\"og:url\" content=\"https:\/\/bahiaeconomica.com.br\/wp\/2023\/08\/03\/sebrae-abre-vagas-de-r-5-mil-mensais-na-bahia\/\" \/>\n<meta property=\"og:site_name\" content=\"Bahia Economica\" \/>\n<meta property=\"article:publisher\" content=\"https:\/\/www.facebook.com\/bahiaeconomica\" \/>\n<meta property=\"article:published_time\" content=\"2023-08-03T13:31:49+00:00\" \/>\n<meta property=\"og:image\" content=\"https:\/\/bahiaeconomica.com.br\/wp\/wp-content\/uploads\/2023\/08\/sebrae.jpg\" \/>\n\t<meta property=\"og:image:width\" content=\"850\" \/>\n\t<meta property=\"og:image:height\" content=\"566\" \/>\n\t<meta property=\"og:image:type\" content=\"image\/jpeg\" \/>\n<meta name=\"author\" content=\"DS\" \/>\n<meta name=\"twitter:card\" content=\"summary_large_image\" \/>\n<meta name=\"twitter:label1\" content=\"Escrito por\" \/>\n\t<meta name=\"twitter:data1\" content=\"DS\" \/>\n\t<meta name=\"twitter:label2\" content=\"Est. tempo de leitura\" \/>\n\t<meta name=\"twitter:data2\" content=\"2 minutos\" \/>\n<script type=\"application\/ld+json\" class=\"yoast-schema-graph\">{\"@context\":\"https:\/\/schema.org\",\"@graph\":[{\"@type\":\"Article\",\"@id\":\"https:\/\/bahiaeconomica.com.br\/wp\/2023\/08\/03\/sebrae-abre-vagas-de-r-5-mil-mensais-na-bahia\/#article\",\"isPartOf\":{\"@id\":\"https:\/\/bahiaeconomica.com.br\/wp\/2023\/08\/03\/sebrae-abre-vagas-de-r-5-mil-mensais-na-bahia\/\"},\"author\":{\"name\":\"DS\",\"@id\":\"https:\/\/bahiaeconomica.com.br\/wp\/#\/schema\/person\/756f314c5bfa87c7b43a2850854305a1\"},\"headline\":\"SEBRAE ABRE VAGAS DE R$ 5 MIL MENSAIS NA BAHIA\",\"datePublished\":\"2023-08-03T13:31:49+00:00\",\"dateModified\":\"2023-08-03T13:31:49+00:00\",\"mainEntityOfPage\":{\"@id\":\"https:\/\/bahiaeconomica.com.br\/wp\/2023\/08\/03\/sebrae-abre-vagas-de-r-5-mil-mensais-na-bahia\/\"},\"wordCount\":273,\"publisher\":{\"@id\":\"https:\/\/bahiaeconomica.com.br\/wp\/#organization\"},\"keywords\":[\"Bahia\",\"EMPREGOS E CONCURSOS\",\"Salvador\",\"Sebrae\",\"SEBRAE-BA\"],\"articleSection\":[\"EMPREGOS \/ CONCURSOS\"],\"inLanguage\":\"pt-BR\"},{\"@type\":\"WebPage\",\"@id\":\"https:\/\/bahiaeconomica.com.br\/wp\/2023\/08\/03\/sebrae-abre-vagas-de-r-5-mil-mensais-na-bahia\/\",\"url\":\"https:\/\/bahiaeconomica.com.br\/wp\/2023\/08\/03\/sebrae-abre-vagas-de-r-5-mil-mensais-na-bahia\/\",\"name\":\"SEBRAE ABRE VAGAS DE R$ 5 MIL MENSAIS NA BAHIA - Bahia Economica\",\"isPartOf\":{\"@id\":\"https:\/\/bahiaeconomica.com.br\/wp\/#website\"},\"datePublished\":\"2023-08-03T13:31:49+00:00\",\"dateModified\":\"2023-08-03T13:31:49+00:00\",\"description\":\"O maior portal de Economia da Bahia EMPREGOS \/ CONCURSOS Bahia Economica\",\"breadcrumb\":{\"@id\":\"https:\/\/bahiaeconomica.com.br\/wp\/2023\/08\/03\/sebrae-abre-vagas-de-r-5-mil-mensais-na-bahia\/#breadcrumb\"},\"inLanguage\":\"pt-BR\",\"potentialAction\":[{\"@type\":\"ReadAction\",\"target\":[\"https:\/\/bahiaeconomica.com.br\/wp\/2023\/08\/03\/sebrae-abre-vagas-de-r-5-mil-mensais-na-bahia\/\"]}]},{\"@type\":\"BreadcrumbList\",\"@id\":\"https:\/\/bahiaeconomica.com.br\/wp\/2023\/08\/03\/sebrae-abre-vagas-de-r-5-mil-mensais-na-bahia\/#breadcrumb\",\"itemListElement\":[{\"@type\":\"ListItem\",\"position\":1,\"name\":\"In\u00edcio\",\"item\":\"https:\/\/bahiaeconomica.com.br\/wp\/\"},{\"@type\":\"ListItem\",\"position\":2,\"name\":\"SEBRAE ABRE VAGAS DE R$ 5 MIL MENSAIS NA BAHIA\"}]},{\"@type\":\"WebSite\",\"@id\":\"https:\/\/bahiaeconomica.com.br\/wp\/#website\",\"url\":\"https:\/\/bahiaeconomica.com.br\/wp\/\",\"name\":\"Bahia Economica\",\"description\":\"O maior portal de Economia da Bahia\",\"publisher\":{\"@id\":\"https:\/\/bahiaeconomica.com.br\/wp\/#organization\"},\"potentialAction\":[{\"@type\":\"SearchAction\",\"target\":{\"@type\":\"EntryPoint\",\"urlTemplate\":\"https:\/\/bahiaeconomica.com.br\/wp\/?s={search_term_string}\"},\"query-input\":\"required name=search_term_string\"}],\"inLanguage\":\"pt-BR\"},{\"@type\":\"Organization\",\"@id\":\"https:\/\/bahiaeconomica.com.br\/wp\/#organization\",\"name\":\"Bahia Econ\u00f4mica\",\"url\":\"https:\/\/bahiaeconomica.com.br\/wp\/\",\"logo\":{\"@type\":\"ImageObject\",\"inLanguage\":\"pt-BR\",\"@id\":\"https:\/\/bahiaeconomica.com.br\/wp\/#\/schema\/logo\/image\/\",\"url\":\"https:\/\/bahiaeconomica.com.br\/wp\/wp-content\/uploads\/2020\/12\/cropped-BE.png\",\"contentUrl\":\"https:\/\/bahiaeconomica.com.br\/wp\/wp-content\/uploads\/2020\/12\/cropped-BE.png\",\"width\":512,\"height\":512,\"caption\":\"Bahia Econ\u00f4mica\"},\"image\":{\"@id\":\"https:\/\/bahiaeconomica.com.br\/wp\/#\/schema\/logo\/image\/\"},\"sameAs\":[\"https:\/\/www.facebook.com\/bahiaeconomica\"]},{\"@type\":\"Person\",\"@id\":\"https:\/\/bahiaeconomica.com.br\/wp\/#\/schema\/person\/756f314c5bfa87c7b43a2850854305a1\",\"name\":\"DS\",\"sameAs\":[\"https:\/\/bahiaeconomica.com.br\/wp\/beta\/\"],\"url\":\"https:\/\/bahiaeconomica.com.br\/wp\/author\/ds\/\"}]}<\/script>\n<!-- \/ Yoast SEO plugin. -->","yoast_head_json":{"title":"SEBRAE ABRE VAGAS DE R$ 5 MIL MENSAIS NA BAHIA - Bahia Economica","description":"O maior portal de Economia da Bahia EMPREGOS \/ CONCURSOS Bahia Economica","robots":{"index":"index","follow":"follow","max-snippet":"max-snippet:-1","max-image-preview":"max-image-preview:large","max-video-preview":"max-video-preview:-1"},"canonical":"https:\/\/bahiaeconomica.com.br\/wp\/2023\/08\/03\/sebrae-abre-vagas-de-r-5-mil-mensais-na-bahia\/","og_locale":"pt_BR","og_type":"article","og_title":"SEBRAE ABRE VAGAS DE R$ 5 MIL MENSAIS NA BAHIA - Bahia Economica","og_description":"O maior portal de Economia da Bahia EMPREGOS \/ CONCURSOS Bahia Economica","og_url":"https:\/\/bahiaeconomica.com.br\/wp\/2023\/08\/03\/sebrae-abre-vagas-de-r-5-mil-mensais-na-bahia\/","og_site_name":"Bahia Economica","article_publisher":"https:\/\/www.facebook.com\/bahiaeconomica","article_published_time":"2023-08-03T13:31:49+00:00","og_image":[{"width":850,"height":566,"url":"https:\/\/bahiaeconomica.com.br\/wp\/wp-content\/uploads\/2023\/08\/sebrae.jpg","type":"image\/jpeg"}],"author":"DS","twitter_card":"summary_large_image","twitter_misc":{"Escrito por":"DS","Est. tempo de leitura":"2 minutos"},"schema":{"@context":"https:\/\/schema.org","@graph":[{"@type":"Article","@id":"https:\/\/bahiaeconomica.com.br\/wp\/2023\/08\/03\/sebrae-abre-vagas-de-r-5-mil-mensais-na-bahia\/#article","isPartOf":{"@id":"https:\/\/bahiaeconomica.com.br\/wp\/2023\/08\/03\/sebrae-abre-vagas-de-r-5-mil-mensais-na-bahia\/"},"author":{"name":"DS","@id":"https:\/\/bahiaeconomica.com.br\/wp\/#\/schema\/person\/756f314c5bfa87c7b43a2850854305a1"},"headline":"SEBRAE ABRE VAGAS DE R$ 5 MIL MENSAIS NA BAHIA","datePublished":"2023-08-03T13:31:49+00:00","dateModified":"2023-08-03T13:31:49+00:00","mainEntityOfPage":{"@id":"https:\/\/bahiaeconomica.com.br\/wp\/2023\/08\/03\/sebrae-abre-vagas-de-r-5-mil-mensais-na-bahia\/"},"wordCount":273,"publisher":{"@id":"https:\/\/bahiaeconomica.com.br\/wp\/#organization"},"keywords":["Bahia","EMPREGOS E CONCURSOS","Salvador","Sebrae","SEBRAE-BA"],"articleSection":["EMPREGOS \/ CONCURSOS"],"inLanguage":"pt-BR"},{"@type":"WebPage","@id":"https:\/\/bahiaeconomica.com.br\/wp\/2023\/08\/03\/sebrae-abre-vagas-de-r-5-mil-mensais-na-bahia\/","url":"https:\/\/bahiaeconomica.com.br\/wp\/2023\/08\/03\/sebrae-abre-vagas-de-r-5-mil-mensais-na-bahia\/","name":"SEBRAE ABRE VAGAS DE R$ 5 MIL MENSAIS NA BAHIA - Bahia Economica","isPartOf":{"@id":"https:\/\/bahiaeconomica.com.br\/wp\/#website"},"datePublished":"2023-08-03T13:31:49+00:00","dateModified":"2023-08-03T13:31:49+00:00","description":"O maior portal de Economia da Bahia EMPREGOS \/ CONCURSOS Bahia Economica","breadcrumb":{"@id":"https:\/\/bahiaeconomica.com.br\/wp\/2023\/08\/03\/sebrae-abre-vagas-de-r-5-mil-mensais-na-bahia\/#breadcrumb"},"inLanguage":"pt-BR","potentialAction":[{"@type":"ReadAction","target":["https:\/\/bahiaeconomica.com.br\/wp\/2023\/08\/03\/sebrae-abre-vagas-de-r-5-mil-mensais-na-bahia\/"]}]},{"@type":"BreadcrumbList","@id":"https:\/\/bahiaeconomica.com.br\/wp\/2023\/08\/03\/sebrae-abre-vagas-de-r-5-mil-mensais-na-bahia\/#breadcrumb","itemListElement":[{"@type":"ListItem","position":1,"name":"In\u00edcio","item":"https:\/\/bahiaeconomica.com.br\/wp\/"},{"@type":"ListItem","position":2,"name":"SEBRAE ABRE VAGAS DE R$ 5 MIL MENSAIS NA BAHIA"}]},{"@type":"WebSite","@id":"https:\/\/bahiaeconomica.com.br\/wp\/#website","url":"https:\/\/bahiaeconomica.com.br\/wp\/","name":"Bahia Economica","description":"O maior portal de Economia da Bahia","publisher":{"@id":"https:\/\/bahiaeconomica.com.br\/wp\/#organization"},"potentialAction":[{"@type":"SearchAction","target":{"@type":"EntryPoint","urlTemplate":"https:\/\/bahiaeconomica.com.br\/wp\/?s={search_term_string}"},"query-input":"required name=search_term_string"}],"inLanguage":"pt-BR"},{"@type":"Organization","@id":"https:\/\/bahiaeconomica.com.br\/wp\/#organization","name":"Bahia Econ\u00f4mica","url":"https:\/\/bahiaeconomica.com.br\/wp\/","logo":{"@type":"ImageObject","inLanguage":"pt-BR","@id":"https:\/\/bahiaeconomica.com.br\/wp\/#\/schema\/logo\/image\/","url":"https:\/\/bahiaeconomica.com.br\/wp\/wp-content\/uploads\/2020\/12\/cropped-BE.png","contentUrl":"https:\/\/bahiaeconomica.com.br\/wp\/wp-content\/uploads\/2020\/12\/cropped-BE.png","width":512,"height":512,"caption":"Bahia Econ\u00f4mica"},"image":{"@id":"https:\/\/bahiaeconomica.com.br\/wp\/#\/schema\/logo\/image\/"},"sameAs":["https:\/\/www.facebook.com\/bahiaeconomica"]},{"@type":"Person","@id":"https:\/\/bahiaeconomica.com.br\/wp\/#\/schema\/person\/756f314c5bfa87c7b43a2850854305a1","name":"DS","sameAs":["https:\/\/bahiaeconomica.com.br\/wp\/beta\/"],"url":"https:\/\/bahiaeconomica.com.br\/wp\/author\/ds\/"}]}},"views":88,"_links":{"self":[{"href":"https:\/\/bahiaeconomica.com.br\/wp\/wp-json\/wp\/v2\/posts\/752800"}],"collection":[{"href":"https:\/\/bahiaeconomica.com.br\/wp\/wp-json\/wp\/v2\/posts"}],"about":[{"href":"https:\/\/bahiaeconomica.com.br\/wp\/wp-json\/wp\/v2\/types\/post"}],"author":[{"embeddable":true,"href":"https:\/\/bahiaeconomica.com.br\/wp\/wp-json\/wp\/v2\/users\/6"}],"replies":[{"embeddable":true,"href":"https:\/\/bahiaeconomica.com.br\/wp\/wp-json\/wp\/v2\/comments?post=752800"}],"version-history":[{"count":1,"href":"https:\/\/bahiaeconomica.com.br\/wp\/wp-json\/wp\/v2\/posts\/752800\/revisions"}],"predecessor-version":[{"id":752803,"href":"https:\/\/bahiaeconomica.com.br\/wp\/wp-json\/wp\/v2\/posts\/752800\/revisions\/752803"}],"wp:featuredmedia":[{"embeddable":true,"href":"https:\/\/bahiaeconomica.com.br\/wp\/wp-json\/wp\/v2\/media\/752802"}],"wp:attachment":[{"href":"https:\/\/bahiaeconomica.com.br\/wp\/wp-json\/wp\/v2\/media?parent=752800"}],"wp:term":[{"taxonomy":"category","embeddable":true,"href":"https:\/\/bahiaeconomica.com.br\/wp\/wp-json\/wp\/v2\/categories?post=752800"},{"taxonomy":"post_tag","embeddable":true,"href":"https:\/\/bahiaeconomica.com.br\/wp\/wp-json\/wp\/v2\/tags?post=752800"}],"curies":[{"name":"wp","href":"https:\/\/api.w.org\/{rel}","templated":true}]}}