{"id":752400,"date":"2023-08-01T19:42:54","date_gmt":"2023-08-01T22:42:54","guid":{"rendered":"https:\/\/bahiaeconomica.com.br\/wp\/?p=752400"},"modified":"2023-08-01T19:42:54","modified_gmt":"2023-08-01T22:42:54","slug":"danielle-diz-muda-de-visual-e-choca-a-web-confira","status":"publish","type":"post","link":"https:\/\/bahiaeconomica.com.br\/wp\/2023\/08\/01\/danielle-diz-muda-de-visual-e-choca-a-web-confira\/","title":{"rendered":"DANIELLE DIZ MUDA DE VISUAL E CHOCA A WEB, CONFIRA"},"content":{"rendered":"<p>A ex-youtuber mudou a cor dos cabelos nesta ter\u00e7a(1), a mudan\u00e7a de visual gerou chuva de cr\u00edticas na internet<!--more--><\/p>\n<p>A influenciadora mineira, Danielle Diz de 28 anos \u00e9 conhecida por ser a dona do canal &#8220;Danielle Diz&#8221; e melhor amiga do youtuber Lucas Rangel, os dois se conheceram na escola e gravam v\u00e1rios v\u00eddeos juntos.<\/p>\n<p>Desde ent\u00e3o Dani participou de filmes como &#8220;Flops&#8221; da turma de Lucas Rangel.<\/p>\n<p>Confira abaixo as fotos do novo visual da mais nova ruiva: https:\/\/www.instagram.com\/p\/Cvap_NPNTnC\/<\/p>\n<p>Na web a repercuss\u00e3o foi negativa, muitos criticaram o novo visual de Dani: &#8220;EU adoro a Dani ,mas n\u00e3o gostei n\u00e3o&#8221; disse um usu\u00e1ria que eve 428 curtidas em seu coment\u00e1rio.<\/p>\n","protected":false},"excerpt":{"rendered":"<p>A ex-youtuber mudou a cor dos cabelos nesta ter\u00e7a(1), a mudan\u00e7a de visual gerou chuva de cr\u00edticas na internet<\/p>\n","protected":false},"author":12,"featured_media":752409,"comment_status":"closed","ping_status":"closed","sticky":false,"template":"","format":"standard","meta":[],"categories":[4],"tags":[17606,17604,17605],"acf":[],"yoast_head":"<!-- This site is optimized with the Yoast SEO plugin v20.8 - https:\/\/yoast.com\/wordpress\/plugins\/seo\/ -->\n<title>DANIELLE DIZ MUDA DE VISUAL E CHOCA A WEB, CONFIRA - Bahia Economica<\/title>\n<meta name=\"description\" content=\"A ex-youtuber mudou a cor dos cabelos nesta ter\u00e7a(1), a mudan\u00e7a de visual gerou chuva de cr\u00edticas na internet\" \/>\n<meta name=\"robots\" content=\"index, follow, max-snippet:-1, max-image-preview:large, max-video-preview:-1\" \/>\n<link rel=\"canonical\" href=\"https:\/\/bahiaeconomica.com.br\/wp\/2023\/08\/01\/danielle-diz-muda-de-visual-e-choca-a-web-confira\/\" \/>\n<meta property=\"og:locale\" content=\"pt_BR\" \/>\n<meta property=\"og:type\" content=\"article\" \/>\n<meta property=\"og:title\" content=\"DANIELLE DIZ MUDA DE VISUAL E CHOCA A WEB, CONFIRA - Bahia Economica\" \/>\n<meta property=\"og:description\" content=\"A ex-youtuber mudou a cor dos cabelos nesta ter\u00e7a(1), a mudan\u00e7a de visual gerou chuva de cr\u00edticas na internet\" \/>\n<meta property=\"og:url\" content=\"https:\/\/bahiaeconomica.com.br\/wp\/2023\/08\/01\/danielle-diz-muda-de-visual-e-choca-a-web-confira\/\" \/>\n<meta property=\"og:site_name\" content=\"Bahia Economica\" \/>\n<meta property=\"article:publisher\" content=\"https:\/\/www.facebook.com\/bahiaeconomica\" \/>\n<meta property=\"article:published_time\" content=\"2023-08-01T22:42:54+00:00\" \/>\n<meta property=\"og:image\" content=\"https:\/\/bahiaeconomica.com.br\/wp\/wp-content\/uploads\/2023\/08\/danielle-diz-foto.jpg\" \/>\n\t<meta property=\"og:image:width\" content=\"1200\" \/>\n\t<meta property=\"og:image:height\" content=\"800\" \/>\n\t<meta property=\"og:image:type\" content=\"image\/jpeg\" \/>\n<meta name=\"author\" content=\"BA\" \/>\n<meta name=\"twitter:card\" content=\"summary_large_image\" \/>\n<meta name=\"twitter:label1\" content=\"Escrito por\" \/>\n\t<meta name=\"twitter:data1\" content=\"BA\" \/>\n\t<meta name=\"twitter:label2\" content=\"Est. tempo de leitura\" \/>\n\t<meta name=\"twitter:data2\" content=\"1 minuto\" \/>\n<script type=\"application\/ld+json\" class=\"yoast-schema-graph\">{\"@context\":\"https:\/\/schema.org\",\"@graph\":[{\"@type\":\"Article\",\"@id\":\"https:\/\/bahiaeconomica.com.br\/wp\/2023\/08\/01\/danielle-diz-muda-de-visual-e-choca-a-web-confira\/#article\",\"isPartOf\":{\"@id\":\"https:\/\/bahiaeconomica.com.br\/wp\/2023\/08\/01\/danielle-diz-muda-de-visual-e-choca-a-web-confira\/\"},\"author\":{\"name\":\"BA\",\"@id\":\"https:\/\/bahiaeconomica.com.br\/wp\/#\/schema\/person\/5a4570b96ef393d09329ca6448199c3e\"},\"headline\":\"DANIELLE DIZ MUDA DE VISUAL E CHOCA A WEB, CONFIRA\",\"datePublished\":\"2023-08-01T22:42:54+00:00\",\"dateModified\":\"2023-08-01T22:42:54+00:00\",\"mainEntityOfPage\":{\"@id\":\"https:\/\/bahiaeconomica.com.br\/wp\/2023\/08\/01\/danielle-diz-muda-de-visual-e-choca-a-web-confira\/\"},\"wordCount\":135,\"publisher\":{\"@id\":\"https:\/\/bahiaeconomica.com.br\/wp\/#organization\"},\"keywords\":[\"daniele diz ruiva\",\"Danielle diz\",\"danielle diz antes e depois\"],\"articleSection\":[\"ENTRETENIMENTO\"],\"inLanguage\":\"pt-BR\"},{\"@type\":\"WebPage\",\"@id\":\"https:\/\/bahiaeconomica.com.br\/wp\/2023\/08\/01\/danielle-diz-muda-de-visual-e-choca-a-web-confira\/\",\"url\":\"https:\/\/bahiaeconomica.com.br\/wp\/2023\/08\/01\/danielle-diz-muda-de-visual-e-choca-a-web-confira\/\",\"name\":\"DANIELLE DIZ MUDA DE VISUAL E CHOCA A WEB, CONFIRA - Bahia Economica\",\"isPartOf\":{\"@id\":\"https:\/\/bahiaeconomica.com.br\/wp\/#website\"},\"datePublished\":\"2023-08-01T22:42:54+00:00\",\"dateModified\":\"2023-08-01T22:42:54+00:00\",\"description\":\"A ex-youtuber mudou a cor dos cabelos nesta ter\u00e7a(1), a mudan\u00e7a de visual gerou chuva de cr\u00edticas na internet\",\"breadcrumb\":{\"@id\":\"https:\/\/bahiaeconomica.com.br\/wp\/2023\/08\/01\/danielle-diz-muda-de-visual-e-choca-a-web-confira\/#breadcrumb\"},\"inLanguage\":\"pt-BR\",\"potentialAction\":[{\"@type\":\"ReadAction\",\"target\":[\"https:\/\/bahiaeconomica.com.br\/wp\/2023\/08\/01\/danielle-diz-muda-de-visual-e-choca-a-web-confira\/\"]}]},{\"@type\":\"BreadcrumbList\",\"@id\":\"https:\/\/bahiaeconomica.com.br\/wp\/2023\/08\/01\/danielle-diz-muda-de-visual-e-choca-a-web-confira\/#breadcrumb\",\"itemListElement\":[{\"@type\":\"ListItem\",\"position\":1,\"name\":\"In\u00edcio\",\"item\":\"https:\/\/bahiaeconomica.com.br\/wp\/\"},{\"@type\":\"ListItem\",\"position\":2,\"name\":\"DANIELLE DIZ MUDA DE VISUAL E CHOCA A WEB, CONFIRA\"}]},{\"@type\":\"WebSite\",\"@id\":\"https:\/\/bahiaeconomica.com.br\/wp\/#website\",\"url\":\"https:\/\/bahiaeconomica.com.br\/wp\/\",\"name\":\"Bahia Economica\",\"description\":\"O maior portal de Economia da Bahia\",\"publisher\":{\"@id\":\"https:\/\/bahiaeconomica.com.br\/wp\/#organization\"},\"potentialAction\":[{\"@type\":\"SearchAction\",\"target\":{\"@type\":\"EntryPoint\",\"urlTemplate\":\"https:\/\/bahiaeconomica.com.br\/wp\/?s={search_term_string}\"},\"query-input\":\"required name=search_term_string\"}],\"inLanguage\":\"pt-BR\"},{\"@type\":\"Organization\",\"@id\":\"https:\/\/bahiaeconomica.com.br\/wp\/#organization\",\"name\":\"Bahia Econ\u00f4mica\",\"url\":\"https:\/\/bahiaeconomica.com.br\/wp\/\",\"logo\":{\"@type\":\"ImageObject\",\"inLanguage\":\"pt-BR\",\"@id\":\"https:\/\/bahiaeconomica.com.br\/wp\/#\/schema\/logo\/image\/\",\"url\":\"https:\/\/bahiaeconomica.com.br\/wp\/wp-content\/uploads\/2020\/12\/cropped-BE.png\",\"contentUrl\":\"https:\/\/bahiaeconomica.com.br\/wp\/wp-content\/uploads\/2020\/12\/cropped-BE.png\",\"width\":512,\"height\":512,\"caption\":\"Bahia Econ\u00f4mica\"},\"image\":{\"@id\":\"https:\/\/bahiaeconomica.com.br\/wp\/#\/schema\/logo\/image\/\"},\"sameAs\":[\"https:\/\/www.facebook.com\/bahiaeconomica\"]},{\"@type\":\"Person\",\"@id\":\"https:\/\/bahiaeconomica.com.br\/wp\/#\/schema\/person\/5a4570b96ef393d09329ca6448199c3e\",\"name\":\"BA\",\"sameAs\":[\"https:\/\/bahiaeconomica.com.br\/wp\/beta\/\"],\"url\":\"https:\/\/bahiaeconomica.com.br\/wp\/author\/bruno-alves\/\"}]}<\/script>\n<!-- \/ Yoast SEO plugin. -->","yoast_head_json":{"title":"DANIELLE DIZ MUDA DE VISUAL E CHOCA A WEB, CONFIRA - Bahia Economica","description":"A ex-youtuber mudou a cor dos cabelos nesta ter\u00e7a(1), a mudan\u00e7a de visual gerou chuva de cr\u00edticas na internet","robots":{"index":"index","follow":"follow","max-snippet":"max-snippet:-1","max-image-preview":"max-image-preview:large","max-video-preview":"max-video-preview:-1"},"canonical":"https:\/\/bahiaeconomica.com.br\/wp\/2023\/08\/01\/danielle-diz-muda-de-visual-e-choca-a-web-confira\/","og_locale":"pt_BR","og_type":"article","og_title":"DANIELLE DIZ MUDA DE VISUAL E CHOCA A WEB, CONFIRA - Bahia Economica","og_description":"A ex-youtuber mudou a cor dos cabelos nesta ter\u00e7a(1), a mudan\u00e7a de visual gerou chuva de cr\u00edticas na internet","og_url":"https:\/\/bahiaeconomica.com.br\/wp\/2023\/08\/01\/danielle-diz-muda-de-visual-e-choca-a-web-confira\/","og_site_name":"Bahia Economica","article_publisher":"https:\/\/www.facebook.com\/bahiaeconomica","article_published_time":"2023-08-01T22:42:54+00:00","og_image":[{"width":1200,"height":800,"url":"https:\/\/bahiaeconomica.com.br\/wp\/wp-content\/uploads\/2023\/08\/danielle-diz-foto.jpg","type":"image\/jpeg"}],"author":"BA","twitter_card":"summary_large_image","twitter_misc":{"Escrito por":"BA","Est. tempo de leitura":"1 minuto"},"schema":{"@context":"https:\/\/schema.org","@graph":[{"@type":"Article","@id":"https:\/\/bahiaeconomica.com.br\/wp\/2023\/08\/01\/danielle-diz-muda-de-visual-e-choca-a-web-confira\/#article","isPartOf":{"@id":"https:\/\/bahiaeconomica.com.br\/wp\/2023\/08\/01\/danielle-diz-muda-de-visual-e-choca-a-web-confira\/"},"author":{"name":"BA","@id":"https:\/\/bahiaeconomica.com.br\/wp\/#\/schema\/person\/5a4570b96ef393d09329ca6448199c3e"},"headline":"DANIELLE DIZ MUDA DE VISUAL E CHOCA A WEB, CONFIRA","datePublished":"2023-08-01T22:42:54+00:00","dateModified":"2023-08-01T22:42:54+00:00","mainEntityOfPage":{"@id":"https:\/\/bahiaeconomica.com.br\/wp\/2023\/08\/01\/danielle-diz-muda-de-visual-e-choca-a-web-confira\/"},"wordCount":135,"publisher":{"@id":"https:\/\/bahiaeconomica.com.br\/wp\/#organization"},"keywords":["daniele diz ruiva","Danielle diz","danielle diz antes e depois"],"articleSection":["ENTRETENIMENTO"],"inLanguage":"pt-BR"},{"@type":"WebPage","@id":"https:\/\/bahiaeconomica.com.br\/wp\/2023\/08\/01\/danielle-diz-muda-de-visual-e-choca-a-web-confira\/","url":"https:\/\/bahiaeconomica.com.br\/wp\/2023\/08\/01\/danielle-diz-muda-de-visual-e-choca-a-web-confira\/","name":"DANIELLE DIZ MUDA DE VISUAL E CHOCA A WEB, CONFIRA - Bahia Economica","isPartOf":{"@id":"https:\/\/bahiaeconomica.com.br\/wp\/#website"},"datePublished":"2023-08-01T22:42:54+00:00","dateModified":"2023-08-01T22:42:54+00:00","description":"A ex-youtuber mudou a cor dos cabelos nesta ter\u00e7a(1), a mudan\u00e7a de visual gerou chuva de cr\u00edticas na internet","breadcrumb":{"@id":"https:\/\/bahiaeconomica.com.br\/wp\/2023\/08\/01\/danielle-diz-muda-de-visual-e-choca-a-web-confira\/#breadcrumb"},"inLanguage":"pt-BR","potentialAction":[{"@type":"ReadAction","target":["https:\/\/bahiaeconomica.com.br\/wp\/2023\/08\/01\/danielle-diz-muda-de-visual-e-choca-a-web-confira\/"]}]},{"@type":"BreadcrumbList","@id":"https:\/\/bahiaeconomica.com.br\/wp\/2023\/08\/01\/danielle-diz-muda-de-visual-e-choca-a-web-confira\/#breadcrumb","itemListElement":[{"@type":"ListItem","position":1,"name":"In\u00edcio","item":"https:\/\/bahiaeconomica.com.br\/wp\/"},{"@type":"ListItem","position":2,"name":"DANIELLE DIZ MUDA DE VISUAL E CHOCA A WEB, CONFIRA"}]},{"@type":"WebSite","@id":"https:\/\/bahiaeconomica.com.br\/wp\/#website","url":"https:\/\/bahiaeconomica.com.br\/wp\/","name":"Bahia Economica","description":"O maior portal de Economia da Bahia","publisher":{"@id":"https:\/\/bahiaeconomica.com.br\/wp\/#organization"},"potentialAction":[{"@type":"SearchAction","target":{"@type":"EntryPoint","urlTemplate":"https:\/\/bahiaeconomica.com.br\/wp\/?s={search_term_string}"},"query-input":"required name=search_term_string"}],"inLanguage":"pt-BR"},{"@type":"Organization","@id":"https:\/\/bahiaeconomica.com.br\/wp\/#organization","name":"Bahia Econ\u00f4mica","url":"https:\/\/bahiaeconomica.com.br\/wp\/","logo":{"@type":"ImageObject","inLanguage":"pt-BR","@id":"https:\/\/bahiaeconomica.com.br\/wp\/#\/schema\/logo\/image\/","url":"https:\/\/bahiaeconomica.com.br\/wp\/wp-content\/uploads\/2020\/12\/cropped-BE.png","contentUrl":"https:\/\/bahiaeconomica.com.br\/wp\/wp-content\/uploads\/2020\/12\/cropped-BE.png","width":512,"height":512,"caption":"Bahia Econ\u00f4mica"},"image":{"@id":"https:\/\/bahiaeconomica.com.br\/wp\/#\/schema\/logo\/image\/"},"sameAs":["https:\/\/www.facebook.com\/bahiaeconomica"]},{"@type":"Person","@id":"https:\/\/bahiaeconomica.com.br\/wp\/#\/schema\/person\/5a4570b96ef393d09329ca6448199c3e","name":"BA","sameAs":["https:\/\/bahiaeconomica.com.br\/wp\/beta\/"],"url":"https:\/\/bahiaeconomica.com.br\/wp\/author\/bruno-alves\/"}]}},"views":315,"_links":{"self":[{"href":"https:\/\/bahiaeconomica.com.br\/wp\/wp-json\/wp\/v2\/posts\/752400"}],"collection":[{"href":"https:\/\/bahiaeconomica.com.br\/wp\/wp-json\/wp\/v2\/posts"}],"about":[{"href":"https:\/\/bahiaeconomica.com.br\/wp\/wp-json\/wp\/v2\/types\/post"}],"author":[{"embeddable":true,"href":"https:\/\/bahiaeconomica.com.br\/wp\/wp-json\/wp\/v2\/users\/12"}],"replies":[{"embeddable":true,"href":"https:\/\/bahiaeconomica.com.br\/wp\/wp-json\/wp\/v2\/comments?post=752400"}],"version-history":[{"count":1,"href":"https:\/\/bahiaeconomica.com.br\/wp\/wp-json\/wp\/v2\/posts\/752400\/revisions"}],"predecessor-version":[{"id":752411,"href":"https:\/\/bahiaeconomica.com.br\/wp\/wp-json\/wp\/v2\/posts\/752400\/revisions\/752411"}],"wp:featuredmedia":[{"embeddable":true,"href":"https:\/\/bahiaeconomica.com.br\/wp\/wp-json\/wp\/v2\/media\/752409"}],"wp:attachment":[{"href":"https:\/\/bahiaeconomica.com.br\/wp\/wp-json\/wp\/v2\/media?parent=752400"}],"wp:term":[{"taxonomy":"category","embeddable":true,"href":"https:\/\/bahiaeconomica.com.br\/wp\/wp-json\/wp\/v2\/categories?post=752400"},{"taxonomy":"post_tag","embeddable":true,"href":"https:\/\/bahiaeconomica.com.br\/wp\/wp-json\/wp\/v2\/tags?post=752400"}],"curies":[{"name":"wp","href":"https:\/\/api.w.org\/{rel}","templated":true}]}}