{"id":752076,"date":"2023-07-31T06:17:24","date_gmt":"2023-07-31T09:17:24","guid":{"rendered":"https:\/\/bahiaeconomica.com.br\/wp\/?p=752076"},"modified":"2023-07-31T20:19:05","modified_gmt":"2023-07-31T23:19:05","slug":"tempero-novo-lemospassos-fecha-julho-com-novas-parcerias-na-bahia-e-em-sao-paulo","status":"publish","type":"post","link":"https:\/\/bahiaeconomica.com.br\/wp\/2023\/07\/31\/tempero-novo-lemospassos-fecha-julho-com-novas-parcerias-na-bahia-e-em-sao-paulo\/","title":{"rendered":"TEMPERO NOVO: LEMOSPASSOS FECHA JULHO COM NOVAS PARCERIAS NA BAHIA E EM S\u00c3O PAULO"},"content":{"rendered":"<p>Respons\u00e1vel pela gest\u00e3o de restaurantes corporativos situados em nove estados, atendendo a escolas, hospitais, ind\u00fastrias, restaurantes populares, locais remotos, entre outros, o Grupo LemosPassos encerra o m\u00eas de julho com novas parcerias na Bahia e em S\u00e3o Paulo, somando mais 5.295 refei\u00e7\u00f5es produzidas por m\u00eas, gerando novos postos de trabalho nestes espa\u00e7os.<\/p>\n<p>A partir desta segunda-feira, dia 31, a empresa passa a ser a fornecedora de alimenta\u00e7\u00e3o, em Salvador, para a Multilog, um dos principais operadores log\u00edsticos do pa\u00eds, com unidades presentes em importantes corredores de importa\u00e7\u00e3o e exporta\u00e7\u00e3o, e tamb\u00e9m para o restaurante corporativo da Corteva Agriscience, ind\u00fastria americana de sementes e produtos qu\u00edmicos agr\u00edcolas, em Mogi Mirim, interior de S\u00e3o Paulo.<\/p>\n<p>\u201cA alimenta\u00e7\u00e3o \u00e9 um dos elementos de grande relev\u00e2ncia para a produtividade e satisfa\u00e7\u00e3o dos colaboradores dentro das institui\u00e7\u00f5es. Para atender com a qualidade e a excel\u00eancia esperadas, n\u00f3s dedicamos especial aten\u00e7\u00e3o aos treinamentos de nossas equipes para oferecermos sempre refei\u00e7\u00f5es com valor nutricional e saborosas\u201d, pontua Eli\u00eade Lopes, gerente geral de opera\u00e7\u00f5es do Grupo LemosPassos. Os card\u00e1pios s\u00e3o elaborados pela nutricionista a partir de um alinhamento com a gest\u00e3o da empresa, entendendo o perfil dos comensais e a rotina de trabalho, por exemplo.<\/p>\n<p>A LemosPassos \u00e9 a quarta maior produtora de refei\u00e7\u00f5es coletivas do pa\u00eds, de acordo com o ranking da Associa\u00e7\u00e3o Brasileira de Refei\u00e7\u00f5es Coletivas (ABERC). Atualmente, \u00e9 respons\u00e1vel por produzir cerca de 7,8 milh\u00f5es de refei\u00e7\u00f5es mensais, servidas em 434 restaurantes corporativos de diferentes segmentos na Bahia, Pernambuco, Cear\u00e1, Amazonas, S\u00e3o Paulo, Minas Gerais, Goi\u00e1s, Par\u00e1 e Mato Grosso, gerando 3.180 empregos.<\/p>\n<p>Foto: divulga\u00e7\u00e3o<\/p>\n","protected":false},"excerpt":{"rendered":"<p>Respons\u00e1vel pela gest\u00e3o de restaurantes corporativos situados em nove estados, atendendo a escolas, hospitais, ind\u00fastrias, restaurantes populares, locais remotos, entre outros, o Grupo LemosPassos encerra o m\u00eas de julho com novas parcerias na Bahia e em S\u00e3o Paulo, somando mais 5.295 refei\u00e7\u00f5es produzidas por m\u00eas, gerando novos postos de trabalho nestes espa\u00e7os. A partir desta [&hellip;]<\/p>\n","protected":false},"author":8,"featured_media":752077,"comment_status":"closed","ping_status":"closed","sticky":false,"template":"","format":"standard","meta":[],"categories":[3],"tags":[],"acf":[],"yoast_head":"<!-- This site is optimized with the Yoast SEO plugin v20.8 - https:\/\/yoast.com\/wordpress\/plugins\/seo\/ -->\n<title>TEMPERO NOVO: LEMOSPASSOS FECHA JULHO COM NOVAS PARCERIAS NA BAHIA E EM S\u00c3O PAULO - Bahia Economica<\/title>\n<meta name=\"description\" content=\"O maior portal de Economia da Bahia ECONOMIA \/ POL\u00cdTICA Bahia Economica\" \/>\n<meta name=\"robots\" content=\"index, follow, max-snippet:-1, max-image-preview:large, max-video-preview:-1\" \/>\n<link rel=\"canonical\" href=\"https:\/\/bahiaeconomica.com.br\/wp\/2023\/07\/31\/tempero-novo-lemospassos-fecha-julho-com-novas-parcerias-na-bahia-e-em-sao-paulo\/\" \/>\n<meta property=\"og:locale\" content=\"pt_BR\" \/>\n<meta property=\"og:type\" content=\"article\" \/>\n<meta property=\"og:title\" content=\"TEMPERO NOVO: LEMOSPASSOS FECHA JULHO COM NOVAS PARCERIAS NA BAHIA E EM S\u00c3O PAULO - Bahia Economica\" \/>\n<meta property=\"og:description\" content=\"O maior portal de Economia da Bahia ECONOMIA \/ POL\u00cdTICA Bahia Economica\" \/>\n<meta property=\"og:url\" content=\"https:\/\/bahiaeconomica.com.br\/wp\/2023\/07\/31\/tempero-novo-lemospassos-fecha-julho-com-novas-parcerias-na-bahia-e-em-sao-paulo\/\" \/>\n<meta property=\"og:site_name\" content=\"Bahia Economica\" \/>\n<meta property=\"article:publisher\" content=\"https:\/\/www.facebook.com\/bahiaeconomica\" \/>\n<meta property=\"article:published_time\" content=\"2023-07-31T09:17:24+00:00\" \/>\n<meta property=\"article:modified_time\" content=\"2023-07-31T23:19:05+00:00\" \/>\n<meta property=\"og:image\" content=\"https:\/\/bahiaeconomica.com.br\/wp\/wp-content\/uploads\/2023\/07\/WhatsApp-Image-2023-07-31-at-14.50.22xxxxxxxxxxxxxxxx.jpg\" \/>\n\t<meta property=\"og:image:width\" content=\"500\" \/>\n\t<meta property=\"og:image:height\" content=\"375\" \/>\n\t<meta property=\"og:image:type\" content=\"image\/jpeg\" \/>\n<meta name=\"author\" content=\"JP\" \/>\n<meta name=\"twitter:card\" content=\"summary_large_image\" \/>\n<meta name=\"twitter:label1\" content=\"Escrito por\" \/>\n\t<meta name=\"twitter:data1\" content=\"JP\" \/>\n\t<meta name=\"twitter:label2\" content=\"Est. tempo de leitura\" \/>\n\t<meta name=\"twitter:data2\" content=\"2 minutos\" \/>\n<script type=\"application\/ld+json\" class=\"yoast-schema-graph\">{\"@context\":\"https:\/\/schema.org\",\"@graph\":[{\"@type\":\"Article\",\"@id\":\"https:\/\/bahiaeconomica.com.br\/wp\/2023\/07\/31\/tempero-novo-lemospassos-fecha-julho-com-novas-parcerias-na-bahia-e-em-sao-paulo\/#article\",\"isPartOf\":{\"@id\":\"https:\/\/bahiaeconomica.com.br\/wp\/2023\/07\/31\/tempero-novo-lemospassos-fecha-julho-com-novas-parcerias-na-bahia-e-em-sao-paulo\/\"},\"author\":{\"name\":\"JP\",\"@id\":\"https:\/\/bahiaeconomica.com.br\/wp\/#\/schema\/person\/c86d3a3f8960425a0f9d0e5245991f4e\"},\"headline\":\"TEMPERO NOVO: LEMOSPASSOS FECHA JULHO COM NOVAS PARCERIAS NA BAHIA E EM S\u00c3O PAULO\",\"datePublished\":\"2023-07-31T09:17:24+00:00\",\"dateModified\":\"2023-07-31T23:19:05+00:00\",\"mainEntityOfPage\":{\"@id\":\"https:\/\/bahiaeconomica.com.br\/wp\/2023\/07\/31\/tempero-novo-lemospassos-fecha-julho-com-novas-parcerias-na-bahia-e-em-sao-paulo\/\"},\"wordCount\":308,\"publisher\":{\"@id\":\"https:\/\/bahiaeconomica.com.br\/wp\/#organization\"},\"articleSection\":[\"ECONOMIA \/ POL\u00cdTICA\"],\"inLanguage\":\"pt-BR\"},{\"@type\":\"WebPage\",\"@id\":\"https:\/\/bahiaeconomica.com.br\/wp\/2023\/07\/31\/tempero-novo-lemospassos-fecha-julho-com-novas-parcerias-na-bahia-e-em-sao-paulo\/\",\"url\":\"https:\/\/bahiaeconomica.com.br\/wp\/2023\/07\/31\/tempero-novo-lemospassos-fecha-julho-com-novas-parcerias-na-bahia-e-em-sao-paulo\/\",\"name\":\"TEMPERO NOVO: LEMOSPASSOS FECHA JULHO COM NOVAS PARCERIAS NA BAHIA E EM S\u00c3O PAULO - Bahia Economica\",\"isPartOf\":{\"@id\":\"https:\/\/bahiaeconomica.com.br\/wp\/#website\"},\"datePublished\":\"2023-07-31T09:17:24+00:00\",\"dateModified\":\"2023-07-31T23:19:05+00:00\",\"description\":\"O maior portal de Economia da Bahia ECONOMIA \/ POL\u00cdTICA Bahia Economica\",\"breadcrumb\":{\"@id\":\"https:\/\/bahiaeconomica.com.br\/wp\/2023\/07\/31\/tempero-novo-lemospassos-fecha-julho-com-novas-parcerias-na-bahia-e-em-sao-paulo\/#breadcrumb\"},\"inLanguage\":\"pt-BR\",\"potentialAction\":[{\"@type\":\"ReadAction\",\"target\":[\"https:\/\/bahiaeconomica.com.br\/wp\/2023\/07\/31\/tempero-novo-lemospassos-fecha-julho-com-novas-parcerias-na-bahia-e-em-sao-paulo\/\"]}]},{\"@type\":\"BreadcrumbList\",\"@id\":\"https:\/\/bahiaeconomica.com.br\/wp\/2023\/07\/31\/tempero-novo-lemospassos-fecha-julho-com-novas-parcerias-na-bahia-e-em-sao-paulo\/#breadcrumb\",\"itemListElement\":[{\"@type\":\"ListItem\",\"position\":1,\"name\":\"In\u00edcio\",\"item\":\"https:\/\/bahiaeconomica.com.br\/wp\/\"},{\"@type\":\"ListItem\",\"position\":2,\"name\":\"TEMPERO NOVO: LEMOSPASSOS FECHA JULHO COM NOVAS PARCERIAS NA BAHIA E EM S\u00c3O PAULO\"}]},{\"@type\":\"WebSite\",\"@id\":\"https:\/\/bahiaeconomica.com.br\/wp\/#website\",\"url\":\"https:\/\/bahiaeconomica.com.br\/wp\/\",\"name\":\"Bahia Economica\",\"description\":\"O maior portal de Economia da Bahia\",\"publisher\":{\"@id\":\"https:\/\/bahiaeconomica.com.br\/wp\/#organization\"},\"potentialAction\":[{\"@type\":\"SearchAction\",\"target\":{\"@type\":\"EntryPoint\",\"urlTemplate\":\"https:\/\/bahiaeconomica.com.br\/wp\/?s={search_term_string}\"},\"query-input\":\"required name=search_term_string\"}],\"inLanguage\":\"pt-BR\"},{\"@type\":\"Organization\",\"@id\":\"https:\/\/bahiaeconomica.com.br\/wp\/#organization\",\"name\":\"Bahia Econ\u00f4mica\",\"url\":\"https:\/\/bahiaeconomica.com.br\/wp\/\",\"logo\":{\"@type\":\"ImageObject\",\"inLanguage\":\"pt-BR\",\"@id\":\"https:\/\/bahiaeconomica.com.br\/wp\/#\/schema\/logo\/image\/\",\"url\":\"https:\/\/bahiaeconomica.com.br\/wp\/wp-content\/uploads\/2020\/12\/cropped-BE.png\",\"contentUrl\":\"https:\/\/bahiaeconomica.com.br\/wp\/wp-content\/uploads\/2020\/12\/cropped-BE.png\",\"width\":512,\"height\":512,\"caption\":\"Bahia Econ\u00f4mica\"},\"image\":{\"@id\":\"https:\/\/bahiaeconomica.com.br\/wp\/#\/schema\/logo\/image\/\"},\"sameAs\":[\"https:\/\/www.facebook.com\/bahiaeconomica\"]},{\"@type\":\"Person\",\"@id\":\"https:\/\/bahiaeconomica.com.br\/wp\/#\/schema\/person\/c86d3a3f8960425a0f9d0e5245991f4e\",\"name\":\"JP\",\"sameAs\":[\"https:\/\/bahiaeconomica.com.br\/wp\/beta\/\"],\"url\":\"https:\/\/bahiaeconomica.com.br\/wp\/author\/jp\/\"}]}<\/script>\n<!-- \/ Yoast SEO plugin. -->","yoast_head_json":{"title":"TEMPERO NOVO: LEMOSPASSOS FECHA JULHO COM NOVAS PARCERIAS NA BAHIA E EM S\u00c3O PAULO - Bahia Economica","description":"O maior portal de Economia da Bahia ECONOMIA \/ POL\u00cdTICA Bahia Economica","robots":{"index":"index","follow":"follow","max-snippet":"max-snippet:-1","max-image-preview":"max-image-preview:large","max-video-preview":"max-video-preview:-1"},"canonical":"https:\/\/bahiaeconomica.com.br\/wp\/2023\/07\/31\/tempero-novo-lemospassos-fecha-julho-com-novas-parcerias-na-bahia-e-em-sao-paulo\/","og_locale":"pt_BR","og_type":"article","og_title":"TEMPERO NOVO: LEMOSPASSOS FECHA JULHO COM NOVAS PARCERIAS NA BAHIA E EM S\u00c3O PAULO - Bahia Economica","og_description":"O maior portal de Economia da Bahia ECONOMIA \/ POL\u00cdTICA Bahia Economica","og_url":"https:\/\/bahiaeconomica.com.br\/wp\/2023\/07\/31\/tempero-novo-lemospassos-fecha-julho-com-novas-parcerias-na-bahia-e-em-sao-paulo\/","og_site_name":"Bahia Economica","article_publisher":"https:\/\/www.facebook.com\/bahiaeconomica","article_published_time":"2023-07-31T09:17:24+00:00","article_modified_time":"2023-07-31T23:19:05+00:00","og_image":[{"width":500,"height":375,"url":"https:\/\/bahiaeconomica.com.br\/wp\/wp-content\/uploads\/2023\/07\/WhatsApp-Image-2023-07-31-at-14.50.22xxxxxxxxxxxxxxxx.jpg","type":"image\/jpeg"}],"author":"JP","twitter_card":"summary_large_image","twitter_misc":{"Escrito por":"JP","Est. tempo de leitura":"2 minutos"},"schema":{"@context":"https:\/\/schema.org","@graph":[{"@type":"Article","@id":"https:\/\/bahiaeconomica.com.br\/wp\/2023\/07\/31\/tempero-novo-lemospassos-fecha-julho-com-novas-parcerias-na-bahia-e-em-sao-paulo\/#article","isPartOf":{"@id":"https:\/\/bahiaeconomica.com.br\/wp\/2023\/07\/31\/tempero-novo-lemospassos-fecha-julho-com-novas-parcerias-na-bahia-e-em-sao-paulo\/"},"author":{"name":"JP","@id":"https:\/\/bahiaeconomica.com.br\/wp\/#\/schema\/person\/c86d3a3f8960425a0f9d0e5245991f4e"},"headline":"TEMPERO NOVO: LEMOSPASSOS FECHA JULHO COM NOVAS PARCERIAS NA BAHIA E EM S\u00c3O PAULO","datePublished":"2023-07-31T09:17:24+00:00","dateModified":"2023-07-31T23:19:05+00:00","mainEntityOfPage":{"@id":"https:\/\/bahiaeconomica.com.br\/wp\/2023\/07\/31\/tempero-novo-lemospassos-fecha-julho-com-novas-parcerias-na-bahia-e-em-sao-paulo\/"},"wordCount":308,"publisher":{"@id":"https:\/\/bahiaeconomica.com.br\/wp\/#organization"},"articleSection":["ECONOMIA \/ POL\u00cdTICA"],"inLanguage":"pt-BR"},{"@type":"WebPage","@id":"https:\/\/bahiaeconomica.com.br\/wp\/2023\/07\/31\/tempero-novo-lemospassos-fecha-julho-com-novas-parcerias-na-bahia-e-em-sao-paulo\/","url":"https:\/\/bahiaeconomica.com.br\/wp\/2023\/07\/31\/tempero-novo-lemospassos-fecha-julho-com-novas-parcerias-na-bahia-e-em-sao-paulo\/","name":"TEMPERO NOVO: LEMOSPASSOS FECHA JULHO COM NOVAS PARCERIAS NA BAHIA E EM S\u00c3O PAULO - Bahia Economica","isPartOf":{"@id":"https:\/\/bahiaeconomica.com.br\/wp\/#website"},"datePublished":"2023-07-31T09:17:24+00:00","dateModified":"2023-07-31T23:19:05+00:00","description":"O maior portal de Economia da Bahia ECONOMIA \/ POL\u00cdTICA Bahia Economica","breadcrumb":{"@id":"https:\/\/bahiaeconomica.com.br\/wp\/2023\/07\/31\/tempero-novo-lemospassos-fecha-julho-com-novas-parcerias-na-bahia-e-em-sao-paulo\/#breadcrumb"},"inLanguage":"pt-BR","potentialAction":[{"@type":"ReadAction","target":["https:\/\/bahiaeconomica.com.br\/wp\/2023\/07\/31\/tempero-novo-lemospassos-fecha-julho-com-novas-parcerias-na-bahia-e-em-sao-paulo\/"]}]},{"@type":"BreadcrumbList","@id":"https:\/\/bahiaeconomica.com.br\/wp\/2023\/07\/31\/tempero-novo-lemospassos-fecha-julho-com-novas-parcerias-na-bahia-e-em-sao-paulo\/#breadcrumb","itemListElement":[{"@type":"ListItem","position":1,"name":"In\u00edcio","item":"https:\/\/bahiaeconomica.com.br\/wp\/"},{"@type":"ListItem","position":2,"name":"TEMPERO NOVO: LEMOSPASSOS FECHA JULHO COM NOVAS PARCERIAS NA BAHIA E EM S\u00c3O PAULO"}]},{"@type":"WebSite","@id":"https:\/\/bahiaeconomica.com.br\/wp\/#website","url":"https:\/\/bahiaeconomica.com.br\/wp\/","name":"Bahia Economica","description":"O maior portal de Economia da Bahia","publisher":{"@id":"https:\/\/bahiaeconomica.com.br\/wp\/#organization"},"potentialAction":[{"@type":"SearchAction","target":{"@type":"EntryPoint","urlTemplate":"https:\/\/bahiaeconomica.com.br\/wp\/?s={search_term_string}"},"query-input":"required name=search_term_string"}],"inLanguage":"pt-BR"},{"@type":"Organization","@id":"https:\/\/bahiaeconomica.com.br\/wp\/#organization","name":"Bahia Econ\u00f4mica","url":"https:\/\/bahiaeconomica.com.br\/wp\/","logo":{"@type":"ImageObject","inLanguage":"pt-BR","@id":"https:\/\/bahiaeconomica.com.br\/wp\/#\/schema\/logo\/image\/","url":"https:\/\/bahiaeconomica.com.br\/wp\/wp-content\/uploads\/2020\/12\/cropped-BE.png","contentUrl":"https:\/\/bahiaeconomica.com.br\/wp\/wp-content\/uploads\/2020\/12\/cropped-BE.png","width":512,"height":512,"caption":"Bahia Econ\u00f4mica"},"image":{"@id":"https:\/\/bahiaeconomica.com.br\/wp\/#\/schema\/logo\/image\/"},"sameAs":["https:\/\/www.facebook.com\/bahiaeconomica"]},{"@type":"Person","@id":"https:\/\/bahiaeconomica.com.br\/wp\/#\/schema\/person\/c86d3a3f8960425a0f9d0e5245991f4e","name":"JP","sameAs":["https:\/\/bahiaeconomica.com.br\/wp\/beta\/"],"url":"https:\/\/bahiaeconomica.com.br\/wp\/author\/jp\/"}]}},"views":16,"_links":{"self":[{"href":"https:\/\/bahiaeconomica.com.br\/wp\/wp-json\/wp\/v2\/posts\/752076"}],"collection":[{"href":"https:\/\/bahiaeconomica.com.br\/wp\/wp-json\/wp\/v2\/posts"}],"about":[{"href":"https:\/\/bahiaeconomica.com.br\/wp\/wp-json\/wp\/v2\/types\/post"}],"author":[{"embeddable":true,"href":"https:\/\/bahiaeconomica.com.br\/wp\/wp-json\/wp\/v2\/users\/8"}],"replies":[{"embeddable":true,"href":"https:\/\/bahiaeconomica.com.br\/wp\/wp-json\/wp\/v2\/comments?post=752076"}],"version-history":[{"count":1,"href":"https:\/\/bahiaeconomica.com.br\/wp\/wp-json\/wp\/v2\/posts\/752076\/revisions"}],"predecessor-version":[{"id":752078,"href":"https:\/\/bahiaeconomica.com.br\/wp\/wp-json\/wp\/v2\/posts\/752076\/revisions\/752078"}],"wp:featuredmedia":[{"embeddable":true,"href":"https:\/\/bahiaeconomica.com.br\/wp\/wp-json\/wp\/v2\/media\/752077"}],"wp:attachment":[{"href":"https:\/\/bahiaeconomica.com.br\/wp\/wp-json\/wp\/v2\/media?parent=752076"}],"wp:term":[{"taxonomy":"category","embeddable":true,"href":"https:\/\/bahiaeconomica.com.br\/wp\/wp-json\/wp\/v2\/categories?post=752076"},{"taxonomy":"post_tag","embeddable":true,"href":"https:\/\/bahiaeconomica.com.br\/wp\/wp-json\/wp\/v2\/tags?post=752076"}],"curies":[{"name":"wp","href":"https:\/\/api.w.org\/{rel}","templated":true}]}}