{"id":751912,"date":"2023-07-31T16:05:10","date_gmt":"2023-07-31T19:05:10","guid":{"rendered":"https:\/\/bahiaeconomica.com.br\/wp\/?p=751912"},"modified":"2023-07-31T16:05:10","modified_gmt":"2023-07-31T19:05:10","slug":"assumindo-lugar-de-carballal-randerson-leal-sera-empossado-vereador-de-salvador-nesta-quarta-2","status":"publish","type":"post","link":"https:\/\/bahiaeconomica.com.br\/wp\/2023\/07\/31\/assumindo-lugar-de-carballal-randerson-leal-sera-empossado-vereador-de-salvador-nesta-quarta-2\/","title":{"rendered":"ASSUMINDO LUGAR DE CARBALLAL, RANDERSON LEAL SER\u00c1 EMPOSSADO VEREADOR DE SALVADOR NESTA QUARTA (2)"},"content":{"rendered":"<p>Randerson Leal (PDT) ser\u00e1 empossado vereador de Salvador nesta quarta-feira (2), em cerim\u00f4nia marcada para 14h. O cargo ficou vago ap\u00f3s o titular, Henrique Carballal (PDT), se tornar presidente da Companhia Baiana de Pesquisa Mineral (CBPM), no dia 22 de junho.<\/p>\n<p>Na C\u00e2mara, Randerson dever\u00e1 fazer oposi\u00e7\u00e3o ao prefeito Bruno Reis (Uni\u00e3o), seguindo a mesma linha de Carballal, mesmo estando no PDT, partido aliado do gestor municipal. \u00c9 esperado que ele apoie o candidato escolhido pelo governador Jer\u00f4nimo Rodrigues (PT) para disputar a Prefeitura da capital baiana em 2024.<\/p>\n<p>Nas redes sociais, o pol\u00edtico j\u00e1 compartilha publica\u00e7\u00f5es ao lado do governador. A \u00faltima aconteceu na \u00faltima semana, durante a assinatura de ordem de servi\u00e7o da duplica\u00e7\u00e3o da Avenida M\u00e1rio S\u00e9rgio que liga paralela ao Barrad\u00e3o.<\/p>\n<p>FOTO: Redes Sociais<\/p>\n","protected":false},"excerpt":{"rendered":"<p>Randerson Leal (PDT) ser\u00e1 empossado vereador de Salvador nesta quarta-feira (2), em cerim\u00f4nia marcada para 14h. O cargo ficou vago ap\u00f3s o titular, Henrique Carballal (PDT), se tornar presidente da Companhia Baiana de Pesquisa Mineral (CBPM), no dia 22 de junho. Na C\u00e2mara, Randerson dever\u00e1 fazer oposi\u00e7\u00e3o ao prefeito Bruno Reis (Uni\u00e3o), seguindo a mesma [&hellip;]<\/p>\n","protected":false},"author":16,"featured_media":751917,"comment_status":"closed","ping_status":"closed","sticky":false,"template":"","format":"standard","meta":[],"categories":[14601],"tags":[4811,17432,16812],"acf":[],"yoast_head":"<!-- This site is optimized with the Yoast SEO plugin v20.8 - https:\/\/yoast.com\/wordpress\/plugins\/seo\/ -->\n<title>ASSUMINDO LUGAR DE CARBALLAL, RANDERSON LEAL SER\u00c1 EMPOSSADO VEREADOR DE SALVADOR NESTA QUARTA (2) - Bahia Economica<\/title>\n<meta name=\"description\" content=\"Randerson Leal (PDT) ser\u00e1 empossado vereador de Salvador nesta quarta-feira (2), em cerim\u00f4nia marcada para 14h.\" \/>\n<meta name=\"robots\" content=\"index, follow, max-snippet:-1, max-image-preview:large, max-video-preview:-1\" \/>\n<link rel=\"canonical\" href=\"https:\/\/bahiaeconomica.com.br\/wp\/2023\/07\/31\/assumindo-lugar-de-carballal-randerson-leal-sera-empossado-vereador-de-salvador-nesta-quarta-2\/\" \/>\n<meta property=\"og:locale\" content=\"pt_BR\" \/>\n<meta property=\"og:type\" content=\"article\" \/>\n<meta property=\"og:title\" content=\"ASSUMINDO LUGAR DE CARBALLAL, RANDERSON LEAL SER\u00c1 EMPOSSADO VEREADOR DE SALVADOR NESTA QUARTA (2) - Bahia Economica\" \/>\n<meta property=\"og:description\" content=\"Randerson Leal (PDT) ser\u00e1 empossado vereador de Salvador nesta quarta-feira (2), em cerim\u00f4nia marcada para 14h.\" \/>\n<meta property=\"og:url\" content=\"https:\/\/bahiaeconomica.com.br\/wp\/2023\/07\/31\/assumindo-lugar-de-carballal-randerson-leal-sera-empossado-vereador-de-salvador-nesta-quarta-2\/\" \/>\n<meta property=\"og:site_name\" content=\"Bahia Economica\" \/>\n<meta property=\"article:publisher\" content=\"https:\/\/www.facebook.com\/bahiaeconomica\" \/>\n<meta property=\"article:published_time\" content=\"2023-07-31T19:05:10+00:00\" \/>\n<meta property=\"og:image\" content=\"https:\/\/bahiaeconomica.com.br\/wp\/wp-content\/uploads\/2023\/07\/WhatsApp-Image-2023-07-31-at-16.02.30.jpeg\" \/>\n\t<meta property=\"og:image:width\" content=\"828\" \/>\n\t<meta property=\"og:image:height\" content=\"601\" \/>\n\t<meta property=\"og:image:type\" content=\"image\/jpeg\" \/>\n<meta name=\"author\" content=\"LUIZA NASCIMENTO\" \/>\n<meta name=\"twitter:card\" content=\"summary_large_image\" \/>\n<meta name=\"twitter:label1\" content=\"Escrito por\" \/>\n\t<meta name=\"twitter:data1\" content=\"LUIZA NASCIMENTO\" \/>\n\t<meta name=\"twitter:label2\" content=\"Est. tempo de leitura\" \/>\n\t<meta name=\"twitter:data2\" content=\"1 minuto\" \/>\n<script type=\"application\/ld+json\" class=\"yoast-schema-graph\">{\"@context\":\"https:\/\/schema.org\",\"@graph\":[{\"@type\":\"Article\",\"@id\":\"https:\/\/bahiaeconomica.com.br\/wp\/2023\/07\/31\/assumindo-lugar-de-carballal-randerson-leal-sera-empossado-vereador-de-salvador-nesta-quarta-2\/#article\",\"isPartOf\":{\"@id\":\"https:\/\/bahiaeconomica.com.br\/wp\/2023\/07\/31\/assumindo-lugar-de-carballal-randerson-leal-sera-empossado-vereador-de-salvador-nesta-quarta-2\/\"},\"author\":{\"name\":\"LUIZA NASCIMENTO\",\"@id\":\"https:\/\/bahiaeconomica.com.br\/wp\/#\/schema\/person\/18273ac0fe04bfd4e7b101bf17d40152\"},\"headline\":\"ASSUMINDO LUGAR DE CARBALLAL, RANDERSON LEAL SER\u00c1 EMPOSSADO VEREADOR DE SALVADOR NESTA QUARTA (2)\",\"datePublished\":\"2023-07-31T19:05:10+00:00\",\"dateModified\":\"2023-07-31T19:05:10+00:00\",\"mainEntityOfPage\":{\"@id\":\"https:\/\/bahiaeconomica.com.br\/wp\/2023\/07\/31\/assumindo-lugar-de-carballal-randerson-leal-sera-empossado-vereador-de-salvador-nesta-quarta-2\/\"},\"wordCount\":150,\"publisher\":{\"@id\":\"https:\/\/bahiaeconomica.com.br\/wp\/#organization\"},\"keywords\":[\"Carballal\",\"henrique carballau\",\"RANDERSON LEAL\"],\"articleSection\":[\"Pol\u00edtica\"],\"inLanguage\":\"pt-BR\"},{\"@type\":\"WebPage\",\"@id\":\"https:\/\/bahiaeconomica.com.br\/wp\/2023\/07\/31\/assumindo-lugar-de-carballal-randerson-leal-sera-empossado-vereador-de-salvador-nesta-quarta-2\/\",\"url\":\"https:\/\/bahiaeconomica.com.br\/wp\/2023\/07\/31\/assumindo-lugar-de-carballal-randerson-leal-sera-empossado-vereador-de-salvador-nesta-quarta-2\/\",\"name\":\"ASSUMINDO LUGAR DE CARBALLAL, RANDERSON LEAL SER\u00c1 EMPOSSADO VEREADOR DE SALVADOR NESTA QUARTA (2) - Bahia Economica\",\"isPartOf\":{\"@id\":\"https:\/\/bahiaeconomica.com.br\/wp\/#website\"},\"datePublished\":\"2023-07-31T19:05:10+00:00\",\"dateModified\":\"2023-07-31T19:05:10+00:00\",\"description\":\"Randerson Leal (PDT) ser\u00e1 empossado vereador de Salvador nesta quarta-feira (2), em cerim\u00f4nia marcada para 14h.\",\"breadcrumb\":{\"@id\":\"https:\/\/bahiaeconomica.com.br\/wp\/2023\/07\/31\/assumindo-lugar-de-carballal-randerson-leal-sera-empossado-vereador-de-salvador-nesta-quarta-2\/#breadcrumb\"},\"inLanguage\":\"pt-BR\",\"potentialAction\":[{\"@type\":\"ReadAction\",\"target\":[\"https:\/\/bahiaeconomica.com.br\/wp\/2023\/07\/31\/assumindo-lugar-de-carballal-randerson-leal-sera-empossado-vereador-de-salvador-nesta-quarta-2\/\"]}]},{\"@type\":\"BreadcrumbList\",\"@id\":\"https:\/\/bahiaeconomica.com.br\/wp\/2023\/07\/31\/assumindo-lugar-de-carballal-randerson-leal-sera-empossado-vereador-de-salvador-nesta-quarta-2\/#breadcrumb\",\"itemListElement\":[{\"@type\":\"ListItem\",\"position\":1,\"name\":\"In\u00edcio\",\"item\":\"https:\/\/bahiaeconomica.com.br\/wp\/\"},{\"@type\":\"ListItem\",\"position\":2,\"name\":\"ASSUMINDO LUGAR DE CARBALLAL, RANDERSON LEAL SER\u00c1 EMPOSSADO VEREADOR DE SALVADOR NESTA QUARTA (2)\"}]},{\"@type\":\"WebSite\",\"@id\":\"https:\/\/bahiaeconomica.com.br\/wp\/#website\",\"url\":\"https:\/\/bahiaeconomica.com.br\/wp\/\",\"name\":\"Bahia Economica\",\"description\":\"O maior portal de Economia da Bahia\",\"publisher\":{\"@id\":\"https:\/\/bahiaeconomica.com.br\/wp\/#organization\"},\"potentialAction\":[{\"@type\":\"SearchAction\",\"target\":{\"@type\":\"EntryPoint\",\"urlTemplate\":\"https:\/\/bahiaeconomica.com.br\/wp\/?s={search_term_string}\"},\"query-input\":\"required name=search_term_string\"}],\"inLanguage\":\"pt-BR\"},{\"@type\":\"Organization\",\"@id\":\"https:\/\/bahiaeconomica.com.br\/wp\/#organization\",\"name\":\"Bahia Econ\u00f4mica\",\"url\":\"https:\/\/bahiaeconomica.com.br\/wp\/\",\"logo\":{\"@type\":\"ImageObject\",\"inLanguage\":\"pt-BR\",\"@id\":\"https:\/\/bahiaeconomica.com.br\/wp\/#\/schema\/logo\/image\/\",\"url\":\"https:\/\/bahiaeconomica.com.br\/wp\/wp-content\/uploads\/2020\/12\/cropped-BE.png\",\"contentUrl\":\"https:\/\/bahiaeconomica.com.br\/wp\/wp-content\/uploads\/2020\/12\/cropped-BE.png\",\"width\":512,\"height\":512,\"caption\":\"Bahia Econ\u00f4mica\"},\"image\":{\"@id\":\"https:\/\/bahiaeconomica.com.br\/wp\/#\/schema\/logo\/image\/\"},\"sameAs\":[\"https:\/\/www.facebook.com\/bahiaeconomica\"]},{\"@type\":\"Person\",\"@id\":\"https:\/\/bahiaeconomica.com.br\/wp\/#\/schema\/person\/18273ac0fe04bfd4e7b101bf17d40152\",\"name\":\"LUIZA NASCIMENTO\",\"sameAs\":[\"http:\/\/www.bahiaeconomica.com.br\"],\"url\":\"https:\/\/bahiaeconomica.com.br\/wp\/author\/luiza-nascimento\/\"}]}<\/script>\n<!-- \/ Yoast SEO plugin. -->","yoast_head_json":{"title":"ASSUMINDO LUGAR DE CARBALLAL, RANDERSON LEAL SER\u00c1 EMPOSSADO VEREADOR DE SALVADOR NESTA QUARTA (2) - Bahia Economica","description":"Randerson Leal (PDT) ser\u00e1 empossado vereador de Salvador nesta quarta-feira (2), em cerim\u00f4nia marcada para 14h.","robots":{"index":"index","follow":"follow","max-snippet":"max-snippet:-1","max-image-preview":"max-image-preview:large","max-video-preview":"max-video-preview:-1"},"canonical":"https:\/\/bahiaeconomica.com.br\/wp\/2023\/07\/31\/assumindo-lugar-de-carballal-randerson-leal-sera-empossado-vereador-de-salvador-nesta-quarta-2\/","og_locale":"pt_BR","og_type":"article","og_title":"ASSUMINDO LUGAR DE CARBALLAL, RANDERSON LEAL SER\u00c1 EMPOSSADO VEREADOR DE SALVADOR NESTA QUARTA (2) - Bahia Economica","og_description":"Randerson Leal (PDT) ser\u00e1 empossado vereador de Salvador nesta quarta-feira (2), em cerim\u00f4nia marcada para 14h.","og_url":"https:\/\/bahiaeconomica.com.br\/wp\/2023\/07\/31\/assumindo-lugar-de-carballal-randerson-leal-sera-empossado-vereador-de-salvador-nesta-quarta-2\/","og_site_name":"Bahia Economica","article_publisher":"https:\/\/www.facebook.com\/bahiaeconomica","article_published_time":"2023-07-31T19:05:10+00:00","og_image":[{"width":828,"height":601,"url":"https:\/\/bahiaeconomica.com.br\/wp\/wp-content\/uploads\/2023\/07\/WhatsApp-Image-2023-07-31-at-16.02.30.jpeg","type":"image\/jpeg"}],"author":"LUIZA NASCIMENTO","twitter_card":"summary_large_image","twitter_misc":{"Escrito por":"LUIZA NASCIMENTO","Est. tempo de leitura":"1 minuto"},"schema":{"@context":"https:\/\/schema.org","@graph":[{"@type":"Article","@id":"https:\/\/bahiaeconomica.com.br\/wp\/2023\/07\/31\/assumindo-lugar-de-carballal-randerson-leal-sera-empossado-vereador-de-salvador-nesta-quarta-2\/#article","isPartOf":{"@id":"https:\/\/bahiaeconomica.com.br\/wp\/2023\/07\/31\/assumindo-lugar-de-carballal-randerson-leal-sera-empossado-vereador-de-salvador-nesta-quarta-2\/"},"author":{"name":"LUIZA NASCIMENTO","@id":"https:\/\/bahiaeconomica.com.br\/wp\/#\/schema\/person\/18273ac0fe04bfd4e7b101bf17d40152"},"headline":"ASSUMINDO LUGAR DE CARBALLAL, RANDERSON LEAL SER\u00c1 EMPOSSADO VEREADOR DE SALVADOR NESTA QUARTA (2)","datePublished":"2023-07-31T19:05:10+00:00","dateModified":"2023-07-31T19:05:10+00:00","mainEntityOfPage":{"@id":"https:\/\/bahiaeconomica.com.br\/wp\/2023\/07\/31\/assumindo-lugar-de-carballal-randerson-leal-sera-empossado-vereador-de-salvador-nesta-quarta-2\/"},"wordCount":150,"publisher":{"@id":"https:\/\/bahiaeconomica.com.br\/wp\/#organization"},"keywords":["Carballal","henrique carballau","RANDERSON LEAL"],"articleSection":["Pol\u00edtica"],"inLanguage":"pt-BR"},{"@type":"WebPage","@id":"https:\/\/bahiaeconomica.com.br\/wp\/2023\/07\/31\/assumindo-lugar-de-carballal-randerson-leal-sera-empossado-vereador-de-salvador-nesta-quarta-2\/","url":"https:\/\/bahiaeconomica.com.br\/wp\/2023\/07\/31\/assumindo-lugar-de-carballal-randerson-leal-sera-empossado-vereador-de-salvador-nesta-quarta-2\/","name":"ASSUMINDO LUGAR DE CARBALLAL, RANDERSON LEAL SER\u00c1 EMPOSSADO VEREADOR DE SALVADOR NESTA QUARTA (2) - Bahia Economica","isPartOf":{"@id":"https:\/\/bahiaeconomica.com.br\/wp\/#website"},"datePublished":"2023-07-31T19:05:10+00:00","dateModified":"2023-07-31T19:05:10+00:00","description":"Randerson Leal (PDT) ser\u00e1 empossado vereador de Salvador nesta quarta-feira (2), em cerim\u00f4nia marcada para 14h.","breadcrumb":{"@id":"https:\/\/bahiaeconomica.com.br\/wp\/2023\/07\/31\/assumindo-lugar-de-carballal-randerson-leal-sera-empossado-vereador-de-salvador-nesta-quarta-2\/#breadcrumb"},"inLanguage":"pt-BR","potentialAction":[{"@type":"ReadAction","target":["https:\/\/bahiaeconomica.com.br\/wp\/2023\/07\/31\/assumindo-lugar-de-carballal-randerson-leal-sera-empossado-vereador-de-salvador-nesta-quarta-2\/"]}]},{"@type":"BreadcrumbList","@id":"https:\/\/bahiaeconomica.com.br\/wp\/2023\/07\/31\/assumindo-lugar-de-carballal-randerson-leal-sera-empossado-vereador-de-salvador-nesta-quarta-2\/#breadcrumb","itemListElement":[{"@type":"ListItem","position":1,"name":"In\u00edcio","item":"https:\/\/bahiaeconomica.com.br\/wp\/"},{"@type":"ListItem","position":2,"name":"ASSUMINDO LUGAR DE CARBALLAL, RANDERSON LEAL SER\u00c1 EMPOSSADO VEREADOR DE SALVADOR NESTA QUARTA (2)"}]},{"@type":"WebSite","@id":"https:\/\/bahiaeconomica.com.br\/wp\/#website","url":"https:\/\/bahiaeconomica.com.br\/wp\/","name":"Bahia Economica","description":"O maior portal de Economia da Bahia","publisher":{"@id":"https:\/\/bahiaeconomica.com.br\/wp\/#organization"},"potentialAction":[{"@type":"SearchAction","target":{"@type":"EntryPoint","urlTemplate":"https:\/\/bahiaeconomica.com.br\/wp\/?s={search_term_string}"},"query-input":"required name=search_term_string"}],"inLanguage":"pt-BR"},{"@type":"Organization","@id":"https:\/\/bahiaeconomica.com.br\/wp\/#organization","name":"Bahia Econ\u00f4mica","url":"https:\/\/bahiaeconomica.com.br\/wp\/","logo":{"@type":"ImageObject","inLanguage":"pt-BR","@id":"https:\/\/bahiaeconomica.com.br\/wp\/#\/schema\/logo\/image\/","url":"https:\/\/bahiaeconomica.com.br\/wp\/wp-content\/uploads\/2020\/12\/cropped-BE.png","contentUrl":"https:\/\/bahiaeconomica.com.br\/wp\/wp-content\/uploads\/2020\/12\/cropped-BE.png","width":512,"height":512,"caption":"Bahia Econ\u00f4mica"},"image":{"@id":"https:\/\/bahiaeconomica.com.br\/wp\/#\/schema\/logo\/image\/"},"sameAs":["https:\/\/www.facebook.com\/bahiaeconomica"]},{"@type":"Person","@id":"https:\/\/bahiaeconomica.com.br\/wp\/#\/schema\/person\/18273ac0fe04bfd4e7b101bf17d40152","name":"LUIZA NASCIMENTO","sameAs":["http:\/\/www.bahiaeconomica.com.br"],"url":"https:\/\/bahiaeconomica.com.br\/wp\/author\/luiza-nascimento\/"}]}},"views":25,"_links":{"self":[{"href":"https:\/\/bahiaeconomica.com.br\/wp\/wp-json\/wp\/v2\/posts\/751912"}],"collection":[{"href":"https:\/\/bahiaeconomica.com.br\/wp\/wp-json\/wp\/v2\/posts"}],"about":[{"href":"https:\/\/bahiaeconomica.com.br\/wp\/wp-json\/wp\/v2\/types\/post"}],"author":[{"embeddable":true,"href":"https:\/\/bahiaeconomica.com.br\/wp\/wp-json\/wp\/v2\/users\/16"}],"replies":[{"embeddable":true,"href":"https:\/\/bahiaeconomica.com.br\/wp\/wp-json\/wp\/v2\/comments?post=751912"}],"version-history":[{"count":1,"href":"https:\/\/bahiaeconomica.com.br\/wp\/wp-json\/wp\/v2\/posts\/751912\/revisions"}],"predecessor-version":[{"id":751918,"href":"https:\/\/bahiaeconomica.com.br\/wp\/wp-json\/wp\/v2\/posts\/751912\/revisions\/751918"}],"wp:featuredmedia":[{"embeddable":true,"href":"https:\/\/bahiaeconomica.com.br\/wp\/wp-json\/wp\/v2\/media\/751917"}],"wp:attachment":[{"href":"https:\/\/bahiaeconomica.com.br\/wp\/wp-json\/wp\/v2\/media?parent=751912"}],"wp:term":[{"taxonomy":"category","embeddable":true,"href":"https:\/\/bahiaeconomica.com.br\/wp\/wp-json\/wp\/v2\/categories?post=751912"},{"taxonomy":"post_tag","embeddable":true,"href":"https:\/\/bahiaeconomica.com.br\/wp\/wp-json\/wp\/v2\/tags?post=751912"}],"curies":[{"name":"wp","href":"https:\/\/api.w.org\/{rel}","templated":true}]}}