{"id":751324,"date":"2023-07-28T09:27:11","date_gmt":"2023-07-28T12:27:11","guid":{"rendered":"https:\/\/bahiaeconomica.com.br\/wp\/?p=751324"},"modified":"2023-07-28T09:27:11","modified_gmt":"2023-07-28T12:27:11","slug":"reuniao-do-diretorio-do-pt-bahia-sera-exclusiva-para-membros-e-parlamentares","status":"publish","type":"post","link":"https:\/\/bahiaeconomica.com.br\/wp\/2023\/07\/28\/reuniao-do-diretorio-do-pt-bahia-sera-exclusiva-para-membros-e-parlamentares\/","title":{"rendered":"REUNI\u00c3O DO DIRET\u00d3RIO DO PT BAHIA SER\u00c1 EXCLUSIVA PARA MEMBROS E PARLAMENTARES"},"content":{"rendered":"<p>A reuni\u00e3o do Diret\u00f3rio Estadual do Partido dos Trabalhadores da Bahia ser\u00e1 realizada neste s\u00e1bado, 29, \u00e0s 9 horas, na Assembleia Legislativa da Bahia (Alba), e ser\u00e1 exclusiva para membros do Diret\u00f3rio e para parlamentares da legenda \u2013 deputados federais e estaduais -, al\u00e9m de prefeitos de todo o estado. Ser\u00e3o apresentados, na ocasi\u00e3o, os prefeitos que se filiaram ao PT neste ano &#8211; Pequeno Sales, da cidade de Catu; Doutor Marcelo, de Cocos; Jo\u00e3o Vei, Lafaiete Coutinho; Romi, de Planaltino e Ulysses Veiga, de Pira\u00ed do Norte.<\/p>\n<p>Na reuni\u00e3o deste s\u00e1bado, os membros do partido v\u00e3o analisar e debater a conjuntura pol\u00edtica no Brasil e na Bahia, realizar um balan\u00e7o dos progressos dos governos Lula e Jer\u00f4nimo em seus primeiros meses, informar sobre a agenda da Nova Primavera e suas oficinas presenciais, a organiza\u00e7\u00e3o dos Comit\u00eas Populares de Luta e orientar os diret\u00f3rios municipais, al\u00e9m de discutir a organiza\u00e7\u00e3o partid\u00e1ria. As plen\u00e1rias municipais e o PEDEX (Processo de Elei\u00e7\u00f5es Internas Extraordin\u00e1rio), que ocorrer\u00e3o em mais de 150 cidades na Bahia, tamb\u00e9m estar\u00e3o entre os temas.<\/p>\n<p>Presidente do PT Bahia, \u00c9den Valadares disse que ser\u00e3o discutidos os pontos que s\u00e3o realmente relevantes para a consolida\u00e7\u00e3o e o crescimento da legenda em todo o estado. \u201cVamos focar no que \u00e9 realmente importante: o fortalecimento do nosso partido, da nossa rela\u00e7\u00e3o com a base e os movimentos sociais, a elei\u00e7\u00e3o de vereadores e vereadoras, prefeitos e prefeitas e da consolida\u00e7\u00e3o dos avan\u00e7os com os governos Lula e Jer\u00f4nimo\u201d.<\/p>\n<p>O secret\u00e1rio de Organiza\u00e7\u00e3o do PT, Osmar Galdino (Joj\u00f3), falou sobre a import\u00e2ncia de fazer a reuni\u00e3o do Diret\u00f3rio ap\u00f3s a realiza\u00e7\u00e3o de Encontros Territoriais em toda Bahia. A data do Encontro de Salvador, que foi remarcado, ainda ser\u00e1 definida em conjunto com o PT municipal. \u201cSa\u00edmos de uma rodada de encontros nos Territ\u00f3rios de Identidade do estado em que pudemos entender melhor e discutir a realidade de cada munic\u00edpio, e chegar \u00e0 reuni\u00e3o do Diret\u00f3rio com esses diagn\u00f3sticos \u00e9 fundamental para fortalecer as nossas estrat\u00e9gias e para termos um partido ainda mais organizado\u201d, destacou Joj\u00f3.<\/p>\n<p>Foto: Divulga\u00e7\u00e3o<\/p>\n","protected":false},"excerpt":{"rendered":"<p>A reuni\u00e3o do Diret\u00f3rio Estadual do Partido dos Trabalhadores da Bahia ser\u00e1 realizada neste s\u00e1bado, 29, \u00e0s 9 horas, na Assembleia Legislativa da Bahia (Alba), e ser\u00e1 exclusiva para membros do Diret\u00f3rio e para parlamentares da legenda \u2013 deputados federais e estaduais -, al\u00e9m de prefeitos de todo o estado. Ser\u00e3o apresentados, na ocasi\u00e3o, os [&hellip;]<\/p>\n","protected":false},"author":8,"featured_media":751325,"comment_status":"closed","ping_status":"closed","sticky":false,"template":"","format":"standard","meta":[],"categories":[14601],"tags":[52,1086,100],"acf":[],"yoast_head":"<!-- This site is optimized with the Yoast SEO plugin v20.8 - https:\/\/yoast.com\/wordpress\/plugins\/seo\/ -->\n<title>REUNI\u00c3O DO DIRET\u00d3RIO DO PT BAHIA SER\u00c1 EXCLUSIVA PARA MEMBROS E PARLAMENTARES - Bahia Economica<\/title>\n<meta name=\"description\" content=\"O maior portal de Economia da Bahia Pol\u00edtica Bahia Economica A reuni\u00e3o do Diret\u00f3rio Estadual do Partido dos Trabalhadores\" \/>\n<meta name=\"robots\" content=\"index, follow, max-snippet:-1, max-image-preview:large, max-video-preview:-1\" \/>\n<link rel=\"canonical\" href=\"https:\/\/bahiaeconomica.com.br\/wp\/2023\/07\/28\/reuniao-do-diretorio-do-pt-bahia-sera-exclusiva-para-membros-e-parlamentares\/\" \/>\n<meta property=\"og:locale\" content=\"pt_BR\" \/>\n<meta property=\"og:type\" content=\"article\" \/>\n<meta property=\"og:title\" content=\"REUNI\u00c3O DO DIRET\u00d3RIO DO PT BAHIA SER\u00c1 EXCLUSIVA PARA MEMBROS E PARLAMENTARES - Bahia Economica\" \/>\n<meta property=\"og:description\" content=\"O maior portal de Economia da Bahia Pol\u00edtica Bahia Economica A reuni\u00e3o do Diret\u00f3rio Estadual do Partido dos Trabalhadores\" \/>\n<meta property=\"og:url\" content=\"https:\/\/bahiaeconomica.com.br\/wp\/2023\/07\/28\/reuniao-do-diretorio-do-pt-bahia-sera-exclusiva-para-membros-e-parlamentares\/\" \/>\n<meta property=\"og:site_name\" content=\"Bahia Economica\" \/>\n<meta property=\"article:publisher\" content=\"https:\/\/www.facebook.com\/bahiaeconomica\" \/>\n<meta property=\"article:published_time\" content=\"2023-07-28T12:27:11+00:00\" \/>\n<meta property=\"og:image\" content=\"https:\/\/bahiaeconomica.com.br\/wp\/wp-content\/uploads\/2023\/07\/WhatsApp-Image-2023-07-28-at-09.25.03.jpeg\" \/>\n\t<meta property=\"og:image:width\" content=\"1280\" \/>\n\t<meta property=\"og:image:height\" content=\"855\" \/>\n\t<meta property=\"og:image:type\" content=\"image\/jpeg\" \/>\n<meta name=\"author\" content=\"JP\" \/>\n<meta name=\"twitter:card\" content=\"summary_large_image\" \/>\n<meta name=\"twitter:label1\" content=\"Escrito por\" \/>\n\t<meta name=\"twitter:data1\" content=\"JP\" \/>\n\t<meta name=\"twitter:label2\" content=\"Est. tempo de leitura\" \/>\n\t<meta name=\"twitter:data2\" content=\"2 minutos\" \/>\n<script type=\"application\/ld+json\" class=\"yoast-schema-graph\">{\"@context\":\"https:\/\/schema.org\",\"@graph\":[{\"@type\":\"Article\",\"@id\":\"https:\/\/bahiaeconomica.com.br\/wp\/2023\/07\/28\/reuniao-do-diretorio-do-pt-bahia-sera-exclusiva-para-membros-e-parlamentares\/#article\",\"isPartOf\":{\"@id\":\"https:\/\/bahiaeconomica.com.br\/wp\/2023\/07\/28\/reuniao-do-diretorio-do-pt-bahia-sera-exclusiva-para-membros-e-parlamentares\/\"},\"author\":{\"name\":\"JP\",\"@id\":\"https:\/\/bahiaeconomica.com.br\/wp\/#\/schema\/person\/c86d3a3f8960425a0f9d0e5245991f4e\"},\"headline\":\"REUNI\u00c3O DO DIRET\u00d3RIO DO PT BAHIA SER\u00c1 EXCLUSIVA PARA MEMBROS E PARLAMENTARES\",\"datePublished\":\"2023-07-28T12:27:11+00:00\",\"dateModified\":\"2023-07-28T12:27:11+00:00\",\"mainEntityOfPage\":{\"@id\":\"https:\/\/bahiaeconomica.com.br\/wp\/2023\/07\/28\/reuniao-do-diretorio-do-pt-bahia-sera-exclusiva-para-membros-e-parlamentares\/\"},\"wordCount\":400,\"publisher\":{\"@id\":\"https:\/\/bahiaeconomica.com.br\/wp\/#organization\"},\"keywords\":[\"Brasil\",\"novidade\",\"Pol\u00edtica\"],\"articleSection\":[\"Pol\u00edtica\"],\"inLanguage\":\"pt-BR\"},{\"@type\":\"WebPage\",\"@id\":\"https:\/\/bahiaeconomica.com.br\/wp\/2023\/07\/28\/reuniao-do-diretorio-do-pt-bahia-sera-exclusiva-para-membros-e-parlamentares\/\",\"url\":\"https:\/\/bahiaeconomica.com.br\/wp\/2023\/07\/28\/reuniao-do-diretorio-do-pt-bahia-sera-exclusiva-para-membros-e-parlamentares\/\",\"name\":\"REUNI\u00c3O DO DIRET\u00d3RIO DO PT BAHIA SER\u00c1 EXCLUSIVA PARA MEMBROS E PARLAMENTARES - Bahia Economica\",\"isPartOf\":{\"@id\":\"https:\/\/bahiaeconomica.com.br\/wp\/#website\"},\"datePublished\":\"2023-07-28T12:27:11+00:00\",\"dateModified\":\"2023-07-28T12:27:11+00:00\",\"description\":\"O maior portal de Economia da Bahia Pol\u00edtica Bahia Economica A reuni\u00e3o do Diret\u00f3rio Estadual do Partido dos Trabalhadores\",\"breadcrumb\":{\"@id\":\"https:\/\/bahiaeconomica.com.br\/wp\/2023\/07\/28\/reuniao-do-diretorio-do-pt-bahia-sera-exclusiva-para-membros-e-parlamentares\/#breadcrumb\"},\"inLanguage\":\"pt-BR\",\"potentialAction\":[{\"@type\":\"ReadAction\",\"target\":[\"https:\/\/bahiaeconomica.com.br\/wp\/2023\/07\/28\/reuniao-do-diretorio-do-pt-bahia-sera-exclusiva-para-membros-e-parlamentares\/\"]}]},{\"@type\":\"BreadcrumbList\",\"@id\":\"https:\/\/bahiaeconomica.com.br\/wp\/2023\/07\/28\/reuniao-do-diretorio-do-pt-bahia-sera-exclusiva-para-membros-e-parlamentares\/#breadcrumb\",\"itemListElement\":[{\"@type\":\"ListItem\",\"position\":1,\"name\":\"In\u00edcio\",\"item\":\"https:\/\/bahiaeconomica.com.br\/wp\/\"},{\"@type\":\"ListItem\",\"position\":2,\"name\":\"REUNI\u00c3O DO DIRET\u00d3RIO DO PT BAHIA SER\u00c1 EXCLUSIVA PARA MEMBROS E PARLAMENTARES\"}]},{\"@type\":\"WebSite\",\"@id\":\"https:\/\/bahiaeconomica.com.br\/wp\/#website\",\"url\":\"https:\/\/bahiaeconomica.com.br\/wp\/\",\"name\":\"Bahia Economica\",\"description\":\"O maior portal de Economia da Bahia\",\"publisher\":{\"@id\":\"https:\/\/bahiaeconomica.com.br\/wp\/#organization\"},\"potentialAction\":[{\"@type\":\"SearchAction\",\"target\":{\"@type\":\"EntryPoint\",\"urlTemplate\":\"https:\/\/bahiaeconomica.com.br\/wp\/?s={search_term_string}\"},\"query-input\":\"required name=search_term_string\"}],\"inLanguage\":\"pt-BR\"},{\"@type\":\"Organization\",\"@id\":\"https:\/\/bahiaeconomica.com.br\/wp\/#organization\",\"name\":\"Bahia Econ\u00f4mica\",\"url\":\"https:\/\/bahiaeconomica.com.br\/wp\/\",\"logo\":{\"@type\":\"ImageObject\",\"inLanguage\":\"pt-BR\",\"@id\":\"https:\/\/bahiaeconomica.com.br\/wp\/#\/schema\/logo\/image\/\",\"url\":\"https:\/\/bahiaeconomica.com.br\/wp\/wp-content\/uploads\/2020\/12\/cropped-BE.png\",\"contentUrl\":\"https:\/\/bahiaeconomica.com.br\/wp\/wp-content\/uploads\/2020\/12\/cropped-BE.png\",\"width\":512,\"height\":512,\"caption\":\"Bahia Econ\u00f4mica\"},\"image\":{\"@id\":\"https:\/\/bahiaeconomica.com.br\/wp\/#\/schema\/logo\/image\/\"},\"sameAs\":[\"https:\/\/www.facebook.com\/bahiaeconomica\"]},{\"@type\":\"Person\",\"@id\":\"https:\/\/bahiaeconomica.com.br\/wp\/#\/schema\/person\/c86d3a3f8960425a0f9d0e5245991f4e\",\"name\":\"JP\",\"sameAs\":[\"https:\/\/bahiaeconomica.com.br\/wp\/beta\/\"],\"url\":\"https:\/\/bahiaeconomica.com.br\/wp\/author\/jp\/\"}]}<\/script>\n<!-- \/ Yoast SEO plugin. -->","yoast_head_json":{"title":"REUNI\u00c3O DO DIRET\u00d3RIO DO PT BAHIA SER\u00c1 EXCLUSIVA PARA MEMBROS E PARLAMENTARES - Bahia Economica","description":"O maior portal de Economia da Bahia Pol\u00edtica Bahia Economica A reuni\u00e3o do Diret\u00f3rio Estadual do Partido dos Trabalhadores","robots":{"index":"index","follow":"follow","max-snippet":"max-snippet:-1","max-image-preview":"max-image-preview:large","max-video-preview":"max-video-preview:-1"},"canonical":"https:\/\/bahiaeconomica.com.br\/wp\/2023\/07\/28\/reuniao-do-diretorio-do-pt-bahia-sera-exclusiva-para-membros-e-parlamentares\/","og_locale":"pt_BR","og_type":"article","og_title":"REUNI\u00c3O DO DIRET\u00d3RIO DO PT BAHIA SER\u00c1 EXCLUSIVA PARA MEMBROS E PARLAMENTARES - Bahia Economica","og_description":"O maior portal de Economia da Bahia Pol\u00edtica Bahia Economica A reuni\u00e3o do Diret\u00f3rio Estadual do Partido dos Trabalhadores","og_url":"https:\/\/bahiaeconomica.com.br\/wp\/2023\/07\/28\/reuniao-do-diretorio-do-pt-bahia-sera-exclusiva-para-membros-e-parlamentares\/","og_site_name":"Bahia Economica","article_publisher":"https:\/\/www.facebook.com\/bahiaeconomica","article_published_time":"2023-07-28T12:27:11+00:00","og_image":[{"width":1280,"height":855,"url":"https:\/\/bahiaeconomica.com.br\/wp\/wp-content\/uploads\/2023\/07\/WhatsApp-Image-2023-07-28-at-09.25.03.jpeg","type":"image\/jpeg"}],"author":"JP","twitter_card":"summary_large_image","twitter_misc":{"Escrito por":"JP","Est. tempo de leitura":"2 minutos"},"schema":{"@context":"https:\/\/schema.org","@graph":[{"@type":"Article","@id":"https:\/\/bahiaeconomica.com.br\/wp\/2023\/07\/28\/reuniao-do-diretorio-do-pt-bahia-sera-exclusiva-para-membros-e-parlamentares\/#article","isPartOf":{"@id":"https:\/\/bahiaeconomica.com.br\/wp\/2023\/07\/28\/reuniao-do-diretorio-do-pt-bahia-sera-exclusiva-para-membros-e-parlamentares\/"},"author":{"name":"JP","@id":"https:\/\/bahiaeconomica.com.br\/wp\/#\/schema\/person\/c86d3a3f8960425a0f9d0e5245991f4e"},"headline":"REUNI\u00c3O DO DIRET\u00d3RIO DO PT BAHIA SER\u00c1 EXCLUSIVA PARA MEMBROS E PARLAMENTARES","datePublished":"2023-07-28T12:27:11+00:00","dateModified":"2023-07-28T12:27:11+00:00","mainEntityOfPage":{"@id":"https:\/\/bahiaeconomica.com.br\/wp\/2023\/07\/28\/reuniao-do-diretorio-do-pt-bahia-sera-exclusiva-para-membros-e-parlamentares\/"},"wordCount":400,"publisher":{"@id":"https:\/\/bahiaeconomica.com.br\/wp\/#organization"},"keywords":["Brasil","novidade","Pol\u00edtica"],"articleSection":["Pol\u00edtica"],"inLanguage":"pt-BR"},{"@type":"WebPage","@id":"https:\/\/bahiaeconomica.com.br\/wp\/2023\/07\/28\/reuniao-do-diretorio-do-pt-bahia-sera-exclusiva-para-membros-e-parlamentares\/","url":"https:\/\/bahiaeconomica.com.br\/wp\/2023\/07\/28\/reuniao-do-diretorio-do-pt-bahia-sera-exclusiva-para-membros-e-parlamentares\/","name":"REUNI\u00c3O DO DIRET\u00d3RIO DO PT BAHIA SER\u00c1 EXCLUSIVA PARA MEMBROS E PARLAMENTARES - Bahia Economica","isPartOf":{"@id":"https:\/\/bahiaeconomica.com.br\/wp\/#website"},"datePublished":"2023-07-28T12:27:11+00:00","dateModified":"2023-07-28T12:27:11+00:00","description":"O maior portal de Economia da Bahia Pol\u00edtica Bahia Economica A reuni\u00e3o do Diret\u00f3rio Estadual do Partido dos Trabalhadores","breadcrumb":{"@id":"https:\/\/bahiaeconomica.com.br\/wp\/2023\/07\/28\/reuniao-do-diretorio-do-pt-bahia-sera-exclusiva-para-membros-e-parlamentares\/#breadcrumb"},"inLanguage":"pt-BR","potentialAction":[{"@type":"ReadAction","target":["https:\/\/bahiaeconomica.com.br\/wp\/2023\/07\/28\/reuniao-do-diretorio-do-pt-bahia-sera-exclusiva-para-membros-e-parlamentares\/"]}]},{"@type":"BreadcrumbList","@id":"https:\/\/bahiaeconomica.com.br\/wp\/2023\/07\/28\/reuniao-do-diretorio-do-pt-bahia-sera-exclusiva-para-membros-e-parlamentares\/#breadcrumb","itemListElement":[{"@type":"ListItem","position":1,"name":"In\u00edcio","item":"https:\/\/bahiaeconomica.com.br\/wp\/"},{"@type":"ListItem","position":2,"name":"REUNI\u00c3O DO DIRET\u00d3RIO DO PT BAHIA SER\u00c1 EXCLUSIVA PARA MEMBROS E PARLAMENTARES"}]},{"@type":"WebSite","@id":"https:\/\/bahiaeconomica.com.br\/wp\/#website","url":"https:\/\/bahiaeconomica.com.br\/wp\/","name":"Bahia Economica","description":"O maior portal de Economia da Bahia","publisher":{"@id":"https:\/\/bahiaeconomica.com.br\/wp\/#organization"},"potentialAction":[{"@type":"SearchAction","target":{"@type":"EntryPoint","urlTemplate":"https:\/\/bahiaeconomica.com.br\/wp\/?s={search_term_string}"},"query-input":"required name=search_term_string"}],"inLanguage":"pt-BR"},{"@type":"Organization","@id":"https:\/\/bahiaeconomica.com.br\/wp\/#organization","name":"Bahia Econ\u00f4mica","url":"https:\/\/bahiaeconomica.com.br\/wp\/","logo":{"@type":"ImageObject","inLanguage":"pt-BR","@id":"https:\/\/bahiaeconomica.com.br\/wp\/#\/schema\/logo\/image\/","url":"https:\/\/bahiaeconomica.com.br\/wp\/wp-content\/uploads\/2020\/12\/cropped-BE.png","contentUrl":"https:\/\/bahiaeconomica.com.br\/wp\/wp-content\/uploads\/2020\/12\/cropped-BE.png","width":512,"height":512,"caption":"Bahia Econ\u00f4mica"},"image":{"@id":"https:\/\/bahiaeconomica.com.br\/wp\/#\/schema\/logo\/image\/"},"sameAs":["https:\/\/www.facebook.com\/bahiaeconomica"]},{"@type":"Person","@id":"https:\/\/bahiaeconomica.com.br\/wp\/#\/schema\/person\/c86d3a3f8960425a0f9d0e5245991f4e","name":"JP","sameAs":["https:\/\/bahiaeconomica.com.br\/wp\/beta\/"],"url":"https:\/\/bahiaeconomica.com.br\/wp\/author\/jp\/"}]}},"views":39,"_links":{"self":[{"href":"https:\/\/bahiaeconomica.com.br\/wp\/wp-json\/wp\/v2\/posts\/751324"}],"collection":[{"href":"https:\/\/bahiaeconomica.com.br\/wp\/wp-json\/wp\/v2\/posts"}],"about":[{"href":"https:\/\/bahiaeconomica.com.br\/wp\/wp-json\/wp\/v2\/types\/post"}],"author":[{"embeddable":true,"href":"https:\/\/bahiaeconomica.com.br\/wp\/wp-json\/wp\/v2\/users\/8"}],"replies":[{"embeddable":true,"href":"https:\/\/bahiaeconomica.com.br\/wp\/wp-json\/wp\/v2\/comments?post=751324"}],"version-history":[{"count":1,"href":"https:\/\/bahiaeconomica.com.br\/wp\/wp-json\/wp\/v2\/posts\/751324\/revisions"}],"predecessor-version":[{"id":751326,"href":"https:\/\/bahiaeconomica.com.br\/wp\/wp-json\/wp\/v2\/posts\/751324\/revisions\/751326"}],"wp:featuredmedia":[{"embeddable":true,"href":"https:\/\/bahiaeconomica.com.br\/wp\/wp-json\/wp\/v2\/media\/751325"}],"wp:attachment":[{"href":"https:\/\/bahiaeconomica.com.br\/wp\/wp-json\/wp\/v2\/media?parent=751324"}],"wp:term":[{"taxonomy":"category","embeddable":true,"href":"https:\/\/bahiaeconomica.com.br\/wp\/wp-json\/wp\/v2\/categories?post=751324"},{"taxonomy":"post_tag","embeddable":true,"href":"https:\/\/bahiaeconomica.com.br\/wp\/wp-json\/wp\/v2\/tags?post=751324"}],"curies":[{"name":"wp","href":"https:\/\/api.w.org\/{rel}","templated":true}]}}