{"id":751293,"date":"2023-07-28T08:05:29","date_gmt":"2023-07-28T11:05:29","guid":{"rendered":"https:\/\/bahiaeconomica.com.br\/wp\/?p=751293"},"modified":"2023-07-28T08:43:28","modified_gmt":"2023-07-28T11:43:28","slug":"o-mundo-por-assinatura-armando-avena","status":"publish","type":"post","link":"https:\/\/bahiaeconomica.com.br\/wp\/2023\/07\/28\/o-mundo-por-assinatura-armando-avena\/","title":{"rendered":"\u00a0O MUNDO POR ASSINATURA &#8211; ARMANDO AVENA"},"content":{"rendered":"<p>O sistema capitalista evoluiu ao longo do tempo e, se nos seus prim\u00f3rdios atraia os consumidores dando-lhe liberdade de escolha atrav\u00e9s da concorr\u00eancia entre muitos ofertantes, no mundo moderno \u00e9 o contr\u00e1rio:\u00a0 ele tenta aprisionar os clientes, obrigando-os a consumir os seus produtos diariamente, mensalmente ou anualmente, independente da escolha moment\u00e2nea.<\/p>\n<p>Isso disseminou-se em grande escala atrav\u00e9s do sistema de venda por assinaturas. Ali\u00e1s, j\u00e1 havia dito ao leitor que nossa vida se tornou uma vida por assinatura. Pagamos mensalmente para assistir filmes, ouvir m\u00fasica, acessar a internet, guardar os dados na nuvem, ler os jornais e revistas e por a\u00ed vai. Isso sem falar nos gastos mensais para ter acesso a planos de sa\u00fade, clubes de vinho ou de livros, ped\u00e1gio sem parar, \u00e1gua, telefone, energia e muito mais.<\/p>\n<p>As farmac\u00eauticas e laborat\u00f3rios nos aprisionam com medica\u00e7\u00f5es di\u00e1rias e exames peri\u00f3dicos e os m\u00e9dicos participam do sistema atrav\u00e9s de benef\u00edcios via prescri\u00e7\u00f5es.\u00a0 As farm\u00e1cias e o com\u00e9rcio varejista criaram um sistema monumental de cadastros para fidelizar o cliente, estabelecendo v\u00ednculos com profiss\u00f5es e conselhos e gerando descontos e promo\u00e7\u00f5es que v\u00e3o traz\u00ea-lo de volta \u00e0 loja. Fidelizar o cliente \u00e9 a meta.<\/p>\n<p>Os economistas chamam a esse sistema de economia de recorr\u00eancia, caracterizando que n\u00e3o se trata de uma venda \u00fanica, mas uma compra recorrente. E em muitos casos a propriedade deixou de ter import\u00e2ncia, o que se vende \u00e9 uma permiss\u00e3o ao acesso. Ali\u00e1s, j\u00e1 n\u00e3o \u00e9 t\u00e3o importante ser dono de um carro ou de uma casa, com todos os problemas de manuten\u00e7\u00e3o da\u00ed advindos, pois se pode ter um autom\u00f3vel ou um apartamento atrav\u00e9s de servi\u00e7os por assinatura que est\u00e3o dispon\u00edveis no mercado. O consumidor tem o direito de usar o bem enquanto durar a assinatura, mas n\u00e3o tem a posse.<\/p>\n<p>Tudo isso faz parte da economia de recorr\u00eancia e beneficia as empresas, pois estabelece a garantia de faturamento, estabiliza o fluxo de caixa e acaba com o custo de manter estoques. As maiores empresas do mundo buscam transformar seus produtos em produtos de recorr\u00eancia estabilizando suas receitas.<\/p>\n<p>Para o consumidor tamb\u00e9m parece ser mais vantajoso, pois ao optar pelo uso ao inv\u00e9s da posse, e pelo fornecimento recorrente ao inv\u00e9s da compra \u00fanica, ele economiza tempo, tem sempre o mesmo produto e transfere a manuten\u00e7\u00e3o para a empresa. Mas \u00e9 mera ilus\u00e3o. Na verdade, o modelo aprisiona o consumidor, pois vincula-o \u00e0 renova\u00e7\u00e3o da assinatura, estabelecendo dificuldades para o seu encerramento e vantagens para sua perman\u00eancia. E padroniza e homogeneiza seus gostos e prefer\u00eancias, obrigando-o a ter sempre em m\u00e3o o mesmo produto e o mesmo servi\u00e7o. \u00c9 tudo o que o capitalismo sempre quis: transformar o ser humano em uma m\u00e1quina que consome ininterruptamente e de forma previs\u00edvel.<\/p>\n<p>Publicado no jornal A Tarde em 28\/07\/2023<\/p>\n","protected":false},"excerpt":{"rendered":"<p>O sistema capitalista evoluiu ao longo do tempo e, se nos seus prim\u00f3rdios atraia os consumidores dando-lhe liberdade de escolha atrav\u00e9s da concorr\u00eancia entre muitos ofertantes, no mundo moderno \u00e9 o contr\u00e1rio:\u00a0 ele tenta aprisionar os clientes, obrigando-os a consumir os seus produtos diariamente, mensalmente ou anualmente, independente da escolha moment\u00e2nea. Isso disseminou-se em grande [&hellip;]<\/p>\n","protected":false},"author":1,"featured_media":751312,"comment_status":"closed","ping_status":"closed","sticky":false,"template":"","format":"standard","meta":[],"categories":[6],"tags":[773,1971,1297,1972,1298,17296,17297],"acf":[],"yoast_head":"<!-- This site is optimized with the Yoast SEO plugin v20.8 - https:\/\/yoast.com\/wordpress\/plugins\/seo\/ -->\n<title>\u00a0O MUNDO POR ASSINATURA - ARMANDO AVENA - Bahia Economica<\/title>\n<meta name=\"description\" content=\"O maior portal de Economia da Bahia ARTIGOS Bahia Economica\" \/>\n<meta name=\"robots\" content=\"index, follow, max-snippet:-1, max-image-preview:large, max-video-preview:-1\" \/>\n<link rel=\"canonical\" href=\"https:\/\/bahiaeconomica.com.br\/wp\/2023\/07\/28\/o-mundo-por-assinatura-armando-avena\/\" \/>\n<meta property=\"og:locale\" content=\"pt_BR\" \/>\n<meta property=\"og:type\" content=\"article\" \/>\n<meta property=\"og:title\" content=\"\u00a0O MUNDO POR ASSINATURA - ARMANDO AVENA - Bahia Economica\" \/>\n<meta property=\"og:description\" content=\"O maior portal de Economia da Bahia ARTIGOS Bahia Economica\" \/>\n<meta property=\"og:url\" content=\"https:\/\/bahiaeconomica.com.br\/wp\/2023\/07\/28\/o-mundo-por-assinatura-armando-avena\/\" \/>\n<meta property=\"og:site_name\" content=\"Bahia Economica\" \/>\n<meta property=\"article:publisher\" content=\"https:\/\/www.facebook.com\/bahiaeconomica\" \/>\n<meta property=\"article:published_time\" content=\"2023-07-28T11:05:29+00:00\" \/>\n<meta property=\"article:modified_time\" content=\"2023-07-28T11:43:28+00:00\" \/>\n<meta property=\"og:image\" content=\"https:\/\/bahiaeconomica.com.br\/wp\/wp-content\/uploads\/2023\/07\/A-vida-por-assinatura.jpg\" \/>\n\t<meta property=\"og:image:width\" content=\"1895\" \/>\n\t<meta property=\"og:image:height\" content=\"935\" \/>\n\t<meta property=\"og:image:type\" content=\"image\/jpeg\" \/>\n<meta name=\"author\" content=\"admin\" \/>\n<meta name=\"twitter:card\" content=\"summary_large_image\" \/>\n<meta name=\"twitter:label1\" content=\"Escrito por\" \/>\n\t<meta name=\"twitter:data1\" content=\"admin\" \/>\n\t<meta name=\"twitter:label2\" content=\"Est. tempo de leitura\" \/>\n\t<meta name=\"twitter:data2\" content=\"3 minutos\" \/>\n<script type=\"application\/ld+json\" class=\"yoast-schema-graph\">{\"@context\":\"https:\/\/schema.org\",\"@graph\":[{\"@type\":\"Article\",\"@id\":\"https:\/\/bahiaeconomica.com.br\/wp\/2023\/07\/28\/o-mundo-por-assinatura-armando-avena\/#article\",\"isPartOf\":{\"@id\":\"https:\/\/bahiaeconomica.com.br\/wp\/2023\/07\/28\/o-mundo-por-assinatura-armando-avena\/\"},\"author\":{\"name\":\"admin\",\"@id\":\"https:\/\/bahiaeconomica.com.br\/wp\/#\/schema\/person\/cb1ab5ba96ad3d9390805381c76284ec\"},\"headline\":\"\u00a0O MUNDO POR ASSINATURA &#8211; ARMANDO AVENA\",\"datePublished\":\"2023-07-28T11:05:29+00:00\",\"dateModified\":\"2023-07-28T11:43:28+00:00\",\"mainEntityOfPage\":{\"@id\":\"https:\/\/bahiaeconomica.com.br\/wp\/2023\/07\/28\/o-mundo-por-assinatura-armando-avena\/\"},\"wordCount\":513,\"publisher\":{\"@id\":\"https:\/\/bahiaeconomica.com.br\/wp\/#organization\"},\"keywords\":[\"A TARDE\",\"armando\",\"artigo\",\"avena\",\"jornal\",\"o mundo\",\"por assinaturas\"],\"articleSection\":[\"ARTIGOS\"],\"inLanguage\":\"pt-BR\"},{\"@type\":\"WebPage\",\"@id\":\"https:\/\/bahiaeconomica.com.br\/wp\/2023\/07\/28\/o-mundo-por-assinatura-armando-avena\/\",\"url\":\"https:\/\/bahiaeconomica.com.br\/wp\/2023\/07\/28\/o-mundo-por-assinatura-armando-avena\/\",\"name\":\"\u00a0O MUNDO POR ASSINATURA - ARMANDO AVENA - Bahia Economica\",\"isPartOf\":{\"@id\":\"https:\/\/bahiaeconomica.com.br\/wp\/#website\"},\"datePublished\":\"2023-07-28T11:05:29+00:00\",\"dateModified\":\"2023-07-28T11:43:28+00:00\",\"description\":\"O maior portal de Economia da Bahia ARTIGOS Bahia Economica\",\"breadcrumb\":{\"@id\":\"https:\/\/bahiaeconomica.com.br\/wp\/2023\/07\/28\/o-mundo-por-assinatura-armando-avena\/#breadcrumb\"},\"inLanguage\":\"pt-BR\",\"potentialAction\":[{\"@type\":\"ReadAction\",\"target\":[\"https:\/\/bahiaeconomica.com.br\/wp\/2023\/07\/28\/o-mundo-por-assinatura-armando-avena\/\"]}]},{\"@type\":\"BreadcrumbList\",\"@id\":\"https:\/\/bahiaeconomica.com.br\/wp\/2023\/07\/28\/o-mundo-por-assinatura-armando-avena\/#breadcrumb\",\"itemListElement\":[{\"@type\":\"ListItem\",\"position\":1,\"name\":\"In\u00edcio\",\"item\":\"https:\/\/bahiaeconomica.com.br\/wp\/\"},{\"@type\":\"ListItem\",\"position\":2,\"name\":\"\u00a0O MUNDO POR ASSINATURA &#8211; ARMANDO AVENA\"}]},{\"@type\":\"WebSite\",\"@id\":\"https:\/\/bahiaeconomica.com.br\/wp\/#website\",\"url\":\"https:\/\/bahiaeconomica.com.br\/wp\/\",\"name\":\"Bahia Economica\",\"description\":\"O maior portal de Economia da Bahia\",\"publisher\":{\"@id\":\"https:\/\/bahiaeconomica.com.br\/wp\/#organization\"},\"potentialAction\":[{\"@type\":\"SearchAction\",\"target\":{\"@type\":\"EntryPoint\",\"urlTemplate\":\"https:\/\/bahiaeconomica.com.br\/wp\/?s={search_term_string}\"},\"query-input\":\"required name=search_term_string\"}],\"inLanguage\":\"pt-BR\"},{\"@type\":\"Organization\",\"@id\":\"https:\/\/bahiaeconomica.com.br\/wp\/#organization\",\"name\":\"Bahia Econ\u00f4mica\",\"url\":\"https:\/\/bahiaeconomica.com.br\/wp\/\",\"logo\":{\"@type\":\"ImageObject\",\"inLanguage\":\"pt-BR\",\"@id\":\"https:\/\/bahiaeconomica.com.br\/wp\/#\/schema\/logo\/image\/\",\"url\":\"https:\/\/bahiaeconomica.com.br\/wp\/wp-content\/uploads\/2020\/12\/cropped-BE.png\",\"contentUrl\":\"https:\/\/bahiaeconomica.com.br\/wp\/wp-content\/uploads\/2020\/12\/cropped-BE.png\",\"width\":512,\"height\":512,\"caption\":\"Bahia Econ\u00f4mica\"},\"image\":{\"@id\":\"https:\/\/bahiaeconomica.com.br\/wp\/#\/schema\/logo\/image\/\"},\"sameAs\":[\"https:\/\/www.facebook.com\/bahiaeconomica\"]},{\"@type\":\"Person\",\"@id\":\"https:\/\/bahiaeconomica.com.br\/wp\/#\/schema\/person\/cb1ab5ba96ad3d9390805381c76284ec\",\"name\":\"admin\",\"url\":\"https:\/\/bahiaeconomica.com.br\/wp\/author\/admin\/\"}]}<\/script>\n<!-- \/ Yoast SEO plugin. -->","yoast_head_json":{"title":"\u00a0O MUNDO POR ASSINATURA - ARMANDO AVENA - Bahia Economica","description":"O maior portal de Economia da Bahia ARTIGOS Bahia Economica","robots":{"index":"index","follow":"follow","max-snippet":"max-snippet:-1","max-image-preview":"max-image-preview:large","max-video-preview":"max-video-preview:-1"},"canonical":"https:\/\/bahiaeconomica.com.br\/wp\/2023\/07\/28\/o-mundo-por-assinatura-armando-avena\/","og_locale":"pt_BR","og_type":"article","og_title":"\u00a0O MUNDO POR ASSINATURA - ARMANDO AVENA - Bahia Economica","og_description":"O maior portal de Economia da Bahia ARTIGOS Bahia Economica","og_url":"https:\/\/bahiaeconomica.com.br\/wp\/2023\/07\/28\/o-mundo-por-assinatura-armando-avena\/","og_site_name":"Bahia Economica","article_publisher":"https:\/\/www.facebook.com\/bahiaeconomica","article_published_time":"2023-07-28T11:05:29+00:00","article_modified_time":"2023-07-28T11:43:28+00:00","og_image":[{"width":1895,"height":935,"url":"https:\/\/bahiaeconomica.com.br\/wp\/wp-content\/uploads\/2023\/07\/A-vida-por-assinatura.jpg","type":"image\/jpeg"}],"author":"admin","twitter_card":"summary_large_image","twitter_misc":{"Escrito por":"admin","Est. tempo de leitura":"3 minutos"},"schema":{"@context":"https:\/\/schema.org","@graph":[{"@type":"Article","@id":"https:\/\/bahiaeconomica.com.br\/wp\/2023\/07\/28\/o-mundo-por-assinatura-armando-avena\/#article","isPartOf":{"@id":"https:\/\/bahiaeconomica.com.br\/wp\/2023\/07\/28\/o-mundo-por-assinatura-armando-avena\/"},"author":{"name":"admin","@id":"https:\/\/bahiaeconomica.com.br\/wp\/#\/schema\/person\/cb1ab5ba96ad3d9390805381c76284ec"},"headline":"\u00a0O MUNDO POR ASSINATURA &#8211; ARMANDO AVENA","datePublished":"2023-07-28T11:05:29+00:00","dateModified":"2023-07-28T11:43:28+00:00","mainEntityOfPage":{"@id":"https:\/\/bahiaeconomica.com.br\/wp\/2023\/07\/28\/o-mundo-por-assinatura-armando-avena\/"},"wordCount":513,"publisher":{"@id":"https:\/\/bahiaeconomica.com.br\/wp\/#organization"},"keywords":["A TARDE","armando","artigo","avena","jornal","o mundo","por assinaturas"],"articleSection":["ARTIGOS"],"inLanguage":"pt-BR"},{"@type":"WebPage","@id":"https:\/\/bahiaeconomica.com.br\/wp\/2023\/07\/28\/o-mundo-por-assinatura-armando-avena\/","url":"https:\/\/bahiaeconomica.com.br\/wp\/2023\/07\/28\/o-mundo-por-assinatura-armando-avena\/","name":"\u00a0O MUNDO POR ASSINATURA - ARMANDO AVENA - Bahia Economica","isPartOf":{"@id":"https:\/\/bahiaeconomica.com.br\/wp\/#website"},"datePublished":"2023-07-28T11:05:29+00:00","dateModified":"2023-07-28T11:43:28+00:00","description":"O maior portal de Economia da Bahia ARTIGOS Bahia Economica","breadcrumb":{"@id":"https:\/\/bahiaeconomica.com.br\/wp\/2023\/07\/28\/o-mundo-por-assinatura-armando-avena\/#breadcrumb"},"inLanguage":"pt-BR","potentialAction":[{"@type":"ReadAction","target":["https:\/\/bahiaeconomica.com.br\/wp\/2023\/07\/28\/o-mundo-por-assinatura-armando-avena\/"]}]},{"@type":"BreadcrumbList","@id":"https:\/\/bahiaeconomica.com.br\/wp\/2023\/07\/28\/o-mundo-por-assinatura-armando-avena\/#breadcrumb","itemListElement":[{"@type":"ListItem","position":1,"name":"In\u00edcio","item":"https:\/\/bahiaeconomica.com.br\/wp\/"},{"@type":"ListItem","position":2,"name":"\u00a0O MUNDO POR ASSINATURA &#8211; ARMANDO AVENA"}]},{"@type":"WebSite","@id":"https:\/\/bahiaeconomica.com.br\/wp\/#website","url":"https:\/\/bahiaeconomica.com.br\/wp\/","name":"Bahia Economica","description":"O maior portal de Economia da Bahia","publisher":{"@id":"https:\/\/bahiaeconomica.com.br\/wp\/#organization"},"potentialAction":[{"@type":"SearchAction","target":{"@type":"EntryPoint","urlTemplate":"https:\/\/bahiaeconomica.com.br\/wp\/?s={search_term_string}"},"query-input":"required name=search_term_string"}],"inLanguage":"pt-BR"},{"@type":"Organization","@id":"https:\/\/bahiaeconomica.com.br\/wp\/#organization","name":"Bahia Econ\u00f4mica","url":"https:\/\/bahiaeconomica.com.br\/wp\/","logo":{"@type":"ImageObject","inLanguage":"pt-BR","@id":"https:\/\/bahiaeconomica.com.br\/wp\/#\/schema\/logo\/image\/","url":"https:\/\/bahiaeconomica.com.br\/wp\/wp-content\/uploads\/2020\/12\/cropped-BE.png","contentUrl":"https:\/\/bahiaeconomica.com.br\/wp\/wp-content\/uploads\/2020\/12\/cropped-BE.png","width":512,"height":512,"caption":"Bahia Econ\u00f4mica"},"image":{"@id":"https:\/\/bahiaeconomica.com.br\/wp\/#\/schema\/logo\/image\/"},"sameAs":["https:\/\/www.facebook.com\/bahiaeconomica"]},{"@type":"Person","@id":"https:\/\/bahiaeconomica.com.br\/wp\/#\/schema\/person\/cb1ab5ba96ad3d9390805381c76284ec","name":"admin","url":"https:\/\/bahiaeconomica.com.br\/wp\/author\/admin\/"}]}},"views":55,"_links":{"self":[{"href":"https:\/\/bahiaeconomica.com.br\/wp\/wp-json\/wp\/v2\/posts\/751293"}],"collection":[{"href":"https:\/\/bahiaeconomica.com.br\/wp\/wp-json\/wp\/v2\/posts"}],"about":[{"href":"https:\/\/bahiaeconomica.com.br\/wp\/wp-json\/wp\/v2\/types\/post"}],"author":[{"embeddable":true,"href":"https:\/\/bahiaeconomica.com.br\/wp\/wp-json\/wp\/v2\/users\/1"}],"replies":[{"embeddable":true,"href":"https:\/\/bahiaeconomica.com.br\/wp\/wp-json\/wp\/v2\/comments?post=751293"}],"version-history":[{"count":1,"href":"https:\/\/bahiaeconomica.com.br\/wp\/wp-json\/wp\/v2\/posts\/751293\/revisions"}],"predecessor-version":[{"id":751296,"href":"https:\/\/bahiaeconomica.com.br\/wp\/wp-json\/wp\/v2\/posts\/751293\/revisions\/751296"}],"wp:featuredmedia":[{"embeddable":true,"href":"https:\/\/bahiaeconomica.com.br\/wp\/wp-json\/wp\/v2\/media\/751312"}],"wp:attachment":[{"href":"https:\/\/bahiaeconomica.com.br\/wp\/wp-json\/wp\/v2\/media?parent=751293"}],"wp:term":[{"taxonomy":"category","embeddable":true,"href":"https:\/\/bahiaeconomica.com.br\/wp\/wp-json\/wp\/v2\/categories?post=751293"},{"taxonomy":"post_tag","embeddable":true,"href":"https:\/\/bahiaeconomica.com.br\/wp\/wp-json\/wp\/v2\/tags?post=751293"}],"curies":[{"name":"wp","href":"https:\/\/api.w.org\/{rel}","templated":true}]}}