{"id":750642,"date":"2023-07-26T11:52:29","date_gmt":"2023-07-26T14:52:29","guid":{"rendered":"https:\/\/bahiaeconomica.com.br\/wp\/?p=750642"},"modified":"2023-07-26T11:52:29","modified_gmt":"2023-07-26T14:52:29","slug":"vitoria-acerta-a-contratacao-do-atacante-iury-castilho","status":"publish","type":"post","link":"https:\/\/bahiaeconomica.com.br\/wp\/2023\/07\/26\/vitoria-acerta-a-contratacao-do-atacante-iury-castilho\/","title":{"rendered":"VIT\u00d3RIA ACERTA A CONTRATA\u00c7\u00c3O DO ATACANTE IURY CASTILHO"},"content":{"rendered":"<p>Mais um refor\u00e7o para o le\u00e3o na serie B. O atacante Iury Castilho, do Cuiab\u00e1, deve desembarcar em Salvador, nesta quinta-feira (27) e assinar com o Vit\u00f3ria por dois anos. A informa\u00e7\u00e3o foi divulgada primeiro pelo rep\u00f3rter Wilton Matos, da R\u00e1dio Sociedade. Clube e jogador negociavam desde antes da abertura da janela de transfer\u00eancias. No entanto, inicialmente o Cuiab\u00e1 tinha se negado a liber\u00e1-lo.<\/p>\n<p>Com as investidas pelos centroavantes Edu e Gabriel Poveda frustradas, o Vit\u00f3ria voltou a conversar com a diretoria do Dourado. Dessa vez, se ofereceu para comprar o atleta. O neg\u00f3cio ser\u00e1 parcelado em dez vezes. Em 2023, Castilho atuou em 24 partidas pelo Cuiab\u00e1 e marcou quatro gols. Com a contrata\u00e7\u00e3o dele, o Vit\u00f3ria n\u00e3o projeta, neste momento, trazer outro atacante na atual janela de transfer\u00eancias.<\/p>\n<p>Por outro lado, o clube est\u00e1 se movimentando para trazer um lateral-esquerdo ap\u00f3s a confirma\u00e7\u00e3o da les\u00e3o na anterior da coxa esquerda de Felipe Vieira. Iury \u00e9 o quarto refor\u00e7o do Le\u00e3o nesta janela. J\u00e1 foram anunciados os volantes Dudu e Jhonny Lucas e o atacante Mateus Gon\u00e7alves. Dudu e Mateus v\u00eam sendo titulares na equipe treinada por L\u00e9o Cond\u00e9.<\/p>\n<p>Foto: Ascom Dourado<\/p>\n","protected":false},"excerpt":{"rendered":"<p>Mais um refor\u00e7o para o le\u00e3o na serie B. O atacante Iury Castilho, do Cuiab\u00e1, deve desembarcar em Salvador, nesta quinta-feira (27) e assinar com o Vit\u00f3ria por dois anos. A informa\u00e7\u00e3o foi divulgada primeiro pelo rep\u00f3rter Wilton Matos, da R\u00e1dio Sociedade. Clube e jogador negociavam desde antes da abertura da janela de transfer\u00eancias. No [&hellip;]<\/p>\n","protected":false},"author":8,"featured_media":750643,"comment_status":"closed","ping_status":"closed","sticky":false,"template":"","format":"standard","meta":[],"categories":[4486],"tags":[1814,52,8626,100],"acf":[],"yoast_head":"<!-- This site is optimized with the Yoast SEO plugin v20.8 - https:\/\/yoast.com\/wordpress\/plugins\/seo\/ -->\n<title>VIT\u00d3RIA ACERTA A CONTRATA\u00c7\u00c3O DO ATACANTE IURY CASTILHO - Bahia Economica<\/title>\n<meta name=\"description\" content=\"O maior portal de Economia da Bahia Esporte Bahia Economica Mais um refor\u00e7o para o le\u00e3o na serie B. O atacante Iury Castilho, do Cuiab\u00e1,\" \/>\n<meta name=\"robots\" content=\"index, follow, max-snippet:-1, max-image-preview:large, max-video-preview:-1\" \/>\n<link rel=\"canonical\" href=\"https:\/\/bahiaeconomica.com.br\/wp\/2023\/07\/26\/vitoria-acerta-a-contratacao-do-atacante-iury-castilho\/\" \/>\n<meta property=\"og:locale\" content=\"pt_BR\" \/>\n<meta property=\"og:type\" content=\"article\" \/>\n<meta property=\"og:title\" content=\"VIT\u00d3RIA ACERTA A CONTRATA\u00c7\u00c3O DO ATACANTE IURY CASTILHO - Bahia Economica\" \/>\n<meta property=\"og:description\" content=\"O maior portal de Economia da Bahia Esporte Bahia Economica Mais um refor\u00e7o para o le\u00e3o na serie B. O atacante Iury Castilho, do Cuiab\u00e1,\" \/>\n<meta property=\"og:url\" content=\"https:\/\/bahiaeconomica.com.br\/wp\/2023\/07\/26\/vitoria-acerta-a-contratacao-do-atacante-iury-castilho\/\" \/>\n<meta property=\"og:site_name\" content=\"Bahia Economica\" \/>\n<meta property=\"article:publisher\" content=\"https:\/\/www.facebook.com\/bahiaeconomica\" \/>\n<meta property=\"article:published_time\" content=\"2023-07-26T14:52:29+00:00\" \/>\n<meta property=\"og:image\" content=\"https:\/\/bahiaeconomica.com.br\/wp\/wp-content\/uploads\/2023\/07\/IMAGEM_VITORIA_5-2.webp\" \/>\n\t<meta property=\"og:image:width\" content=\"597\" \/>\n\t<meta property=\"og:image:height\" content=\"380\" \/>\n\t<meta property=\"og:image:type\" content=\"image\/webp\" \/>\n<meta name=\"author\" content=\"JP\" \/>\n<meta name=\"twitter:card\" content=\"summary_large_image\" \/>\n<meta name=\"twitter:label1\" content=\"Escrito por\" \/>\n\t<meta name=\"twitter:data1\" content=\"JP\" \/>\n\t<meta name=\"twitter:label2\" content=\"Est. tempo de leitura\" \/>\n\t<meta name=\"twitter:data2\" content=\"2 minutos\" \/>\n<script type=\"application\/ld+json\" class=\"yoast-schema-graph\">{\"@context\":\"https:\/\/schema.org\",\"@graph\":[{\"@type\":\"Article\",\"@id\":\"https:\/\/bahiaeconomica.com.br\/wp\/2023\/07\/26\/vitoria-acerta-a-contratacao-do-atacante-iury-castilho\/#article\",\"isPartOf\":{\"@id\":\"https:\/\/bahiaeconomica.com.br\/wp\/2023\/07\/26\/vitoria-acerta-a-contratacao-do-atacante-iury-castilho\/\"},\"author\":{\"name\":\"JP\",\"@id\":\"https:\/\/bahiaeconomica.com.br\/wp\/#\/schema\/person\/c86d3a3f8960425a0f9d0e5245991f4e\"},\"headline\":\"VIT\u00d3RIA ACERTA A CONTRATA\u00c7\u00c3O DO ATACANTE IURY CASTILHO\",\"datePublished\":\"2023-07-26T14:52:29+00:00\",\"dateModified\":\"2023-07-26T14:52:29+00:00\",\"mainEntityOfPage\":{\"@id\":\"https:\/\/bahiaeconomica.com.br\/wp\/2023\/07\/26\/vitoria-acerta-a-contratacao-do-atacante-iury-castilho\/\"},\"wordCount\":221,\"publisher\":{\"@id\":\"https:\/\/bahiaeconomica.com.br\/wp\/#organization\"},\"keywords\":[\"atacante\",\"Brasil\",\"Cuiab\u00e1\",\"Pol\u00edtica\"],\"articleSection\":[\"Esporte\"],\"inLanguage\":\"pt-BR\"},{\"@type\":\"WebPage\",\"@id\":\"https:\/\/bahiaeconomica.com.br\/wp\/2023\/07\/26\/vitoria-acerta-a-contratacao-do-atacante-iury-castilho\/\",\"url\":\"https:\/\/bahiaeconomica.com.br\/wp\/2023\/07\/26\/vitoria-acerta-a-contratacao-do-atacante-iury-castilho\/\",\"name\":\"VIT\u00d3RIA ACERTA A CONTRATA\u00c7\u00c3O DO ATACANTE IURY CASTILHO - Bahia Economica\",\"isPartOf\":{\"@id\":\"https:\/\/bahiaeconomica.com.br\/wp\/#website\"},\"datePublished\":\"2023-07-26T14:52:29+00:00\",\"dateModified\":\"2023-07-26T14:52:29+00:00\",\"description\":\"O maior portal de Economia da Bahia Esporte Bahia Economica Mais um refor\u00e7o para o le\u00e3o na serie B. O atacante Iury Castilho, do Cuiab\u00e1,\",\"breadcrumb\":{\"@id\":\"https:\/\/bahiaeconomica.com.br\/wp\/2023\/07\/26\/vitoria-acerta-a-contratacao-do-atacante-iury-castilho\/#breadcrumb\"},\"inLanguage\":\"pt-BR\",\"potentialAction\":[{\"@type\":\"ReadAction\",\"target\":[\"https:\/\/bahiaeconomica.com.br\/wp\/2023\/07\/26\/vitoria-acerta-a-contratacao-do-atacante-iury-castilho\/\"]}]},{\"@type\":\"BreadcrumbList\",\"@id\":\"https:\/\/bahiaeconomica.com.br\/wp\/2023\/07\/26\/vitoria-acerta-a-contratacao-do-atacante-iury-castilho\/#breadcrumb\",\"itemListElement\":[{\"@type\":\"ListItem\",\"position\":1,\"name\":\"In\u00edcio\",\"item\":\"https:\/\/bahiaeconomica.com.br\/wp\/\"},{\"@type\":\"ListItem\",\"position\":2,\"name\":\"VIT\u00d3RIA ACERTA A CONTRATA\u00c7\u00c3O DO ATACANTE IURY CASTILHO\"}]},{\"@type\":\"WebSite\",\"@id\":\"https:\/\/bahiaeconomica.com.br\/wp\/#website\",\"url\":\"https:\/\/bahiaeconomica.com.br\/wp\/\",\"name\":\"Bahia Economica\",\"description\":\"O maior portal de Economia da Bahia\",\"publisher\":{\"@id\":\"https:\/\/bahiaeconomica.com.br\/wp\/#organization\"},\"potentialAction\":[{\"@type\":\"SearchAction\",\"target\":{\"@type\":\"EntryPoint\",\"urlTemplate\":\"https:\/\/bahiaeconomica.com.br\/wp\/?s={search_term_string}\"},\"query-input\":\"required name=search_term_string\"}],\"inLanguage\":\"pt-BR\"},{\"@type\":\"Organization\",\"@id\":\"https:\/\/bahiaeconomica.com.br\/wp\/#organization\",\"name\":\"Bahia Econ\u00f4mica\",\"url\":\"https:\/\/bahiaeconomica.com.br\/wp\/\",\"logo\":{\"@type\":\"ImageObject\",\"inLanguage\":\"pt-BR\",\"@id\":\"https:\/\/bahiaeconomica.com.br\/wp\/#\/schema\/logo\/image\/\",\"url\":\"https:\/\/bahiaeconomica.com.br\/wp\/wp-content\/uploads\/2020\/12\/cropped-BE.png\",\"contentUrl\":\"https:\/\/bahiaeconomica.com.br\/wp\/wp-content\/uploads\/2020\/12\/cropped-BE.png\",\"width\":512,\"height\":512,\"caption\":\"Bahia Econ\u00f4mica\"},\"image\":{\"@id\":\"https:\/\/bahiaeconomica.com.br\/wp\/#\/schema\/logo\/image\/\"},\"sameAs\":[\"https:\/\/www.facebook.com\/bahiaeconomica\"]},{\"@type\":\"Person\",\"@id\":\"https:\/\/bahiaeconomica.com.br\/wp\/#\/schema\/person\/c86d3a3f8960425a0f9d0e5245991f4e\",\"name\":\"JP\",\"sameAs\":[\"https:\/\/bahiaeconomica.com.br\/wp\/beta\/\"],\"url\":\"https:\/\/bahiaeconomica.com.br\/wp\/author\/jp\/\"}]}<\/script>\n<!-- \/ Yoast SEO plugin. -->","yoast_head_json":{"title":"VIT\u00d3RIA ACERTA A CONTRATA\u00c7\u00c3O DO ATACANTE IURY CASTILHO - Bahia Economica","description":"O maior portal de Economia da Bahia Esporte Bahia Economica Mais um refor\u00e7o para o le\u00e3o na serie B. O atacante Iury Castilho, do Cuiab\u00e1,","robots":{"index":"index","follow":"follow","max-snippet":"max-snippet:-1","max-image-preview":"max-image-preview:large","max-video-preview":"max-video-preview:-1"},"canonical":"https:\/\/bahiaeconomica.com.br\/wp\/2023\/07\/26\/vitoria-acerta-a-contratacao-do-atacante-iury-castilho\/","og_locale":"pt_BR","og_type":"article","og_title":"VIT\u00d3RIA ACERTA A CONTRATA\u00c7\u00c3O DO ATACANTE IURY CASTILHO - Bahia Economica","og_description":"O maior portal de Economia da Bahia Esporte Bahia Economica Mais um refor\u00e7o para o le\u00e3o na serie B. O atacante Iury Castilho, do Cuiab\u00e1,","og_url":"https:\/\/bahiaeconomica.com.br\/wp\/2023\/07\/26\/vitoria-acerta-a-contratacao-do-atacante-iury-castilho\/","og_site_name":"Bahia Economica","article_publisher":"https:\/\/www.facebook.com\/bahiaeconomica","article_published_time":"2023-07-26T14:52:29+00:00","og_image":[{"width":597,"height":380,"url":"https:\/\/bahiaeconomica.com.br\/wp\/wp-content\/uploads\/2023\/07\/IMAGEM_VITORIA_5-2.webp","type":"image\/webp"}],"author":"JP","twitter_card":"summary_large_image","twitter_misc":{"Escrito por":"JP","Est. tempo de leitura":"2 minutos"},"schema":{"@context":"https:\/\/schema.org","@graph":[{"@type":"Article","@id":"https:\/\/bahiaeconomica.com.br\/wp\/2023\/07\/26\/vitoria-acerta-a-contratacao-do-atacante-iury-castilho\/#article","isPartOf":{"@id":"https:\/\/bahiaeconomica.com.br\/wp\/2023\/07\/26\/vitoria-acerta-a-contratacao-do-atacante-iury-castilho\/"},"author":{"name":"JP","@id":"https:\/\/bahiaeconomica.com.br\/wp\/#\/schema\/person\/c86d3a3f8960425a0f9d0e5245991f4e"},"headline":"VIT\u00d3RIA ACERTA A CONTRATA\u00c7\u00c3O DO ATACANTE IURY CASTILHO","datePublished":"2023-07-26T14:52:29+00:00","dateModified":"2023-07-26T14:52:29+00:00","mainEntityOfPage":{"@id":"https:\/\/bahiaeconomica.com.br\/wp\/2023\/07\/26\/vitoria-acerta-a-contratacao-do-atacante-iury-castilho\/"},"wordCount":221,"publisher":{"@id":"https:\/\/bahiaeconomica.com.br\/wp\/#organization"},"keywords":["atacante","Brasil","Cuiab\u00e1","Pol\u00edtica"],"articleSection":["Esporte"],"inLanguage":"pt-BR"},{"@type":"WebPage","@id":"https:\/\/bahiaeconomica.com.br\/wp\/2023\/07\/26\/vitoria-acerta-a-contratacao-do-atacante-iury-castilho\/","url":"https:\/\/bahiaeconomica.com.br\/wp\/2023\/07\/26\/vitoria-acerta-a-contratacao-do-atacante-iury-castilho\/","name":"VIT\u00d3RIA ACERTA A CONTRATA\u00c7\u00c3O DO ATACANTE IURY CASTILHO - Bahia Economica","isPartOf":{"@id":"https:\/\/bahiaeconomica.com.br\/wp\/#website"},"datePublished":"2023-07-26T14:52:29+00:00","dateModified":"2023-07-26T14:52:29+00:00","description":"O maior portal de Economia da Bahia Esporte Bahia Economica Mais um refor\u00e7o para o le\u00e3o na serie B. O atacante Iury Castilho, do Cuiab\u00e1,","breadcrumb":{"@id":"https:\/\/bahiaeconomica.com.br\/wp\/2023\/07\/26\/vitoria-acerta-a-contratacao-do-atacante-iury-castilho\/#breadcrumb"},"inLanguage":"pt-BR","potentialAction":[{"@type":"ReadAction","target":["https:\/\/bahiaeconomica.com.br\/wp\/2023\/07\/26\/vitoria-acerta-a-contratacao-do-atacante-iury-castilho\/"]}]},{"@type":"BreadcrumbList","@id":"https:\/\/bahiaeconomica.com.br\/wp\/2023\/07\/26\/vitoria-acerta-a-contratacao-do-atacante-iury-castilho\/#breadcrumb","itemListElement":[{"@type":"ListItem","position":1,"name":"In\u00edcio","item":"https:\/\/bahiaeconomica.com.br\/wp\/"},{"@type":"ListItem","position":2,"name":"VIT\u00d3RIA ACERTA A CONTRATA\u00c7\u00c3O DO ATACANTE IURY CASTILHO"}]},{"@type":"WebSite","@id":"https:\/\/bahiaeconomica.com.br\/wp\/#website","url":"https:\/\/bahiaeconomica.com.br\/wp\/","name":"Bahia Economica","description":"O maior portal de Economia da Bahia","publisher":{"@id":"https:\/\/bahiaeconomica.com.br\/wp\/#organization"},"potentialAction":[{"@type":"SearchAction","target":{"@type":"EntryPoint","urlTemplate":"https:\/\/bahiaeconomica.com.br\/wp\/?s={search_term_string}"},"query-input":"required name=search_term_string"}],"inLanguage":"pt-BR"},{"@type":"Organization","@id":"https:\/\/bahiaeconomica.com.br\/wp\/#organization","name":"Bahia Econ\u00f4mica","url":"https:\/\/bahiaeconomica.com.br\/wp\/","logo":{"@type":"ImageObject","inLanguage":"pt-BR","@id":"https:\/\/bahiaeconomica.com.br\/wp\/#\/schema\/logo\/image\/","url":"https:\/\/bahiaeconomica.com.br\/wp\/wp-content\/uploads\/2020\/12\/cropped-BE.png","contentUrl":"https:\/\/bahiaeconomica.com.br\/wp\/wp-content\/uploads\/2020\/12\/cropped-BE.png","width":512,"height":512,"caption":"Bahia Econ\u00f4mica"},"image":{"@id":"https:\/\/bahiaeconomica.com.br\/wp\/#\/schema\/logo\/image\/"},"sameAs":["https:\/\/www.facebook.com\/bahiaeconomica"]},{"@type":"Person","@id":"https:\/\/bahiaeconomica.com.br\/wp\/#\/schema\/person\/c86d3a3f8960425a0f9d0e5245991f4e","name":"JP","sameAs":["https:\/\/bahiaeconomica.com.br\/wp\/beta\/"],"url":"https:\/\/bahiaeconomica.com.br\/wp\/author\/jp\/"}]}},"views":25,"_links":{"self":[{"href":"https:\/\/bahiaeconomica.com.br\/wp\/wp-json\/wp\/v2\/posts\/750642"}],"collection":[{"href":"https:\/\/bahiaeconomica.com.br\/wp\/wp-json\/wp\/v2\/posts"}],"about":[{"href":"https:\/\/bahiaeconomica.com.br\/wp\/wp-json\/wp\/v2\/types\/post"}],"author":[{"embeddable":true,"href":"https:\/\/bahiaeconomica.com.br\/wp\/wp-json\/wp\/v2\/users\/8"}],"replies":[{"embeddable":true,"href":"https:\/\/bahiaeconomica.com.br\/wp\/wp-json\/wp\/v2\/comments?post=750642"}],"version-history":[{"count":1,"href":"https:\/\/bahiaeconomica.com.br\/wp\/wp-json\/wp\/v2\/posts\/750642\/revisions"}],"predecessor-version":[{"id":750644,"href":"https:\/\/bahiaeconomica.com.br\/wp\/wp-json\/wp\/v2\/posts\/750642\/revisions\/750644"}],"wp:featuredmedia":[{"embeddable":true,"href":"https:\/\/bahiaeconomica.com.br\/wp\/wp-json\/wp\/v2\/media\/750643"}],"wp:attachment":[{"href":"https:\/\/bahiaeconomica.com.br\/wp\/wp-json\/wp\/v2\/media?parent=750642"}],"wp:term":[{"taxonomy":"category","embeddable":true,"href":"https:\/\/bahiaeconomica.com.br\/wp\/wp-json\/wp\/v2\/categories?post=750642"},{"taxonomy":"post_tag","embeddable":true,"href":"https:\/\/bahiaeconomica.com.br\/wp\/wp-json\/wp\/v2\/tags?post=750642"}],"curies":[{"name":"wp","href":"https:\/\/api.w.org\/{rel}","templated":true}]}}