{"id":749660,"date":"2023-07-21T18:53:05","date_gmt":"2023-07-21T21:53:05","guid":{"rendered":"https:\/\/bahiaeconomica.com.br\/wp\/?p=749660"},"modified":"2023-07-21T18:53:05","modified_gmt":"2023-07-21T21:53:05","slug":"com-alta-de-70-bahia-lidera-casos-de-furto-e-roubo-de-celular-no-pais","status":"publish","type":"post","link":"https:\/\/bahiaeconomica.com.br\/wp\/2023\/07\/21\/com-alta-de-70-bahia-lidera-casos-de-furto-e-roubo-de-celular-no-pais\/","title":{"rendered":"COM ALTA DE 70%, BAHIA LIDERA CASOS DE FURTO E ROUBO DE CELULAR NO PA\u00cdS"},"content":{"rendered":"<p>Entre 2021 e 2022, a quantidade de roubos e furtos de celular na Bahia cresceu 70,5% e foi considerada a maior varia\u00e7\u00e3o no Brasil, segundo o \u00faltimo Anu\u00e1rio Brasileiro de Seguran\u00e7a P\u00fablica, divulgado na quinta-feira (20). Em seguida aparecem Rio de Janeiro (58,6%) e Paran\u00e1 (34,8%). J\u00e1 o Mato Grosso, na contram\u00e3o, registrou uma queda de 41%.<\/p>\n<p>Em n\u00fameros absolutos, na Bahia houve 48.895 ocorr\u00eancias em um ano e 83.433 no outro, respectivamente. Nessa mesma ordem, as taxas por 100 mil habitantes foram 346,1 e 590,2. Mesmo assim, o estado ficou bem atr\u00e1s de S\u00e3o Paulo, que liderou o ranking de registros desses dois tipos de crime durante o ano passado, com 346.158 \u2014 34,6% dos 999.223 totais no pa\u00eds. Em terceiro lugar, aparece o Par\u00e1, com 58.662 roubos e furtos de celular.<\/p>\n<p>Quanto ao c\u00e1lculo por 100 mil habitantes, a lideran\u00e7a ficou com o Amazonas (1.015,1), seguido de pertinho pelo Distrito Federal (1.008,3) e, depois, por S\u00e3o Paulo (780,1). Para o levantamento, foram colhidas informa\u00e7\u00f5es de 26 unidades federativas \u2014 ficou de fora apenas o Amap\u00e1, onde o sistema de registros da Pol\u00edcia Civil n\u00e3o possui roubo ou furto de celular como natureza espec\u00edfica.<\/p>\n<p><strong>Foto: iStock\/Ilustrativa<\/strong><\/p>\n","protected":false},"excerpt":{"rendered":"<p>Entre 2021 e 2022, a quantidade de roubos e furtos de celular na Bahia cresceu 70,5% e foi considerada a maior varia\u00e7\u00e3o no Brasil, segundo o \u00faltimo Anu\u00e1rio Brasileiro de Seguran\u00e7a P\u00fablica, divulgado na quinta-feira (20). Em seguida aparecem Rio de Janeiro (58,6%) e Paran\u00e1 (34,8%). J\u00e1 o Mato Grosso, na contram\u00e3o, registrou uma queda [&hellip;]<\/p>\n","protected":false},"author":18,"featured_media":749670,"comment_status":"closed","ping_status":"closed","sticky":false,"template":"","format":"standard","meta":[],"categories":[5],"tags":[85,52,16826,16827,4438,5506],"acf":[],"yoast_head":"<!-- This site is optimized with the Yoast SEO plugin v20.8 - https:\/\/yoast.com\/wordpress\/plugins\/seo\/ -->\n<title>COM ALTA DE 70%, BAHIA LIDERA CASOS DE FURTO E ROUBO DE CELULAR NO PA\u00cdS - Bahia Economica<\/title>\n<meta name=\"description\" content=\"O maior portal de Economia da Bahia MUNIC\u00cdPIOS Bahia Economica Entre 2021 e 2022, a quantidade de roubos e furtos de celular na Bahia\" \/>\n<meta name=\"robots\" content=\"index, follow, max-snippet:-1, max-image-preview:large, max-video-preview:-1\" \/>\n<link rel=\"canonical\" href=\"https:\/\/bahiaeconomica.com.br\/wp\/2023\/07\/21\/com-alta-de-70-bahia-lidera-casos-de-furto-e-roubo-de-celular-no-pais\/\" \/>\n<meta property=\"og:locale\" content=\"pt_BR\" \/>\n<meta property=\"og:type\" content=\"article\" \/>\n<meta property=\"og:title\" content=\"COM ALTA DE 70%, BAHIA LIDERA CASOS DE FURTO E ROUBO DE CELULAR NO PA\u00cdS - Bahia Economica\" \/>\n<meta property=\"og:description\" content=\"O maior portal de Economia da Bahia MUNIC\u00cdPIOS Bahia Economica Entre 2021 e 2022, a quantidade de roubos e furtos de celular na Bahia\" \/>\n<meta property=\"og:url\" content=\"https:\/\/bahiaeconomica.com.br\/wp\/2023\/07\/21\/com-alta-de-70-bahia-lidera-casos-de-furto-e-roubo-de-celular-no-pais\/\" \/>\n<meta property=\"og:site_name\" content=\"Bahia Economica\" \/>\n<meta property=\"article:publisher\" content=\"https:\/\/www.facebook.com\/bahiaeconomica\" \/>\n<meta property=\"article:published_time\" content=\"2023-07-21T21:53:05+00:00\" \/>\n<meta property=\"og:image\" content=\"https:\/\/bahiaeconomica.com.br\/wp\/wp-content\/uploads\/2023\/07\/Roubo-celular.webp\" \/>\n\t<meta property=\"og:image:width\" content=\"840\" \/>\n\t<meta property=\"og:image:height\" content=\"553\" \/>\n\t<meta property=\"og:image:type\" content=\"image\/webp\" \/>\n<meta name=\"author\" content=\"Emily Oliveira\" \/>\n<meta name=\"twitter:card\" content=\"summary_large_image\" \/>\n<meta name=\"twitter:label1\" content=\"Escrito por\" \/>\n\t<meta name=\"twitter:data1\" content=\"Emily Oliveira\" \/>\n\t<meta name=\"twitter:label2\" content=\"Est. tempo de leitura\" \/>\n\t<meta name=\"twitter:data2\" content=\"2 minutos\" \/>\n<script type=\"application\/ld+json\" class=\"yoast-schema-graph\">{\"@context\":\"https:\/\/schema.org\",\"@graph\":[{\"@type\":\"Article\",\"@id\":\"https:\/\/bahiaeconomica.com.br\/wp\/2023\/07\/21\/com-alta-de-70-bahia-lidera-casos-de-furto-e-roubo-de-celular-no-pais\/#article\",\"isPartOf\":{\"@id\":\"https:\/\/bahiaeconomica.com.br\/wp\/2023\/07\/21\/com-alta-de-70-bahia-lidera-casos-de-furto-e-roubo-de-celular-no-pais\/\"},\"author\":{\"name\":\"Emily Oliveira\",\"@id\":\"https:\/\/bahiaeconomica.com.br\/wp\/#\/schema\/person\/547396bb3b39ebb828ab5807d982c42f\"},\"headline\":\"COM ALTA DE 70%, BAHIA LIDERA CASOS DE FURTO E ROUBO DE CELULAR NO PA\u00cdS\",\"datePublished\":\"2023-07-21T21:53:05+00:00\",\"dateModified\":\"2023-07-21T21:53:05+00:00\",\"mainEntityOfPage\":{\"@id\":\"https:\/\/bahiaeconomica.com.br\/wp\/2023\/07\/21\/com-alta-de-70-bahia-lidera-casos-de-furto-e-roubo-de-celular-no-pais\/\"},\"wordCount\":207,\"publisher\":{\"@id\":\"https:\/\/bahiaeconomica.com.br\/wp\/#organization\"},\"keywords\":[\"Bahia\",\"Brasil\",\"casos de furto\",\"casos de roubo\",\"l\u00edder\",\"Seguran\u00e7a P\u00fablica\"],\"articleSection\":[\"MUNIC\u00cdPIOS\"],\"inLanguage\":\"pt-BR\"},{\"@type\":\"WebPage\",\"@id\":\"https:\/\/bahiaeconomica.com.br\/wp\/2023\/07\/21\/com-alta-de-70-bahia-lidera-casos-de-furto-e-roubo-de-celular-no-pais\/\",\"url\":\"https:\/\/bahiaeconomica.com.br\/wp\/2023\/07\/21\/com-alta-de-70-bahia-lidera-casos-de-furto-e-roubo-de-celular-no-pais\/\",\"name\":\"COM ALTA DE 70%, BAHIA LIDERA CASOS DE FURTO E ROUBO DE CELULAR NO PA\u00cdS - Bahia Economica\",\"isPartOf\":{\"@id\":\"https:\/\/bahiaeconomica.com.br\/wp\/#website\"},\"datePublished\":\"2023-07-21T21:53:05+00:00\",\"dateModified\":\"2023-07-21T21:53:05+00:00\",\"description\":\"O maior portal de Economia da Bahia MUNIC\u00cdPIOS Bahia Economica Entre 2021 e 2022, a quantidade de roubos e furtos de celular na Bahia\",\"breadcrumb\":{\"@id\":\"https:\/\/bahiaeconomica.com.br\/wp\/2023\/07\/21\/com-alta-de-70-bahia-lidera-casos-de-furto-e-roubo-de-celular-no-pais\/#breadcrumb\"},\"inLanguage\":\"pt-BR\",\"potentialAction\":[{\"@type\":\"ReadAction\",\"target\":[\"https:\/\/bahiaeconomica.com.br\/wp\/2023\/07\/21\/com-alta-de-70-bahia-lidera-casos-de-furto-e-roubo-de-celular-no-pais\/\"]}]},{\"@type\":\"BreadcrumbList\",\"@id\":\"https:\/\/bahiaeconomica.com.br\/wp\/2023\/07\/21\/com-alta-de-70-bahia-lidera-casos-de-furto-e-roubo-de-celular-no-pais\/#breadcrumb\",\"itemListElement\":[{\"@type\":\"ListItem\",\"position\":1,\"name\":\"In\u00edcio\",\"item\":\"https:\/\/bahiaeconomica.com.br\/wp\/\"},{\"@type\":\"ListItem\",\"position\":2,\"name\":\"COM ALTA DE 70%, BAHIA LIDERA CASOS DE FURTO E ROUBO DE CELULAR NO PA\u00cdS\"}]},{\"@type\":\"WebSite\",\"@id\":\"https:\/\/bahiaeconomica.com.br\/wp\/#website\",\"url\":\"https:\/\/bahiaeconomica.com.br\/wp\/\",\"name\":\"Bahia Economica\",\"description\":\"O maior portal de Economia da Bahia\",\"publisher\":{\"@id\":\"https:\/\/bahiaeconomica.com.br\/wp\/#organization\"},\"potentialAction\":[{\"@type\":\"SearchAction\",\"target\":{\"@type\":\"EntryPoint\",\"urlTemplate\":\"https:\/\/bahiaeconomica.com.br\/wp\/?s={search_term_string}\"},\"query-input\":\"required name=search_term_string\"}],\"inLanguage\":\"pt-BR\"},{\"@type\":\"Organization\",\"@id\":\"https:\/\/bahiaeconomica.com.br\/wp\/#organization\",\"name\":\"Bahia Econ\u00f4mica\",\"url\":\"https:\/\/bahiaeconomica.com.br\/wp\/\",\"logo\":{\"@type\":\"ImageObject\",\"inLanguage\":\"pt-BR\",\"@id\":\"https:\/\/bahiaeconomica.com.br\/wp\/#\/schema\/logo\/image\/\",\"url\":\"https:\/\/bahiaeconomica.com.br\/wp\/wp-content\/uploads\/2020\/12\/cropped-BE.png\",\"contentUrl\":\"https:\/\/bahiaeconomica.com.br\/wp\/wp-content\/uploads\/2020\/12\/cropped-BE.png\",\"width\":512,\"height\":512,\"caption\":\"Bahia Econ\u00f4mica\"},\"image\":{\"@id\":\"https:\/\/bahiaeconomica.com.br\/wp\/#\/schema\/logo\/image\/\"},\"sameAs\":[\"https:\/\/www.facebook.com\/bahiaeconomica\"]},{\"@type\":\"Person\",\"@id\":\"https:\/\/bahiaeconomica.com.br\/wp\/#\/schema\/person\/547396bb3b39ebb828ab5807d982c42f\",\"name\":\"Emily Oliveira\",\"sameAs\":[\"https:\/\/bahiaeconomica.com.br\/wp\/\"],\"url\":\"https:\/\/bahiaeconomica.com.br\/wp\/author\/emily-oliveira\/\"}]}<\/script>\n<!-- \/ Yoast SEO plugin. -->","yoast_head_json":{"title":"COM ALTA DE 70%, BAHIA LIDERA CASOS DE FURTO E ROUBO DE CELULAR NO PA\u00cdS - Bahia Economica","description":"O maior portal de Economia da Bahia MUNIC\u00cdPIOS Bahia Economica Entre 2021 e 2022, a quantidade de roubos e furtos de celular na Bahia","robots":{"index":"index","follow":"follow","max-snippet":"max-snippet:-1","max-image-preview":"max-image-preview:large","max-video-preview":"max-video-preview:-1"},"canonical":"https:\/\/bahiaeconomica.com.br\/wp\/2023\/07\/21\/com-alta-de-70-bahia-lidera-casos-de-furto-e-roubo-de-celular-no-pais\/","og_locale":"pt_BR","og_type":"article","og_title":"COM ALTA DE 70%, BAHIA LIDERA CASOS DE FURTO E ROUBO DE CELULAR NO PA\u00cdS - Bahia Economica","og_description":"O maior portal de Economia da Bahia MUNIC\u00cdPIOS Bahia Economica Entre 2021 e 2022, a quantidade de roubos e furtos de celular na Bahia","og_url":"https:\/\/bahiaeconomica.com.br\/wp\/2023\/07\/21\/com-alta-de-70-bahia-lidera-casos-de-furto-e-roubo-de-celular-no-pais\/","og_site_name":"Bahia Economica","article_publisher":"https:\/\/www.facebook.com\/bahiaeconomica","article_published_time":"2023-07-21T21:53:05+00:00","og_image":[{"width":840,"height":553,"url":"https:\/\/bahiaeconomica.com.br\/wp\/wp-content\/uploads\/2023\/07\/Roubo-celular.webp","type":"image\/webp"}],"author":"Emily Oliveira","twitter_card":"summary_large_image","twitter_misc":{"Escrito por":"Emily Oliveira","Est. tempo de leitura":"2 minutos"},"schema":{"@context":"https:\/\/schema.org","@graph":[{"@type":"Article","@id":"https:\/\/bahiaeconomica.com.br\/wp\/2023\/07\/21\/com-alta-de-70-bahia-lidera-casos-de-furto-e-roubo-de-celular-no-pais\/#article","isPartOf":{"@id":"https:\/\/bahiaeconomica.com.br\/wp\/2023\/07\/21\/com-alta-de-70-bahia-lidera-casos-de-furto-e-roubo-de-celular-no-pais\/"},"author":{"name":"Emily Oliveira","@id":"https:\/\/bahiaeconomica.com.br\/wp\/#\/schema\/person\/547396bb3b39ebb828ab5807d982c42f"},"headline":"COM ALTA DE 70%, BAHIA LIDERA CASOS DE FURTO E ROUBO DE CELULAR NO PA\u00cdS","datePublished":"2023-07-21T21:53:05+00:00","dateModified":"2023-07-21T21:53:05+00:00","mainEntityOfPage":{"@id":"https:\/\/bahiaeconomica.com.br\/wp\/2023\/07\/21\/com-alta-de-70-bahia-lidera-casos-de-furto-e-roubo-de-celular-no-pais\/"},"wordCount":207,"publisher":{"@id":"https:\/\/bahiaeconomica.com.br\/wp\/#organization"},"keywords":["Bahia","Brasil","casos de furto","casos de roubo","l\u00edder","Seguran\u00e7a P\u00fablica"],"articleSection":["MUNIC\u00cdPIOS"],"inLanguage":"pt-BR"},{"@type":"WebPage","@id":"https:\/\/bahiaeconomica.com.br\/wp\/2023\/07\/21\/com-alta-de-70-bahia-lidera-casos-de-furto-e-roubo-de-celular-no-pais\/","url":"https:\/\/bahiaeconomica.com.br\/wp\/2023\/07\/21\/com-alta-de-70-bahia-lidera-casos-de-furto-e-roubo-de-celular-no-pais\/","name":"COM ALTA DE 70%, BAHIA LIDERA CASOS DE FURTO E ROUBO DE CELULAR NO PA\u00cdS - Bahia Economica","isPartOf":{"@id":"https:\/\/bahiaeconomica.com.br\/wp\/#website"},"datePublished":"2023-07-21T21:53:05+00:00","dateModified":"2023-07-21T21:53:05+00:00","description":"O maior portal de Economia da Bahia MUNIC\u00cdPIOS Bahia Economica Entre 2021 e 2022, a quantidade de roubos e furtos de celular na Bahia","breadcrumb":{"@id":"https:\/\/bahiaeconomica.com.br\/wp\/2023\/07\/21\/com-alta-de-70-bahia-lidera-casos-de-furto-e-roubo-de-celular-no-pais\/#breadcrumb"},"inLanguage":"pt-BR","potentialAction":[{"@type":"ReadAction","target":["https:\/\/bahiaeconomica.com.br\/wp\/2023\/07\/21\/com-alta-de-70-bahia-lidera-casos-de-furto-e-roubo-de-celular-no-pais\/"]}]},{"@type":"BreadcrumbList","@id":"https:\/\/bahiaeconomica.com.br\/wp\/2023\/07\/21\/com-alta-de-70-bahia-lidera-casos-de-furto-e-roubo-de-celular-no-pais\/#breadcrumb","itemListElement":[{"@type":"ListItem","position":1,"name":"In\u00edcio","item":"https:\/\/bahiaeconomica.com.br\/wp\/"},{"@type":"ListItem","position":2,"name":"COM ALTA DE 70%, BAHIA LIDERA CASOS DE FURTO E ROUBO DE CELULAR NO PA\u00cdS"}]},{"@type":"WebSite","@id":"https:\/\/bahiaeconomica.com.br\/wp\/#website","url":"https:\/\/bahiaeconomica.com.br\/wp\/","name":"Bahia Economica","description":"O maior portal de Economia da Bahia","publisher":{"@id":"https:\/\/bahiaeconomica.com.br\/wp\/#organization"},"potentialAction":[{"@type":"SearchAction","target":{"@type":"EntryPoint","urlTemplate":"https:\/\/bahiaeconomica.com.br\/wp\/?s={search_term_string}"},"query-input":"required name=search_term_string"}],"inLanguage":"pt-BR"},{"@type":"Organization","@id":"https:\/\/bahiaeconomica.com.br\/wp\/#organization","name":"Bahia Econ\u00f4mica","url":"https:\/\/bahiaeconomica.com.br\/wp\/","logo":{"@type":"ImageObject","inLanguage":"pt-BR","@id":"https:\/\/bahiaeconomica.com.br\/wp\/#\/schema\/logo\/image\/","url":"https:\/\/bahiaeconomica.com.br\/wp\/wp-content\/uploads\/2020\/12\/cropped-BE.png","contentUrl":"https:\/\/bahiaeconomica.com.br\/wp\/wp-content\/uploads\/2020\/12\/cropped-BE.png","width":512,"height":512,"caption":"Bahia Econ\u00f4mica"},"image":{"@id":"https:\/\/bahiaeconomica.com.br\/wp\/#\/schema\/logo\/image\/"},"sameAs":["https:\/\/www.facebook.com\/bahiaeconomica"]},{"@type":"Person","@id":"https:\/\/bahiaeconomica.com.br\/wp\/#\/schema\/person\/547396bb3b39ebb828ab5807d982c42f","name":"Emily Oliveira","sameAs":["https:\/\/bahiaeconomica.com.br\/wp\/"],"url":"https:\/\/bahiaeconomica.com.br\/wp\/author\/emily-oliveira\/"}]}},"views":165,"_links":{"self":[{"href":"https:\/\/bahiaeconomica.com.br\/wp\/wp-json\/wp\/v2\/posts\/749660"}],"collection":[{"href":"https:\/\/bahiaeconomica.com.br\/wp\/wp-json\/wp\/v2\/posts"}],"about":[{"href":"https:\/\/bahiaeconomica.com.br\/wp\/wp-json\/wp\/v2\/types\/post"}],"author":[{"embeddable":true,"href":"https:\/\/bahiaeconomica.com.br\/wp\/wp-json\/wp\/v2\/users\/18"}],"replies":[{"embeddable":true,"href":"https:\/\/bahiaeconomica.com.br\/wp\/wp-json\/wp\/v2\/comments?post=749660"}],"version-history":[{"count":1,"href":"https:\/\/bahiaeconomica.com.br\/wp\/wp-json\/wp\/v2\/posts\/749660\/revisions"}],"predecessor-version":[{"id":749671,"href":"https:\/\/bahiaeconomica.com.br\/wp\/wp-json\/wp\/v2\/posts\/749660\/revisions\/749671"}],"wp:featuredmedia":[{"embeddable":true,"href":"https:\/\/bahiaeconomica.com.br\/wp\/wp-json\/wp\/v2\/media\/749670"}],"wp:attachment":[{"href":"https:\/\/bahiaeconomica.com.br\/wp\/wp-json\/wp\/v2\/media?parent=749660"}],"wp:term":[{"taxonomy":"category","embeddable":true,"href":"https:\/\/bahiaeconomica.com.br\/wp\/wp-json\/wp\/v2\/categories?post=749660"},{"taxonomy":"post_tag","embeddable":true,"href":"https:\/\/bahiaeconomica.com.br\/wp\/wp-json\/wp\/v2\/tags?post=749660"}],"curies":[{"name":"wp","href":"https:\/\/api.w.org\/{rel}","templated":true}]}}