{"id":749299,"date":"2023-07-20T19:30:41","date_gmt":"2023-07-20T22:30:41","guid":{"rendered":"https:\/\/bahiaeconomica.com.br\/wp\/?p=749299"},"modified":"2023-07-20T19:22:53","modified_gmt":"2023-07-20T22:22:53","slug":"bahia-anuncia-carol-melo-como-gerente-do-futebol-feminino","status":"publish","type":"post","link":"https:\/\/bahiaeconomica.com.br\/wp\/2023\/07\/20\/bahia-anuncia-carol-melo-como-gerente-do-futebol-feminino\/","title":{"rendered":"BAHIA ANUNCIA CAROL MELO COMO GERENTE DO FUTEBOL FEMININO"},"content":{"rendered":"<p>Al\u00e9m da gerente, a equipe feminina contar\u00e1 com um supervisor de futebol<!--more--><\/p>\n<p>O Bahia anunciou a contrata\u00e7\u00e3o de Carol Melo como a nova gerente de futebol feminino. A profissional atuava no mesmo cargo no Atl\u00e9tico Mineiro e acumula experi\u00eancia na Ferrovi\u00e1ria, refer\u00eancia no futebol feminino nacional.<\/p>\n<p>No Atl\u00e9tico-MG, Carol exercia a fun\u00e7\u00e3o desde maio de 2021. Com ela, o clube chegou \u00e0 final do Brasileiro S\u00e9rie A2 em 2021. Carol Melo tamb\u00e9m teve participa\u00e7\u00e3o da implanta\u00e7\u00e3o da divis\u00e3o de base feminina no Galo, com as equipes Sub-15, Sub-17 e Sub-20.<\/p>\n<div id=\"chunk-apql8\">\n<div class=\"content-ads content-ads--reveal\" data-block-type=\"ads\" data-block-id=\"7\">\n<div id=\"banner_materia2\" class=\"tag-manager-publicidade-container mc-has-reveal mc-has-ad-lazyload tag-manager-publicidade-banner_materia2 tag-manager-publicidade-container--carregado tag-manager-publicidade-container--visivel\" data-id=\"banner_materia2\" data-google-query-id=\"CKPqivqnnoADFdVR3QIdGb4BGQ\">\n<div class=\"mdc-layout-grid__cell mdc-layout-grid__cell--span-6-desktop mdc-layout-grid__cell--span-8-tablet comp paragrafo cXenseParse\">\n<p>Al\u00e9m da gerente, a equipe feminina contar\u00e1 com um supervisor de futebol. Adailton da Silva, que exercia a mesma fun\u00e7\u00e3o no time sub-15, ficar\u00e1 com o cargo.<\/p>\n<p>Foto: Divulga\u00e7\u00e3o \/<\/p>\n<\/div>\n<\/div>\n<\/div>\n<\/div>\n","protected":false},"excerpt":{"rendered":"<p>Al\u00e9m da gerente, a equipe feminina contar\u00e1 com um supervisor de futebol<\/p>\n","protected":false},"author":17,"featured_media":749311,"comment_status":"closed","ping_status":"closed","sticky":false,"template":"","format":"standard","meta":[],"categories":[4486],"tags":[85,1243,1527,4878],"acf":[],"yoast_head":"<!-- This site is optimized with the Yoast SEO plugin v20.8 - https:\/\/yoast.com\/wordpress\/plugins\/seo\/ -->\n<title>BAHIA ANUNCIA CAROL MELO COMO GERENTE DO FUTEBOL FEMININO - Bahia Economica<\/title>\n<meta name=\"description\" content=\"Al\u00e9m da gerente, a equipe feminina contar\u00e1 com um supervisor de futebol\" \/>\n<meta name=\"robots\" content=\"index, follow, max-snippet:-1, max-image-preview:large, max-video-preview:-1\" \/>\n<link rel=\"canonical\" href=\"https:\/\/bahiaeconomica.com.br\/wp\/2023\/07\/20\/bahia-anuncia-carol-melo-como-gerente-do-futebol-feminino\/\" \/>\n<meta property=\"og:locale\" content=\"pt_BR\" \/>\n<meta property=\"og:type\" content=\"article\" \/>\n<meta property=\"og:title\" content=\"BAHIA ANUNCIA CAROL MELO COMO GERENTE DO FUTEBOL FEMININO - Bahia Economica\" \/>\n<meta property=\"og:description\" content=\"Al\u00e9m da gerente, a equipe feminina contar\u00e1 com um supervisor de futebol\" \/>\n<meta property=\"og:url\" content=\"https:\/\/bahiaeconomica.com.br\/wp\/2023\/07\/20\/bahia-anuncia-carol-melo-como-gerente-do-futebol-feminino\/\" \/>\n<meta property=\"og:site_name\" content=\"Bahia Economica\" \/>\n<meta property=\"article:publisher\" content=\"https:\/\/www.facebook.com\/bahiaeconomica\" \/>\n<meta property=\"article:published_time\" content=\"2023-07-20T22:30:41+00:00\" \/>\n<meta property=\"article:modified_time\" content=\"2023-07-20T22:22:53+00:00\" \/>\n<meta property=\"og:image\" content=\"https:\/\/bahiaeconomica.com.br\/wp\/wp-content\/uploads\/2023\/07\/carol-melo-e-a-nova-gerente-de-futebol-da-equipe-feminina-do-bahia-98b223d3-1e37-4424-b03b-5f3eb03b8473.large_.jpg\" \/>\n\t<meta property=\"og:image:width\" content=\"1200\" \/>\n\t<meta property=\"og:image:height\" content=\"675\" \/>\n\t<meta property=\"og:image:type\" content=\"image\/jpeg\" \/>\n<meta name=\"author\" content=\"LUANA NEIVA\" \/>\n<meta name=\"twitter:card\" content=\"summary_large_image\" \/>\n<meta name=\"twitter:label1\" content=\"Escrito por\" \/>\n\t<meta name=\"twitter:data1\" content=\"LUANA NEIVA\" \/>\n\t<meta name=\"twitter:label2\" content=\"Est. tempo de leitura\" \/>\n\t<meta name=\"twitter:data2\" content=\"1 minuto\" \/>\n<script type=\"application\/ld+json\" class=\"yoast-schema-graph\">{\"@context\":\"https:\/\/schema.org\",\"@graph\":[{\"@type\":\"Article\",\"@id\":\"https:\/\/bahiaeconomica.com.br\/wp\/2023\/07\/20\/bahia-anuncia-carol-melo-como-gerente-do-futebol-feminino\/#article\",\"isPartOf\":{\"@id\":\"https:\/\/bahiaeconomica.com.br\/wp\/2023\/07\/20\/bahia-anuncia-carol-melo-como-gerente-do-futebol-feminino\/\"},\"author\":{\"name\":\"LUANA NEIVA\",\"@id\":\"https:\/\/bahiaeconomica.com.br\/wp\/#\/schema\/person\/1ce30764265540f754d66197c4212789\"},\"headline\":\"BAHIA ANUNCIA CAROL MELO COMO GERENTE DO FUTEBOL FEMININO\",\"datePublished\":\"2023-07-20T22:30:41+00:00\",\"dateModified\":\"2023-07-20T22:22:53+00:00\",\"mainEntityOfPage\":{\"@id\":\"https:\/\/bahiaeconomica.com.br\/wp\/2023\/07\/20\/bahia-anuncia-carol-melo-como-gerente-do-futebol-feminino\/\"},\"wordCount\":141,\"publisher\":{\"@id\":\"https:\/\/bahiaeconomica.com.br\/wp\/#organization\"},\"keywords\":[\"Bahia\",\"contrata\u00e7\u00e3o\",\"futebol\",\"gerente\"],\"articleSection\":[\"Esporte\"],\"inLanguage\":\"pt-BR\"},{\"@type\":\"WebPage\",\"@id\":\"https:\/\/bahiaeconomica.com.br\/wp\/2023\/07\/20\/bahia-anuncia-carol-melo-como-gerente-do-futebol-feminino\/\",\"url\":\"https:\/\/bahiaeconomica.com.br\/wp\/2023\/07\/20\/bahia-anuncia-carol-melo-como-gerente-do-futebol-feminino\/\",\"name\":\"BAHIA ANUNCIA CAROL MELO COMO GERENTE DO FUTEBOL FEMININO - Bahia Economica\",\"isPartOf\":{\"@id\":\"https:\/\/bahiaeconomica.com.br\/wp\/#website\"},\"datePublished\":\"2023-07-20T22:30:41+00:00\",\"dateModified\":\"2023-07-20T22:22:53+00:00\",\"description\":\"Al\u00e9m da gerente, a equipe feminina contar\u00e1 com um supervisor de futebol\",\"breadcrumb\":{\"@id\":\"https:\/\/bahiaeconomica.com.br\/wp\/2023\/07\/20\/bahia-anuncia-carol-melo-como-gerente-do-futebol-feminino\/#breadcrumb\"},\"inLanguage\":\"pt-BR\",\"potentialAction\":[{\"@type\":\"ReadAction\",\"target\":[\"https:\/\/bahiaeconomica.com.br\/wp\/2023\/07\/20\/bahia-anuncia-carol-melo-como-gerente-do-futebol-feminino\/\"]}]},{\"@type\":\"BreadcrumbList\",\"@id\":\"https:\/\/bahiaeconomica.com.br\/wp\/2023\/07\/20\/bahia-anuncia-carol-melo-como-gerente-do-futebol-feminino\/#breadcrumb\",\"itemListElement\":[{\"@type\":\"ListItem\",\"position\":1,\"name\":\"In\u00edcio\",\"item\":\"https:\/\/bahiaeconomica.com.br\/wp\/\"},{\"@type\":\"ListItem\",\"position\":2,\"name\":\"BAHIA ANUNCIA CAROL MELO COMO GERENTE DO FUTEBOL FEMININO\"}]},{\"@type\":\"WebSite\",\"@id\":\"https:\/\/bahiaeconomica.com.br\/wp\/#website\",\"url\":\"https:\/\/bahiaeconomica.com.br\/wp\/\",\"name\":\"Bahia Economica\",\"description\":\"O maior portal de Economia da Bahia\",\"publisher\":{\"@id\":\"https:\/\/bahiaeconomica.com.br\/wp\/#organization\"},\"potentialAction\":[{\"@type\":\"SearchAction\",\"target\":{\"@type\":\"EntryPoint\",\"urlTemplate\":\"https:\/\/bahiaeconomica.com.br\/wp\/?s={search_term_string}\"},\"query-input\":\"required name=search_term_string\"}],\"inLanguage\":\"pt-BR\"},{\"@type\":\"Organization\",\"@id\":\"https:\/\/bahiaeconomica.com.br\/wp\/#organization\",\"name\":\"Bahia Econ\u00f4mica\",\"url\":\"https:\/\/bahiaeconomica.com.br\/wp\/\",\"logo\":{\"@type\":\"ImageObject\",\"inLanguage\":\"pt-BR\",\"@id\":\"https:\/\/bahiaeconomica.com.br\/wp\/#\/schema\/logo\/image\/\",\"url\":\"https:\/\/bahiaeconomica.com.br\/wp\/wp-content\/uploads\/2020\/12\/cropped-BE.png\",\"contentUrl\":\"https:\/\/bahiaeconomica.com.br\/wp\/wp-content\/uploads\/2020\/12\/cropped-BE.png\",\"width\":512,\"height\":512,\"caption\":\"Bahia Econ\u00f4mica\"},\"image\":{\"@id\":\"https:\/\/bahiaeconomica.com.br\/wp\/#\/schema\/logo\/image\/\"},\"sameAs\":[\"https:\/\/www.facebook.com\/bahiaeconomica\"]},{\"@type\":\"Person\",\"@id\":\"https:\/\/bahiaeconomica.com.br\/wp\/#\/schema\/person\/1ce30764265540f754d66197c4212789\",\"name\":\"LUANA NEIVA\",\"sameAs\":[\"http:\/\/www.bahiaeconomica.com.br\"],\"url\":\"https:\/\/bahiaeconomica.com.br\/wp\/author\/luana-neiva\/\"}]}<\/script>\n<!-- \/ Yoast SEO plugin. -->","yoast_head_json":{"title":"BAHIA ANUNCIA CAROL MELO COMO GERENTE DO FUTEBOL FEMININO - Bahia Economica","description":"Al\u00e9m da gerente, a equipe feminina contar\u00e1 com um supervisor de futebol","robots":{"index":"index","follow":"follow","max-snippet":"max-snippet:-1","max-image-preview":"max-image-preview:large","max-video-preview":"max-video-preview:-1"},"canonical":"https:\/\/bahiaeconomica.com.br\/wp\/2023\/07\/20\/bahia-anuncia-carol-melo-como-gerente-do-futebol-feminino\/","og_locale":"pt_BR","og_type":"article","og_title":"BAHIA ANUNCIA CAROL MELO COMO GERENTE DO FUTEBOL FEMININO - Bahia Economica","og_description":"Al\u00e9m da gerente, a equipe feminina contar\u00e1 com um supervisor de futebol","og_url":"https:\/\/bahiaeconomica.com.br\/wp\/2023\/07\/20\/bahia-anuncia-carol-melo-como-gerente-do-futebol-feminino\/","og_site_name":"Bahia Economica","article_publisher":"https:\/\/www.facebook.com\/bahiaeconomica","article_published_time":"2023-07-20T22:30:41+00:00","article_modified_time":"2023-07-20T22:22:53+00:00","og_image":[{"width":1200,"height":675,"url":"https:\/\/bahiaeconomica.com.br\/wp\/wp-content\/uploads\/2023\/07\/carol-melo-e-a-nova-gerente-de-futebol-da-equipe-feminina-do-bahia-98b223d3-1e37-4424-b03b-5f3eb03b8473.large_.jpg","type":"image\/jpeg"}],"author":"LUANA NEIVA","twitter_card":"summary_large_image","twitter_misc":{"Escrito por":"LUANA NEIVA","Est. tempo de leitura":"1 minuto"},"schema":{"@context":"https:\/\/schema.org","@graph":[{"@type":"Article","@id":"https:\/\/bahiaeconomica.com.br\/wp\/2023\/07\/20\/bahia-anuncia-carol-melo-como-gerente-do-futebol-feminino\/#article","isPartOf":{"@id":"https:\/\/bahiaeconomica.com.br\/wp\/2023\/07\/20\/bahia-anuncia-carol-melo-como-gerente-do-futebol-feminino\/"},"author":{"name":"LUANA NEIVA","@id":"https:\/\/bahiaeconomica.com.br\/wp\/#\/schema\/person\/1ce30764265540f754d66197c4212789"},"headline":"BAHIA ANUNCIA CAROL MELO COMO GERENTE DO FUTEBOL FEMININO","datePublished":"2023-07-20T22:30:41+00:00","dateModified":"2023-07-20T22:22:53+00:00","mainEntityOfPage":{"@id":"https:\/\/bahiaeconomica.com.br\/wp\/2023\/07\/20\/bahia-anuncia-carol-melo-como-gerente-do-futebol-feminino\/"},"wordCount":141,"publisher":{"@id":"https:\/\/bahiaeconomica.com.br\/wp\/#organization"},"keywords":["Bahia","contrata\u00e7\u00e3o","futebol","gerente"],"articleSection":["Esporte"],"inLanguage":"pt-BR"},{"@type":"WebPage","@id":"https:\/\/bahiaeconomica.com.br\/wp\/2023\/07\/20\/bahia-anuncia-carol-melo-como-gerente-do-futebol-feminino\/","url":"https:\/\/bahiaeconomica.com.br\/wp\/2023\/07\/20\/bahia-anuncia-carol-melo-como-gerente-do-futebol-feminino\/","name":"BAHIA ANUNCIA CAROL MELO COMO GERENTE DO FUTEBOL FEMININO - Bahia Economica","isPartOf":{"@id":"https:\/\/bahiaeconomica.com.br\/wp\/#website"},"datePublished":"2023-07-20T22:30:41+00:00","dateModified":"2023-07-20T22:22:53+00:00","description":"Al\u00e9m da gerente, a equipe feminina contar\u00e1 com um supervisor de futebol","breadcrumb":{"@id":"https:\/\/bahiaeconomica.com.br\/wp\/2023\/07\/20\/bahia-anuncia-carol-melo-como-gerente-do-futebol-feminino\/#breadcrumb"},"inLanguage":"pt-BR","potentialAction":[{"@type":"ReadAction","target":["https:\/\/bahiaeconomica.com.br\/wp\/2023\/07\/20\/bahia-anuncia-carol-melo-como-gerente-do-futebol-feminino\/"]}]},{"@type":"BreadcrumbList","@id":"https:\/\/bahiaeconomica.com.br\/wp\/2023\/07\/20\/bahia-anuncia-carol-melo-como-gerente-do-futebol-feminino\/#breadcrumb","itemListElement":[{"@type":"ListItem","position":1,"name":"In\u00edcio","item":"https:\/\/bahiaeconomica.com.br\/wp\/"},{"@type":"ListItem","position":2,"name":"BAHIA ANUNCIA CAROL MELO COMO GERENTE DO FUTEBOL FEMININO"}]},{"@type":"WebSite","@id":"https:\/\/bahiaeconomica.com.br\/wp\/#website","url":"https:\/\/bahiaeconomica.com.br\/wp\/","name":"Bahia Economica","description":"O maior portal de Economia da Bahia","publisher":{"@id":"https:\/\/bahiaeconomica.com.br\/wp\/#organization"},"potentialAction":[{"@type":"SearchAction","target":{"@type":"EntryPoint","urlTemplate":"https:\/\/bahiaeconomica.com.br\/wp\/?s={search_term_string}"},"query-input":"required name=search_term_string"}],"inLanguage":"pt-BR"},{"@type":"Organization","@id":"https:\/\/bahiaeconomica.com.br\/wp\/#organization","name":"Bahia Econ\u00f4mica","url":"https:\/\/bahiaeconomica.com.br\/wp\/","logo":{"@type":"ImageObject","inLanguage":"pt-BR","@id":"https:\/\/bahiaeconomica.com.br\/wp\/#\/schema\/logo\/image\/","url":"https:\/\/bahiaeconomica.com.br\/wp\/wp-content\/uploads\/2020\/12\/cropped-BE.png","contentUrl":"https:\/\/bahiaeconomica.com.br\/wp\/wp-content\/uploads\/2020\/12\/cropped-BE.png","width":512,"height":512,"caption":"Bahia Econ\u00f4mica"},"image":{"@id":"https:\/\/bahiaeconomica.com.br\/wp\/#\/schema\/logo\/image\/"},"sameAs":["https:\/\/www.facebook.com\/bahiaeconomica"]},{"@type":"Person","@id":"https:\/\/bahiaeconomica.com.br\/wp\/#\/schema\/person\/1ce30764265540f754d66197c4212789","name":"LUANA NEIVA","sameAs":["http:\/\/www.bahiaeconomica.com.br"],"url":"https:\/\/bahiaeconomica.com.br\/wp\/author\/luana-neiva\/"}]}},"views":24,"_links":{"self":[{"href":"https:\/\/bahiaeconomica.com.br\/wp\/wp-json\/wp\/v2\/posts\/749299"}],"collection":[{"href":"https:\/\/bahiaeconomica.com.br\/wp\/wp-json\/wp\/v2\/posts"}],"about":[{"href":"https:\/\/bahiaeconomica.com.br\/wp\/wp-json\/wp\/v2\/types\/post"}],"author":[{"embeddable":true,"href":"https:\/\/bahiaeconomica.com.br\/wp\/wp-json\/wp\/v2\/users\/17"}],"replies":[{"embeddable":true,"href":"https:\/\/bahiaeconomica.com.br\/wp\/wp-json\/wp\/v2\/comments?post=749299"}],"version-history":[{"count":2,"href":"https:\/\/bahiaeconomica.com.br\/wp\/wp-json\/wp\/v2\/posts\/749299\/revisions"}],"predecessor-version":[{"id":749315,"href":"https:\/\/bahiaeconomica.com.br\/wp\/wp-json\/wp\/v2\/posts\/749299\/revisions\/749315"}],"wp:featuredmedia":[{"embeddable":true,"href":"https:\/\/bahiaeconomica.com.br\/wp\/wp-json\/wp\/v2\/media\/749311"}],"wp:attachment":[{"href":"https:\/\/bahiaeconomica.com.br\/wp\/wp-json\/wp\/v2\/media?parent=749299"}],"wp:term":[{"taxonomy":"category","embeddable":true,"href":"https:\/\/bahiaeconomica.com.br\/wp\/wp-json\/wp\/v2\/categories?post=749299"},{"taxonomy":"post_tag","embeddable":true,"href":"https:\/\/bahiaeconomica.com.br\/wp\/wp-json\/wp\/v2\/tags?post=749299"}],"curies":[{"name":"wp","href":"https:\/\/api.w.org\/{rel}","templated":true}]}}