{"id":748339,"date":"2023-07-18T11:00:06","date_gmt":"2023-07-18T14:00:06","guid":{"rendered":"https:\/\/bahiaeconomica.com.br\/wp\/?p=748339"},"modified":"2023-07-18T12:47:05","modified_gmt":"2023-07-18T15:47:05","slug":"fecomercio-aponta-crescimento-no-comercio-servicos-e-turismo-no-1o-semestre","status":"publish","type":"post","link":"https:\/\/bahiaeconomica.com.br\/wp\/2023\/07\/18\/fecomercio-aponta-crescimento-no-comercio-servicos-e-turismo-no-1o-semestre\/","title":{"rendered":"FECOM\u00c9RCIO APONTA CRESCIMENTO NO COM\u00c9RCIO, SERVI\u00c7OS E TURISMO NO 1\u00ba SEMESTRE"},"content":{"rendered":"<p>A Federa\u00e7\u00e3o do Com\u00e9rcio de Bens, Servi\u00e7os e Turismo do Estado da Bahia (Fecom\u00e9rcio-BA), est\u00e1 otimista com o desempenho do com\u00e9rcio e do turismo na Bahia em 2023. Em entrevista ao Jornal Tribuna da Bahia, Guilherme Dietze, consultor econ\u00f4mico da Fecom\u00e9rcio-BA acredita num cen\u00e1rio favor\u00e1vel em 2023.<\/p>\n<p>Segundo o IBGE, o setor de servi\u00e7os, de maior peso na regi\u00e3o, com 46% do PIB do estado (excluindo administra\u00e7\u00e3o p\u00fablica, educa\u00e7\u00e3o, sa\u00fade e defesa), registrou um crescimento de 7,8% no primeiro quadrimestre deste ano. A atividade est\u00e1 no seu maior n\u00edvel desde 2017. E basicamente, todos os segmentos analisados pelo IBGE na \u00e1rea de servi\u00e7os est\u00e3o apontando para o campo positivo.<\/p>\n<p>A maior varia\u00e7\u00e3o nos primeiros quatro meses foi de Servi\u00e7os de Informa\u00e7\u00e3o e Comunica\u00e7\u00e3o, de 12,6%, seguido de 9,1% de outros servi\u00e7os que englobam in\u00fameras atividades heterog\u00eaneas. Al\u00e9m desses, houve aumento no per\u00edodo de 8,4% nos Servi\u00e7os Profissionais, Administrativos e Complementares, de 6,8% para o grupo de Transportes e Servi\u00e7os Auxiliares e, por fim, alta de 6,5% para servi\u00e7os prestados \u00e0s fam\u00edlias.<\/p>\n<p>Pelo lado do Com\u00e9rcio, as vendas no estado cresceram 3,2% no primeiro quadrimestre. Vale ressaltar que a maioria dos segmentos est\u00e1 com aumento anual no desempenho, e apesar dos Supermercados estarem apresentando uma varia\u00e7\u00e3o mais modesta, de 2,5%, o n\u00edvel hist\u00f3rico \u00e9 um dos mais elevados e o seu peso para o com\u00e9rcio na regi\u00e3o chega a 50%. Al\u00e9m dele, o setor de Farm\u00e1cias supera em 0,7% o resultado do ano passado, e o setor de Combust\u00edveis e Lubrificantes aponta crescimento de 20,1% no per\u00edodo.<\/p>\n<p>Foto: Pixabay<\/p>\n","protected":false},"excerpt":{"rendered":"<p>A Federa\u00e7\u00e3o do Com\u00e9rcio de Bens, Servi\u00e7os e Turismo do Estado da Bahia (Fecom\u00e9rcio-BA), est\u00e1 otimista com o desempenho do com\u00e9rcio e do turismo na Bahia em 2023. Em entrevista ao Jornal Tribuna da Bahia, Guilherme Dietze, consultor econ\u00f4mico da Fecom\u00e9rcio-BA acredita num cen\u00e1rio favor\u00e1vel em 2023. Segundo o IBGE, o setor de servi\u00e7os, de [&hellip;]<\/p>\n","protected":false},"author":8,"featured_media":748342,"comment_status":"closed","ping_status":"closed","sticky":false,"template":"","format":"standard","meta":[],"categories":[14],"tags":[52,144,100,442],"acf":[],"yoast_head":"<!-- This site is optimized with the Yoast SEO plugin v20.8 - https:\/\/yoast.com\/wordpress\/plugins\/seo\/ -->\n<title>FECOM\u00c9RCIO APONTA CRESCIMENTO NO COM\u00c9RCIO, SERVI\u00c7OS E TURISMO NO 1\u00ba SEMESTRE - Bahia Economica<\/title>\n<meta name=\"description\" content=\"O maior portal de Economia da Bahia DESTAQUE DO DIA Bahia Economica A Federa\u00e7\u00e3o do Com\u00e9rcio de Bens, Servi\u00e7os e Turismo do Estado\" \/>\n<meta name=\"robots\" content=\"index, follow, max-snippet:-1, max-image-preview:large, max-video-preview:-1\" \/>\n<link rel=\"canonical\" href=\"https:\/\/bahiaeconomica.com.br\/wp\/2023\/07\/18\/fecomercio-aponta-crescimento-no-comercio-servicos-e-turismo-no-1o-semestre\/\" \/>\n<meta property=\"og:locale\" content=\"pt_BR\" \/>\n<meta property=\"og:type\" content=\"article\" \/>\n<meta property=\"og:title\" content=\"FECOM\u00c9RCIO APONTA CRESCIMENTO NO COM\u00c9RCIO, SERVI\u00c7OS E TURISMO NO 1\u00ba SEMESTRE - Bahia Economica\" \/>\n<meta property=\"og:description\" content=\"O maior portal de Economia da Bahia DESTAQUE DO DIA Bahia Economica A Federa\u00e7\u00e3o do Com\u00e9rcio de Bens, Servi\u00e7os e Turismo do Estado\" \/>\n<meta property=\"og:url\" content=\"https:\/\/bahiaeconomica.com.br\/wp\/2023\/07\/18\/fecomercio-aponta-crescimento-no-comercio-servicos-e-turismo-no-1o-semestre\/\" \/>\n<meta property=\"og:site_name\" content=\"Bahia Economica\" \/>\n<meta property=\"article:publisher\" content=\"https:\/\/www.facebook.com\/bahiaeconomica\" \/>\n<meta property=\"article:published_time\" content=\"2023-07-18T14:00:06+00:00\" \/>\n<meta property=\"article:modified_time\" content=\"2023-07-18T15:47:05+00:00\" \/>\n<meta property=\"og:image\" content=\"https:\/\/bahiaeconomica.com.br\/wp\/wp-content\/uploads\/2023\/07\/beach-g4b11994dd_1280.jpg\" \/>\n\t<meta property=\"og:image:width\" content=\"1280\" \/>\n\t<meta property=\"og:image:height\" content=\"720\" \/>\n\t<meta property=\"og:image:type\" content=\"image\/jpeg\" \/>\n<meta name=\"author\" content=\"JP\" \/>\n<meta name=\"twitter:card\" content=\"summary_large_image\" \/>\n<meta name=\"twitter:label1\" content=\"Escrito por\" \/>\n\t<meta name=\"twitter:data1\" content=\"JP\" \/>\n\t<meta name=\"twitter:label2\" content=\"Est. tempo de leitura\" \/>\n\t<meta name=\"twitter:data2\" content=\"2 minutos\" \/>\n<script type=\"application\/ld+json\" class=\"yoast-schema-graph\">{\"@context\":\"https:\/\/schema.org\",\"@graph\":[{\"@type\":\"Article\",\"@id\":\"https:\/\/bahiaeconomica.com.br\/wp\/2023\/07\/18\/fecomercio-aponta-crescimento-no-comercio-servicos-e-turismo-no-1o-semestre\/#article\",\"isPartOf\":{\"@id\":\"https:\/\/bahiaeconomica.com.br\/wp\/2023\/07\/18\/fecomercio-aponta-crescimento-no-comercio-servicos-e-turismo-no-1o-semestre\/\"},\"author\":{\"name\":\"JP\",\"@id\":\"https:\/\/bahiaeconomica.com.br\/wp\/#\/schema\/person\/c86d3a3f8960425a0f9d0e5245991f4e\"},\"headline\":\"FECOM\u00c9RCIO APONTA CRESCIMENTO NO COM\u00c9RCIO, SERVI\u00c7OS E TURISMO NO 1\u00ba SEMESTRE\",\"datePublished\":\"2023-07-18T14:00:06+00:00\",\"dateModified\":\"2023-07-18T15:47:05+00:00\",\"mainEntityOfPage\":{\"@id\":\"https:\/\/bahiaeconomica.com.br\/wp\/2023\/07\/18\/fecomercio-aponta-crescimento-no-comercio-servicos-e-turismo-no-1o-semestre\/\"},\"wordCount\":296,\"publisher\":{\"@id\":\"https:\/\/bahiaeconomica.com.br\/wp\/#organization\"},\"keywords\":[\"Brasil\",\"com\u00e9rcio\",\"Pol\u00edtica\",\"Turismo\"],\"articleSection\":[\"DESTAQUE DO DIA\"],\"inLanguage\":\"pt-BR\"},{\"@type\":\"WebPage\",\"@id\":\"https:\/\/bahiaeconomica.com.br\/wp\/2023\/07\/18\/fecomercio-aponta-crescimento-no-comercio-servicos-e-turismo-no-1o-semestre\/\",\"url\":\"https:\/\/bahiaeconomica.com.br\/wp\/2023\/07\/18\/fecomercio-aponta-crescimento-no-comercio-servicos-e-turismo-no-1o-semestre\/\",\"name\":\"FECOM\u00c9RCIO APONTA CRESCIMENTO NO COM\u00c9RCIO, SERVI\u00c7OS E TURISMO NO 1\u00ba SEMESTRE - Bahia Economica\",\"isPartOf\":{\"@id\":\"https:\/\/bahiaeconomica.com.br\/wp\/#website\"},\"datePublished\":\"2023-07-18T14:00:06+00:00\",\"dateModified\":\"2023-07-18T15:47:05+00:00\",\"description\":\"O maior portal de Economia da Bahia DESTAQUE DO DIA Bahia Economica A Federa\u00e7\u00e3o do Com\u00e9rcio de Bens, Servi\u00e7os e Turismo do Estado\",\"breadcrumb\":{\"@id\":\"https:\/\/bahiaeconomica.com.br\/wp\/2023\/07\/18\/fecomercio-aponta-crescimento-no-comercio-servicos-e-turismo-no-1o-semestre\/#breadcrumb\"},\"inLanguage\":\"pt-BR\",\"potentialAction\":[{\"@type\":\"ReadAction\",\"target\":[\"https:\/\/bahiaeconomica.com.br\/wp\/2023\/07\/18\/fecomercio-aponta-crescimento-no-comercio-servicos-e-turismo-no-1o-semestre\/\"]}]},{\"@type\":\"BreadcrumbList\",\"@id\":\"https:\/\/bahiaeconomica.com.br\/wp\/2023\/07\/18\/fecomercio-aponta-crescimento-no-comercio-servicos-e-turismo-no-1o-semestre\/#breadcrumb\",\"itemListElement\":[{\"@type\":\"ListItem\",\"position\":1,\"name\":\"In\u00edcio\",\"item\":\"https:\/\/bahiaeconomica.com.br\/wp\/\"},{\"@type\":\"ListItem\",\"position\":2,\"name\":\"FECOM\u00c9RCIO APONTA CRESCIMENTO NO COM\u00c9RCIO, SERVI\u00c7OS E TURISMO NO 1\u00ba SEMESTRE\"}]},{\"@type\":\"WebSite\",\"@id\":\"https:\/\/bahiaeconomica.com.br\/wp\/#website\",\"url\":\"https:\/\/bahiaeconomica.com.br\/wp\/\",\"name\":\"Bahia Economica\",\"description\":\"O maior portal de Economia da Bahia\",\"publisher\":{\"@id\":\"https:\/\/bahiaeconomica.com.br\/wp\/#organization\"},\"potentialAction\":[{\"@type\":\"SearchAction\",\"target\":{\"@type\":\"EntryPoint\",\"urlTemplate\":\"https:\/\/bahiaeconomica.com.br\/wp\/?s={search_term_string}\"},\"query-input\":\"required name=search_term_string\"}],\"inLanguage\":\"pt-BR\"},{\"@type\":\"Organization\",\"@id\":\"https:\/\/bahiaeconomica.com.br\/wp\/#organization\",\"name\":\"Bahia Econ\u00f4mica\",\"url\":\"https:\/\/bahiaeconomica.com.br\/wp\/\",\"logo\":{\"@type\":\"ImageObject\",\"inLanguage\":\"pt-BR\",\"@id\":\"https:\/\/bahiaeconomica.com.br\/wp\/#\/schema\/logo\/image\/\",\"url\":\"https:\/\/bahiaeconomica.com.br\/wp\/wp-content\/uploads\/2020\/12\/cropped-BE.png\",\"contentUrl\":\"https:\/\/bahiaeconomica.com.br\/wp\/wp-content\/uploads\/2020\/12\/cropped-BE.png\",\"width\":512,\"height\":512,\"caption\":\"Bahia Econ\u00f4mica\"},\"image\":{\"@id\":\"https:\/\/bahiaeconomica.com.br\/wp\/#\/schema\/logo\/image\/\"},\"sameAs\":[\"https:\/\/www.facebook.com\/bahiaeconomica\"]},{\"@type\":\"Person\",\"@id\":\"https:\/\/bahiaeconomica.com.br\/wp\/#\/schema\/person\/c86d3a3f8960425a0f9d0e5245991f4e\",\"name\":\"JP\",\"sameAs\":[\"https:\/\/bahiaeconomica.com.br\/wp\/beta\/\"],\"url\":\"https:\/\/bahiaeconomica.com.br\/wp\/author\/jp\/\"}]}<\/script>\n<!-- \/ Yoast SEO plugin. -->","yoast_head_json":{"title":"FECOM\u00c9RCIO APONTA CRESCIMENTO NO COM\u00c9RCIO, SERVI\u00c7OS E TURISMO NO 1\u00ba SEMESTRE - Bahia Economica","description":"O maior portal de Economia da Bahia DESTAQUE DO DIA Bahia Economica A Federa\u00e7\u00e3o do Com\u00e9rcio de Bens, Servi\u00e7os e Turismo do Estado","robots":{"index":"index","follow":"follow","max-snippet":"max-snippet:-1","max-image-preview":"max-image-preview:large","max-video-preview":"max-video-preview:-1"},"canonical":"https:\/\/bahiaeconomica.com.br\/wp\/2023\/07\/18\/fecomercio-aponta-crescimento-no-comercio-servicos-e-turismo-no-1o-semestre\/","og_locale":"pt_BR","og_type":"article","og_title":"FECOM\u00c9RCIO APONTA CRESCIMENTO NO COM\u00c9RCIO, SERVI\u00c7OS E TURISMO NO 1\u00ba SEMESTRE - Bahia Economica","og_description":"O maior portal de Economia da Bahia DESTAQUE DO DIA Bahia Economica A Federa\u00e7\u00e3o do Com\u00e9rcio de Bens, Servi\u00e7os e Turismo do Estado","og_url":"https:\/\/bahiaeconomica.com.br\/wp\/2023\/07\/18\/fecomercio-aponta-crescimento-no-comercio-servicos-e-turismo-no-1o-semestre\/","og_site_name":"Bahia Economica","article_publisher":"https:\/\/www.facebook.com\/bahiaeconomica","article_published_time":"2023-07-18T14:00:06+00:00","article_modified_time":"2023-07-18T15:47:05+00:00","og_image":[{"width":1280,"height":720,"url":"https:\/\/bahiaeconomica.com.br\/wp\/wp-content\/uploads\/2023\/07\/beach-g4b11994dd_1280.jpg","type":"image\/jpeg"}],"author":"JP","twitter_card":"summary_large_image","twitter_misc":{"Escrito por":"JP","Est. tempo de leitura":"2 minutos"},"schema":{"@context":"https:\/\/schema.org","@graph":[{"@type":"Article","@id":"https:\/\/bahiaeconomica.com.br\/wp\/2023\/07\/18\/fecomercio-aponta-crescimento-no-comercio-servicos-e-turismo-no-1o-semestre\/#article","isPartOf":{"@id":"https:\/\/bahiaeconomica.com.br\/wp\/2023\/07\/18\/fecomercio-aponta-crescimento-no-comercio-servicos-e-turismo-no-1o-semestre\/"},"author":{"name":"JP","@id":"https:\/\/bahiaeconomica.com.br\/wp\/#\/schema\/person\/c86d3a3f8960425a0f9d0e5245991f4e"},"headline":"FECOM\u00c9RCIO APONTA CRESCIMENTO NO COM\u00c9RCIO, SERVI\u00c7OS E TURISMO NO 1\u00ba SEMESTRE","datePublished":"2023-07-18T14:00:06+00:00","dateModified":"2023-07-18T15:47:05+00:00","mainEntityOfPage":{"@id":"https:\/\/bahiaeconomica.com.br\/wp\/2023\/07\/18\/fecomercio-aponta-crescimento-no-comercio-servicos-e-turismo-no-1o-semestre\/"},"wordCount":296,"publisher":{"@id":"https:\/\/bahiaeconomica.com.br\/wp\/#organization"},"keywords":["Brasil","com\u00e9rcio","Pol\u00edtica","Turismo"],"articleSection":["DESTAQUE DO DIA"],"inLanguage":"pt-BR"},{"@type":"WebPage","@id":"https:\/\/bahiaeconomica.com.br\/wp\/2023\/07\/18\/fecomercio-aponta-crescimento-no-comercio-servicos-e-turismo-no-1o-semestre\/","url":"https:\/\/bahiaeconomica.com.br\/wp\/2023\/07\/18\/fecomercio-aponta-crescimento-no-comercio-servicos-e-turismo-no-1o-semestre\/","name":"FECOM\u00c9RCIO APONTA CRESCIMENTO NO COM\u00c9RCIO, SERVI\u00c7OS E TURISMO NO 1\u00ba SEMESTRE - Bahia Economica","isPartOf":{"@id":"https:\/\/bahiaeconomica.com.br\/wp\/#website"},"datePublished":"2023-07-18T14:00:06+00:00","dateModified":"2023-07-18T15:47:05+00:00","description":"O maior portal de Economia da Bahia DESTAQUE DO DIA Bahia Economica A Federa\u00e7\u00e3o do Com\u00e9rcio de Bens, Servi\u00e7os e Turismo do Estado","breadcrumb":{"@id":"https:\/\/bahiaeconomica.com.br\/wp\/2023\/07\/18\/fecomercio-aponta-crescimento-no-comercio-servicos-e-turismo-no-1o-semestre\/#breadcrumb"},"inLanguage":"pt-BR","potentialAction":[{"@type":"ReadAction","target":["https:\/\/bahiaeconomica.com.br\/wp\/2023\/07\/18\/fecomercio-aponta-crescimento-no-comercio-servicos-e-turismo-no-1o-semestre\/"]}]},{"@type":"BreadcrumbList","@id":"https:\/\/bahiaeconomica.com.br\/wp\/2023\/07\/18\/fecomercio-aponta-crescimento-no-comercio-servicos-e-turismo-no-1o-semestre\/#breadcrumb","itemListElement":[{"@type":"ListItem","position":1,"name":"In\u00edcio","item":"https:\/\/bahiaeconomica.com.br\/wp\/"},{"@type":"ListItem","position":2,"name":"FECOM\u00c9RCIO APONTA CRESCIMENTO NO COM\u00c9RCIO, SERVI\u00c7OS E TURISMO NO 1\u00ba SEMESTRE"}]},{"@type":"WebSite","@id":"https:\/\/bahiaeconomica.com.br\/wp\/#website","url":"https:\/\/bahiaeconomica.com.br\/wp\/","name":"Bahia Economica","description":"O maior portal de Economia da Bahia","publisher":{"@id":"https:\/\/bahiaeconomica.com.br\/wp\/#organization"},"potentialAction":[{"@type":"SearchAction","target":{"@type":"EntryPoint","urlTemplate":"https:\/\/bahiaeconomica.com.br\/wp\/?s={search_term_string}"},"query-input":"required name=search_term_string"}],"inLanguage":"pt-BR"},{"@type":"Organization","@id":"https:\/\/bahiaeconomica.com.br\/wp\/#organization","name":"Bahia Econ\u00f4mica","url":"https:\/\/bahiaeconomica.com.br\/wp\/","logo":{"@type":"ImageObject","inLanguage":"pt-BR","@id":"https:\/\/bahiaeconomica.com.br\/wp\/#\/schema\/logo\/image\/","url":"https:\/\/bahiaeconomica.com.br\/wp\/wp-content\/uploads\/2020\/12\/cropped-BE.png","contentUrl":"https:\/\/bahiaeconomica.com.br\/wp\/wp-content\/uploads\/2020\/12\/cropped-BE.png","width":512,"height":512,"caption":"Bahia Econ\u00f4mica"},"image":{"@id":"https:\/\/bahiaeconomica.com.br\/wp\/#\/schema\/logo\/image\/"},"sameAs":["https:\/\/www.facebook.com\/bahiaeconomica"]},{"@type":"Person","@id":"https:\/\/bahiaeconomica.com.br\/wp\/#\/schema\/person\/c86d3a3f8960425a0f9d0e5245991f4e","name":"JP","sameAs":["https:\/\/bahiaeconomica.com.br\/wp\/beta\/"],"url":"https:\/\/bahiaeconomica.com.br\/wp\/author\/jp\/"}]}},"views":41,"_links":{"self":[{"href":"https:\/\/bahiaeconomica.com.br\/wp\/wp-json\/wp\/v2\/posts\/748339"}],"collection":[{"href":"https:\/\/bahiaeconomica.com.br\/wp\/wp-json\/wp\/v2\/posts"}],"about":[{"href":"https:\/\/bahiaeconomica.com.br\/wp\/wp-json\/wp\/v2\/types\/post"}],"author":[{"embeddable":true,"href":"https:\/\/bahiaeconomica.com.br\/wp\/wp-json\/wp\/v2\/users\/8"}],"replies":[{"embeddable":true,"href":"https:\/\/bahiaeconomica.com.br\/wp\/wp-json\/wp\/v2\/comments?post=748339"}],"version-history":[{"count":2,"href":"https:\/\/bahiaeconomica.com.br\/wp\/wp-json\/wp\/v2\/posts\/748339\/revisions"}],"predecessor-version":[{"id":748372,"href":"https:\/\/bahiaeconomica.com.br\/wp\/wp-json\/wp\/v2\/posts\/748339\/revisions\/748372"}],"wp:featuredmedia":[{"embeddable":true,"href":"https:\/\/bahiaeconomica.com.br\/wp\/wp-json\/wp\/v2\/media\/748342"}],"wp:attachment":[{"href":"https:\/\/bahiaeconomica.com.br\/wp\/wp-json\/wp\/v2\/media?parent=748339"}],"wp:term":[{"taxonomy":"category","embeddable":true,"href":"https:\/\/bahiaeconomica.com.br\/wp\/wp-json\/wp\/v2\/categories?post=748339"},{"taxonomy":"post_tag","embeddable":true,"href":"https:\/\/bahiaeconomica.com.br\/wp\/wp-json\/wp\/v2\/tags?post=748339"}],"curies":[{"name":"wp","href":"https:\/\/api.w.org\/{rel}","templated":true}]}}