{"id":747489,"date":"2023-07-14T07:42:26","date_gmt":"2023-07-14T10:42:26","guid":{"rendered":"https:\/\/bahiaeconomica.com.br\/wp\/?p=747489"},"modified":"2023-07-14T07:42:26","modified_gmt":"2023-07-14T10:42:26","slug":"milan-kundera-por-armando-avena","status":"publish","type":"post","link":"https:\/\/bahiaeconomica.com.br\/wp\/2023\/07\/14\/milan-kundera-por-armando-avena\/","title":{"rendered":"MILAN KUNDERA &#8211; POR ARMANDO AVENA"},"content":{"rendered":"<p>MILAN KUNDERA<\/p>\n<p>Na segunda parte de Henrique IV,\u00a0 William Shakespeare coloca na boca do recruta Feeble uma senten\u00e7a que acompanha a humanidade desde sempre: \u201c Um homem n\u00e3o pode morrer mais do que uma vez. Devemos uma morte a Deus \u201c. <!--more--> Mas eu acreditei que, ao menos desta vez, Ele iria perdoar a d\u00edvida, afinal, Milan Kundera j\u00e1 havia completado 94 anos. Mas, em rela\u00e7\u00e3o a morte, Deus assemelha-se a outro personagem de Shakespeare, Shylock, um agiota que empresta dinheiro ao mercador Ant\u00f4nio, avisando que, se ele n\u00e3o devolvesse o dinheiro no tempo certo, teria de ceder em troca uma libra de carne do seu pr\u00f3prio corpo. A querela vai aos tribunais, pois\u00a0 Ant\u00f4nio n\u00e3o paga a d\u00edvida e Shylock exige o peda\u00e7o de corpo a que tem direito.\u00a0 Pois \u00e9, Deus tamb\u00e9m jamais esquece de cobrar a carne a que tem direito e, nesta semana, veio buscar Milan Kundera.<\/p>\n<p>Nascido na antiga Tchecoslov\u00e1quia, Kundera, filiado ao Partido Comunista, ficou famoso por ter defendido a Primavera de Praga e depois, quando as tropas do Pacto de Vars\u00f3via, comandados pela\u00a0 Uni\u00e3o Sovi\u00e9tica, invadiram o pa\u00eds e cassaram todos os direitos e liberdades conquistados, ele tornou-se dissidente do regime de St\u00e1lin e\u00a0 ridicularizou o ditador em v\u00e1rios livros,\u00a0 tendo sua cidadania revogada e sendo obrigado a exilar-se na Fran\u00e7a. Mas n\u00e3o foi a pol\u00edtica que me fez gostar de Kundera, o que me aproximou dele foi sua forma de escrever, abordando temas profundos da natureza humana de forma leve. Ele mesmo, se definiu, em uma entrevista da Paris Review: \u201c A ambi\u00e7\u00e3o de minha vida tem sido unir a m\u00e1xima seriedade da indaga\u00e7\u00e3o com a m\u00e1xima leveza da forma\u201d.<\/p>\n<p>Kundera ficou famoso ao publicar seu livro \u201cA Insustent\u00e1vel Leveza do Ser\u201d, cuja primeira parte, \u201cA leveza e o peso\u201d \u00e9 um contraponto entre a leveza do fil\u00f3sofo Parm\u00eanides, do s\u00e9culo Vi antes de Cristo, e o peso de Nietzsche e, manejando levemente esses fil\u00f3sofos, ele diz coisas como essa: \u201cNunca se pode saber o que se deve querer, pois s\u00f3 se tem uma vida e n\u00e3o se pode nem compar\u00e1-la com as vidas anteriores nem corrigi-la nas vidas posteriores\u201d.\u00a0 Os romances de Kundera talvez n\u00e3o estejam entre os\u00a0 cl\u00e1ssicos contempor\u00e2neos, mas ele \u00e9 um mestre \u00a0em misturar situa\u00e7\u00f5es, como em\u00a0 seu livro, \u201cA imortalidade\u201d, no qual mistura a hist\u00f3ria de Agnes com o caso de amor entre Gothe e Bettina von Arnim e cria um personagem interessant\u00edssimo, o professor Avenarius, e o leitor obviamente j\u00e1 percebeu porque gosto desse romance, apesar de, por momentos, ele assemelhar-se a uma colagem solta.<\/p>\n<p>E no meio disso tudo, Kundera ainda divaga sobre a imortalidade lembrando a grande imortalidade, a recorda\u00e7\u00e3o de um homem no esp\u00edrito daqueles que n\u00e3o o conheceram, e a pequena imortalidade, a recorda\u00e7\u00e3o de um homem no esp\u00edrito daqueles que o conheceram. Milan Kundera alcan\u00e7ou a grande imortalidade.<\/p>\n<p>Publicado no jornal A Tarde em 14\/07\/2023<\/p>\n","protected":false},"excerpt":{"rendered":"<p>MILAN KUNDERA Na segunda parte de Henrique IV,\u00a0 William Shakespeare coloca na boca do recruta Feeble uma senten\u00e7a que acompanha a humanidade desde sempre: \u201c Um homem n\u00e3o pode morrer mais do que uma vez. Devemos uma morte a Deus \u201c.<\/p>\n","protected":false},"author":1,"featured_media":747492,"comment_status":"closed","ping_status":"closed","sticky":false,"template":"","format":"standard","meta":[],"categories":[6,3],"tags":[773,711,1297,1298,16156],"acf":[],"yoast_head":"<!-- This site is optimized with the Yoast SEO plugin v20.8 - https:\/\/yoast.com\/wordpress\/plugins\/seo\/ -->\n<title>MILAN KUNDERA - POR ARMANDO AVENA - Bahia Economica<\/title>\n<meta name=\"description\" content=\"O maior portal de Economia da Bahia ARTIGOS, ECONOMIA \/ POL\u00cdTICA Bahia Economica\" \/>\n<meta name=\"robots\" content=\"index, follow, max-snippet:-1, max-image-preview:large, max-video-preview:-1\" \/>\n<link rel=\"canonical\" href=\"https:\/\/bahiaeconomica.com.br\/wp\/2023\/07\/14\/milan-kundera-por-armando-avena\/\" \/>\n<meta property=\"og:locale\" content=\"pt_BR\" \/>\n<meta property=\"og:type\" content=\"article\" \/>\n<meta property=\"og:title\" content=\"MILAN KUNDERA - POR ARMANDO AVENA - Bahia Economica\" \/>\n<meta property=\"og:description\" content=\"O maior portal de Economia da Bahia ARTIGOS, ECONOMIA \/ POL\u00cdTICA Bahia Economica\" \/>\n<meta property=\"og:url\" content=\"https:\/\/bahiaeconomica.com.br\/wp\/2023\/07\/14\/milan-kundera-por-armando-avena\/\" \/>\n<meta property=\"og:site_name\" content=\"Bahia Economica\" \/>\n<meta property=\"article:publisher\" content=\"https:\/\/www.facebook.com\/bahiaeconomica\" \/>\n<meta property=\"article:published_time\" content=\"2023-07-14T10:42:26+00:00\" \/>\n<meta property=\"og:image\" content=\"https:\/\/bahiaeconomica.com.br\/wp\/wp-content\/uploads\/2023\/07\/milan-Kundera.webp\" \/>\n\t<meta property=\"og:image:width\" content=\"1170\" \/>\n\t<meta property=\"og:image:height\" content=\"658\" \/>\n\t<meta property=\"og:image:type\" content=\"image\/webp\" \/>\n<meta name=\"author\" content=\"admin\" \/>\n<meta name=\"twitter:card\" content=\"summary_large_image\" \/>\n<meta name=\"twitter:label1\" content=\"Escrito por\" \/>\n\t<meta name=\"twitter:data1\" content=\"admin\" \/>\n\t<meta name=\"twitter:label2\" content=\"Est. tempo de leitura\" \/>\n\t<meta name=\"twitter:data2\" content=\"3 minutos\" \/>\n<script type=\"application\/ld+json\" class=\"yoast-schema-graph\">{\"@context\":\"https:\/\/schema.org\",\"@graph\":[{\"@type\":\"Article\",\"@id\":\"https:\/\/bahiaeconomica.com.br\/wp\/2023\/07\/14\/milan-kundera-por-armando-avena\/#article\",\"isPartOf\":{\"@id\":\"https:\/\/bahiaeconomica.com.br\/wp\/2023\/07\/14\/milan-kundera-por-armando-avena\/\"},\"author\":{\"name\":\"admin\",\"@id\":\"https:\/\/bahiaeconomica.com.br\/wp\/#\/schema\/person\/cb1ab5ba96ad3d9390805381c76284ec\"},\"headline\":\"MILAN KUNDERA &#8211; POR ARMANDO AVENA\",\"datePublished\":\"2023-07-14T10:42:26+00:00\",\"dateModified\":\"2023-07-14T10:42:26+00:00\",\"mainEntityOfPage\":{\"@id\":\"https:\/\/bahiaeconomica.com.br\/wp\/2023\/07\/14\/milan-kundera-por-armando-avena\/\"},\"wordCount\":526,\"publisher\":{\"@id\":\"https:\/\/bahiaeconomica.com.br\/wp\/#organization\"},\"keywords\":[\"A TARDE\",\"Armando Avena\",\"artigo\",\"jornal\",\"MILAN KUNDERA\"],\"articleSection\":[\"ARTIGOS\",\"ECONOMIA \/ POL\u00cdTICA\"],\"inLanguage\":\"pt-BR\"},{\"@type\":\"WebPage\",\"@id\":\"https:\/\/bahiaeconomica.com.br\/wp\/2023\/07\/14\/milan-kundera-por-armando-avena\/\",\"url\":\"https:\/\/bahiaeconomica.com.br\/wp\/2023\/07\/14\/milan-kundera-por-armando-avena\/\",\"name\":\"MILAN KUNDERA - POR ARMANDO AVENA - Bahia Economica\",\"isPartOf\":{\"@id\":\"https:\/\/bahiaeconomica.com.br\/wp\/#website\"},\"datePublished\":\"2023-07-14T10:42:26+00:00\",\"dateModified\":\"2023-07-14T10:42:26+00:00\",\"description\":\"O maior portal de Economia da Bahia ARTIGOS, ECONOMIA \/ POL\u00cdTICA Bahia Economica\",\"breadcrumb\":{\"@id\":\"https:\/\/bahiaeconomica.com.br\/wp\/2023\/07\/14\/milan-kundera-por-armando-avena\/#breadcrumb\"},\"inLanguage\":\"pt-BR\",\"potentialAction\":[{\"@type\":\"ReadAction\",\"target\":[\"https:\/\/bahiaeconomica.com.br\/wp\/2023\/07\/14\/milan-kundera-por-armando-avena\/\"]}]},{\"@type\":\"BreadcrumbList\",\"@id\":\"https:\/\/bahiaeconomica.com.br\/wp\/2023\/07\/14\/milan-kundera-por-armando-avena\/#breadcrumb\",\"itemListElement\":[{\"@type\":\"ListItem\",\"position\":1,\"name\":\"In\u00edcio\",\"item\":\"https:\/\/bahiaeconomica.com.br\/wp\/\"},{\"@type\":\"ListItem\",\"position\":2,\"name\":\"MILAN KUNDERA &#8211; POR ARMANDO AVENA\"}]},{\"@type\":\"WebSite\",\"@id\":\"https:\/\/bahiaeconomica.com.br\/wp\/#website\",\"url\":\"https:\/\/bahiaeconomica.com.br\/wp\/\",\"name\":\"Bahia Economica\",\"description\":\"O maior portal de Economia da Bahia\",\"publisher\":{\"@id\":\"https:\/\/bahiaeconomica.com.br\/wp\/#organization\"},\"potentialAction\":[{\"@type\":\"SearchAction\",\"target\":{\"@type\":\"EntryPoint\",\"urlTemplate\":\"https:\/\/bahiaeconomica.com.br\/wp\/?s={search_term_string}\"},\"query-input\":\"required name=search_term_string\"}],\"inLanguage\":\"pt-BR\"},{\"@type\":\"Organization\",\"@id\":\"https:\/\/bahiaeconomica.com.br\/wp\/#organization\",\"name\":\"Bahia Econ\u00f4mica\",\"url\":\"https:\/\/bahiaeconomica.com.br\/wp\/\",\"logo\":{\"@type\":\"ImageObject\",\"inLanguage\":\"pt-BR\",\"@id\":\"https:\/\/bahiaeconomica.com.br\/wp\/#\/schema\/logo\/image\/\",\"url\":\"https:\/\/bahiaeconomica.com.br\/wp\/wp-content\/uploads\/2020\/12\/cropped-BE.png\",\"contentUrl\":\"https:\/\/bahiaeconomica.com.br\/wp\/wp-content\/uploads\/2020\/12\/cropped-BE.png\",\"width\":512,\"height\":512,\"caption\":\"Bahia Econ\u00f4mica\"},\"image\":{\"@id\":\"https:\/\/bahiaeconomica.com.br\/wp\/#\/schema\/logo\/image\/\"},\"sameAs\":[\"https:\/\/www.facebook.com\/bahiaeconomica\"]},{\"@type\":\"Person\",\"@id\":\"https:\/\/bahiaeconomica.com.br\/wp\/#\/schema\/person\/cb1ab5ba96ad3d9390805381c76284ec\",\"name\":\"admin\",\"url\":\"https:\/\/bahiaeconomica.com.br\/wp\/author\/admin\/\"}]}<\/script>\n<!-- \/ Yoast SEO plugin. -->","yoast_head_json":{"title":"MILAN KUNDERA - POR ARMANDO AVENA - Bahia Economica","description":"O maior portal de Economia da Bahia ARTIGOS, ECONOMIA \/ POL\u00cdTICA Bahia Economica","robots":{"index":"index","follow":"follow","max-snippet":"max-snippet:-1","max-image-preview":"max-image-preview:large","max-video-preview":"max-video-preview:-1"},"canonical":"https:\/\/bahiaeconomica.com.br\/wp\/2023\/07\/14\/milan-kundera-por-armando-avena\/","og_locale":"pt_BR","og_type":"article","og_title":"MILAN KUNDERA - POR ARMANDO AVENA - Bahia Economica","og_description":"O maior portal de Economia da Bahia ARTIGOS, ECONOMIA \/ POL\u00cdTICA Bahia Economica","og_url":"https:\/\/bahiaeconomica.com.br\/wp\/2023\/07\/14\/milan-kundera-por-armando-avena\/","og_site_name":"Bahia Economica","article_publisher":"https:\/\/www.facebook.com\/bahiaeconomica","article_published_time":"2023-07-14T10:42:26+00:00","og_image":[{"width":1170,"height":658,"url":"https:\/\/bahiaeconomica.com.br\/wp\/wp-content\/uploads\/2023\/07\/milan-Kundera.webp","type":"image\/webp"}],"author":"admin","twitter_card":"summary_large_image","twitter_misc":{"Escrito por":"admin","Est. tempo de leitura":"3 minutos"},"schema":{"@context":"https:\/\/schema.org","@graph":[{"@type":"Article","@id":"https:\/\/bahiaeconomica.com.br\/wp\/2023\/07\/14\/milan-kundera-por-armando-avena\/#article","isPartOf":{"@id":"https:\/\/bahiaeconomica.com.br\/wp\/2023\/07\/14\/milan-kundera-por-armando-avena\/"},"author":{"name":"admin","@id":"https:\/\/bahiaeconomica.com.br\/wp\/#\/schema\/person\/cb1ab5ba96ad3d9390805381c76284ec"},"headline":"MILAN KUNDERA &#8211; POR ARMANDO AVENA","datePublished":"2023-07-14T10:42:26+00:00","dateModified":"2023-07-14T10:42:26+00:00","mainEntityOfPage":{"@id":"https:\/\/bahiaeconomica.com.br\/wp\/2023\/07\/14\/milan-kundera-por-armando-avena\/"},"wordCount":526,"publisher":{"@id":"https:\/\/bahiaeconomica.com.br\/wp\/#organization"},"keywords":["A TARDE","Armando Avena","artigo","jornal","MILAN KUNDERA"],"articleSection":["ARTIGOS","ECONOMIA \/ POL\u00cdTICA"],"inLanguage":"pt-BR"},{"@type":"WebPage","@id":"https:\/\/bahiaeconomica.com.br\/wp\/2023\/07\/14\/milan-kundera-por-armando-avena\/","url":"https:\/\/bahiaeconomica.com.br\/wp\/2023\/07\/14\/milan-kundera-por-armando-avena\/","name":"MILAN KUNDERA - POR ARMANDO AVENA - Bahia Economica","isPartOf":{"@id":"https:\/\/bahiaeconomica.com.br\/wp\/#website"},"datePublished":"2023-07-14T10:42:26+00:00","dateModified":"2023-07-14T10:42:26+00:00","description":"O maior portal de Economia da Bahia ARTIGOS, ECONOMIA \/ POL\u00cdTICA Bahia Economica","breadcrumb":{"@id":"https:\/\/bahiaeconomica.com.br\/wp\/2023\/07\/14\/milan-kundera-por-armando-avena\/#breadcrumb"},"inLanguage":"pt-BR","potentialAction":[{"@type":"ReadAction","target":["https:\/\/bahiaeconomica.com.br\/wp\/2023\/07\/14\/milan-kundera-por-armando-avena\/"]}]},{"@type":"BreadcrumbList","@id":"https:\/\/bahiaeconomica.com.br\/wp\/2023\/07\/14\/milan-kundera-por-armando-avena\/#breadcrumb","itemListElement":[{"@type":"ListItem","position":1,"name":"In\u00edcio","item":"https:\/\/bahiaeconomica.com.br\/wp\/"},{"@type":"ListItem","position":2,"name":"MILAN KUNDERA &#8211; POR ARMANDO AVENA"}]},{"@type":"WebSite","@id":"https:\/\/bahiaeconomica.com.br\/wp\/#website","url":"https:\/\/bahiaeconomica.com.br\/wp\/","name":"Bahia Economica","description":"O maior portal de Economia da Bahia","publisher":{"@id":"https:\/\/bahiaeconomica.com.br\/wp\/#organization"},"potentialAction":[{"@type":"SearchAction","target":{"@type":"EntryPoint","urlTemplate":"https:\/\/bahiaeconomica.com.br\/wp\/?s={search_term_string}"},"query-input":"required name=search_term_string"}],"inLanguage":"pt-BR"},{"@type":"Organization","@id":"https:\/\/bahiaeconomica.com.br\/wp\/#organization","name":"Bahia Econ\u00f4mica","url":"https:\/\/bahiaeconomica.com.br\/wp\/","logo":{"@type":"ImageObject","inLanguage":"pt-BR","@id":"https:\/\/bahiaeconomica.com.br\/wp\/#\/schema\/logo\/image\/","url":"https:\/\/bahiaeconomica.com.br\/wp\/wp-content\/uploads\/2020\/12\/cropped-BE.png","contentUrl":"https:\/\/bahiaeconomica.com.br\/wp\/wp-content\/uploads\/2020\/12\/cropped-BE.png","width":512,"height":512,"caption":"Bahia Econ\u00f4mica"},"image":{"@id":"https:\/\/bahiaeconomica.com.br\/wp\/#\/schema\/logo\/image\/"},"sameAs":["https:\/\/www.facebook.com\/bahiaeconomica"]},{"@type":"Person","@id":"https:\/\/bahiaeconomica.com.br\/wp\/#\/schema\/person\/cb1ab5ba96ad3d9390805381c76284ec","name":"admin","url":"https:\/\/bahiaeconomica.com.br\/wp\/author\/admin\/"}]}},"views":81,"_links":{"self":[{"href":"https:\/\/bahiaeconomica.com.br\/wp\/wp-json\/wp\/v2\/posts\/747489"}],"collection":[{"href":"https:\/\/bahiaeconomica.com.br\/wp\/wp-json\/wp\/v2\/posts"}],"about":[{"href":"https:\/\/bahiaeconomica.com.br\/wp\/wp-json\/wp\/v2\/types\/post"}],"author":[{"embeddable":true,"href":"https:\/\/bahiaeconomica.com.br\/wp\/wp-json\/wp\/v2\/users\/1"}],"replies":[{"embeddable":true,"href":"https:\/\/bahiaeconomica.com.br\/wp\/wp-json\/wp\/v2\/comments?post=747489"}],"version-history":[{"count":1,"href":"https:\/\/bahiaeconomica.com.br\/wp\/wp-json\/wp\/v2\/posts\/747489\/revisions"}],"predecessor-version":[{"id":747495,"href":"https:\/\/bahiaeconomica.com.br\/wp\/wp-json\/wp\/v2\/posts\/747489\/revisions\/747495"}],"wp:featuredmedia":[{"embeddable":true,"href":"https:\/\/bahiaeconomica.com.br\/wp\/wp-json\/wp\/v2\/media\/747492"}],"wp:attachment":[{"href":"https:\/\/bahiaeconomica.com.br\/wp\/wp-json\/wp\/v2\/media?parent=747489"}],"wp:term":[{"taxonomy":"category","embeddable":true,"href":"https:\/\/bahiaeconomica.com.br\/wp\/wp-json\/wp\/v2\/categories?post=747489"},{"taxonomy":"post_tag","embeddable":true,"href":"https:\/\/bahiaeconomica.com.br\/wp\/wp-json\/wp\/v2\/tags?post=747489"}],"curies":[{"name":"wp","href":"https:\/\/api.w.org\/{rel}","templated":true}]}}