{"id":746719,"date":"2023-07-11T17:43:24","date_gmt":"2023-07-11T20:43:24","guid":{"rendered":"https:\/\/bahiaeconomica.com.br\/wp\/?p=746719"},"modified":"2023-07-11T17:43:24","modified_gmt":"2023-07-11T20:43:24","slug":"baiano-vai-representar-brasil-em-competicao-mundial-de-triatlhon-na-alemanha","status":"publish","type":"post","link":"https:\/\/bahiaeconomica.com.br\/wp\/2023\/07\/11\/baiano-vai-representar-brasil-em-competicao-mundial-de-triatlhon-na-alemanha\/","title":{"rendered":"BAIANO VAI REPRESENTAR BRASIL EM COMPETI\u00c7\u00c3O MUNDIAL DE TRIATLHON NA ALEMANHA"},"content":{"rendered":"<p>Agendado para acontecer entre os dias 12 a 16 de julho, na cidade de Hamburgo, na Alemanha, o Campeonato Mundial de Triatlhon Sprint vai contar com a participa\u00e7\u00e3o de dez brasileiros, entre eles o baiano Cl\u00e9ber Castro. O atleta teve o apoio com passagem a\u00e9rea da Superintend\u00eancia dos Desportos do Estado da Bahia (Sudesb), autarquia da Secretaria do Trabalho, Emprego, Renda e Esporte (Setre).<\/p>\n<p>O baiano foi classificado para o mundial ap\u00f3s bons resultados obtidos em competi\u00e7\u00f5es estaduais e nacionais de 2022. \u00c9 de extrema import\u00e2ncia estar presente num campeonato como o mundial, pois o alto n\u00edvel t\u00e9cnico dos competidores exige, tamb\u00e9m, que cada um melhore seu condicionamento e intensifique o ritmo\u201d, afirmou.<\/p>\n<p>De acordo com Cl\u00e9ber, al\u00e9m de competir, ele tamb\u00e9m aproveita encontros nacionais e internacionais para se reunir com outros presidentes de federa\u00e7\u00f5es e confedera\u00e7\u00f5es, sempre buscando trazer eventos grandes de triatlhon para a Bahia.<\/p>\n<div class=\"td-post-content tagdiv-type\">\n<p><strong><em>Foto: Ascom\/Sudesb<\/em><\/strong><\/p>\n<\/div>\n<p>&nbsp;<\/p>\n","protected":false},"excerpt":{"rendered":"<p>Agendado para acontecer entre os dias 12 a 16 de julho, na cidade de Hamburgo, na Alemanha, o Campeonato Mundial de Triatlhon Sprint vai contar com a participa\u00e7\u00e3o de dez brasileiros, entre eles o baiano Cl\u00e9ber Castro. O atleta teve o apoio com passagem a\u00e9rea da Superintend\u00eancia dos Desportos do Estado da Bahia (Sudesb), autarquia [&hellip;]<\/p>\n","protected":false},"author":18,"featured_media":746720,"comment_status":"closed","ping_status":"closed","sticky":false,"template":"","format":"standard","meta":[],"categories":[4486],"tags":[1968,1140,16130,16128,88,16129],"acf":[],"yoast_head":"<!-- This site is optimized with the Yoast SEO plugin v20.8 - https:\/\/yoast.com\/wordpress\/plugins\/seo\/ -->\n<title>BAIANO VAI REPRESENTAR BRASIL EM COMPETI\u00c7\u00c3O MUNDIAL DE TRIATLHON NA ALEMANHA - Bahia Economica<\/title>\n<meta name=\"description\" content=\"O maior portal de Economia da Bahia Esporte Bahia Economica Agendado para acontecer entre os dias 12 a 16 de julho, na cidade de Hamburgo\" \/>\n<meta name=\"robots\" content=\"index, follow, max-snippet:-1, max-image-preview:large, max-video-preview:-1\" \/>\n<link rel=\"canonical\" href=\"https:\/\/bahiaeconomica.com.br\/wp\/2023\/07\/11\/baiano-vai-representar-brasil-em-competicao-mundial-de-triatlhon-na-alemanha\/\" \/>\n<meta property=\"og:locale\" content=\"pt_BR\" \/>\n<meta property=\"og:type\" content=\"article\" \/>\n<meta property=\"og:title\" content=\"BAIANO VAI REPRESENTAR BRASIL EM COMPETI\u00c7\u00c3O MUNDIAL DE TRIATLHON NA ALEMANHA - Bahia Economica\" \/>\n<meta property=\"og:description\" content=\"O maior portal de Economia da Bahia Esporte Bahia Economica Agendado para acontecer entre os dias 12 a 16 de julho, na cidade de Hamburgo\" \/>\n<meta property=\"og:url\" content=\"https:\/\/bahiaeconomica.com.br\/wp\/2023\/07\/11\/baiano-vai-representar-brasil-em-competicao-mundial-de-triatlhon-na-alemanha\/\" \/>\n<meta property=\"og:site_name\" content=\"Bahia Economica\" \/>\n<meta property=\"article:publisher\" content=\"https:\/\/www.facebook.com\/bahiaeconomica\" \/>\n<meta property=\"article:published_time\" content=\"2023-07-11T20:43:24+00:00\" \/>\n<meta property=\"og:image\" content=\"https:\/\/bahiaeconomica.com.br\/wp\/wp-content\/uploads\/2023\/07\/Fotos-Cleber-Castro-Triathlon-3.webp\" \/>\n\t<meta property=\"og:image:width\" content=\"1600\" \/>\n\t<meta property=\"og:image:height\" content=\"1069\" \/>\n\t<meta property=\"og:image:type\" content=\"image\/webp\" \/>\n<meta name=\"author\" content=\"Emily Oliveira\" \/>\n<meta name=\"twitter:card\" content=\"summary_large_image\" \/>\n<meta name=\"twitter:label1\" content=\"Escrito por\" \/>\n\t<meta name=\"twitter:data1\" content=\"Emily Oliveira\" \/>\n\t<meta name=\"twitter:label2\" content=\"Est. tempo de leitura\" \/>\n\t<meta name=\"twitter:data2\" content=\"1 minuto\" \/>\n<script type=\"application\/ld+json\" class=\"yoast-schema-graph\">{\"@context\":\"https:\/\/schema.org\",\"@graph\":[{\"@type\":\"Article\",\"@id\":\"https:\/\/bahiaeconomica.com.br\/wp\/2023\/07\/11\/baiano-vai-representar-brasil-em-competicao-mundial-de-triatlhon-na-alemanha\/#article\",\"isPartOf\":{\"@id\":\"https:\/\/bahiaeconomica.com.br\/wp\/2023\/07\/11\/baiano-vai-representar-brasil-em-competicao-mundial-de-triatlhon-na-alemanha\/\"},\"author\":{\"name\":\"Emily Oliveira\",\"@id\":\"https:\/\/bahiaeconomica.com.br\/wp\/#\/schema\/person\/547396bb3b39ebb828ab5807d982c42f\"},\"headline\":\"BAIANO VAI REPRESENTAR BRASIL EM COMPETI\u00c7\u00c3O MUNDIAL DE TRIATLHON NA ALEMANHA\",\"datePublished\":\"2023-07-11T20:43:24+00:00\",\"dateModified\":\"2023-07-11T20:43:24+00:00\",\"mainEntityOfPage\":{\"@id\":\"https:\/\/bahiaeconomica.com.br\/wp\/2023\/07\/11\/baiano-vai-representar-brasil-em-competicao-mundial-de-triatlhon-na-alemanha\/\"},\"wordCount\":174,\"publisher\":{\"@id\":\"https:\/\/bahiaeconomica.com.br\/wp\/#organization\"},\"keywords\":[\"alemanha\",\"baiano\",\"cl\u00e9ber castro\",\"competi\u00e7\u00e3o mundial\",\"governo da Bahia\",\"triatlhon\"],\"articleSection\":[\"Esporte\"],\"inLanguage\":\"pt-BR\"},{\"@type\":\"WebPage\",\"@id\":\"https:\/\/bahiaeconomica.com.br\/wp\/2023\/07\/11\/baiano-vai-representar-brasil-em-competicao-mundial-de-triatlhon-na-alemanha\/\",\"url\":\"https:\/\/bahiaeconomica.com.br\/wp\/2023\/07\/11\/baiano-vai-representar-brasil-em-competicao-mundial-de-triatlhon-na-alemanha\/\",\"name\":\"BAIANO VAI REPRESENTAR BRASIL EM COMPETI\u00c7\u00c3O MUNDIAL DE TRIATLHON NA ALEMANHA - Bahia Economica\",\"isPartOf\":{\"@id\":\"https:\/\/bahiaeconomica.com.br\/wp\/#website\"},\"datePublished\":\"2023-07-11T20:43:24+00:00\",\"dateModified\":\"2023-07-11T20:43:24+00:00\",\"description\":\"O maior portal de Economia da Bahia Esporte Bahia Economica Agendado para acontecer entre os dias 12 a 16 de julho, na cidade de Hamburgo\",\"breadcrumb\":{\"@id\":\"https:\/\/bahiaeconomica.com.br\/wp\/2023\/07\/11\/baiano-vai-representar-brasil-em-competicao-mundial-de-triatlhon-na-alemanha\/#breadcrumb\"},\"inLanguage\":\"pt-BR\",\"potentialAction\":[{\"@type\":\"ReadAction\",\"target\":[\"https:\/\/bahiaeconomica.com.br\/wp\/2023\/07\/11\/baiano-vai-representar-brasil-em-competicao-mundial-de-triatlhon-na-alemanha\/\"]}]},{\"@type\":\"BreadcrumbList\",\"@id\":\"https:\/\/bahiaeconomica.com.br\/wp\/2023\/07\/11\/baiano-vai-representar-brasil-em-competicao-mundial-de-triatlhon-na-alemanha\/#breadcrumb\",\"itemListElement\":[{\"@type\":\"ListItem\",\"position\":1,\"name\":\"In\u00edcio\",\"item\":\"https:\/\/bahiaeconomica.com.br\/wp\/\"},{\"@type\":\"ListItem\",\"position\":2,\"name\":\"BAIANO VAI REPRESENTAR BRASIL EM COMPETI\u00c7\u00c3O MUNDIAL DE TRIATLHON NA ALEMANHA\"}]},{\"@type\":\"WebSite\",\"@id\":\"https:\/\/bahiaeconomica.com.br\/wp\/#website\",\"url\":\"https:\/\/bahiaeconomica.com.br\/wp\/\",\"name\":\"Bahia Economica\",\"description\":\"O maior portal de Economia da Bahia\",\"publisher\":{\"@id\":\"https:\/\/bahiaeconomica.com.br\/wp\/#organization\"},\"potentialAction\":[{\"@type\":\"SearchAction\",\"target\":{\"@type\":\"EntryPoint\",\"urlTemplate\":\"https:\/\/bahiaeconomica.com.br\/wp\/?s={search_term_string}\"},\"query-input\":\"required name=search_term_string\"}],\"inLanguage\":\"pt-BR\"},{\"@type\":\"Organization\",\"@id\":\"https:\/\/bahiaeconomica.com.br\/wp\/#organization\",\"name\":\"Bahia Econ\u00f4mica\",\"url\":\"https:\/\/bahiaeconomica.com.br\/wp\/\",\"logo\":{\"@type\":\"ImageObject\",\"inLanguage\":\"pt-BR\",\"@id\":\"https:\/\/bahiaeconomica.com.br\/wp\/#\/schema\/logo\/image\/\",\"url\":\"https:\/\/bahiaeconomica.com.br\/wp\/wp-content\/uploads\/2020\/12\/cropped-BE.png\",\"contentUrl\":\"https:\/\/bahiaeconomica.com.br\/wp\/wp-content\/uploads\/2020\/12\/cropped-BE.png\",\"width\":512,\"height\":512,\"caption\":\"Bahia Econ\u00f4mica\"},\"image\":{\"@id\":\"https:\/\/bahiaeconomica.com.br\/wp\/#\/schema\/logo\/image\/\"},\"sameAs\":[\"https:\/\/www.facebook.com\/bahiaeconomica\"]},{\"@type\":\"Person\",\"@id\":\"https:\/\/bahiaeconomica.com.br\/wp\/#\/schema\/person\/547396bb3b39ebb828ab5807d982c42f\",\"name\":\"Emily Oliveira\",\"sameAs\":[\"https:\/\/bahiaeconomica.com.br\/wp\/\"],\"url\":\"https:\/\/bahiaeconomica.com.br\/wp\/author\/emily-oliveira\/\"}]}<\/script>\n<!-- \/ Yoast SEO plugin. -->","yoast_head_json":{"title":"BAIANO VAI REPRESENTAR BRASIL EM COMPETI\u00c7\u00c3O MUNDIAL DE TRIATLHON NA ALEMANHA - Bahia Economica","description":"O maior portal de Economia da Bahia Esporte Bahia Economica Agendado para acontecer entre os dias 12 a 16 de julho, na cidade de Hamburgo","robots":{"index":"index","follow":"follow","max-snippet":"max-snippet:-1","max-image-preview":"max-image-preview:large","max-video-preview":"max-video-preview:-1"},"canonical":"https:\/\/bahiaeconomica.com.br\/wp\/2023\/07\/11\/baiano-vai-representar-brasil-em-competicao-mundial-de-triatlhon-na-alemanha\/","og_locale":"pt_BR","og_type":"article","og_title":"BAIANO VAI REPRESENTAR BRASIL EM COMPETI\u00c7\u00c3O MUNDIAL DE TRIATLHON NA ALEMANHA - Bahia Economica","og_description":"O maior portal de Economia da Bahia Esporte Bahia Economica Agendado para acontecer entre os dias 12 a 16 de julho, na cidade de Hamburgo","og_url":"https:\/\/bahiaeconomica.com.br\/wp\/2023\/07\/11\/baiano-vai-representar-brasil-em-competicao-mundial-de-triatlhon-na-alemanha\/","og_site_name":"Bahia Economica","article_publisher":"https:\/\/www.facebook.com\/bahiaeconomica","article_published_time":"2023-07-11T20:43:24+00:00","og_image":[{"width":1600,"height":1069,"url":"https:\/\/bahiaeconomica.com.br\/wp\/wp-content\/uploads\/2023\/07\/Fotos-Cleber-Castro-Triathlon-3.webp","type":"image\/webp"}],"author":"Emily Oliveira","twitter_card":"summary_large_image","twitter_misc":{"Escrito por":"Emily Oliveira","Est. tempo de leitura":"1 minuto"},"schema":{"@context":"https:\/\/schema.org","@graph":[{"@type":"Article","@id":"https:\/\/bahiaeconomica.com.br\/wp\/2023\/07\/11\/baiano-vai-representar-brasil-em-competicao-mundial-de-triatlhon-na-alemanha\/#article","isPartOf":{"@id":"https:\/\/bahiaeconomica.com.br\/wp\/2023\/07\/11\/baiano-vai-representar-brasil-em-competicao-mundial-de-triatlhon-na-alemanha\/"},"author":{"name":"Emily Oliveira","@id":"https:\/\/bahiaeconomica.com.br\/wp\/#\/schema\/person\/547396bb3b39ebb828ab5807d982c42f"},"headline":"BAIANO VAI REPRESENTAR BRASIL EM COMPETI\u00c7\u00c3O MUNDIAL DE TRIATLHON NA ALEMANHA","datePublished":"2023-07-11T20:43:24+00:00","dateModified":"2023-07-11T20:43:24+00:00","mainEntityOfPage":{"@id":"https:\/\/bahiaeconomica.com.br\/wp\/2023\/07\/11\/baiano-vai-representar-brasil-em-competicao-mundial-de-triatlhon-na-alemanha\/"},"wordCount":174,"publisher":{"@id":"https:\/\/bahiaeconomica.com.br\/wp\/#organization"},"keywords":["alemanha","baiano","cl\u00e9ber castro","competi\u00e7\u00e3o mundial","governo da Bahia","triatlhon"],"articleSection":["Esporte"],"inLanguage":"pt-BR"},{"@type":"WebPage","@id":"https:\/\/bahiaeconomica.com.br\/wp\/2023\/07\/11\/baiano-vai-representar-brasil-em-competicao-mundial-de-triatlhon-na-alemanha\/","url":"https:\/\/bahiaeconomica.com.br\/wp\/2023\/07\/11\/baiano-vai-representar-brasil-em-competicao-mundial-de-triatlhon-na-alemanha\/","name":"BAIANO VAI REPRESENTAR BRASIL EM COMPETI\u00c7\u00c3O MUNDIAL DE TRIATLHON NA ALEMANHA - Bahia Economica","isPartOf":{"@id":"https:\/\/bahiaeconomica.com.br\/wp\/#website"},"datePublished":"2023-07-11T20:43:24+00:00","dateModified":"2023-07-11T20:43:24+00:00","description":"O maior portal de Economia da Bahia Esporte Bahia Economica Agendado para acontecer entre os dias 12 a 16 de julho, na cidade de Hamburgo","breadcrumb":{"@id":"https:\/\/bahiaeconomica.com.br\/wp\/2023\/07\/11\/baiano-vai-representar-brasil-em-competicao-mundial-de-triatlhon-na-alemanha\/#breadcrumb"},"inLanguage":"pt-BR","potentialAction":[{"@type":"ReadAction","target":["https:\/\/bahiaeconomica.com.br\/wp\/2023\/07\/11\/baiano-vai-representar-brasil-em-competicao-mundial-de-triatlhon-na-alemanha\/"]}]},{"@type":"BreadcrumbList","@id":"https:\/\/bahiaeconomica.com.br\/wp\/2023\/07\/11\/baiano-vai-representar-brasil-em-competicao-mundial-de-triatlhon-na-alemanha\/#breadcrumb","itemListElement":[{"@type":"ListItem","position":1,"name":"In\u00edcio","item":"https:\/\/bahiaeconomica.com.br\/wp\/"},{"@type":"ListItem","position":2,"name":"BAIANO VAI REPRESENTAR BRASIL EM COMPETI\u00c7\u00c3O MUNDIAL DE TRIATLHON NA ALEMANHA"}]},{"@type":"WebSite","@id":"https:\/\/bahiaeconomica.com.br\/wp\/#website","url":"https:\/\/bahiaeconomica.com.br\/wp\/","name":"Bahia Economica","description":"O maior portal de Economia da Bahia","publisher":{"@id":"https:\/\/bahiaeconomica.com.br\/wp\/#organization"},"potentialAction":[{"@type":"SearchAction","target":{"@type":"EntryPoint","urlTemplate":"https:\/\/bahiaeconomica.com.br\/wp\/?s={search_term_string}"},"query-input":"required name=search_term_string"}],"inLanguage":"pt-BR"},{"@type":"Organization","@id":"https:\/\/bahiaeconomica.com.br\/wp\/#organization","name":"Bahia Econ\u00f4mica","url":"https:\/\/bahiaeconomica.com.br\/wp\/","logo":{"@type":"ImageObject","inLanguage":"pt-BR","@id":"https:\/\/bahiaeconomica.com.br\/wp\/#\/schema\/logo\/image\/","url":"https:\/\/bahiaeconomica.com.br\/wp\/wp-content\/uploads\/2020\/12\/cropped-BE.png","contentUrl":"https:\/\/bahiaeconomica.com.br\/wp\/wp-content\/uploads\/2020\/12\/cropped-BE.png","width":512,"height":512,"caption":"Bahia Econ\u00f4mica"},"image":{"@id":"https:\/\/bahiaeconomica.com.br\/wp\/#\/schema\/logo\/image\/"},"sameAs":["https:\/\/www.facebook.com\/bahiaeconomica"]},{"@type":"Person","@id":"https:\/\/bahiaeconomica.com.br\/wp\/#\/schema\/person\/547396bb3b39ebb828ab5807d982c42f","name":"Emily Oliveira","sameAs":["https:\/\/bahiaeconomica.com.br\/wp\/"],"url":"https:\/\/bahiaeconomica.com.br\/wp\/author\/emily-oliveira\/"}]}},"views":18,"_links":{"self":[{"href":"https:\/\/bahiaeconomica.com.br\/wp\/wp-json\/wp\/v2\/posts\/746719"}],"collection":[{"href":"https:\/\/bahiaeconomica.com.br\/wp\/wp-json\/wp\/v2\/posts"}],"about":[{"href":"https:\/\/bahiaeconomica.com.br\/wp\/wp-json\/wp\/v2\/types\/post"}],"author":[{"embeddable":true,"href":"https:\/\/bahiaeconomica.com.br\/wp\/wp-json\/wp\/v2\/users\/18"}],"replies":[{"embeddable":true,"href":"https:\/\/bahiaeconomica.com.br\/wp\/wp-json\/wp\/v2\/comments?post=746719"}],"version-history":[{"count":1,"href":"https:\/\/bahiaeconomica.com.br\/wp\/wp-json\/wp\/v2\/posts\/746719\/revisions"}],"predecessor-version":[{"id":746721,"href":"https:\/\/bahiaeconomica.com.br\/wp\/wp-json\/wp\/v2\/posts\/746719\/revisions\/746721"}],"wp:featuredmedia":[{"embeddable":true,"href":"https:\/\/bahiaeconomica.com.br\/wp\/wp-json\/wp\/v2\/media\/746720"}],"wp:attachment":[{"href":"https:\/\/bahiaeconomica.com.br\/wp\/wp-json\/wp\/v2\/media?parent=746719"}],"wp:term":[{"taxonomy":"category","embeddable":true,"href":"https:\/\/bahiaeconomica.com.br\/wp\/wp-json\/wp\/v2\/categories?post=746719"},{"taxonomy":"post_tag","embeddable":true,"href":"https:\/\/bahiaeconomica.com.br\/wp\/wp-json\/wp\/v2\/tags?post=746719"}],"curies":[{"name":"wp","href":"https:\/\/api.w.org\/{rel}","templated":true}]}}