{"id":746038,"date":"2023-07-08T15:00:16","date_gmt":"2023-07-08T18:00:16","guid":{"rendered":"https:\/\/bahiaeconomica.com.br\/wp\/?p=746038"},"modified":"2023-07-08T10:58:47","modified_gmt":"2023-07-08T13:58:47","slug":"arena-fonte-nova-participa-de-projeto-que-empodera-estudantes-da-rede-publica","status":"publish","type":"post","link":"https:\/\/bahiaeconomica.com.br\/wp\/2023\/07\/08\/arena-fonte-nova-participa-de-projeto-que-empodera-estudantes-da-rede-publica\/","title":{"rendered":"ARENA FONTE NOVA PARTICIPA DE PROJETO QUE EMPODERA ESTUDANTES DA REDE P\u00daBLICA"},"content":{"rendered":"<p>A Arena Fonte Nova participou nesta sexta-feira (07) do projeto Executivos na Escola, a\u00e7\u00e3o que conecta empresas e estudantes de escolas estaduais que est\u00e3o no processo de capacita\u00e7\u00e3o profissional. A atividade, realizada em comemora\u00e7\u00e3o aos 18 anos da Junior Achievement Bahia (JA Bahia), levou executivos para compartilhar suas hist\u00f3rias de carreira com jovens de 15 a 24 anos do Col\u00e9gio Estadual Carlos Marighella, no Stiep.<\/p>\n<p>O bate-papo entre alunos e lideran\u00e7as teve como objetivo incentivar os jovens a permanecer na escola e os inspirar com hist\u00f3rias reais de carreira. \u201c\u00c9 gratificante poder compartilhar parte da nossa hist\u00f3ria com os estudantes e incentiv\u00e1-los a seguir o caminho profissional.\u00a0 Uma troca de experi\u00eancias capaz de proporcionar mudan\u00e7as positivas no futuro dos jovens e, consequentemente, da nossa sociedade\u201d, afirma D\u00eanio Cidreira, presidente da Arena Fonte Nova.<\/p>\n<p>De acordo com a gerente executiva da JA Bahia, Tain\u00e3 Neves, n\u00e3o h\u00e1 melhor forma de celebrar o anivers\u00e1rio da organiza\u00e7\u00e3o a n\u00e3o ser dessa forma, trabalhando para transformar perspectivas de vidas atrav\u00e9s da educa\u00e7\u00e3o. \u201cEstamos promovendo experi\u00eancia \u00fanicas para volunt\u00e1rios da JA, empresas parceiras, para a escola, que \u00e9 super engajada, e principalmente, para os jovens de ensino m\u00e9dio que receber\u00e3o essa a\u00e7\u00e3o e em um momento ideal: ano de Enem\u201d, destaca. Al\u00e9m do Projeto Executivos na Escola a Arena Fonte Nova tamb\u00e9m participa do programa Empres\u00e1rio Sombra, com apadrinhamento de alunos para vivenciam a rotina dos colaboradores por um dia.<\/p>\n","protected":false},"excerpt":{"rendered":"<p>A Arena Fonte Nova participou nesta sexta-feira (07) do projeto Executivos na Escola, a\u00e7\u00e3o que conecta empresas e estudantes de escolas estaduais que est\u00e3o no processo de capacita\u00e7\u00e3o profissional. A atividade, realizada em comemora\u00e7\u00e3o aos 18 anos da Junior Achievement Bahia (JA Bahia), levou executivos para compartilhar suas hist\u00f3rias de carreira com jovens de 15 [&hellip;]<\/p>\n","protected":false},"author":8,"featured_media":746039,"comment_status":"closed","ping_status":"closed","sticky":false,"template":"","format":"standard","meta":[],"categories":[3],"tags":[2010,85,1737,957],"acf":[],"yoast_head":"<!-- This site is optimized with the Yoast SEO plugin v20.8 - https:\/\/yoast.com\/wordpress\/plugins\/seo\/ -->\n<title>ARENA FONTE NOVA PARTICIPA DE PROJETO QUE EMPODERA ESTUDANTES DA REDE P\u00daBLICA - Bahia Economica<\/title>\n<meta name=\"description\" content=\"O maior portal de Economia da Bahia ECONOMIA \/ POL\u00cdTICA Bahia Economica A Arena Fonte Nova participou nesta sexta-feira (07) do projeto\" \/>\n<meta name=\"robots\" content=\"index, follow, max-snippet:-1, max-image-preview:large, max-video-preview:-1\" \/>\n<link rel=\"canonical\" href=\"https:\/\/bahiaeconomica.com.br\/wp\/2023\/07\/08\/arena-fonte-nova-participa-de-projeto-que-empodera-estudantes-da-rede-publica\/\" \/>\n<meta property=\"og:locale\" content=\"pt_BR\" \/>\n<meta property=\"og:type\" content=\"article\" \/>\n<meta property=\"og:title\" content=\"ARENA FONTE NOVA PARTICIPA DE PROJETO QUE EMPODERA ESTUDANTES DA REDE P\u00daBLICA - Bahia Economica\" \/>\n<meta property=\"og:description\" content=\"O maior portal de Economia da Bahia ECONOMIA \/ POL\u00cdTICA Bahia Economica A Arena Fonte Nova participou nesta sexta-feira (07) do projeto\" \/>\n<meta property=\"og:url\" content=\"https:\/\/bahiaeconomica.com.br\/wp\/2023\/07\/08\/arena-fonte-nova-participa-de-projeto-que-empodera-estudantes-da-rede-publica\/\" \/>\n<meta property=\"og:site_name\" content=\"Bahia Economica\" \/>\n<meta property=\"article:publisher\" content=\"https:\/\/www.facebook.com\/bahiaeconomica\" \/>\n<meta property=\"article:published_time\" content=\"2023-07-08T18:00:16+00:00\" \/>\n<meta property=\"article:modified_time\" content=\"2023-07-08T13:58:47+00:00\" \/>\n<meta property=\"og:image\" content=\"https:\/\/bahiaeconomica.com.br\/wp\/wp-content\/uploads\/2023\/07\/WhatsApp-Image-2023-07-07-at-17.16.00.jpeg\" \/>\n\t<meta property=\"og:image:width\" content=\"1080\" \/>\n\t<meta property=\"og:image:height\" content=\"604\" \/>\n\t<meta property=\"og:image:type\" content=\"image\/jpeg\" \/>\n<meta name=\"author\" content=\"JP\" \/>\n<meta name=\"twitter:card\" content=\"summary_large_image\" \/>\n<meta name=\"twitter:label1\" content=\"Escrito por\" \/>\n\t<meta name=\"twitter:data1\" content=\"JP\" \/>\n\t<meta name=\"twitter:label2\" content=\"Est. tempo de leitura\" \/>\n\t<meta name=\"twitter:data2\" content=\"2 minutos\" \/>\n<script type=\"application\/ld+json\" class=\"yoast-schema-graph\">{\"@context\":\"https:\/\/schema.org\",\"@graph\":[{\"@type\":\"Article\",\"@id\":\"https:\/\/bahiaeconomica.com.br\/wp\/2023\/07\/08\/arena-fonte-nova-participa-de-projeto-que-empodera-estudantes-da-rede-publica\/#article\",\"isPartOf\":{\"@id\":\"https:\/\/bahiaeconomica.com.br\/wp\/2023\/07\/08\/arena-fonte-nova-participa-de-projeto-que-empodera-estudantes-da-rede-publica\/\"},\"author\":{\"name\":\"JP\",\"@id\":\"https:\/\/bahiaeconomica.com.br\/wp\/#\/schema\/person\/c86d3a3f8960425a0f9d0e5245991f4e\"},\"headline\":\"ARENA FONTE NOVA PARTICIPA DE PROJETO QUE EMPODERA ESTUDANTES DA REDE P\u00daBLICA\",\"datePublished\":\"2023-07-08T18:00:16+00:00\",\"dateModified\":\"2023-07-08T13:58:47+00:00\",\"mainEntityOfPage\":{\"@id\":\"https:\/\/bahiaeconomica.com.br\/wp\/2023\/07\/08\/arena-fonte-nova-participa-de-projeto-que-empodera-estudantes-da-rede-publica\/\"},\"wordCount\":269,\"publisher\":{\"@id\":\"https:\/\/bahiaeconomica.com.br\/wp\/#organization\"},\"keywords\":[\"arena\",\"Bahia\",\"fonte\",\"nova\"],\"articleSection\":[\"ECONOMIA \/ POL\u00cdTICA\"],\"inLanguage\":\"pt-BR\"},{\"@type\":\"WebPage\",\"@id\":\"https:\/\/bahiaeconomica.com.br\/wp\/2023\/07\/08\/arena-fonte-nova-participa-de-projeto-que-empodera-estudantes-da-rede-publica\/\",\"url\":\"https:\/\/bahiaeconomica.com.br\/wp\/2023\/07\/08\/arena-fonte-nova-participa-de-projeto-que-empodera-estudantes-da-rede-publica\/\",\"name\":\"ARENA FONTE NOVA PARTICIPA DE PROJETO QUE EMPODERA ESTUDANTES DA REDE P\u00daBLICA - Bahia Economica\",\"isPartOf\":{\"@id\":\"https:\/\/bahiaeconomica.com.br\/wp\/#website\"},\"datePublished\":\"2023-07-08T18:00:16+00:00\",\"dateModified\":\"2023-07-08T13:58:47+00:00\",\"description\":\"O maior portal de Economia da Bahia ECONOMIA \/ POL\u00cdTICA Bahia Economica A Arena Fonte Nova participou nesta sexta-feira (07) do projeto\",\"breadcrumb\":{\"@id\":\"https:\/\/bahiaeconomica.com.br\/wp\/2023\/07\/08\/arena-fonte-nova-participa-de-projeto-que-empodera-estudantes-da-rede-publica\/#breadcrumb\"},\"inLanguage\":\"pt-BR\",\"potentialAction\":[{\"@type\":\"ReadAction\",\"target\":[\"https:\/\/bahiaeconomica.com.br\/wp\/2023\/07\/08\/arena-fonte-nova-participa-de-projeto-que-empodera-estudantes-da-rede-publica\/\"]}]},{\"@type\":\"BreadcrumbList\",\"@id\":\"https:\/\/bahiaeconomica.com.br\/wp\/2023\/07\/08\/arena-fonte-nova-participa-de-projeto-que-empodera-estudantes-da-rede-publica\/#breadcrumb\",\"itemListElement\":[{\"@type\":\"ListItem\",\"position\":1,\"name\":\"In\u00edcio\",\"item\":\"https:\/\/bahiaeconomica.com.br\/wp\/\"},{\"@type\":\"ListItem\",\"position\":2,\"name\":\"ARENA FONTE NOVA PARTICIPA DE PROJETO QUE EMPODERA ESTUDANTES DA REDE P\u00daBLICA\"}]},{\"@type\":\"WebSite\",\"@id\":\"https:\/\/bahiaeconomica.com.br\/wp\/#website\",\"url\":\"https:\/\/bahiaeconomica.com.br\/wp\/\",\"name\":\"Bahia Economica\",\"description\":\"O maior portal de Economia da Bahia\",\"publisher\":{\"@id\":\"https:\/\/bahiaeconomica.com.br\/wp\/#organization\"},\"potentialAction\":[{\"@type\":\"SearchAction\",\"target\":{\"@type\":\"EntryPoint\",\"urlTemplate\":\"https:\/\/bahiaeconomica.com.br\/wp\/?s={search_term_string}\"},\"query-input\":\"required name=search_term_string\"}],\"inLanguage\":\"pt-BR\"},{\"@type\":\"Organization\",\"@id\":\"https:\/\/bahiaeconomica.com.br\/wp\/#organization\",\"name\":\"Bahia Econ\u00f4mica\",\"url\":\"https:\/\/bahiaeconomica.com.br\/wp\/\",\"logo\":{\"@type\":\"ImageObject\",\"inLanguage\":\"pt-BR\",\"@id\":\"https:\/\/bahiaeconomica.com.br\/wp\/#\/schema\/logo\/image\/\",\"url\":\"https:\/\/bahiaeconomica.com.br\/wp\/wp-content\/uploads\/2020\/12\/cropped-BE.png\",\"contentUrl\":\"https:\/\/bahiaeconomica.com.br\/wp\/wp-content\/uploads\/2020\/12\/cropped-BE.png\",\"width\":512,\"height\":512,\"caption\":\"Bahia Econ\u00f4mica\"},\"image\":{\"@id\":\"https:\/\/bahiaeconomica.com.br\/wp\/#\/schema\/logo\/image\/\"},\"sameAs\":[\"https:\/\/www.facebook.com\/bahiaeconomica\"]},{\"@type\":\"Person\",\"@id\":\"https:\/\/bahiaeconomica.com.br\/wp\/#\/schema\/person\/c86d3a3f8960425a0f9d0e5245991f4e\",\"name\":\"JP\",\"sameAs\":[\"https:\/\/bahiaeconomica.com.br\/wp\/beta\/\"],\"url\":\"https:\/\/bahiaeconomica.com.br\/wp\/author\/jp\/\"}]}<\/script>\n<!-- \/ Yoast SEO plugin. -->","yoast_head_json":{"title":"ARENA FONTE NOVA PARTICIPA DE PROJETO QUE EMPODERA ESTUDANTES DA REDE P\u00daBLICA - Bahia Economica","description":"O maior portal de Economia da Bahia ECONOMIA \/ POL\u00cdTICA Bahia Economica A Arena Fonte Nova participou nesta sexta-feira (07) do projeto","robots":{"index":"index","follow":"follow","max-snippet":"max-snippet:-1","max-image-preview":"max-image-preview:large","max-video-preview":"max-video-preview:-1"},"canonical":"https:\/\/bahiaeconomica.com.br\/wp\/2023\/07\/08\/arena-fonte-nova-participa-de-projeto-que-empodera-estudantes-da-rede-publica\/","og_locale":"pt_BR","og_type":"article","og_title":"ARENA FONTE NOVA PARTICIPA DE PROJETO QUE EMPODERA ESTUDANTES DA REDE P\u00daBLICA - Bahia Economica","og_description":"O maior portal de Economia da Bahia ECONOMIA \/ POL\u00cdTICA Bahia Economica A Arena Fonte Nova participou nesta sexta-feira (07) do projeto","og_url":"https:\/\/bahiaeconomica.com.br\/wp\/2023\/07\/08\/arena-fonte-nova-participa-de-projeto-que-empodera-estudantes-da-rede-publica\/","og_site_name":"Bahia Economica","article_publisher":"https:\/\/www.facebook.com\/bahiaeconomica","article_published_time":"2023-07-08T18:00:16+00:00","article_modified_time":"2023-07-08T13:58:47+00:00","og_image":[{"width":1080,"height":604,"url":"https:\/\/bahiaeconomica.com.br\/wp\/wp-content\/uploads\/2023\/07\/WhatsApp-Image-2023-07-07-at-17.16.00.jpeg","type":"image\/jpeg"}],"author":"JP","twitter_card":"summary_large_image","twitter_misc":{"Escrito por":"JP","Est. tempo de leitura":"2 minutos"},"schema":{"@context":"https:\/\/schema.org","@graph":[{"@type":"Article","@id":"https:\/\/bahiaeconomica.com.br\/wp\/2023\/07\/08\/arena-fonte-nova-participa-de-projeto-que-empodera-estudantes-da-rede-publica\/#article","isPartOf":{"@id":"https:\/\/bahiaeconomica.com.br\/wp\/2023\/07\/08\/arena-fonte-nova-participa-de-projeto-que-empodera-estudantes-da-rede-publica\/"},"author":{"name":"JP","@id":"https:\/\/bahiaeconomica.com.br\/wp\/#\/schema\/person\/c86d3a3f8960425a0f9d0e5245991f4e"},"headline":"ARENA FONTE NOVA PARTICIPA DE PROJETO QUE EMPODERA ESTUDANTES DA REDE P\u00daBLICA","datePublished":"2023-07-08T18:00:16+00:00","dateModified":"2023-07-08T13:58:47+00:00","mainEntityOfPage":{"@id":"https:\/\/bahiaeconomica.com.br\/wp\/2023\/07\/08\/arena-fonte-nova-participa-de-projeto-que-empodera-estudantes-da-rede-publica\/"},"wordCount":269,"publisher":{"@id":"https:\/\/bahiaeconomica.com.br\/wp\/#organization"},"keywords":["arena","Bahia","fonte","nova"],"articleSection":["ECONOMIA \/ POL\u00cdTICA"],"inLanguage":"pt-BR"},{"@type":"WebPage","@id":"https:\/\/bahiaeconomica.com.br\/wp\/2023\/07\/08\/arena-fonte-nova-participa-de-projeto-que-empodera-estudantes-da-rede-publica\/","url":"https:\/\/bahiaeconomica.com.br\/wp\/2023\/07\/08\/arena-fonte-nova-participa-de-projeto-que-empodera-estudantes-da-rede-publica\/","name":"ARENA FONTE NOVA PARTICIPA DE PROJETO QUE EMPODERA ESTUDANTES DA REDE P\u00daBLICA - Bahia Economica","isPartOf":{"@id":"https:\/\/bahiaeconomica.com.br\/wp\/#website"},"datePublished":"2023-07-08T18:00:16+00:00","dateModified":"2023-07-08T13:58:47+00:00","description":"O maior portal de Economia da Bahia ECONOMIA \/ POL\u00cdTICA Bahia Economica A Arena Fonte Nova participou nesta sexta-feira (07) do projeto","breadcrumb":{"@id":"https:\/\/bahiaeconomica.com.br\/wp\/2023\/07\/08\/arena-fonte-nova-participa-de-projeto-que-empodera-estudantes-da-rede-publica\/#breadcrumb"},"inLanguage":"pt-BR","potentialAction":[{"@type":"ReadAction","target":["https:\/\/bahiaeconomica.com.br\/wp\/2023\/07\/08\/arena-fonte-nova-participa-de-projeto-que-empodera-estudantes-da-rede-publica\/"]}]},{"@type":"BreadcrumbList","@id":"https:\/\/bahiaeconomica.com.br\/wp\/2023\/07\/08\/arena-fonte-nova-participa-de-projeto-que-empodera-estudantes-da-rede-publica\/#breadcrumb","itemListElement":[{"@type":"ListItem","position":1,"name":"In\u00edcio","item":"https:\/\/bahiaeconomica.com.br\/wp\/"},{"@type":"ListItem","position":2,"name":"ARENA FONTE NOVA PARTICIPA DE PROJETO QUE EMPODERA ESTUDANTES DA REDE P\u00daBLICA"}]},{"@type":"WebSite","@id":"https:\/\/bahiaeconomica.com.br\/wp\/#website","url":"https:\/\/bahiaeconomica.com.br\/wp\/","name":"Bahia Economica","description":"O maior portal de Economia da Bahia","publisher":{"@id":"https:\/\/bahiaeconomica.com.br\/wp\/#organization"},"potentialAction":[{"@type":"SearchAction","target":{"@type":"EntryPoint","urlTemplate":"https:\/\/bahiaeconomica.com.br\/wp\/?s={search_term_string}"},"query-input":"required name=search_term_string"}],"inLanguage":"pt-BR"},{"@type":"Organization","@id":"https:\/\/bahiaeconomica.com.br\/wp\/#organization","name":"Bahia Econ\u00f4mica","url":"https:\/\/bahiaeconomica.com.br\/wp\/","logo":{"@type":"ImageObject","inLanguage":"pt-BR","@id":"https:\/\/bahiaeconomica.com.br\/wp\/#\/schema\/logo\/image\/","url":"https:\/\/bahiaeconomica.com.br\/wp\/wp-content\/uploads\/2020\/12\/cropped-BE.png","contentUrl":"https:\/\/bahiaeconomica.com.br\/wp\/wp-content\/uploads\/2020\/12\/cropped-BE.png","width":512,"height":512,"caption":"Bahia Econ\u00f4mica"},"image":{"@id":"https:\/\/bahiaeconomica.com.br\/wp\/#\/schema\/logo\/image\/"},"sameAs":["https:\/\/www.facebook.com\/bahiaeconomica"]},{"@type":"Person","@id":"https:\/\/bahiaeconomica.com.br\/wp\/#\/schema\/person\/c86d3a3f8960425a0f9d0e5245991f4e","name":"JP","sameAs":["https:\/\/bahiaeconomica.com.br\/wp\/beta\/"],"url":"https:\/\/bahiaeconomica.com.br\/wp\/author\/jp\/"}]}},"views":35,"_links":{"self":[{"href":"https:\/\/bahiaeconomica.com.br\/wp\/wp-json\/wp\/v2\/posts\/746038"}],"collection":[{"href":"https:\/\/bahiaeconomica.com.br\/wp\/wp-json\/wp\/v2\/posts"}],"about":[{"href":"https:\/\/bahiaeconomica.com.br\/wp\/wp-json\/wp\/v2\/types\/post"}],"author":[{"embeddable":true,"href":"https:\/\/bahiaeconomica.com.br\/wp\/wp-json\/wp\/v2\/users\/8"}],"replies":[{"embeddable":true,"href":"https:\/\/bahiaeconomica.com.br\/wp\/wp-json\/wp\/v2\/comments?post=746038"}],"version-history":[{"count":1,"href":"https:\/\/bahiaeconomica.com.br\/wp\/wp-json\/wp\/v2\/posts\/746038\/revisions"}],"predecessor-version":[{"id":746040,"href":"https:\/\/bahiaeconomica.com.br\/wp\/wp-json\/wp\/v2\/posts\/746038\/revisions\/746040"}],"wp:featuredmedia":[{"embeddable":true,"href":"https:\/\/bahiaeconomica.com.br\/wp\/wp-json\/wp\/v2\/media\/746039"}],"wp:attachment":[{"href":"https:\/\/bahiaeconomica.com.br\/wp\/wp-json\/wp\/v2\/media?parent=746038"}],"wp:term":[{"taxonomy":"category","embeddable":true,"href":"https:\/\/bahiaeconomica.com.br\/wp\/wp-json\/wp\/v2\/categories?post=746038"},{"taxonomy":"post_tag","embeddable":true,"href":"https:\/\/bahiaeconomica.com.br\/wp\/wp-json\/wp\/v2\/tags?post=746038"}],"curies":[{"name":"wp","href":"https:\/\/api.w.org\/{rel}","templated":true}]}}