{"id":745606,"date":"2023-07-06T16:40:55","date_gmt":"2023-07-06T19:40:55","guid":{"rendered":"https:\/\/bahiaeconomica.com.br\/wp\/?p=745606"},"modified":"2023-07-06T16:38:35","modified_gmt":"2023-07-06T19:38:35","slug":"ministerio-da-cultura-convoca-debate-sobre-politicas-publicas-em-nova-conferencia","status":"publish","type":"post","link":"https:\/\/bahiaeconomica.com.br\/wp\/2023\/07\/06\/ministerio-da-cultura-convoca-debate-sobre-politicas-publicas-em-nova-conferencia\/","title":{"rendered":"MINIST\u00c9RIO DA CULTURA CONVOCA DEBATE SOBRE POL\u00cdTICAS P\u00daBLICAS EM NOVA CONFER\u00caNCIA"},"content":{"rendered":"<p>Nesta quarta-feira (05), a ministra baiana Margareth Menezes, a titular do Minist\u00e9rio da Cultura (MinC) e o presidente do Conselho Nacional de Pol\u00edtica Cultural (CNPC) publicaram no Di\u00e1rio Oficial da Uni\u00e3o (DOU), um decreto para a realiza\u00e7\u00e3o da 4\u00aa Confer\u00eancia Nacional de Cultura (CNC). O evento ser\u00e1 realizado entre 4 e 8 de dezembro deste ano, na capital federal e ter\u00e1 como tema central a &#8216;Democracia e Direito \u00e0 Cultura&#8217;.<\/p>\n<p>O evento ter\u00e1 como finalidade a promo\u00e7\u00e3o de debates sobre as pol\u00edticas culturais, a garantia dos direitos culturais em todos o territ\u00f3rio nacional e a discuss\u00e3o sobre o fortalecimento da democracia.<\/p>\n<p>Em discurso no SESI LAB, a ministra da Cultura, Margareth Menezes, definiu a Democratiza\u00e7\u00e3o do Acesso \u00e0 Cultura como pol\u00edtica transversal em pa\u00edses ibero-americanos, ao lado de Educa\u00e7\u00e3o e Inclus\u00e3o Culturais, Digitaliza\u00e7\u00e3o e Tecnologia, Interculturalidade e Desenvolvimento Cultural e Sustent\u00e1vel. \u201cO Minist\u00e9rio da Cultura conta com uma equipe comprometida com o entendimento de que Cultura \u00e9 direito de todos\u201d.<\/p>\n<p>Foto: Divulga\u00e7\u00e3o \/ \u00a0Filipe Ara\u00fajo MinC<\/p>\n","protected":false},"excerpt":{"rendered":"<p>Nesta quarta-feira (05), a ministra baiana Margareth Menezes, a titular do Minist\u00e9rio da Cultura (MinC) e o presidente do Conselho Nacional de Pol\u00edtica Cultural (CNPC) publicaram no Di\u00e1rio Oficial da Uni\u00e3o (DOU), um decreto para a realiza\u00e7\u00e3o da 4\u00aa Confer\u00eancia Nacional de Cultura (CNC). O evento ser\u00e1 realizado entre 4 e 8 de dezembro deste [&hellip;]<\/p>\n","protected":false},"author":17,"featured_media":745610,"comment_status":"closed","ping_status":"closed","sticky":false,"template":"","format":"standard","meta":[],"categories":[689,14601],"tags":[5262,239,746],"acf":[],"yoast_head":"<!-- This site is optimized with the Yoast SEO plugin v20.8 - https:\/\/yoast.com\/wordpress\/plugins\/seo\/ -->\n<title>MINIST\u00c9RIO DA CULTURA CONVOCA DEBATE SOBRE POL\u00cdTICAS P\u00daBLICAS EM NOVA CONFER\u00caNCIA - Bahia Economica<\/title>\n<meta name=\"description\" content=\"Evento ser\u00e1 realizado entre 4 e 8 de dezembro deste ano\" \/>\n<meta name=\"robots\" content=\"index, follow, max-snippet:-1, max-image-preview:large, max-video-preview:-1\" \/>\n<link rel=\"canonical\" href=\"https:\/\/bahiaeconomica.com.br\/wp\/2023\/07\/06\/ministerio-da-cultura-convoca-debate-sobre-politicas-publicas-em-nova-conferencia\/\" \/>\n<meta property=\"og:locale\" content=\"pt_BR\" \/>\n<meta property=\"og:type\" content=\"article\" \/>\n<meta property=\"og:title\" content=\"MINIST\u00c9RIO DA CULTURA CONVOCA DEBATE SOBRE POL\u00cdTICAS P\u00daBLICAS EM NOVA CONFER\u00caNCIA - Bahia Economica\" \/>\n<meta property=\"og:description\" content=\"Evento ser\u00e1 realizado entre 4 e 8 de dezembro deste ano\" \/>\n<meta property=\"og:url\" content=\"https:\/\/bahiaeconomica.com.br\/wp\/2023\/07\/06\/ministerio-da-cultura-convoca-debate-sobre-politicas-publicas-em-nova-conferencia\/\" \/>\n<meta property=\"og:site_name\" content=\"Bahia Economica\" \/>\n<meta property=\"article:publisher\" content=\"https:\/\/www.facebook.com\/bahiaeconomica\" \/>\n<meta property=\"article:published_time\" content=\"2023-07-06T19:40:55+00:00\" \/>\n<meta property=\"article:modified_time\" content=\"2023-07-06T19:38:35+00:00\" \/>\n<meta property=\"og:image\" content=\"https:\/\/bahiaeconomica.com.br\/wp\/wp-content\/uploads\/2023\/07\/e5c38193-d1b7-4f51-a60e-8d01d3754bd4.jpeg\" \/>\n\t<meta property=\"og:image:width\" content=\"768\" \/>\n\t<meta property=\"og:image:height\" content=\"511\" \/>\n\t<meta property=\"og:image:type\" content=\"image\/jpeg\" \/>\n<meta name=\"author\" content=\"LUANA NEIVA\" \/>\n<meta name=\"twitter:card\" content=\"summary_large_image\" \/>\n<meta name=\"twitter:label1\" content=\"Escrito por\" \/>\n\t<meta name=\"twitter:data1\" content=\"LUANA NEIVA\" \/>\n\t<meta name=\"twitter:label2\" content=\"Est. tempo de leitura\" \/>\n\t<meta name=\"twitter:data2\" content=\"1 minuto\" \/>\n<script type=\"application\/ld+json\" class=\"yoast-schema-graph\">{\"@context\":\"https:\/\/schema.org\",\"@graph\":[{\"@type\":\"Article\",\"@id\":\"https:\/\/bahiaeconomica.com.br\/wp\/2023\/07\/06\/ministerio-da-cultura-convoca-debate-sobre-politicas-publicas-em-nova-conferencia\/#article\",\"isPartOf\":{\"@id\":\"https:\/\/bahiaeconomica.com.br\/wp\/2023\/07\/06\/ministerio-da-cultura-convoca-debate-sobre-politicas-publicas-em-nova-conferencia\/\"},\"author\":{\"name\":\"LUANA NEIVA\",\"@id\":\"https:\/\/bahiaeconomica.com.br\/wp\/#\/schema\/person\/1ce30764265540f754d66197c4212789\"},\"headline\":\"MINIST\u00c9RIO DA CULTURA CONVOCA DEBATE SOBRE POL\u00cdTICAS P\u00daBLICAS EM NOVA CONFER\u00caNCIA\",\"datePublished\":\"2023-07-06T19:40:55+00:00\",\"dateModified\":\"2023-07-06T19:38:35+00:00\",\"mainEntityOfPage\":{\"@id\":\"https:\/\/bahiaeconomica.com.br\/wp\/2023\/07\/06\/ministerio-da-cultura-convoca-debate-sobre-politicas-publicas-em-nova-conferencia\/\"},\"wordCount\":193,\"publisher\":{\"@id\":\"https:\/\/bahiaeconomica.com.br\/wp\/#organization\"},\"keywords\":[\"debates\",\"Decreto\",\"evento\"],\"articleSection\":[\"CULTURA E ARTE\",\"Pol\u00edtica\"],\"inLanguage\":\"pt-BR\"},{\"@type\":\"WebPage\",\"@id\":\"https:\/\/bahiaeconomica.com.br\/wp\/2023\/07\/06\/ministerio-da-cultura-convoca-debate-sobre-politicas-publicas-em-nova-conferencia\/\",\"url\":\"https:\/\/bahiaeconomica.com.br\/wp\/2023\/07\/06\/ministerio-da-cultura-convoca-debate-sobre-politicas-publicas-em-nova-conferencia\/\",\"name\":\"MINIST\u00c9RIO DA CULTURA CONVOCA DEBATE SOBRE POL\u00cdTICAS P\u00daBLICAS EM NOVA CONFER\u00caNCIA - Bahia Economica\",\"isPartOf\":{\"@id\":\"https:\/\/bahiaeconomica.com.br\/wp\/#website\"},\"datePublished\":\"2023-07-06T19:40:55+00:00\",\"dateModified\":\"2023-07-06T19:38:35+00:00\",\"description\":\"Evento ser\u00e1 realizado entre 4 e 8 de dezembro deste ano\",\"breadcrumb\":{\"@id\":\"https:\/\/bahiaeconomica.com.br\/wp\/2023\/07\/06\/ministerio-da-cultura-convoca-debate-sobre-politicas-publicas-em-nova-conferencia\/#breadcrumb\"},\"inLanguage\":\"pt-BR\",\"potentialAction\":[{\"@type\":\"ReadAction\",\"target\":[\"https:\/\/bahiaeconomica.com.br\/wp\/2023\/07\/06\/ministerio-da-cultura-convoca-debate-sobre-politicas-publicas-em-nova-conferencia\/\"]}]},{\"@type\":\"BreadcrumbList\",\"@id\":\"https:\/\/bahiaeconomica.com.br\/wp\/2023\/07\/06\/ministerio-da-cultura-convoca-debate-sobre-politicas-publicas-em-nova-conferencia\/#breadcrumb\",\"itemListElement\":[{\"@type\":\"ListItem\",\"position\":1,\"name\":\"In\u00edcio\",\"item\":\"https:\/\/bahiaeconomica.com.br\/wp\/\"},{\"@type\":\"ListItem\",\"position\":2,\"name\":\"MINIST\u00c9RIO DA CULTURA CONVOCA DEBATE SOBRE POL\u00cdTICAS P\u00daBLICAS EM NOVA CONFER\u00caNCIA\"}]},{\"@type\":\"WebSite\",\"@id\":\"https:\/\/bahiaeconomica.com.br\/wp\/#website\",\"url\":\"https:\/\/bahiaeconomica.com.br\/wp\/\",\"name\":\"Bahia Economica\",\"description\":\"O maior portal de Economia da Bahia\",\"publisher\":{\"@id\":\"https:\/\/bahiaeconomica.com.br\/wp\/#organization\"},\"potentialAction\":[{\"@type\":\"SearchAction\",\"target\":{\"@type\":\"EntryPoint\",\"urlTemplate\":\"https:\/\/bahiaeconomica.com.br\/wp\/?s={search_term_string}\"},\"query-input\":\"required name=search_term_string\"}],\"inLanguage\":\"pt-BR\"},{\"@type\":\"Organization\",\"@id\":\"https:\/\/bahiaeconomica.com.br\/wp\/#organization\",\"name\":\"Bahia Econ\u00f4mica\",\"url\":\"https:\/\/bahiaeconomica.com.br\/wp\/\",\"logo\":{\"@type\":\"ImageObject\",\"inLanguage\":\"pt-BR\",\"@id\":\"https:\/\/bahiaeconomica.com.br\/wp\/#\/schema\/logo\/image\/\",\"url\":\"https:\/\/bahiaeconomica.com.br\/wp\/wp-content\/uploads\/2020\/12\/cropped-BE.png\",\"contentUrl\":\"https:\/\/bahiaeconomica.com.br\/wp\/wp-content\/uploads\/2020\/12\/cropped-BE.png\",\"width\":512,\"height\":512,\"caption\":\"Bahia Econ\u00f4mica\"},\"image\":{\"@id\":\"https:\/\/bahiaeconomica.com.br\/wp\/#\/schema\/logo\/image\/\"},\"sameAs\":[\"https:\/\/www.facebook.com\/bahiaeconomica\"]},{\"@type\":\"Person\",\"@id\":\"https:\/\/bahiaeconomica.com.br\/wp\/#\/schema\/person\/1ce30764265540f754d66197c4212789\",\"name\":\"LUANA NEIVA\",\"sameAs\":[\"http:\/\/www.bahiaeconomica.com.br\"],\"url\":\"https:\/\/bahiaeconomica.com.br\/wp\/author\/luana-neiva\/\"}]}<\/script>\n<!-- \/ Yoast SEO plugin. -->","yoast_head_json":{"title":"MINIST\u00c9RIO DA CULTURA CONVOCA DEBATE SOBRE POL\u00cdTICAS P\u00daBLICAS EM NOVA CONFER\u00caNCIA - Bahia Economica","description":"Evento ser\u00e1 realizado entre 4 e 8 de dezembro deste ano","robots":{"index":"index","follow":"follow","max-snippet":"max-snippet:-1","max-image-preview":"max-image-preview:large","max-video-preview":"max-video-preview:-1"},"canonical":"https:\/\/bahiaeconomica.com.br\/wp\/2023\/07\/06\/ministerio-da-cultura-convoca-debate-sobre-politicas-publicas-em-nova-conferencia\/","og_locale":"pt_BR","og_type":"article","og_title":"MINIST\u00c9RIO DA CULTURA CONVOCA DEBATE SOBRE POL\u00cdTICAS P\u00daBLICAS EM NOVA CONFER\u00caNCIA - Bahia Economica","og_description":"Evento ser\u00e1 realizado entre 4 e 8 de dezembro deste ano","og_url":"https:\/\/bahiaeconomica.com.br\/wp\/2023\/07\/06\/ministerio-da-cultura-convoca-debate-sobre-politicas-publicas-em-nova-conferencia\/","og_site_name":"Bahia Economica","article_publisher":"https:\/\/www.facebook.com\/bahiaeconomica","article_published_time":"2023-07-06T19:40:55+00:00","article_modified_time":"2023-07-06T19:38:35+00:00","og_image":[{"width":768,"height":511,"url":"https:\/\/bahiaeconomica.com.br\/wp\/wp-content\/uploads\/2023\/07\/e5c38193-d1b7-4f51-a60e-8d01d3754bd4.jpeg","type":"image\/jpeg"}],"author":"LUANA NEIVA","twitter_card":"summary_large_image","twitter_misc":{"Escrito por":"LUANA NEIVA","Est. tempo de leitura":"1 minuto"},"schema":{"@context":"https:\/\/schema.org","@graph":[{"@type":"Article","@id":"https:\/\/bahiaeconomica.com.br\/wp\/2023\/07\/06\/ministerio-da-cultura-convoca-debate-sobre-politicas-publicas-em-nova-conferencia\/#article","isPartOf":{"@id":"https:\/\/bahiaeconomica.com.br\/wp\/2023\/07\/06\/ministerio-da-cultura-convoca-debate-sobre-politicas-publicas-em-nova-conferencia\/"},"author":{"name":"LUANA NEIVA","@id":"https:\/\/bahiaeconomica.com.br\/wp\/#\/schema\/person\/1ce30764265540f754d66197c4212789"},"headline":"MINIST\u00c9RIO DA CULTURA CONVOCA DEBATE SOBRE POL\u00cdTICAS P\u00daBLICAS EM NOVA CONFER\u00caNCIA","datePublished":"2023-07-06T19:40:55+00:00","dateModified":"2023-07-06T19:38:35+00:00","mainEntityOfPage":{"@id":"https:\/\/bahiaeconomica.com.br\/wp\/2023\/07\/06\/ministerio-da-cultura-convoca-debate-sobre-politicas-publicas-em-nova-conferencia\/"},"wordCount":193,"publisher":{"@id":"https:\/\/bahiaeconomica.com.br\/wp\/#organization"},"keywords":["debates","Decreto","evento"],"articleSection":["CULTURA E ARTE","Pol\u00edtica"],"inLanguage":"pt-BR"},{"@type":"WebPage","@id":"https:\/\/bahiaeconomica.com.br\/wp\/2023\/07\/06\/ministerio-da-cultura-convoca-debate-sobre-politicas-publicas-em-nova-conferencia\/","url":"https:\/\/bahiaeconomica.com.br\/wp\/2023\/07\/06\/ministerio-da-cultura-convoca-debate-sobre-politicas-publicas-em-nova-conferencia\/","name":"MINIST\u00c9RIO DA CULTURA CONVOCA DEBATE SOBRE POL\u00cdTICAS P\u00daBLICAS EM NOVA CONFER\u00caNCIA - Bahia Economica","isPartOf":{"@id":"https:\/\/bahiaeconomica.com.br\/wp\/#website"},"datePublished":"2023-07-06T19:40:55+00:00","dateModified":"2023-07-06T19:38:35+00:00","description":"Evento ser\u00e1 realizado entre 4 e 8 de dezembro deste ano","breadcrumb":{"@id":"https:\/\/bahiaeconomica.com.br\/wp\/2023\/07\/06\/ministerio-da-cultura-convoca-debate-sobre-politicas-publicas-em-nova-conferencia\/#breadcrumb"},"inLanguage":"pt-BR","potentialAction":[{"@type":"ReadAction","target":["https:\/\/bahiaeconomica.com.br\/wp\/2023\/07\/06\/ministerio-da-cultura-convoca-debate-sobre-politicas-publicas-em-nova-conferencia\/"]}]},{"@type":"BreadcrumbList","@id":"https:\/\/bahiaeconomica.com.br\/wp\/2023\/07\/06\/ministerio-da-cultura-convoca-debate-sobre-politicas-publicas-em-nova-conferencia\/#breadcrumb","itemListElement":[{"@type":"ListItem","position":1,"name":"In\u00edcio","item":"https:\/\/bahiaeconomica.com.br\/wp\/"},{"@type":"ListItem","position":2,"name":"MINIST\u00c9RIO DA CULTURA CONVOCA DEBATE SOBRE POL\u00cdTICAS P\u00daBLICAS EM NOVA CONFER\u00caNCIA"}]},{"@type":"WebSite","@id":"https:\/\/bahiaeconomica.com.br\/wp\/#website","url":"https:\/\/bahiaeconomica.com.br\/wp\/","name":"Bahia Economica","description":"O maior portal de Economia da Bahia","publisher":{"@id":"https:\/\/bahiaeconomica.com.br\/wp\/#organization"},"potentialAction":[{"@type":"SearchAction","target":{"@type":"EntryPoint","urlTemplate":"https:\/\/bahiaeconomica.com.br\/wp\/?s={search_term_string}"},"query-input":"required name=search_term_string"}],"inLanguage":"pt-BR"},{"@type":"Organization","@id":"https:\/\/bahiaeconomica.com.br\/wp\/#organization","name":"Bahia Econ\u00f4mica","url":"https:\/\/bahiaeconomica.com.br\/wp\/","logo":{"@type":"ImageObject","inLanguage":"pt-BR","@id":"https:\/\/bahiaeconomica.com.br\/wp\/#\/schema\/logo\/image\/","url":"https:\/\/bahiaeconomica.com.br\/wp\/wp-content\/uploads\/2020\/12\/cropped-BE.png","contentUrl":"https:\/\/bahiaeconomica.com.br\/wp\/wp-content\/uploads\/2020\/12\/cropped-BE.png","width":512,"height":512,"caption":"Bahia Econ\u00f4mica"},"image":{"@id":"https:\/\/bahiaeconomica.com.br\/wp\/#\/schema\/logo\/image\/"},"sameAs":["https:\/\/www.facebook.com\/bahiaeconomica"]},{"@type":"Person","@id":"https:\/\/bahiaeconomica.com.br\/wp\/#\/schema\/person\/1ce30764265540f754d66197c4212789","name":"LUANA NEIVA","sameAs":["http:\/\/www.bahiaeconomica.com.br"],"url":"https:\/\/bahiaeconomica.com.br\/wp\/author\/luana-neiva\/"}]}},"views":21,"_links":{"self":[{"href":"https:\/\/bahiaeconomica.com.br\/wp\/wp-json\/wp\/v2\/posts\/745606"}],"collection":[{"href":"https:\/\/bahiaeconomica.com.br\/wp\/wp-json\/wp\/v2\/posts"}],"about":[{"href":"https:\/\/bahiaeconomica.com.br\/wp\/wp-json\/wp\/v2\/types\/post"}],"author":[{"embeddable":true,"href":"https:\/\/bahiaeconomica.com.br\/wp\/wp-json\/wp\/v2\/users\/17"}],"replies":[{"embeddable":true,"href":"https:\/\/bahiaeconomica.com.br\/wp\/wp-json\/wp\/v2\/comments?post=745606"}],"version-history":[{"count":1,"href":"https:\/\/bahiaeconomica.com.br\/wp\/wp-json\/wp\/v2\/posts\/745606\/revisions"}],"predecessor-version":[{"id":745611,"href":"https:\/\/bahiaeconomica.com.br\/wp\/wp-json\/wp\/v2\/posts\/745606\/revisions\/745611"}],"wp:featuredmedia":[{"embeddable":true,"href":"https:\/\/bahiaeconomica.com.br\/wp\/wp-json\/wp\/v2\/media\/745610"}],"wp:attachment":[{"href":"https:\/\/bahiaeconomica.com.br\/wp\/wp-json\/wp\/v2\/media?parent=745606"}],"wp:term":[{"taxonomy":"category","embeddable":true,"href":"https:\/\/bahiaeconomica.com.br\/wp\/wp-json\/wp\/v2\/categories?post=745606"},{"taxonomy":"post_tag","embeddable":true,"href":"https:\/\/bahiaeconomica.com.br\/wp\/wp-json\/wp\/v2\/tags?post=745606"}],"curies":[{"name":"wp","href":"https:\/\/api.w.org\/{rel}","templated":true}]}}