{"id":745473,"date":"2023-07-06T09:52:37","date_gmt":"2023-07-06T12:52:37","guid":{"rendered":"https:\/\/bahiaeconomica.com.br\/wp\/?p=745473"},"modified":"2023-07-06T09:52:37","modified_gmt":"2023-07-06T12:52:37","slug":"ze-celso-martinez-correa-morre-em-sao-paulo","status":"publish","type":"post","link":"https:\/\/bahiaeconomica.com.br\/wp\/2023\/07\/06\/ze-celso-martinez-correa-morre-em-sao-paulo\/","title":{"rendered":"Z\u00c9 CELSO MARTINEZ CORR\u00caA MORRE EM S\u00c3O PAULO"},"content":{"rendered":"<p>O dramaturgo Z\u00e9 Celso Mart\u00ednez morreu na manh\u00e3 desta quinta-feira em S\u00e3o Paulo. O estado de sa\u00fade do dramaturgo havia tido um agravamento na quarta-feira, quando desenvolveu quadro de insufici\u00eancia renal. Desde ent\u00e3o, o quadro se agravou, sem que ele conseguisse responder ao tratamento. O diretor teve fal\u00eancia dos \u00f3rg\u00e3os na manh\u00e3 desta quinta. Ele havia sido internado na UTI do Hospital das Cl\u00ednicas desde a manh\u00e3 desta ter\u00e7a, ap\u00f3s sofrer queimaduras devido a um inc\u00eandio em seu apartamento no Para\u00edso, Zona Sul de S\u00e3o Paulo.<\/p>\n<p>Z\u00e9 Celso, de 86 anos, estava dormindo em seu quarto quando, por volta das 7h30, sua casa come\u00e7ou a pegar fogo. De acordo com vizinhos, a suspeita \u00e9 que o fogo tenha come\u00e7ado ap\u00f3s um curto-circuito do aquecedor. O 36\u00ba DP (Vila Mariana) da Pol\u00edcia Civil investiga as causas do inc\u00eandio. Ele foi encaminhado para a Unidade de Tratamento Intensivo (UTI), onde foi entubado ap\u00f3s ter queimaduras em 60% do corpo.<\/p>\n<p>No apartamento, havia outras tr\u00eas pessoas: seu marido Marcelo Drummond, e os atores Victor Rosa e Ricardo Bittencourt. Os tr\u00eas n\u00e3o sofreram queimaduras, mas foram encaminhados para um hospital porque inalaram muita fuma\u00e7a. Victor foi o respons\u00e1vel por puxar o dramaturgo, que estava deitado no ch\u00e3o com muitas queimaduras. O apartamento de Z\u00e9 Celso fica no sexto e \u00faltimo andar do pr\u00e9dio.<\/p>\n<p>Foto: Ana Branco \/ Agencia O Globo<\/p>\n","protected":false},"excerpt":{"rendered":"<p>O dramaturgo Z\u00e9 Celso Mart\u00ednez morreu na manh\u00e3 desta quinta-feira em S\u00e3o Paulo. O estado de sa\u00fade do dramaturgo havia tido um agravamento na quarta-feira, quando desenvolveu quadro de insufici\u00eancia renal. Desde ent\u00e3o, o quadro se agravou, sem que ele conseguisse responder ao tratamento. O diretor teve fal\u00eancia dos \u00f3rg\u00e3os na manh\u00e3 desta quinta. Ele [&hellip;]<\/p>\n","protected":false},"author":8,"featured_media":745474,"comment_status":"closed","ping_status":"closed","sticky":false,"template":"","format":"standard","meta":[],"categories":[4],"tags":[1837,771,15824,1768],"acf":[],"yoast_head":"<!-- This site is optimized with the Yoast SEO plugin v20.8 - https:\/\/yoast.com\/wordpress\/plugins\/seo\/ -->\n<title>Z\u00c9 CELSO MARTINEZ CORR\u00caA MORRE EM S\u00c3O PAULO - Bahia Economica<\/title>\n<meta name=\"description\" content=\"O maior portal de Economia da Bahia ENTRETENIMENTO Bahia Economica O dramaturgo Z\u00e9 Celso Mart\u00ednez morreu na manh\u00e3 desta quinta-feira\" \/>\n<meta name=\"robots\" content=\"index, follow, max-snippet:-1, max-image-preview:large, max-video-preview:-1\" \/>\n<link rel=\"canonical\" href=\"https:\/\/bahiaeconomica.com.br\/wp\/2023\/07\/06\/ze-celso-martinez-correa-morre-em-sao-paulo\/\" \/>\n<meta property=\"og:locale\" content=\"pt_BR\" \/>\n<meta property=\"og:type\" content=\"article\" \/>\n<meta property=\"og:title\" content=\"Z\u00c9 CELSO MARTINEZ CORR\u00caA MORRE EM S\u00c3O PAULO - Bahia Economica\" \/>\n<meta property=\"og:description\" content=\"O maior portal de Economia da Bahia ENTRETENIMENTO Bahia Economica O dramaturgo Z\u00e9 Celso Mart\u00ednez morreu na manh\u00e3 desta quinta-feira\" \/>\n<meta property=\"og:url\" content=\"https:\/\/bahiaeconomica.com.br\/wp\/2023\/07\/06\/ze-celso-martinez-correa-morre-em-sao-paulo\/\" \/>\n<meta property=\"og:site_name\" content=\"Bahia Economica\" \/>\n<meta property=\"article:publisher\" content=\"https:\/\/www.facebook.com\/bahiaeconomica\" \/>\n<meta property=\"article:published_time\" content=\"2023-07-06T12:52:37+00:00\" \/>\n<meta property=\"og:image\" content=\"https:\/\/bahiaeconomica.com.br\/wp\/wp-content\/uploads\/2023\/07\/36520282-sc-exclusivo-rio-de-janeiro-rj-28-10-2008-50-anos-de-teatro-oficina-mostra-em-homenagem.webp\" \/>\n\t<meta property=\"og:image:width\" content=\"924\" \/>\n\t<meta property=\"og:image:height\" content=\"618\" \/>\n\t<meta property=\"og:image:type\" content=\"image\/webp\" \/>\n<meta name=\"author\" content=\"JP\" \/>\n<meta name=\"twitter:card\" content=\"summary_large_image\" \/>\n<meta name=\"twitter:label1\" content=\"Escrito por\" \/>\n\t<meta name=\"twitter:data1\" content=\"JP\" \/>\n\t<meta name=\"twitter:label2\" content=\"Est. tempo de leitura\" \/>\n\t<meta name=\"twitter:data2\" content=\"2 minutos\" \/>\n<script type=\"application\/ld+json\" class=\"yoast-schema-graph\">{\"@context\":\"https:\/\/schema.org\",\"@graph\":[{\"@type\":\"Article\",\"@id\":\"https:\/\/bahiaeconomica.com.br\/wp\/2023\/07\/06\/ze-celso-martinez-correa-morre-em-sao-paulo\/#article\",\"isPartOf\":{\"@id\":\"https:\/\/bahiaeconomica.com.br\/wp\/2023\/07\/06\/ze-celso-martinez-correa-morre-em-sao-paulo\/\"},\"author\":{\"name\":\"JP\",\"@id\":\"https:\/\/bahiaeconomica.com.br\/wp\/#\/schema\/person\/c86d3a3f8960425a0f9d0e5245991f4e\"},\"headline\":\"Z\u00c9 CELSO MARTINEZ CORR\u00caA MORRE EM S\u00c3O PAULO\",\"datePublished\":\"2023-07-06T12:52:37+00:00\",\"dateModified\":\"2023-07-06T12:52:37+00:00\",\"mainEntityOfPage\":{\"@id\":\"https:\/\/bahiaeconomica.com.br\/wp\/2023\/07\/06\/ze-celso-martinez-correa-morre-em-sao-paulo\/\"},\"wordCount\":257,\"publisher\":{\"@id\":\"https:\/\/bahiaeconomica.com.br\/wp\/#organization\"},\"keywords\":[\"ator\",\"MORTE\",\"queimadura\",\"sp\"],\"articleSection\":[\"ENTRETENIMENTO\"],\"inLanguage\":\"pt-BR\"},{\"@type\":\"WebPage\",\"@id\":\"https:\/\/bahiaeconomica.com.br\/wp\/2023\/07\/06\/ze-celso-martinez-correa-morre-em-sao-paulo\/\",\"url\":\"https:\/\/bahiaeconomica.com.br\/wp\/2023\/07\/06\/ze-celso-martinez-correa-morre-em-sao-paulo\/\",\"name\":\"Z\u00c9 CELSO MARTINEZ CORR\u00caA MORRE EM S\u00c3O PAULO - Bahia Economica\",\"isPartOf\":{\"@id\":\"https:\/\/bahiaeconomica.com.br\/wp\/#website\"},\"datePublished\":\"2023-07-06T12:52:37+00:00\",\"dateModified\":\"2023-07-06T12:52:37+00:00\",\"description\":\"O maior portal de Economia da Bahia ENTRETENIMENTO Bahia Economica O dramaturgo Z\u00e9 Celso Mart\u00ednez morreu na manh\u00e3 desta quinta-feira\",\"breadcrumb\":{\"@id\":\"https:\/\/bahiaeconomica.com.br\/wp\/2023\/07\/06\/ze-celso-martinez-correa-morre-em-sao-paulo\/#breadcrumb\"},\"inLanguage\":\"pt-BR\",\"potentialAction\":[{\"@type\":\"ReadAction\",\"target\":[\"https:\/\/bahiaeconomica.com.br\/wp\/2023\/07\/06\/ze-celso-martinez-correa-morre-em-sao-paulo\/\"]}]},{\"@type\":\"BreadcrumbList\",\"@id\":\"https:\/\/bahiaeconomica.com.br\/wp\/2023\/07\/06\/ze-celso-martinez-correa-morre-em-sao-paulo\/#breadcrumb\",\"itemListElement\":[{\"@type\":\"ListItem\",\"position\":1,\"name\":\"In\u00edcio\",\"item\":\"https:\/\/bahiaeconomica.com.br\/wp\/\"},{\"@type\":\"ListItem\",\"position\":2,\"name\":\"Z\u00c9 CELSO MARTINEZ CORR\u00caA MORRE EM S\u00c3O PAULO\"}]},{\"@type\":\"WebSite\",\"@id\":\"https:\/\/bahiaeconomica.com.br\/wp\/#website\",\"url\":\"https:\/\/bahiaeconomica.com.br\/wp\/\",\"name\":\"Bahia Economica\",\"description\":\"O maior portal de Economia da Bahia\",\"publisher\":{\"@id\":\"https:\/\/bahiaeconomica.com.br\/wp\/#organization\"},\"potentialAction\":[{\"@type\":\"SearchAction\",\"target\":{\"@type\":\"EntryPoint\",\"urlTemplate\":\"https:\/\/bahiaeconomica.com.br\/wp\/?s={search_term_string}\"},\"query-input\":\"required name=search_term_string\"}],\"inLanguage\":\"pt-BR\"},{\"@type\":\"Organization\",\"@id\":\"https:\/\/bahiaeconomica.com.br\/wp\/#organization\",\"name\":\"Bahia Econ\u00f4mica\",\"url\":\"https:\/\/bahiaeconomica.com.br\/wp\/\",\"logo\":{\"@type\":\"ImageObject\",\"inLanguage\":\"pt-BR\",\"@id\":\"https:\/\/bahiaeconomica.com.br\/wp\/#\/schema\/logo\/image\/\",\"url\":\"https:\/\/bahiaeconomica.com.br\/wp\/wp-content\/uploads\/2020\/12\/cropped-BE.png\",\"contentUrl\":\"https:\/\/bahiaeconomica.com.br\/wp\/wp-content\/uploads\/2020\/12\/cropped-BE.png\",\"width\":512,\"height\":512,\"caption\":\"Bahia Econ\u00f4mica\"},\"image\":{\"@id\":\"https:\/\/bahiaeconomica.com.br\/wp\/#\/schema\/logo\/image\/\"},\"sameAs\":[\"https:\/\/www.facebook.com\/bahiaeconomica\"]},{\"@type\":\"Person\",\"@id\":\"https:\/\/bahiaeconomica.com.br\/wp\/#\/schema\/person\/c86d3a3f8960425a0f9d0e5245991f4e\",\"name\":\"JP\",\"sameAs\":[\"https:\/\/bahiaeconomica.com.br\/wp\/beta\/\"],\"url\":\"https:\/\/bahiaeconomica.com.br\/wp\/author\/jp\/\"}]}<\/script>\n<!-- \/ Yoast SEO plugin. -->","yoast_head_json":{"title":"Z\u00c9 CELSO MARTINEZ CORR\u00caA MORRE EM S\u00c3O PAULO - Bahia Economica","description":"O maior portal de Economia da Bahia ENTRETENIMENTO Bahia Economica O dramaturgo Z\u00e9 Celso Mart\u00ednez morreu na manh\u00e3 desta quinta-feira","robots":{"index":"index","follow":"follow","max-snippet":"max-snippet:-1","max-image-preview":"max-image-preview:large","max-video-preview":"max-video-preview:-1"},"canonical":"https:\/\/bahiaeconomica.com.br\/wp\/2023\/07\/06\/ze-celso-martinez-correa-morre-em-sao-paulo\/","og_locale":"pt_BR","og_type":"article","og_title":"Z\u00c9 CELSO MARTINEZ CORR\u00caA MORRE EM S\u00c3O PAULO - Bahia Economica","og_description":"O maior portal de Economia da Bahia ENTRETENIMENTO Bahia Economica O dramaturgo Z\u00e9 Celso Mart\u00ednez morreu na manh\u00e3 desta quinta-feira","og_url":"https:\/\/bahiaeconomica.com.br\/wp\/2023\/07\/06\/ze-celso-martinez-correa-morre-em-sao-paulo\/","og_site_name":"Bahia Economica","article_publisher":"https:\/\/www.facebook.com\/bahiaeconomica","article_published_time":"2023-07-06T12:52:37+00:00","og_image":[{"width":924,"height":618,"url":"https:\/\/bahiaeconomica.com.br\/wp\/wp-content\/uploads\/2023\/07\/36520282-sc-exclusivo-rio-de-janeiro-rj-28-10-2008-50-anos-de-teatro-oficina-mostra-em-homenagem.webp","type":"image\/webp"}],"author":"JP","twitter_card":"summary_large_image","twitter_misc":{"Escrito por":"JP","Est. tempo de leitura":"2 minutos"},"schema":{"@context":"https:\/\/schema.org","@graph":[{"@type":"Article","@id":"https:\/\/bahiaeconomica.com.br\/wp\/2023\/07\/06\/ze-celso-martinez-correa-morre-em-sao-paulo\/#article","isPartOf":{"@id":"https:\/\/bahiaeconomica.com.br\/wp\/2023\/07\/06\/ze-celso-martinez-correa-morre-em-sao-paulo\/"},"author":{"name":"JP","@id":"https:\/\/bahiaeconomica.com.br\/wp\/#\/schema\/person\/c86d3a3f8960425a0f9d0e5245991f4e"},"headline":"Z\u00c9 CELSO MARTINEZ CORR\u00caA MORRE EM S\u00c3O PAULO","datePublished":"2023-07-06T12:52:37+00:00","dateModified":"2023-07-06T12:52:37+00:00","mainEntityOfPage":{"@id":"https:\/\/bahiaeconomica.com.br\/wp\/2023\/07\/06\/ze-celso-martinez-correa-morre-em-sao-paulo\/"},"wordCount":257,"publisher":{"@id":"https:\/\/bahiaeconomica.com.br\/wp\/#organization"},"keywords":["ator","MORTE","queimadura","sp"],"articleSection":["ENTRETENIMENTO"],"inLanguage":"pt-BR"},{"@type":"WebPage","@id":"https:\/\/bahiaeconomica.com.br\/wp\/2023\/07\/06\/ze-celso-martinez-correa-morre-em-sao-paulo\/","url":"https:\/\/bahiaeconomica.com.br\/wp\/2023\/07\/06\/ze-celso-martinez-correa-morre-em-sao-paulo\/","name":"Z\u00c9 CELSO MARTINEZ CORR\u00caA MORRE EM S\u00c3O PAULO - Bahia Economica","isPartOf":{"@id":"https:\/\/bahiaeconomica.com.br\/wp\/#website"},"datePublished":"2023-07-06T12:52:37+00:00","dateModified":"2023-07-06T12:52:37+00:00","description":"O maior portal de Economia da Bahia ENTRETENIMENTO Bahia Economica O dramaturgo Z\u00e9 Celso Mart\u00ednez morreu na manh\u00e3 desta quinta-feira","breadcrumb":{"@id":"https:\/\/bahiaeconomica.com.br\/wp\/2023\/07\/06\/ze-celso-martinez-correa-morre-em-sao-paulo\/#breadcrumb"},"inLanguage":"pt-BR","potentialAction":[{"@type":"ReadAction","target":["https:\/\/bahiaeconomica.com.br\/wp\/2023\/07\/06\/ze-celso-martinez-correa-morre-em-sao-paulo\/"]}]},{"@type":"BreadcrumbList","@id":"https:\/\/bahiaeconomica.com.br\/wp\/2023\/07\/06\/ze-celso-martinez-correa-morre-em-sao-paulo\/#breadcrumb","itemListElement":[{"@type":"ListItem","position":1,"name":"In\u00edcio","item":"https:\/\/bahiaeconomica.com.br\/wp\/"},{"@type":"ListItem","position":2,"name":"Z\u00c9 CELSO MARTINEZ CORR\u00caA MORRE EM S\u00c3O PAULO"}]},{"@type":"WebSite","@id":"https:\/\/bahiaeconomica.com.br\/wp\/#website","url":"https:\/\/bahiaeconomica.com.br\/wp\/","name":"Bahia Economica","description":"O maior portal de Economia da Bahia","publisher":{"@id":"https:\/\/bahiaeconomica.com.br\/wp\/#organization"},"potentialAction":[{"@type":"SearchAction","target":{"@type":"EntryPoint","urlTemplate":"https:\/\/bahiaeconomica.com.br\/wp\/?s={search_term_string}"},"query-input":"required name=search_term_string"}],"inLanguage":"pt-BR"},{"@type":"Organization","@id":"https:\/\/bahiaeconomica.com.br\/wp\/#organization","name":"Bahia Econ\u00f4mica","url":"https:\/\/bahiaeconomica.com.br\/wp\/","logo":{"@type":"ImageObject","inLanguage":"pt-BR","@id":"https:\/\/bahiaeconomica.com.br\/wp\/#\/schema\/logo\/image\/","url":"https:\/\/bahiaeconomica.com.br\/wp\/wp-content\/uploads\/2020\/12\/cropped-BE.png","contentUrl":"https:\/\/bahiaeconomica.com.br\/wp\/wp-content\/uploads\/2020\/12\/cropped-BE.png","width":512,"height":512,"caption":"Bahia Econ\u00f4mica"},"image":{"@id":"https:\/\/bahiaeconomica.com.br\/wp\/#\/schema\/logo\/image\/"},"sameAs":["https:\/\/www.facebook.com\/bahiaeconomica"]},{"@type":"Person","@id":"https:\/\/bahiaeconomica.com.br\/wp\/#\/schema\/person\/c86d3a3f8960425a0f9d0e5245991f4e","name":"JP","sameAs":["https:\/\/bahiaeconomica.com.br\/wp\/beta\/"],"url":"https:\/\/bahiaeconomica.com.br\/wp\/author\/jp\/"}]}},"views":27,"_links":{"self":[{"href":"https:\/\/bahiaeconomica.com.br\/wp\/wp-json\/wp\/v2\/posts\/745473"}],"collection":[{"href":"https:\/\/bahiaeconomica.com.br\/wp\/wp-json\/wp\/v2\/posts"}],"about":[{"href":"https:\/\/bahiaeconomica.com.br\/wp\/wp-json\/wp\/v2\/types\/post"}],"author":[{"embeddable":true,"href":"https:\/\/bahiaeconomica.com.br\/wp\/wp-json\/wp\/v2\/users\/8"}],"replies":[{"embeddable":true,"href":"https:\/\/bahiaeconomica.com.br\/wp\/wp-json\/wp\/v2\/comments?post=745473"}],"version-history":[{"count":1,"href":"https:\/\/bahiaeconomica.com.br\/wp\/wp-json\/wp\/v2\/posts\/745473\/revisions"}],"predecessor-version":[{"id":745475,"href":"https:\/\/bahiaeconomica.com.br\/wp\/wp-json\/wp\/v2\/posts\/745473\/revisions\/745475"}],"wp:featuredmedia":[{"embeddable":true,"href":"https:\/\/bahiaeconomica.com.br\/wp\/wp-json\/wp\/v2\/media\/745474"}],"wp:attachment":[{"href":"https:\/\/bahiaeconomica.com.br\/wp\/wp-json\/wp\/v2\/media?parent=745473"}],"wp:term":[{"taxonomy":"category","embeddable":true,"href":"https:\/\/bahiaeconomica.com.br\/wp\/wp-json\/wp\/v2\/categories?post=745473"},{"taxonomy":"post_tag","embeddable":true,"href":"https:\/\/bahiaeconomica.com.br\/wp\/wp-json\/wp\/v2\/tags?post=745473"}],"curies":[{"name":"wp","href":"https:\/\/api.w.org\/{rel}","templated":true}]}}