{"id":744858,"date":"2023-07-04T09:23:26","date_gmt":"2023-07-04T12:23:26","guid":{"rendered":"https:\/\/bahiaeconomica.com.br\/wp\/?p=744858"},"modified":"2023-07-04T09:23:26","modified_gmt":"2023-07-04T12:23:26","slug":"piso-da-enfermagem-deve-ser-pago-se-nao-houver-acordo-coletivo-decide-stf","status":"publish","type":"post","link":"https:\/\/bahiaeconomica.com.br\/wp\/2023\/07\/04\/piso-da-enfermagem-deve-ser-pago-se-nao-houver-acordo-coletivo-decide-stf\/","title":{"rendered":"PISO DA ENFERMAGEM DEVE SER PAGO SE N\u00c3O HOUVER ACORDO COLETIVO, DECIDE STF"},"content":{"rendered":"<p>O Supremo Tribunal Federal (STF) informou, nesta segunda-feira (3), que no caso de falta de acordo entre sindicatos e empresas de sa\u00fade o pagamento do piso salarial nacional para os profissionais de enfermagem do setor privado deve ser garantido.<\/p>\n<p>A Corte encerrou o julgamento da validade do pagamento do piso na \u00faltima sexta-feira (30). Por oito votos a dois, os ministros decidiram que o piso deve ser pago aos profissionais que trabalham no sistema de sa\u00fade de estados e munic\u00edpios na medida dos repasses federais.<\/p>\n<p>Durante a vota\u00e7\u00e3o, os ministros estabeleceram um \u201cvoto m\u00e9dio\u201d devido a um impasse no tribunal \u00a0sobre o pagamento aos profissionais celetistas, que trabalham em hospitais privados. Segundo a assessoria da Corte, a negocia\u00e7\u00e3o coletiva \u00e9 obrigat\u00f3ria, mas foi estabelecido que o piso dos enfermeiros privados deve ser pago se n\u00e3o houver acordo.<\/p>\n<p>Al\u00e9m disso, ficou definido, que o pagamento do piso salarial \u00e9 proporcional \u00e0 carga hor\u00e1ria de oito horas di\u00e1rias e 44 horas semanais de trabalho, de modo que se a jornada for inferior o piso ser\u00e1 reduzido.<\/p>\n<p>O novo piso para enfermeiros contratados sob o regime da Consolida\u00e7\u00e3o das Leis do Trabalho (CLT) \u00e9 de R$ 4.750, conforme definido pela Lei n\u00ba 14.434. T\u00e9cnicos de enfermagem recebem, no m\u00ednimo, 70% desse valor (R$ 3.325) e auxiliares de enfermagem e parteiras, 50% (R$ 2.375). Pela lei, o piso vale para trabalhadores dos setores p\u00fablicos e privados.<\/p>\n<p>Foto: Marcelo Camargo\/Ag\u00eancia Brasil<\/p>\n","protected":false},"excerpt":{"rendered":"<p>O Supremo Tribunal Federal (STF) informou, nesta segunda-feira (3), que no caso de falta de acordo entre sindicatos e empresas de sa\u00fade o pagamento do piso salarial nacional para os profissionais de enfermagem do setor privado deve ser garantido. A Corte encerrou o julgamento da validade do pagamento do piso na \u00faltima sexta-feira (30). Por [&hellip;]<\/p>\n","protected":false},"author":15,"featured_media":744864,"comment_status":"closed","ping_status":"closed","sticky":false,"template":"","format":"standard","meta":[],"categories":[14601],"tags":[3929,8184,93],"acf":[],"yoast_head":"<!-- This site is optimized with the Yoast SEO plugin v20.8 - https:\/\/yoast.com\/wordpress\/plugins\/seo\/ -->\n<title>PISO DA ENFERMAGEM DEVE SER PAGO SE N\u00c3O HOUVER ACORDO COLETIVO, DECIDE STF - Bahia Economica<\/title>\n<meta name=\"description\" content=\"O maior portal de Economia da Bahia Pol\u00edtica Bahia Economica O Supremo Tribunal Federal (STF) informou, nesta segunda-feira\" \/>\n<meta name=\"robots\" content=\"index, follow, max-snippet:-1, max-image-preview:large, max-video-preview:-1\" \/>\n<link rel=\"canonical\" href=\"https:\/\/bahiaeconomica.com.br\/wp\/2023\/07\/04\/piso-da-enfermagem-deve-ser-pago-se-nao-houver-acordo-coletivo-decide-stf\/\" \/>\n<meta property=\"og:locale\" content=\"pt_BR\" \/>\n<meta property=\"og:type\" content=\"article\" \/>\n<meta property=\"og:title\" content=\"PISO DA ENFERMAGEM DEVE SER PAGO SE N\u00c3O HOUVER ACORDO COLETIVO, DECIDE STF - Bahia Economica\" \/>\n<meta property=\"og:description\" content=\"O maior portal de Economia da Bahia Pol\u00edtica Bahia Economica O Supremo Tribunal Federal (STF) informou, nesta segunda-feira\" \/>\n<meta property=\"og:url\" content=\"https:\/\/bahiaeconomica.com.br\/wp\/2023\/07\/04\/piso-da-enfermagem-deve-ser-pago-se-nao-houver-acordo-coletivo-decide-stf\/\" \/>\n<meta property=\"og:site_name\" content=\"Bahia Economica\" \/>\n<meta property=\"article:publisher\" content=\"https:\/\/www.facebook.com\/bahiaeconomica\" \/>\n<meta property=\"article:published_time\" content=\"2023-07-04T12:23:26+00:00\" \/>\n<meta property=\"og:image\" content=\"https:\/\/bahiaeconomica.com.br\/wp\/wp-content\/uploads\/2023\/07\/manifestacao-enfermagem_mcamgo_abr_28062023-4.jpg\" \/>\n\t<meta property=\"og:image:width\" content=\"1170\" \/>\n\t<meta property=\"og:image:height\" content=\"700\" \/>\n\t<meta property=\"og:image:type\" content=\"image\/jpeg\" \/>\n<meta name=\"author\" content=\"VICTORIA ISABEL\" \/>\n<meta name=\"twitter:card\" content=\"summary_large_image\" \/>\n<meta name=\"twitter:label1\" content=\"Escrito por\" \/>\n\t<meta name=\"twitter:data1\" content=\"VICTORIA ISABEL\" \/>\n\t<meta name=\"twitter:label2\" content=\"Est. tempo de leitura\" \/>\n\t<meta name=\"twitter:data2\" content=\"2 minutos\" \/>\n<script type=\"application\/ld+json\" class=\"yoast-schema-graph\">{\"@context\":\"https:\/\/schema.org\",\"@graph\":[{\"@type\":\"Article\",\"@id\":\"https:\/\/bahiaeconomica.com.br\/wp\/2023\/07\/04\/piso-da-enfermagem-deve-ser-pago-se-nao-houver-acordo-coletivo-decide-stf\/#article\",\"isPartOf\":{\"@id\":\"https:\/\/bahiaeconomica.com.br\/wp\/2023\/07\/04\/piso-da-enfermagem-deve-ser-pago-se-nao-houver-acordo-coletivo-decide-stf\/\"},\"author\":{\"name\":\"VICTORIA ISABEL\",\"@id\":\"https:\/\/bahiaeconomica.com.br\/wp\/#\/schema\/person\/b719ce0fb1c09f3c7a00d9243ced4a6f\"},\"headline\":\"PISO DA ENFERMAGEM DEVE SER PAGO SE N\u00c3O HOUVER ACORDO COLETIVO, DECIDE STF\",\"datePublished\":\"2023-07-04T12:23:26+00:00\",\"dateModified\":\"2023-07-04T12:23:26+00:00\",\"mainEntityOfPage\":{\"@id\":\"https:\/\/bahiaeconomica.com.br\/wp\/2023\/07\/04\/piso-da-enfermagem-deve-ser-pago-se-nao-houver-acordo-coletivo-decide-stf\/\"},\"wordCount\":254,\"publisher\":{\"@id\":\"https:\/\/bahiaeconomica.com.br\/wp\/#organization\"},\"keywords\":[\"Enfermagem\",\"piso salarial\",\"STF\"],\"articleSection\":[\"Pol\u00edtica\"],\"inLanguage\":\"pt-BR\"},{\"@type\":\"WebPage\",\"@id\":\"https:\/\/bahiaeconomica.com.br\/wp\/2023\/07\/04\/piso-da-enfermagem-deve-ser-pago-se-nao-houver-acordo-coletivo-decide-stf\/\",\"url\":\"https:\/\/bahiaeconomica.com.br\/wp\/2023\/07\/04\/piso-da-enfermagem-deve-ser-pago-se-nao-houver-acordo-coletivo-decide-stf\/\",\"name\":\"PISO DA ENFERMAGEM DEVE SER PAGO SE N\u00c3O HOUVER ACORDO COLETIVO, DECIDE STF - Bahia Economica\",\"isPartOf\":{\"@id\":\"https:\/\/bahiaeconomica.com.br\/wp\/#website\"},\"datePublished\":\"2023-07-04T12:23:26+00:00\",\"dateModified\":\"2023-07-04T12:23:26+00:00\",\"description\":\"O maior portal de Economia da Bahia Pol\u00edtica Bahia Economica O Supremo Tribunal Federal (STF) informou, nesta segunda-feira\",\"breadcrumb\":{\"@id\":\"https:\/\/bahiaeconomica.com.br\/wp\/2023\/07\/04\/piso-da-enfermagem-deve-ser-pago-se-nao-houver-acordo-coletivo-decide-stf\/#breadcrumb\"},\"inLanguage\":\"pt-BR\",\"potentialAction\":[{\"@type\":\"ReadAction\",\"target\":[\"https:\/\/bahiaeconomica.com.br\/wp\/2023\/07\/04\/piso-da-enfermagem-deve-ser-pago-se-nao-houver-acordo-coletivo-decide-stf\/\"]}]},{\"@type\":\"BreadcrumbList\",\"@id\":\"https:\/\/bahiaeconomica.com.br\/wp\/2023\/07\/04\/piso-da-enfermagem-deve-ser-pago-se-nao-houver-acordo-coletivo-decide-stf\/#breadcrumb\",\"itemListElement\":[{\"@type\":\"ListItem\",\"position\":1,\"name\":\"In\u00edcio\",\"item\":\"https:\/\/bahiaeconomica.com.br\/wp\/\"},{\"@type\":\"ListItem\",\"position\":2,\"name\":\"PISO DA ENFERMAGEM DEVE SER PAGO SE N\u00c3O HOUVER ACORDO COLETIVO, DECIDE STF\"}]},{\"@type\":\"WebSite\",\"@id\":\"https:\/\/bahiaeconomica.com.br\/wp\/#website\",\"url\":\"https:\/\/bahiaeconomica.com.br\/wp\/\",\"name\":\"Bahia Economica\",\"description\":\"O maior portal de Economia da Bahia\",\"publisher\":{\"@id\":\"https:\/\/bahiaeconomica.com.br\/wp\/#organization\"},\"potentialAction\":[{\"@type\":\"SearchAction\",\"target\":{\"@type\":\"EntryPoint\",\"urlTemplate\":\"https:\/\/bahiaeconomica.com.br\/wp\/?s={search_term_string}\"},\"query-input\":\"required name=search_term_string\"}],\"inLanguage\":\"pt-BR\"},{\"@type\":\"Organization\",\"@id\":\"https:\/\/bahiaeconomica.com.br\/wp\/#organization\",\"name\":\"Bahia Econ\u00f4mica\",\"url\":\"https:\/\/bahiaeconomica.com.br\/wp\/\",\"logo\":{\"@type\":\"ImageObject\",\"inLanguage\":\"pt-BR\",\"@id\":\"https:\/\/bahiaeconomica.com.br\/wp\/#\/schema\/logo\/image\/\",\"url\":\"https:\/\/bahiaeconomica.com.br\/wp\/wp-content\/uploads\/2020\/12\/cropped-BE.png\",\"contentUrl\":\"https:\/\/bahiaeconomica.com.br\/wp\/wp-content\/uploads\/2020\/12\/cropped-BE.png\",\"width\":512,\"height\":512,\"caption\":\"Bahia Econ\u00f4mica\"},\"image\":{\"@id\":\"https:\/\/bahiaeconomica.com.br\/wp\/#\/schema\/logo\/image\/\"},\"sameAs\":[\"https:\/\/www.facebook.com\/bahiaeconomica\"]},{\"@type\":\"Person\",\"@id\":\"https:\/\/bahiaeconomica.com.br\/wp\/#\/schema\/person\/b719ce0fb1c09f3c7a00d9243ced4a6f\",\"name\":\"VICTORIA ISABEL\",\"sameAs\":[\"http:\/\/www.bahiaeconomica.com.br\"],\"url\":\"https:\/\/bahiaeconomica.com.br\/wp\/author\/victoria-isabel\/\"}]}<\/script>\n<!-- \/ Yoast SEO plugin. -->","yoast_head_json":{"title":"PISO DA ENFERMAGEM DEVE SER PAGO SE N\u00c3O HOUVER ACORDO COLETIVO, DECIDE STF - Bahia Economica","description":"O maior portal de Economia da Bahia Pol\u00edtica Bahia Economica O Supremo Tribunal Federal (STF) informou, nesta segunda-feira","robots":{"index":"index","follow":"follow","max-snippet":"max-snippet:-1","max-image-preview":"max-image-preview:large","max-video-preview":"max-video-preview:-1"},"canonical":"https:\/\/bahiaeconomica.com.br\/wp\/2023\/07\/04\/piso-da-enfermagem-deve-ser-pago-se-nao-houver-acordo-coletivo-decide-stf\/","og_locale":"pt_BR","og_type":"article","og_title":"PISO DA ENFERMAGEM DEVE SER PAGO SE N\u00c3O HOUVER ACORDO COLETIVO, DECIDE STF - Bahia Economica","og_description":"O maior portal de Economia da Bahia Pol\u00edtica Bahia Economica O Supremo Tribunal Federal (STF) informou, nesta segunda-feira","og_url":"https:\/\/bahiaeconomica.com.br\/wp\/2023\/07\/04\/piso-da-enfermagem-deve-ser-pago-se-nao-houver-acordo-coletivo-decide-stf\/","og_site_name":"Bahia Economica","article_publisher":"https:\/\/www.facebook.com\/bahiaeconomica","article_published_time":"2023-07-04T12:23:26+00:00","og_image":[{"width":1170,"height":700,"url":"https:\/\/bahiaeconomica.com.br\/wp\/wp-content\/uploads\/2023\/07\/manifestacao-enfermagem_mcamgo_abr_28062023-4.jpg","type":"image\/jpeg"}],"author":"VICTORIA ISABEL","twitter_card":"summary_large_image","twitter_misc":{"Escrito por":"VICTORIA ISABEL","Est. tempo de leitura":"2 minutos"},"schema":{"@context":"https:\/\/schema.org","@graph":[{"@type":"Article","@id":"https:\/\/bahiaeconomica.com.br\/wp\/2023\/07\/04\/piso-da-enfermagem-deve-ser-pago-se-nao-houver-acordo-coletivo-decide-stf\/#article","isPartOf":{"@id":"https:\/\/bahiaeconomica.com.br\/wp\/2023\/07\/04\/piso-da-enfermagem-deve-ser-pago-se-nao-houver-acordo-coletivo-decide-stf\/"},"author":{"name":"VICTORIA ISABEL","@id":"https:\/\/bahiaeconomica.com.br\/wp\/#\/schema\/person\/b719ce0fb1c09f3c7a00d9243ced4a6f"},"headline":"PISO DA ENFERMAGEM DEVE SER PAGO SE N\u00c3O HOUVER ACORDO COLETIVO, DECIDE STF","datePublished":"2023-07-04T12:23:26+00:00","dateModified":"2023-07-04T12:23:26+00:00","mainEntityOfPage":{"@id":"https:\/\/bahiaeconomica.com.br\/wp\/2023\/07\/04\/piso-da-enfermagem-deve-ser-pago-se-nao-houver-acordo-coletivo-decide-stf\/"},"wordCount":254,"publisher":{"@id":"https:\/\/bahiaeconomica.com.br\/wp\/#organization"},"keywords":["Enfermagem","piso salarial","STF"],"articleSection":["Pol\u00edtica"],"inLanguage":"pt-BR"},{"@type":"WebPage","@id":"https:\/\/bahiaeconomica.com.br\/wp\/2023\/07\/04\/piso-da-enfermagem-deve-ser-pago-se-nao-houver-acordo-coletivo-decide-stf\/","url":"https:\/\/bahiaeconomica.com.br\/wp\/2023\/07\/04\/piso-da-enfermagem-deve-ser-pago-se-nao-houver-acordo-coletivo-decide-stf\/","name":"PISO DA ENFERMAGEM DEVE SER PAGO SE N\u00c3O HOUVER ACORDO COLETIVO, DECIDE STF - Bahia Economica","isPartOf":{"@id":"https:\/\/bahiaeconomica.com.br\/wp\/#website"},"datePublished":"2023-07-04T12:23:26+00:00","dateModified":"2023-07-04T12:23:26+00:00","description":"O maior portal de Economia da Bahia Pol\u00edtica Bahia Economica O Supremo Tribunal Federal (STF) informou, nesta segunda-feira","breadcrumb":{"@id":"https:\/\/bahiaeconomica.com.br\/wp\/2023\/07\/04\/piso-da-enfermagem-deve-ser-pago-se-nao-houver-acordo-coletivo-decide-stf\/#breadcrumb"},"inLanguage":"pt-BR","potentialAction":[{"@type":"ReadAction","target":["https:\/\/bahiaeconomica.com.br\/wp\/2023\/07\/04\/piso-da-enfermagem-deve-ser-pago-se-nao-houver-acordo-coletivo-decide-stf\/"]}]},{"@type":"BreadcrumbList","@id":"https:\/\/bahiaeconomica.com.br\/wp\/2023\/07\/04\/piso-da-enfermagem-deve-ser-pago-se-nao-houver-acordo-coletivo-decide-stf\/#breadcrumb","itemListElement":[{"@type":"ListItem","position":1,"name":"In\u00edcio","item":"https:\/\/bahiaeconomica.com.br\/wp\/"},{"@type":"ListItem","position":2,"name":"PISO DA ENFERMAGEM DEVE SER PAGO SE N\u00c3O HOUVER ACORDO COLETIVO, DECIDE STF"}]},{"@type":"WebSite","@id":"https:\/\/bahiaeconomica.com.br\/wp\/#website","url":"https:\/\/bahiaeconomica.com.br\/wp\/","name":"Bahia Economica","description":"O maior portal de Economia da Bahia","publisher":{"@id":"https:\/\/bahiaeconomica.com.br\/wp\/#organization"},"potentialAction":[{"@type":"SearchAction","target":{"@type":"EntryPoint","urlTemplate":"https:\/\/bahiaeconomica.com.br\/wp\/?s={search_term_string}"},"query-input":"required name=search_term_string"}],"inLanguage":"pt-BR"},{"@type":"Organization","@id":"https:\/\/bahiaeconomica.com.br\/wp\/#organization","name":"Bahia Econ\u00f4mica","url":"https:\/\/bahiaeconomica.com.br\/wp\/","logo":{"@type":"ImageObject","inLanguage":"pt-BR","@id":"https:\/\/bahiaeconomica.com.br\/wp\/#\/schema\/logo\/image\/","url":"https:\/\/bahiaeconomica.com.br\/wp\/wp-content\/uploads\/2020\/12\/cropped-BE.png","contentUrl":"https:\/\/bahiaeconomica.com.br\/wp\/wp-content\/uploads\/2020\/12\/cropped-BE.png","width":512,"height":512,"caption":"Bahia Econ\u00f4mica"},"image":{"@id":"https:\/\/bahiaeconomica.com.br\/wp\/#\/schema\/logo\/image\/"},"sameAs":["https:\/\/www.facebook.com\/bahiaeconomica"]},{"@type":"Person","@id":"https:\/\/bahiaeconomica.com.br\/wp\/#\/schema\/person\/b719ce0fb1c09f3c7a00d9243ced4a6f","name":"VICTORIA ISABEL","sameAs":["http:\/\/www.bahiaeconomica.com.br"],"url":"https:\/\/bahiaeconomica.com.br\/wp\/author\/victoria-isabel\/"}]}},"views":42,"_links":{"self":[{"href":"https:\/\/bahiaeconomica.com.br\/wp\/wp-json\/wp\/v2\/posts\/744858"}],"collection":[{"href":"https:\/\/bahiaeconomica.com.br\/wp\/wp-json\/wp\/v2\/posts"}],"about":[{"href":"https:\/\/bahiaeconomica.com.br\/wp\/wp-json\/wp\/v2\/types\/post"}],"author":[{"embeddable":true,"href":"https:\/\/bahiaeconomica.com.br\/wp\/wp-json\/wp\/v2\/users\/15"}],"replies":[{"embeddable":true,"href":"https:\/\/bahiaeconomica.com.br\/wp\/wp-json\/wp\/v2\/comments?post=744858"}],"version-history":[{"count":1,"href":"https:\/\/bahiaeconomica.com.br\/wp\/wp-json\/wp\/v2\/posts\/744858\/revisions"}],"predecessor-version":[{"id":744866,"href":"https:\/\/bahiaeconomica.com.br\/wp\/wp-json\/wp\/v2\/posts\/744858\/revisions\/744866"}],"wp:featuredmedia":[{"embeddable":true,"href":"https:\/\/bahiaeconomica.com.br\/wp\/wp-json\/wp\/v2\/media\/744864"}],"wp:attachment":[{"href":"https:\/\/bahiaeconomica.com.br\/wp\/wp-json\/wp\/v2\/media?parent=744858"}],"wp:term":[{"taxonomy":"category","embeddable":true,"href":"https:\/\/bahiaeconomica.com.br\/wp\/wp-json\/wp\/v2\/categories?post=744858"},{"taxonomy":"post_tag","embeddable":true,"href":"https:\/\/bahiaeconomica.com.br\/wp\/wp-json\/wp\/v2\/tags?post=744858"}],"curies":[{"name":"wp","href":"https:\/\/api.w.org\/{rel}","templated":true}]}}