{"id":744631,"date":"2023-07-03T15:37:51","date_gmt":"2023-07-03T18:37:51","guid":{"rendered":"https:\/\/bahiaeconomica.com.br\/wp\/?p=744631"},"modified":"2023-07-03T15:46:37","modified_gmt":"2023-07-03T18:46:37","slug":"zagueiro-do-bahia-se-envolve-em-acidente-em-dias-davila-clube-emite-nota","status":"publish","type":"post","link":"https:\/\/bahiaeconomica.com.br\/wp\/2023\/07\/03\/zagueiro-do-bahia-se-envolve-em-acidente-em-dias-davila-clube-emite-nota\/","title":{"rendered":"ZAGUEIRO DO BAHIA SE ENVOLVE EM ACIDENTE EM DIAS D&#8217;\u00c1VILA; CLUBE EMITE NOTA"},"content":{"rendered":"<p>Ap\u00f3s realizar o \u00faltimo treino, no CT Evaristo de Macedo, em Dias D\u2019\u00c1vila, antes da partida decisiva contra o Gr\u00eamio pela Copa do Brasil, o atleta Raul Gustavo, zagueiro do Bahia bateu o carro nesta segunda (03). O acidente ocorreu ap\u00f3s uma batida do ve\u00edculo do jogador no fundo de uma carreta.<\/p>\n<p>Uma ambul\u00e2ncia da Samu esteve presente no local. O defensor teve ferimentos leves e passa bem. Um caso parecido aconteceu recentemente, quando o atacante Everaldo atropelou um cavalo e teve seu ve\u00edculo destru\u00eddo. Em 2018, o ve\u00edculo do presidente do Bahia, Guilherme Bellintani, pegou fogo em Sim\u00f5es Filho.<\/p>\n<div id=\"attachment_744646\" style=\"width: 510px\" class=\"wp-caption aligncenter\"><img aria-describedby=\"caption-attachment-744646\" decoding=\"async\" class=\"size-full wp-image-744646\" src=\"https:\/\/bahiaeconomica.com.br\/wp\/wp-content\/uploads\/2023\/07\/whatsapp-image-2023-01-24-at-10.49.00.jpg\" alt=\"\" width=\"500\" height=\"300\" srcset=\"https:\/\/bahiaeconomica.com.br\/wp\/wp-content\/uploads\/2023\/07\/whatsapp-image-2023-01-24-at-10.49.00.jpg 500w, https:\/\/bahiaeconomica.com.br\/wp\/wp-content\/uploads\/2023\/07\/whatsapp-image-2023-01-24-at-10.49.00-300x180.jpg 300w\" sizes=\"(max-width: 500px) 100vw, 500px\" \/><p id=\"caption-attachment-744646\" class=\"wp-caption-text\"><em>Raul Gustavo, zagueiro do Bahia<\/em> &#8211; <strong>Cr\u00e9ditos: Felipe Oliveira\/EC Bahia<\/strong><\/p><\/div>\n<p>Em nota, a assessoria do Esporte Clube Bahia informou que Raul Gustavo retornou ao clube ap\u00f3s a batida para ser avaliado.<\/p>\n<p><em>\u201cNesta segunda-feira (3), ap\u00f3s deixar o CT Evaristo de Macedo, onde participou normalmente do treino do dia, o zagueiro Raul Gustavo se envolveu em um acidente de tr\u00e2nsito. O atleta retornou para a Cidade Tricolor a fim de ser avaliado por um m\u00e9dico do clube e est\u00e1 bem\u201d, informa.<\/em><\/p>\n<p>Raul Gustavo est\u00e1 fora do time desde o m\u00eas de mar\u00e7o, quando sofreu uma grave les\u00e3o no joelho. Na \u00faltima semana, o jogador voltou a treinar com bola e est\u00e1 pr\u00f3ximo do retorno ao elenco para a sequ\u00eancia da temporada.<\/p>\n<p>&nbsp;<\/p>\n<p>Foto: Reprodu\u00e7\u00e3o\/WhatsApp<\/p>\n","protected":false},"excerpt":{"rendered":"<p>Ap\u00f3s realizar o \u00faltimo treino, no CT Evaristo de Macedo, em Dias D\u2019\u00c1vila, antes da partida decisiva contra o Gr\u00eamio pela Copa do Brasil, o atleta Raul Gustavo, zagueiro do Bahia bateu o carro nesta segunda (03). O acidente ocorreu ap\u00f3s uma batida do ve\u00edculo do jogador no fundo de uma carreta. Uma ambul\u00e2ncia da [&hellip;]<\/p>\n","protected":false},"author":6,"featured_media":744644,"comment_status":"closed","ping_status":"closed","sticky":false,"template":"","format":"standard","meta":[],"categories":[3,4486],"tags":[811,85,8112,9838,2442,1527,15619,73],"acf":[],"yoast_head":"<!-- This site is optimized with the Yoast SEO plugin v20.8 - https:\/\/yoast.com\/wordpress\/plugins\/seo\/ -->\n<title>ZAGUEIRO DO BAHIA SE ENVOLVE EM ACIDENTE EM DIAS D&#039;\u00c1VILA; CLUBE EMITE NOTA - Bahia Economica<\/title>\n<meta name=\"description\" content=\"O acidente ocorreu ap\u00f3s uma batida do ve\u00edculo do jogador no fundo de uma carreta. Uma ambul\u00e2ncia da Samu esteve presente no local\" \/>\n<meta name=\"robots\" content=\"index, follow, max-snippet:-1, max-image-preview:large, max-video-preview:-1\" \/>\n<link rel=\"canonical\" href=\"https:\/\/bahiaeconomica.com.br\/wp\/2023\/07\/03\/zagueiro-do-bahia-se-envolve-em-acidente-em-dias-davila-clube-emite-nota\/\" \/>\n<meta property=\"og:locale\" content=\"pt_BR\" \/>\n<meta property=\"og:type\" content=\"article\" \/>\n<meta property=\"og:title\" content=\"ZAGUEIRO DO BAHIA SE ENVOLVE EM ACIDENTE EM DIAS D&#039;\u00c1VILA; CLUBE EMITE NOTA - Bahia Economica\" \/>\n<meta property=\"og:description\" content=\"O acidente ocorreu ap\u00f3s uma batida do ve\u00edculo do jogador no fundo de uma carreta. Uma ambul\u00e2ncia da Samu esteve presente no local\" \/>\n<meta property=\"og:url\" content=\"https:\/\/bahiaeconomica.com.br\/wp\/2023\/07\/03\/zagueiro-do-bahia-se-envolve-em-acidente-em-dias-davila-clube-emite-nota\/\" \/>\n<meta property=\"og:site_name\" content=\"Bahia Economica\" \/>\n<meta property=\"article:publisher\" content=\"https:\/\/www.facebook.com\/bahiaeconomica\" \/>\n<meta property=\"article:published_time\" content=\"2023-07-03T18:37:51+00:00\" \/>\n<meta property=\"article:modified_time\" content=\"2023-07-03T18:46:37+00:00\" \/>\n<meta property=\"og:image\" content=\"https:\/\/bahiaeconomica.com.br\/wp\/wp-content\/uploads\/2023\/07\/WhatsApp-Image-2023-07-03-at-14.59.56.jpeg\" \/>\n\t<meta property=\"og:image:width\" content=\"850\" \/>\n\t<meta property=\"og:image:height\" content=\"566\" \/>\n\t<meta property=\"og:image:type\" content=\"image\/jpeg\" \/>\n<meta name=\"author\" content=\"DS\" \/>\n<meta name=\"twitter:card\" content=\"summary_large_image\" \/>\n<meta name=\"twitter:label1\" content=\"Escrito por\" \/>\n\t<meta name=\"twitter:data1\" content=\"DS\" \/>\n\t<meta name=\"twitter:label2\" content=\"Est. tempo de leitura\" \/>\n\t<meta name=\"twitter:data2\" content=\"2 minutos\" \/>\n<script type=\"application\/ld+json\" class=\"yoast-schema-graph\">{\"@context\":\"https:\/\/schema.org\",\"@graph\":[{\"@type\":\"Article\",\"@id\":\"https:\/\/bahiaeconomica.com.br\/wp\/2023\/07\/03\/zagueiro-do-bahia-se-envolve-em-acidente-em-dias-davila-clube-emite-nota\/#article\",\"isPartOf\":{\"@id\":\"https:\/\/bahiaeconomica.com.br\/wp\/2023\/07\/03\/zagueiro-do-bahia-se-envolve-em-acidente-em-dias-davila-clube-emite-nota\/\"},\"author\":{\"name\":\"DS\",\"@id\":\"https:\/\/bahiaeconomica.com.br\/wp\/#\/schema\/person\/756f314c5bfa87c7b43a2850854305a1\"},\"headline\":\"ZAGUEIRO DO BAHIA SE ENVOLVE EM ACIDENTE EM DIAS D&#8217;\u00c1VILA; CLUBE EMITE NOTA\",\"datePublished\":\"2023-07-03T18:37:51+00:00\",\"dateModified\":\"2023-07-03T18:46:37+00:00\",\"mainEntityOfPage\":{\"@id\":\"https:\/\/bahiaeconomica.com.br\/wp\/2023\/07\/03\/zagueiro-do-bahia-se-envolve-em-acidente-em-dias-davila-clube-emite-nota\/\"},\"wordCount\":264,\"publisher\":{\"@id\":\"https:\/\/bahiaeconomica.com.br\/wp\/#organization\"},\"keywords\":[\"acidente\",\"Bahia\",\"Dias d\u2019\u00c1vila\",\"EC Bahia\",\"esportes\",\"futebol\",\"RAUL GUSTAVO\",\"Salvador\"],\"articleSection\":[\"ECONOMIA \/ POL\u00cdTICA\",\"Esporte\"],\"inLanguage\":\"pt-BR\"},{\"@type\":\"WebPage\",\"@id\":\"https:\/\/bahiaeconomica.com.br\/wp\/2023\/07\/03\/zagueiro-do-bahia-se-envolve-em-acidente-em-dias-davila-clube-emite-nota\/\",\"url\":\"https:\/\/bahiaeconomica.com.br\/wp\/2023\/07\/03\/zagueiro-do-bahia-se-envolve-em-acidente-em-dias-davila-clube-emite-nota\/\",\"name\":\"ZAGUEIRO DO BAHIA SE ENVOLVE EM ACIDENTE EM DIAS D'\u00c1VILA; CLUBE EMITE NOTA - Bahia Economica\",\"isPartOf\":{\"@id\":\"https:\/\/bahiaeconomica.com.br\/wp\/#website\"},\"datePublished\":\"2023-07-03T18:37:51+00:00\",\"dateModified\":\"2023-07-03T18:46:37+00:00\",\"description\":\"O acidente ocorreu ap\u00f3s uma batida do ve\u00edculo do jogador no fundo de uma carreta. Uma ambul\u00e2ncia da Samu esteve presente no local\",\"breadcrumb\":{\"@id\":\"https:\/\/bahiaeconomica.com.br\/wp\/2023\/07\/03\/zagueiro-do-bahia-se-envolve-em-acidente-em-dias-davila-clube-emite-nota\/#breadcrumb\"},\"inLanguage\":\"pt-BR\",\"potentialAction\":[{\"@type\":\"ReadAction\",\"target\":[\"https:\/\/bahiaeconomica.com.br\/wp\/2023\/07\/03\/zagueiro-do-bahia-se-envolve-em-acidente-em-dias-davila-clube-emite-nota\/\"]}]},{\"@type\":\"BreadcrumbList\",\"@id\":\"https:\/\/bahiaeconomica.com.br\/wp\/2023\/07\/03\/zagueiro-do-bahia-se-envolve-em-acidente-em-dias-davila-clube-emite-nota\/#breadcrumb\",\"itemListElement\":[{\"@type\":\"ListItem\",\"position\":1,\"name\":\"In\u00edcio\",\"item\":\"https:\/\/bahiaeconomica.com.br\/wp\/\"},{\"@type\":\"ListItem\",\"position\":2,\"name\":\"ZAGUEIRO DO BAHIA SE ENVOLVE EM ACIDENTE EM DIAS D&#8217;\u00c1VILA; CLUBE EMITE NOTA\"}]},{\"@type\":\"WebSite\",\"@id\":\"https:\/\/bahiaeconomica.com.br\/wp\/#website\",\"url\":\"https:\/\/bahiaeconomica.com.br\/wp\/\",\"name\":\"Bahia Economica\",\"description\":\"O maior portal de Economia da Bahia\",\"publisher\":{\"@id\":\"https:\/\/bahiaeconomica.com.br\/wp\/#organization\"},\"potentialAction\":[{\"@type\":\"SearchAction\",\"target\":{\"@type\":\"EntryPoint\",\"urlTemplate\":\"https:\/\/bahiaeconomica.com.br\/wp\/?s={search_term_string}\"},\"query-input\":\"required name=search_term_string\"}],\"inLanguage\":\"pt-BR\"},{\"@type\":\"Organization\",\"@id\":\"https:\/\/bahiaeconomica.com.br\/wp\/#organization\",\"name\":\"Bahia Econ\u00f4mica\",\"url\":\"https:\/\/bahiaeconomica.com.br\/wp\/\",\"logo\":{\"@type\":\"ImageObject\",\"inLanguage\":\"pt-BR\",\"@id\":\"https:\/\/bahiaeconomica.com.br\/wp\/#\/schema\/logo\/image\/\",\"url\":\"https:\/\/bahiaeconomica.com.br\/wp\/wp-content\/uploads\/2020\/12\/cropped-BE.png\",\"contentUrl\":\"https:\/\/bahiaeconomica.com.br\/wp\/wp-content\/uploads\/2020\/12\/cropped-BE.png\",\"width\":512,\"height\":512,\"caption\":\"Bahia Econ\u00f4mica\"},\"image\":{\"@id\":\"https:\/\/bahiaeconomica.com.br\/wp\/#\/schema\/logo\/image\/\"},\"sameAs\":[\"https:\/\/www.facebook.com\/bahiaeconomica\"]},{\"@type\":\"Person\",\"@id\":\"https:\/\/bahiaeconomica.com.br\/wp\/#\/schema\/person\/756f314c5bfa87c7b43a2850854305a1\",\"name\":\"DS\",\"sameAs\":[\"https:\/\/bahiaeconomica.com.br\/wp\/beta\/\"],\"url\":\"https:\/\/bahiaeconomica.com.br\/wp\/author\/ds\/\"}]}<\/script>\n<!-- \/ Yoast SEO plugin. -->","yoast_head_json":{"title":"ZAGUEIRO DO BAHIA SE ENVOLVE EM ACIDENTE EM DIAS D'\u00c1VILA; CLUBE EMITE NOTA - Bahia Economica","description":"O acidente ocorreu ap\u00f3s uma batida do ve\u00edculo do jogador no fundo de uma carreta. Uma ambul\u00e2ncia da Samu esteve presente no local","robots":{"index":"index","follow":"follow","max-snippet":"max-snippet:-1","max-image-preview":"max-image-preview:large","max-video-preview":"max-video-preview:-1"},"canonical":"https:\/\/bahiaeconomica.com.br\/wp\/2023\/07\/03\/zagueiro-do-bahia-se-envolve-em-acidente-em-dias-davila-clube-emite-nota\/","og_locale":"pt_BR","og_type":"article","og_title":"ZAGUEIRO DO BAHIA SE ENVOLVE EM ACIDENTE EM DIAS D'\u00c1VILA; CLUBE EMITE NOTA - Bahia Economica","og_description":"O acidente ocorreu ap\u00f3s uma batida do ve\u00edculo do jogador no fundo de uma carreta. Uma ambul\u00e2ncia da Samu esteve presente no local","og_url":"https:\/\/bahiaeconomica.com.br\/wp\/2023\/07\/03\/zagueiro-do-bahia-se-envolve-em-acidente-em-dias-davila-clube-emite-nota\/","og_site_name":"Bahia Economica","article_publisher":"https:\/\/www.facebook.com\/bahiaeconomica","article_published_time":"2023-07-03T18:37:51+00:00","article_modified_time":"2023-07-03T18:46:37+00:00","og_image":[{"width":850,"height":566,"url":"https:\/\/bahiaeconomica.com.br\/wp\/wp-content\/uploads\/2023\/07\/WhatsApp-Image-2023-07-03-at-14.59.56.jpeg","type":"image\/jpeg"}],"author":"DS","twitter_card":"summary_large_image","twitter_misc":{"Escrito por":"DS","Est. tempo de leitura":"2 minutos"},"schema":{"@context":"https:\/\/schema.org","@graph":[{"@type":"Article","@id":"https:\/\/bahiaeconomica.com.br\/wp\/2023\/07\/03\/zagueiro-do-bahia-se-envolve-em-acidente-em-dias-davila-clube-emite-nota\/#article","isPartOf":{"@id":"https:\/\/bahiaeconomica.com.br\/wp\/2023\/07\/03\/zagueiro-do-bahia-se-envolve-em-acidente-em-dias-davila-clube-emite-nota\/"},"author":{"name":"DS","@id":"https:\/\/bahiaeconomica.com.br\/wp\/#\/schema\/person\/756f314c5bfa87c7b43a2850854305a1"},"headline":"ZAGUEIRO DO BAHIA SE ENVOLVE EM ACIDENTE EM DIAS D&#8217;\u00c1VILA; CLUBE EMITE NOTA","datePublished":"2023-07-03T18:37:51+00:00","dateModified":"2023-07-03T18:46:37+00:00","mainEntityOfPage":{"@id":"https:\/\/bahiaeconomica.com.br\/wp\/2023\/07\/03\/zagueiro-do-bahia-se-envolve-em-acidente-em-dias-davila-clube-emite-nota\/"},"wordCount":264,"publisher":{"@id":"https:\/\/bahiaeconomica.com.br\/wp\/#organization"},"keywords":["acidente","Bahia","Dias d\u2019\u00c1vila","EC Bahia","esportes","futebol","RAUL GUSTAVO","Salvador"],"articleSection":["ECONOMIA \/ POL\u00cdTICA","Esporte"],"inLanguage":"pt-BR"},{"@type":"WebPage","@id":"https:\/\/bahiaeconomica.com.br\/wp\/2023\/07\/03\/zagueiro-do-bahia-se-envolve-em-acidente-em-dias-davila-clube-emite-nota\/","url":"https:\/\/bahiaeconomica.com.br\/wp\/2023\/07\/03\/zagueiro-do-bahia-se-envolve-em-acidente-em-dias-davila-clube-emite-nota\/","name":"ZAGUEIRO DO BAHIA SE ENVOLVE EM ACIDENTE EM DIAS D'\u00c1VILA; CLUBE EMITE NOTA - Bahia Economica","isPartOf":{"@id":"https:\/\/bahiaeconomica.com.br\/wp\/#website"},"datePublished":"2023-07-03T18:37:51+00:00","dateModified":"2023-07-03T18:46:37+00:00","description":"O acidente ocorreu ap\u00f3s uma batida do ve\u00edculo do jogador no fundo de uma carreta. Uma ambul\u00e2ncia da Samu esteve presente no local","breadcrumb":{"@id":"https:\/\/bahiaeconomica.com.br\/wp\/2023\/07\/03\/zagueiro-do-bahia-se-envolve-em-acidente-em-dias-davila-clube-emite-nota\/#breadcrumb"},"inLanguage":"pt-BR","potentialAction":[{"@type":"ReadAction","target":["https:\/\/bahiaeconomica.com.br\/wp\/2023\/07\/03\/zagueiro-do-bahia-se-envolve-em-acidente-em-dias-davila-clube-emite-nota\/"]}]},{"@type":"BreadcrumbList","@id":"https:\/\/bahiaeconomica.com.br\/wp\/2023\/07\/03\/zagueiro-do-bahia-se-envolve-em-acidente-em-dias-davila-clube-emite-nota\/#breadcrumb","itemListElement":[{"@type":"ListItem","position":1,"name":"In\u00edcio","item":"https:\/\/bahiaeconomica.com.br\/wp\/"},{"@type":"ListItem","position":2,"name":"ZAGUEIRO DO BAHIA SE ENVOLVE EM ACIDENTE EM DIAS D&#8217;\u00c1VILA; CLUBE EMITE NOTA"}]},{"@type":"WebSite","@id":"https:\/\/bahiaeconomica.com.br\/wp\/#website","url":"https:\/\/bahiaeconomica.com.br\/wp\/","name":"Bahia Economica","description":"O maior portal de Economia da Bahia","publisher":{"@id":"https:\/\/bahiaeconomica.com.br\/wp\/#organization"},"potentialAction":[{"@type":"SearchAction","target":{"@type":"EntryPoint","urlTemplate":"https:\/\/bahiaeconomica.com.br\/wp\/?s={search_term_string}"},"query-input":"required name=search_term_string"}],"inLanguage":"pt-BR"},{"@type":"Organization","@id":"https:\/\/bahiaeconomica.com.br\/wp\/#organization","name":"Bahia Econ\u00f4mica","url":"https:\/\/bahiaeconomica.com.br\/wp\/","logo":{"@type":"ImageObject","inLanguage":"pt-BR","@id":"https:\/\/bahiaeconomica.com.br\/wp\/#\/schema\/logo\/image\/","url":"https:\/\/bahiaeconomica.com.br\/wp\/wp-content\/uploads\/2020\/12\/cropped-BE.png","contentUrl":"https:\/\/bahiaeconomica.com.br\/wp\/wp-content\/uploads\/2020\/12\/cropped-BE.png","width":512,"height":512,"caption":"Bahia Econ\u00f4mica"},"image":{"@id":"https:\/\/bahiaeconomica.com.br\/wp\/#\/schema\/logo\/image\/"},"sameAs":["https:\/\/www.facebook.com\/bahiaeconomica"]},{"@type":"Person","@id":"https:\/\/bahiaeconomica.com.br\/wp\/#\/schema\/person\/756f314c5bfa87c7b43a2850854305a1","name":"DS","sameAs":["https:\/\/bahiaeconomica.com.br\/wp\/beta\/"],"url":"https:\/\/bahiaeconomica.com.br\/wp\/author\/ds\/"}]}},"views":68,"_links":{"self":[{"href":"https:\/\/bahiaeconomica.com.br\/wp\/wp-json\/wp\/v2\/posts\/744631"}],"collection":[{"href":"https:\/\/bahiaeconomica.com.br\/wp\/wp-json\/wp\/v2\/posts"}],"about":[{"href":"https:\/\/bahiaeconomica.com.br\/wp\/wp-json\/wp\/v2\/types\/post"}],"author":[{"embeddable":true,"href":"https:\/\/bahiaeconomica.com.br\/wp\/wp-json\/wp\/v2\/users\/6"}],"replies":[{"embeddable":true,"href":"https:\/\/bahiaeconomica.com.br\/wp\/wp-json\/wp\/v2\/comments?post=744631"}],"version-history":[{"count":5,"href":"https:\/\/bahiaeconomica.com.br\/wp\/wp-json\/wp\/v2\/posts\/744631\/revisions"}],"predecessor-version":[{"id":744650,"href":"https:\/\/bahiaeconomica.com.br\/wp\/wp-json\/wp\/v2\/posts\/744631\/revisions\/744650"}],"wp:featuredmedia":[{"embeddable":true,"href":"https:\/\/bahiaeconomica.com.br\/wp\/wp-json\/wp\/v2\/media\/744644"}],"wp:attachment":[{"href":"https:\/\/bahiaeconomica.com.br\/wp\/wp-json\/wp\/v2\/media?parent=744631"}],"wp:term":[{"taxonomy":"category","embeddable":true,"href":"https:\/\/bahiaeconomica.com.br\/wp\/wp-json\/wp\/v2\/categories?post=744631"},{"taxonomy":"post_tag","embeddable":true,"href":"https:\/\/bahiaeconomica.com.br\/wp\/wp-json\/wp\/v2\/tags?post=744631"}],"curies":[{"name":"wp","href":"https:\/\/api.w.org\/{rel}","templated":true}]}}