{"id":744420,"date":"2023-07-02T08:00:58","date_gmt":"2023-07-02T11:00:58","guid":{"rendered":"https:\/\/bahiaeconomica.com.br\/wp\/?p=744420"},"modified":"2023-07-02T08:00:58","modified_gmt":"2023-07-02T11:00:58","slug":"festejo-do-2-de-julho-chega-aos-200-anos-vivo-entre-os-baianos","status":"publish","type":"post","link":"https:\/\/bahiaeconomica.com.br\/wp\/2023\/07\/02\/festejo-do-2-de-julho-chega-aos-200-anos-vivo-entre-os-baianos\/","title":{"rendered":"FESTEJO DO 2 DE JULHO CHEGA AOS 200 ANOS VIVO ENTRE OS BAIANOS"},"content":{"rendered":"<p>H\u00e1 200 anos, no dia 2 de julho de 1823, os baianos sentiam o gosto da vit\u00f3ria de uma guerra que durou mais de um ano. A luta pela liberdade se concretizava e at\u00e9 o sol, como diz o hino, brilhava de um jeito diferente. Apesar de bicenten\u00e1ria, a celebra\u00e7\u00e3o da Independ\u00eancia do Brasil na Bahia nunca esteve t\u00e3o latente no cora\u00e7\u00e3o e no corpo social de um povo que a festeja de maneiras \u00fanicas. Mas o que explica a longevidade de uma festa popular, que mesmo depois de tanto tempo segue viva?<\/p>\n<p>Para o historiador Rafael Dantas, curador da exposi\u00e7\u00e3o \u201cBicenten\u00e1rio da Independ\u00eancia da Bahia: Iconografia e Hist\u00f3ria\u201d, a justificativa \u00e9 encontrada na representatividade que o per\u00edodo carrega. Diferentemente da sauda\u00e7\u00e3o aos militares carregada pelo 7 de Setembro &#8211; apresentada para o resto do pa\u00eds como o Dia da Independ\u00eancia &#8211; o 2 de Julho clama pela participa\u00e7\u00e3o popular de um povo que se enxerga em cada canto do cortejo. \u201cN\u00e3o \u00e9 somente a data mais representativa do Brasil, como a mais sentida pelas pessoas e pelos habitantes. \u00c9 a reuni\u00e3o de tudo. O religioso, o pol\u00edtico, o c\u00edvico. A gente se v\u00ea no 2 de Julho\u201d, disse Rafael em entrevista \u00e0 R\u00e1dio Metr\u00f3pole.<\/p>\n<p>Quando cada parte que comp\u00f5e a popula\u00e7\u00e3o baiana, principalmente aquelas que s\u00e3o historicamente exclu\u00eddas do processo de garantia dos direitos, como os negros, ind\u00edgenas e mulheres, passam n\u00e3o somente a se enxergar nos festejos, mas entender que o que lhes cabe \u00e9 o protagonismo de uma das lutas mais importantes do pa\u00eds, a festa se torna imortal. Em um aglomerado de ancestralidade, a identidade toma conta do festejo. &#8220;A festa sempre mostra as m\u00faltiplas faces da Bahia. Essa energia, sem d\u00favida nenhuma, \u00e9 uma interpreta\u00e7\u00e3o pessoal que uma data coletiva tem e quando esse evento foge do coletivo para tamb\u00e9m tocar no pessoal, \u00e9 algo que se torna eternamente memor\u00e1vel&#8221;, declarou o historiador.<\/p>\n<p>A resist\u00eancia necess\u00e1ria na hist\u00f3ria dos baianos \u00e9 sem sombra de d\u00favidas o maior conectivo nesses 200 anos. O estado que outrora foi palco das maiores decis\u00f5es do Brasil, hoje enfrenta o esquecimento que perpassa toda a regi\u00e3o Nordeste e que levou a uma s\u00e9rie de crises nos mais diversos aspectos, inclusive no ponto de vista social. Falamos ent\u00e3o da bravura atemporal da na\u00e7\u00e3o baiana, que comp\u00f5e os tantos peda\u00e7os de &#8220;Brasis&#8221;, mas que sempre que preciso segue lutando pela sua liberdade, tornando o ideal do Hino do 2 de Julho eterno: &#8220;Nunca mais o despotismo reger\u00e1 nossas a\u00e7\u00f5es&#8221;.<\/p>\n<p>&#8220;O 2 de Julho \u00e9 sempre novo porque as pautas n\u00e3o est\u00e3o somente no passado. Elas focam tamb\u00e9m nessa ideia de presente e nas reivindica\u00e7\u00f5es de cada momento, principalmente porque os pol\u00edticos fazem parte. O Nordeste \u00e9 visto pela for\u00e7a que se mant\u00e9m e que sempre d\u00e1 um basta nos tiranos&#8221;, finalizou Rafael Dantas.<\/p>\n<p>Foto: Adeloy\u00e1 Magnoni\/FGM<\/p>\n","protected":false},"excerpt":{"rendered":"<p>H\u00e1 200 anos, no dia 2 de julho de 1823, os baianos sentiam o gosto da vit\u00f3ria de uma guerra que durou mais de um ano. A luta pela liberdade se concretizava e at\u00e9 o sol, como diz o hino, brilhava de um jeito diferente. Apesar de bicenten\u00e1ria, a celebra\u00e7\u00e3o da Independ\u00eancia do Brasil na [&hellip;]<\/p>\n","protected":false},"author":8,"featured_media":744421,"comment_status":"closed","ping_status":"closed","sticky":false,"template":"","format":"standard","meta":[],"categories":[14],"tags":[4760,6794,14842],"acf":[],"yoast_head":"<!-- This site is optimized with the Yoast SEO plugin v20.8 - https:\/\/yoast.com\/wordpress\/plugins\/seo\/ -->\n<title>FESTEJO DO 2 DE JULHO CHEGA AOS 200 ANOS VIVO ENTRE OS BAIANOS - Bahia Economica<\/title>\n<meta name=\"description\" content=\"O maior portal de Economia da Bahia DESTAQUE DO DIA Bahia Economica H\u00e1 200 anos, no dia 2 de julho de 1823, os baianos sentiam o gosto\" \/>\n<meta name=\"robots\" content=\"index, follow, max-snippet:-1, max-image-preview:large, max-video-preview:-1\" \/>\n<link rel=\"canonical\" href=\"https:\/\/bahiaeconomica.com.br\/wp\/2023\/07\/02\/festejo-do-2-de-julho-chega-aos-200-anos-vivo-entre-os-baianos\/\" \/>\n<meta property=\"og:locale\" content=\"pt_BR\" \/>\n<meta property=\"og:type\" content=\"article\" \/>\n<meta property=\"og:title\" content=\"FESTEJO DO 2 DE JULHO CHEGA AOS 200 ANOS VIVO ENTRE OS BAIANOS - Bahia Economica\" \/>\n<meta property=\"og:description\" content=\"O maior portal de Economia da Bahia DESTAQUE DO DIA Bahia Economica H\u00e1 200 anos, no dia 2 de julho de 1823, os baianos sentiam o gosto\" \/>\n<meta property=\"og:url\" content=\"https:\/\/bahiaeconomica.com.br\/wp\/2023\/07\/02\/festejo-do-2-de-julho-chega-aos-200-anos-vivo-entre-os-baianos\/\" \/>\n<meta property=\"og:site_name\" content=\"Bahia Economica\" \/>\n<meta property=\"article:publisher\" content=\"https:\/\/www.facebook.com\/bahiaeconomica\" \/>\n<meta property=\"article:published_time\" content=\"2023-07-02T11:00:58+00:00\" \/>\n<meta property=\"og:image\" content=\"https:\/\/bahiaeconomica.com.br\/wp\/wp-content\/uploads\/2023\/07\/138203representatividade-forca-e-ancestralidade-festejo-do-2-de-julho-chega-aos-200-anos-vivo-entre-os-baianos-3.jpg\" \/>\n\t<meta property=\"og:image:width\" content=\"1600\" \/>\n\t<meta property=\"og:image:height\" content=\"752\" \/>\n\t<meta property=\"og:image:type\" content=\"image\/jpeg\" \/>\n<meta name=\"author\" content=\"JP\" \/>\n<meta name=\"twitter:card\" content=\"summary_large_image\" \/>\n<meta name=\"twitter:label1\" content=\"Escrito por\" \/>\n\t<meta name=\"twitter:data1\" content=\"JP\" \/>\n\t<meta name=\"twitter:label2\" content=\"Est. tempo de leitura\" \/>\n\t<meta name=\"twitter:data2\" content=\"3 minutos\" \/>\n<script type=\"application\/ld+json\" class=\"yoast-schema-graph\">{\"@context\":\"https:\/\/schema.org\",\"@graph\":[{\"@type\":\"Article\",\"@id\":\"https:\/\/bahiaeconomica.com.br\/wp\/2023\/07\/02\/festejo-do-2-de-julho-chega-aos-200-anos-vivo-entre-os-baianos\/#article\",\"isPartOf\":{\"@id\":\"https:\/\/bahiaeconomica.com.br\/wp\/2023\/07\/02\/festejo-do-2-de-julho-chega-aos-200-anos-vivo-entre-os-baianos\/\"},\"author\":{\"name\":\"JP\",\"@id\":\"https:\/\/bahiaeconomica.com.br\/wp\/#\/schema\/person\/c86d3a3f8960425a0f9d0e5245991f4e\"},\"headline\":\"FESTEJO DO 2 DE JULHO CHEGA AOS 200 ANOS VIVO ENTRE OS BAIANOS\",\"datePublished\":\"2023-07-02T11:00:58+00:00\",\"dateModified\":\"2023-07-02T11:00:58+00:00\",\"mainEntityOfPage\":{\"@id\":\"https:\/\/bahiaeconomica.com.br\/wp\/2023\/07\/02\/festejo-do-2-de-julho-chega-aos-200-anos-vivo-entre-os-baianos\/\"},\"wordCount\":519,\"publisher\":{\"@id\":\"https:\/\/bahiaeconomica.com.br\/wp\/#organization\"},\"keywords\":[\"Ba\u00eda\",\"dois de julho\",\"Independ\u00eancia\"],\"articleSection\":[\"DESTAQUE DO DIA\"],\"inLanguage\":\"pt-BR\"},{\"@type\":\"WebPage\",\"@id\":\"https:\/\/bahiaeconomica.com.br\/wp\/2023\/07\/02\/festejo-do-2-de-julho-chega-aos-200-anos-vivo-entre-os-baianos\/\",\"url\":\"https:\/\/bahiaeconomica.com.br\/wp\/2023\/07\/02\/festejo-do-2-de-julho-chega-aos-200-anos-vivo-entre-os-baianos\/\",\"name\":\"FESTEJO DO 2 DE JULHO CHEGA AOS 200 ANOS VIVO ENTRE OS BAIANOS - Bahia Economica\",\"isPartOf\":{\"@id\":\"https:\/\/bahiaeconomica.com.br\/wp\/#website\"},\"datePublished\":\"2023-07-02T11:00:58+00:00\",\"dateModified\":\"2023-07-02T11:00:58+00:00\",\"description\":\"O maior portal de Economia da Bahia DESTAQUE DO DIA Bahia Economica H\u00e1 200 anos, no dia 2 de julho de 1823, os baianos sentiam o gosto\",\"breadcrumb\":{\"@id\":\"https:\/\/bahiaeconomica.com.br\/wp\/2023\/07\/02\/festejo-do-2-de-julho-chega-aos-200-anos-vivo-entre-os-baianos\/#breadcrumb\"},\"inLanguage\":\"pt-BR\",\"potentialAction\":[{\"@type\":\"ReadAction\",\"target\":[\"https:\/\/bahiaeconomica.com.br\/wp\/2023\/07\/02\/festejo-do-2-de-julho-chega-aos-200-anos-vivo-entre-os-baianos\/\"]}]},{\"@type\":\"BreadcrumbList\",\"@id\":\"https:\/\/bahiaeconomica.com.br\/wp\/2023\/07\/02\/festejo-do-2-de-julho-chega-aos-200-anos-vivo-entre-os-baianos\/#breadcrumb\",\"itemListElement\":[{\"@type\":\"ListItem\",\"position\":1,\"name\":\"In\u00edcio\",\"item\":\"https:\/\/bahiaeconomica.com.br\/wp\/\"},{\"@type\":\"ListItem\",\"position\":2,\"name\":\"FESTEJO DO 2 DE JULHO CHEGA AOS 200 ANOS VIVO ENTRE OS BAIANOS\"}]},{\"@type\":\"WebSite\",\"@id\":\"https:\/\/bahiaeconomica.com.br\/wp\/#website\",\"url\":\"https:\/\/bahiaeconomica.com.br\/wp\/\",\"name\":\"Bahia Economica\",\"description\":\"O maior portal de Economia da Bahia\",\"publisher\":{\"@id\":\"https:\/\/bahiaeconomica.com.br\/wp\/#organization\"},\"potentialAction\":[{\"@type\":\"SearchAction\",\"target\":{\"@type\":\"EntryPoint\",\"urlTemplate\":\"https:\/\/bahiaeconomica.com.br\/wp\/?s={search_term_string}\"},\"query-input\":\"required name=search_term_string\"}],\"inLanguage\":\"pt-BR\"},{\"@type\":\"Organization\",\"@id\":\"https:\/\/bahiaeconomica.com.br\/wp\/#organization\",\"name\":\"Bahia Econ\u00f4mica\",\"url\":\"https:\/\/bahiaeconomica.com.br\/wp\/\",\"logo\":{\"@type\":\"ImageObject\",\"inLanguage\":\"pt-BR\",\"@id\":\"https:\/\/bahiaeconomica.com.br\/wp\/#\/schema\/logo\/image\/\",\"url\":\"https:\/\/bahiaeconomica.com.br\/wp\/wp-content\/uploads\/2020\/12\/cropped-BE.png\",\"contentUrl\":\"https:\/\/bahiaeconomica.com.br\/wp\/wp-content\/uploads\/2020\/12\/cropped-BE.png\",\"width\":512,\"height\":512,\"caption\":\"Bahia Econ\u00f4mica\"},\"image\":{\"@id\":\"https:\/\/bahiaeconomica.com.br\/wp\/#\/schema\/logo\/image\/\"},\"sameAs\":[\"https:\/\/www.facebook.com\/bahiaeconomica\"]},{\"@type\":\"Person\",\"@id\":\"https:\/\/bahiaeconomica.com.br\/wp\/#\/schema\/person\/c86d3a3f8960425a0f9d0e5245991f4e\",\"name\":\"JP\",\"sameAs\":[\"https:\/\/bahiaeconomica.com.br\/wp\/beta\/\"],\"url\":\"https:\/\/bahiaeconomica.com.br\/wp\/author\/jp\/\"}]}<\/script>\n<!-- \/ Yoast SEO plugin. -->","yoast_head_json":{"title":"FESTEJO DO 2 DE JULHO CHEGA AOS 200 ANOS VIVO ENTRE OS BAIANOS - Bahia Economica","description":"O maior portal de Economia da Bahia DESTAQUE DO DIA Bahia Economica H\u00e1 200 anos, no dia 2 de julho de 1823, os baianos sentiam o gosto","robots":{"index":"index","follow":"follow","max-snippet":"max-snippet:-1","max-image-preview":"max-image-preview:large","max-video-preview":"max-video-preview:-1"},"canonical":"https:\/\/bahiaeconomica.com.br\/wp\/2023\/07\/02\/festejo-do-2-de-julho-chega-aos-200-anos-vivo-entre-os-baianos\/","og_locale":"pt_BR","og_type":"article","og_title":"FESTEJO DO 2 DE JULHO CHEGA AOS 200 ANOS VIVO ENTRE OS BAIANOS - Bahia Economica","og_description":"O maior portal de Economia da Bahia DESTAQUE DO DIA Bahia Economica H\u00e1 200 anos, no dia 2 de julho de 1823, os baianos sentiam o gosto","og_url":"https:\/\/bahiaeconomica.com.br\/wp\/2023\/07\/02\/festejo-do-2-de-julho-chega-aos-200-anos-vivo-entre-os-baianos\/","og_site_name":"Bahia Economica","article_publisher":"https:\/\/www.facebook.com\/bahiaeconomica","article_published_time":"2023-07-02T11:00:58+00:00","og_image":[{"width":1600,"height":752,"url":"https:\/\/bahiaeconomica.com.br\/wp\/wp-content\/uploads\/2023\/07\/138203representatividade-forca-e-ancestralidade-festejo-do-2-de-julho-chega-aos-200-anos-vivo-entre-os-baianos-3.jpg","type":"image\/jpeg"}],"author":"JP","twitter_card":"summary_large_image","twitter_misc":{"Escrito por":"JP","Est. tempo de leitura":"3 minutos"},"schema":{"@context":"https:\/\/schema.org","@graph":[{"@type":"Article","@id":"https:\/\/bahiaeconomica.com.br\/wp\/2023\/07\/02\/festejo-do-2-de-julho-chega-aos-200-anos-vivo-entre-os-baianos\/#article","isPartOf":{"@id":"https:\/\/bahiaeconomica.com.br\/wp\/2023\/07\/02\/festejo-do-2-de-julho-chega-aos-200-anos-vivo-entre-os-baianos\/"},"author":{"name":"JP","@id":"https:\/\/bahiaeconomica.com.br\/wp\/#\/schema\/person\/c86d3a3f8960425a0f9d0e5245991f4e"},"headline":"FESTEJO DO 2 DE JULHO CHEGA AOS 200 ANOS VIVO ENTRE OS BAIANOS","datePublished":"2023-07-02T11:00:58+00:00","dateModified":"2023-07-02T11:00:58+00:00","mainEntityOfPage":{"@id":"https:\/\/bahiaeconomica.com.br\/wp\/2023\/07\/02\/festejo-do-2-de-julho-chega-aos-200-anos-vivo-entre-os-baianos\/"},"wordCount":519,"publisher":{"@id":"https:\/\/bahiaeconomica.com.br\/wp\/#organization"},"keywords":["Ba\u00eda","dois de julho","Independ\u00eancia"],"articleSection":["DESTAQUE DO DIA"],"inLanguage":"pt-BR"},{"@type":"WebPage","@id":"https:\/\/bahiaeconomica.com.br\/wp\/2023\/07\/02\/festejo-do-2-de-julho-chega-aos-200-anos-vivo-entre-os-baianos\/","url":"https:\/\/bahiaeconomica.com.br\/wp\/2023\/07\/02\/festejo-do-2-de-julho-chega-aos-200-anos-vivo-entre-os-baianos\/","name":"FESTEJO DO 2 DE JULHO CHEGA AOS 200 ANOS VIVO ENTRE OS BAIANOS - Bahia Economica","isPartOf":{"@id":"https:\/\/bahiaeconomica.com.br\/wp\/#website"},"datePublished":"2023-07-02T11:00:58+00:00","dateModified":"2023-07-02T11:00:58+00:00","description":"O maior portal de Economia da Bahia DESTAQUE DO DIA Bahia Economica H\u00e1 200 anos, no dia 2 de julho de 1823, os baianos sentiam o gosto","breadcrumb":{"@id":"https:\/\/bahiaeconomica.com.br\/wp\/2023\/07\/02\/festejo-do-2-de-julho-chega-aos-200-anos-vivo-entre-os-baianos\/#breadcrumb"},"inLanguage":"pt-BR","potentialAction":[{"@type":"ReadAction","target":["https:\/\/bahiaeconomica.com.br\/wp\/2023\/07\/02\/festejo-do-2-de-julho-chega-aos-200-anos-vivo-entre-os-baianos\/"]}]},{"@type":"BreadcrumbList","@id":"https:\/\/bahiaeconomica.com.br\/wp\/2023\/07\/02\/festejo-do-2-de-julho-chega-aos-200-anos-vivo-entre-os-baianos\/#breadcrumb","itemListElement":[{"@type":"ListItem","position":1,"name":"In\u00edcio","item":"https:\/\/bahiaeconomica.com.br\/wp\/"},{"@type":"ListItem","position":2,"name":"FESTEJO DO 2 DE JULHO CHEGA AOS 200 ANOS VIVO ENTRE OS BAIANOS"}]},{"@type":"WebSite","@id":"https:\/\/bahiaeconomica.com.br\/wp\/#website","url":"https:\/\/bahiaeconomica.com.br\/wp\/","name":"Bahia Economica","description":"O maior portal de Economia da Bahia","publisher":{"@id":"https:\/\/bahiaeconomica.com.br\/wp\/#organization"},"potentialAction":[{"@type":"SearchAction","target":{"@type":"EntryPoint","urlTemplate":"https:\/\/bahiaeconomica.com.br\/wp\/?s={search_term_string}"},"query-input":"required name=search_term_string"}],"inLanguage":"pt-BR"},{"@type":"Organization","@id":"https:\/\/bahiaeconomica.com.br\/wp\/#organization","name":"Bahia Econ\u00f4mica","url":"https:\/\/bahiaeconomica.com.br\/wp\/","logo":{"@type":"ImageObject","inLanguage":"pt-BR","@id":"https:\/\/bahiaeconomica.com.br\/wp\/#\/schema\/logo\/image\/","url":"https:\/\/bahiaeconomica.com.br\/wp\/wp-content\/uploads\/2020\/12\/cropped-BE.png","contentUrl":"https:\/\/bahiaeconomica.com.br\/wp\/wp-content\/uploads\/2020\/12\/cropped-BE.png","width":512,"height":512,"caption":"Bahia Econ\u00f4mica"},"image":{"@id":"https:\/\/bahiaeconomica.com.br\/wp\/#\/schema\/logo\/image\/"},"sameAs":["https:\/\/www.facebook.com\/bahiaeconomica"]},{"@type":"Person","@id":"https:\/\/bahiaeconomica.com.br\/wp\/#\/schema\/person\/c86d3a3f8960425a0f9d0e5245991f4e","name":"JP","sameAs":["https:\/\/bahiaeconomica.com.br\/wp\/beta\/"],"url":"https:\/\/bahiaeconomica.com.br\/wp\/author\/jp\/"}]}},"views":31,"_links":{"self":[{"href":"https:\/\/bahiaeconomica.com.br\/wp\/wp-json\/wp\/v2\/posts\/744420"}],"collection":[{"href":"https:\/\/bahiaeconomica.com.br\/wp\/wp-json\/wp\/v2\/posts"}],"about":[{"href":"https:\/\/bahiaeconomica.com.br\/wp\/wp-json\/wp\/v2\/types\/post"}],"author":[{"embeddable":true,"href":"https:\/\/bahiaeconomica.com.br\/wp\/wp-json\/wp\/v2\/users\/8"}],"replies":[{"embeddable":true,"href":"https:\/\/bahiaeconomica.com.br\/wp\/wp-json\/wp\/v2\/comments?post=744420"}],"version-history":[{"count":1,"href":"https:\/\/bahiaeconomica.com.br\/wp\/wp-json\/wp\/v2\/posts\/744420\/revisions"}],"predecessor-version":[{"id":744422,"href":"https:\/\/bahiaeconomica.com.br\/wp\/wp-json\/wp\/v2\/posts\/744420\/revisions\/744422"}],"wp:featuredmedia":[{"embeddable":true,"href":"https:\/\/bahiaeconomica.com.br\/wp\/wp-json\/wp\/v2\/media\/744421"}],"wp:attachment":[{"href":"https:\/\/bahiaeconomica.com.br\/wp\/wp-json\/wp\/v2\/media?parent=744420"}],"wp:term":[{"taxonomy":"category","embeddable":true,"href":"https:\/\/bahiaeconomica.com.br\/wp\/wp-json\/wp\/v2\/categories?post=744420"},{"taxonomy":"post_tag","embeddable":true,"href":"https:\/\/bahiaeconomica.com.br\/wp\/wp-json\/wp\/v2\/tags?post=744420"}],"curies":[{"name":"wp","href":"https:\/\/api.w.org\/{rel}","templated":true}]}}