{"id":744389,"date":"2023-07-01T16:00:50","date_gmt":"2023-07-01T19:00:50","guid":{"rendered":"https:\/\/bahiaeconomica.com.br\/wp\/?p=744389"},"modified":"2023-07-01T13:40:23","modified_gmt":"2023-07-01T16:40:23","slug":"alvara-da-construcao-na-era-bim-e-destaque-na-sexta-da-construcao","status":"publish","type":"post","link":"https:\/\/bahiaeconomica.com.br\/wp\/2023\/07\/01\/alvara-da-construcao-na-era-bim-e-destaque-na-sexta-da-construcao\/","title":{"rendered":"ALVAR\u00c1 DA CONSTRU\u00c7\u00c3O NA ERA BIM \u00c9 DESTAQUE NA SEXTA DA CONSTRU\u00c7\u00c3O"},"content":{"rendered":"<p>Diante da import\u00e2ncia do tema, mais uma vez a Sexta da Constru\u00e7\u00e3o, promovida pelo Sindicato da Ind\u00fastria da Constru\u00e7\u00e3o do Estado da Bahia (Sinduscon-BA), trouxe para os associados e convidados o tema Alvar\u00e1 da Constru\u00e7\u00e3o na Era BIM com destaque para as boas pr\u00e1ticas para submiss\u00e3o de projetos residenciais R3-01. O evento, realizado nesta sexta-feira, 30\/06, foi mediado pelo presidente da entidade, Alexandre Landim, e a apresenta\u00e7\u00e3o foi comandada pelo engenheiro civil, Ricardo Torre\u00e3o, cofundador e BIM Expert da Torch Tecnologias.<\/p>\n<p>Durante a abertura do evento Alexandre Landim falou sobre a import\u00e2ncia de tecnologias na ind\u00fastria da constru\u00e7\u00e3o para melhorar o ambiente de trabalho e ganhar produtividade. \u201cEm especial, a BIM \u2013 Modelagem de Informa\u00e7\u00f5es da Constru\u00e7\u00e3o \u2013 vem se mostrando uma ferramenta muito poderosa para quebrar barreiras, principalmente as burocr\u00e1ticas, proporcionando uma grande revolu\u00e7\u00e3o no momento da aprova\u00e7\u00e3o de projetos e emiss\u00e3o de alvar\u00e1s. Al\u00e9m disso, antecipar a obra \u00e9 sin\u00f4nimo de economia, pois o custo da burocracia pode chegar a 12% do custo total da obra, segundo estudos divulgados pela CBIC &#8211; C\u00e2mara Brasileira da Ind\u00fastria da Constru\u00e7\u00e3o&#8221;, pontua o presidente do Sinduscon-BA.<\/p>\n<p>O palestrante, Ricardo Torre\u00e3o, um dos respons\u00e1veis por desenvolver a plataforma Tekto Solutions que teve o primeiro projeto do Brasil aprovado em BIM no tempo recorde de 45 dias, explica que a ferramenta proporciona celeridade no processo de licenciamento urbano, por meio da an\u00e1lise autom\u00e1tica de conformidade normativa em projetos BIM. \u201cEstamos aqui para orientar os requerentes \u00e0s boas pr\u00e1ticas para submeter os projetos em formato BIM para emiss\u00e3o do alvar\u00e1 de constru\u00e7\u00e3o junto \u00e0 Secretaria Municipal de Desenvolvimento e Urbanismo \u2013 Sedur, \u00f3rg\u00e3o respons\u00e1vel pela aprova\u00e7\u00e3o&#8221;, explica.<\/p>\n<p>Ainda de acordo com Torre\u00e3o &#8220;com esse modelo consegue-se uma celeridade no processo de aprova\u00e7\u00e3o nos residenciais R3-01, que s\u00e3o projetos de m\u00e9dia e alta complexidade, referentes a torre \u00fanica mutiresid\u00eancia, ou seja, os edif\u00edcios residenciais. Com a BIM h\u00e1 uma redu\u00e7\u00e3o de at\u00e9 90% do tempo de aprova\u00e7\u00e3o do projeto. O que em m\u00e9dia demoraria um ano, cai para 45 dias. Desta forma, toda a cadeia produtiva da constru\u00e7\u00e3o \u00e9 beneficiada.<\/p>\n<p>Benef\u00edcios gerais da ferramenta<\/p>\n<p>&#8211; Alta qualidade e produtividade: redu\u00e7\u00e3o de at\u00e9 90% no tempo do processo de obten\u00e7\u00e3o de licen\u00e7as de constru\u00e7\u00e3o.<\/p>\n<p>&#8211; Transpar\u00eancia e simplifica\u00e7\u00e3o: mecanismos que facilitam uma maior transpar\u00eancia e otimizam as ferramentas de informa\u00e7\u00e3o.<\/p>\n<p>&#8211; Aumento de receita: a agilidade na an\u00e1lise desperta o interesse do setor de Constru\u00e7\u00e3o no desenvolvimento de novos projetos, aumentando a receita e com custos mais baixos.<\/p>\n<p>&#8211; Cumprimento da legisla\u00e7\u00e3o: os par\u00e2metros urbanos objetivos s\u00e3o analisados automaticamente antes da submiss\u00e3o para aprova\u00e7\u00e3o junto \u00e0 Secretaria de Urbanismo.<\/p>\n<p>&#8211; Melhor comunica\u00e7\u00e3o: a comunica\u00e7\u00e3o entre a equipe da Secretaria de Urbanismo com<\/p>\n<p>engenheiros e arquitetos se torna mais efetiva e r\u00e1pida.<\/p>\n<p>&#8211; Opera\u00e7\u00f5es sem papel: maior autonomia para o Respons\u00e1vel T\u00e9cnico Requerente devido \u00e0 capacidade de solicitar servi\u00e7os e acompanh\u00e1-los eletronicamente.<\/p>\n<p>&nbsp;<\/p>\n<p>Sexta da Constru\u00e7\u00e3o<\/p>\n<p>Sexta da Constru\u00e7\u00e3o \u00e9 uma a\u00e7\u00e3o realizada pelo Sinduscon-BA todas a semanas com caf\u00e9 da manh\u00e3, na sede da entidade. \u201cNas sextas-feiras nos reunimos aqui no Sinduscon-BA para debater assuntos relevantes do setor juntamente com nossos associados e convidados\u201d, conclui o presidente da entidade, Alexandre Landim.<\/p>\n<p>Esta edi\u00e7\u00e3o contou com o apoio do Conselho de Arquitetura e Urbanismo da Bahia (Cau-BA), do Conselho Regional de Engenharia e Agronomia da Bahia &#8211; (Crea-BA) e do Sindicato dos Arquitetos e Urbanistas do Estado da Bahia (Sinarq-BA).<\/p>\n","protected":false},"excerpt":{"rendered":"<p>Diante da import\u00e2ncia do tema, mais uma vez a Sexta da Constru\u00e7\u00e3o, promovida pelo Sindicato da Ind\u00fastria da Constru\u00e7\u00e3o do Estado da Bahia (Sinduscon-BA), trouxe para os associados e convidados o tema Alvar\u00e1 da Constru\u00e7\u00e3o na Era BIM com destaque para as boas pr\u00e1ticas para submiss\u00e3o de projetos residenciais R3-01. O evento, realizado nesta sexta-feira, [&hellip;]<\/p>\n","protected":false},"author":8,"featured_media":744390,"comment_status":"closed","ping_status":"closed","sticky":false,"template":"","format":"standard","meta":[],"categories":[3],"tags":[835,52,6304,100],"acf":[],"yoast_head":"<!-- This site is optimized with the Yoast SEO plugin v20.8 - https:\/\/yoast.com\/wordpress\/plugins\/seo\/ -->\n<title>ALVAR\u00c1 DA CONSTRU\u00c7\u00c3O NA ERA BIM \u00c9 DESTAQUE NA SEXTA DA CONSTRU\u00c7\u00c3O - Bahia Economica<\/title>\n<meta name=\"description\" content=\"O maior portal de Economia da Bahia ECONOMIA \/ POL\u00cdTICA Bahia Economica Diante da import\u00e2ncia do tema, mais uma vez a Sexta da Constru\u00e7\u00e3o,\" \/>\n<meta name=\"robots\" content=\"index, follow, max-snippet:-1, max-image-preview:large, max-video-preview:-1\" \/>\n<link rel=\"canonical\" href=\"https:\/\/bahiaeconomica.com.br\/wp\/2023\/07\/01\/alvara-da-construcao-na-era-bim-e-destaque-na-sexta-da-construcao\/\" \/>\n<meta property=\"og:locale\" content=\"pt_BR\" \/>\n<meta property=\"og:type\" content=\"article\" \/>\n<meta property=\"og:title\" content=\"ALVAR\u00c1 DA CONSTRU\u00c7\u00c3O NA ERA BIM \u00c9 DESTAQUE NA SEXTA DA CONSTRU\u00c7\u00c3O - Bahia Economica\" \/>\n<meta property=\"og:description\" content=\"O maior portal de Economia da Bahia ECONOMIA \/ POL\u00cdTICA Bahia Economica Diante da import\u00e2ncia do tema, mais uma vez a Sexta da Constru\u00e7\u00e3o,\" \/>\n<meta property=\"og:url\" content=\"https:\/\/bahiaeconomica.com.br\/wp\/2023\/07\/01\/alvara-da-construcao-na-era-bim-e-destaque-na-sexta-da-construcao\/\" \/>\n<meta property=\"og:site_name\" content=\"Bahia Economica\" \/>\n<meta property=\"article:publisher\" content=\"https:\/\/www.facebook.com\/bahiaeconomica\" \/>\n<meta property=\"article:published_time\" content=\"2023-07-01T19:00:50+00:00\" \/>\n<meta property=\"article:modified_time\" content=\"2023-07-01T16:40:23+00:00\" \/>\n<meta property=\"og:image\" content=\"https:\/\/bahiaeconomica.com.br\/wp\/wp-content\/uploads\/2023\/07\/WhatsApp-Image-2023-07-01-at-08.28.59.jpeg\" \/>\n\t<meta property=\"og:image:width\" content=\"1024\" \/>\n\t<meta property=\"og:image:height\" content=\"768\" \/>\n\t<meta property=\"og:image:type\" content=\"image\/jpeg\" \/>\n<meta name=\"author\" content=\"JP\" \/>\n<meta name=\"twitter:card\" content=\"summary_large_image\" \/>\n<meta name=\"twitter:label1\" content=\"Escrito por\" \/>\n\t<meta name=\"twitter:data1\" content=\"JP\" \/>\n\t<meta name=\"twitter:label2\" content=\"Est. tempo de leitura\" \/>\n\t<meta name=\"twitter:data2\" content=\"4 minutos\" \/>\n<script type=\"application\/ld+json\" class=\"yoast-schema-graph\">{\"@context\":\"https:\/\/schema.org\",\"@graph\":[{\"@type\":\"Article\",\"@id\":\"https:\/\/bahiaeconomica.com.br\/wp\/2023\/07\/01\/alvara-da-construcao-na-era-bim-e-destaque-na-sexta-da-construcao\/#article\",\"isPartOf\":{\"@id\":\"https:\/\/bahiaeconomica.com.br\/wp\/2023\/07\/01\/alvara-da-construcao-na-era-bim-e-destaque-na-sexta-da-construcao\/\"},\"author\":{\"name\":\"JP\",\"@id\":\"https:\/\/bahiaeconomica.com.br\/wp\/#\/schema\/person\/c86d3a3f8960425a0f9d0e5245991f4e\"},\"headline\":\"ALVAR\u00c1 DA CONSTRU\u00c7\u00c3O NA ERA BIM \u00c9 DESTAQUE NA SEXTA DA CONSTRU\u00c7\u00c3O\",\"datePublished\":\"2023-07-01T19:00:50+00:00\",\"dateModified\":\"2023-07-01T16:40:23+00:00\",\"mainEntityOfPage\":{\"@id\":\"https:\/\/bahiaeconomica.com.br\/wp\/2023\/07\/01\/alvara-da-construcao-na-era-bim-e-destaque-na-sexta-da-construcao\/\"},\"wordCount\":635,\"publisher\":{\"@id\":\"https:\/\/bahiaeconomica.com.br\/wp\/#organization\"},\"keywords\":[\"alta\",\"Brasil\",\"exposi\u00e7\u00e3o\",\"Pol\u00edtica\"],\"articleSection\":[\"ECONOMIA \/ POL\u00cdTICA\"],\"inLanguage\":\"pt-BR\"},{\"@type\":\"WebPage\",\"@id\":\"https:\/\/bahiaeconomica.com.br\/wp\/2023\/07\/01\/alvara-da-construcao-na-era-bim-e-destaque-na-sexta-da-construcao\/\",\"url\":\"https:\/\/bahiaeconomica.com.br\/wp\/2023\/07\/01\/alvara-da-construcao-na-era-bim-e-destaque-na-sexta-da-construcao\/\",\"name\":\"ALVAR\u00c1 DA CONSTRU\u00c7\u00c3O NA ERA BIM \u00c9 DESTAQUE NA SEXTA DA CONSTRU\u00c7\u00c3O - Bahia Economica\",\"isPartOf\":{\"@id\":\"https:\/\/bahiaeconomica.com.br\/wp\/#website\"},\"datePublished\":\"2023-07-01T19:00:50+00:00\",\"dateModified\":\"2023-07-01T16:40:23+00:00\",\"description\":\"O maior portal de Economia da Bahia ECONOMIA \/ POL\u00cdTICA Bahia Economica Diante da import\u00e2ncia do tema, mais uma vez a Sexta da Constru\u00e7\u00e3o,\",\"breadcrumb\":{\"@id\":\"https:\/\/bahiaeconomica.com.br\/wp\/2023\/07\/01\/alvara-da-construcao-na-era-bim-e-destaque-na-sexta-da-construcao\/#breadcrumb\"},\"inLanguage\":\"pt-BR\",\"potentialAction\":[{\"@type\":\"ReadAction\",\"target\":[\"https:\/\/bahiaeconomica.com.br\/wp\/2023\/07\/01\/alvara-da-construcao-na-era-bim-e-destaque-na-sexta-da-construcao\/\"]}]},{\"@type\":\"BreadcrumbList\",\"@id\":\"https:\/\/bahiaeconomica.com.br\/wp\/2023\/07\/01\/alvara-da-construcao-na-era-bim-e-destaque-na-sexta-da-construcao\/#breadcrumb\",\"itemListElement\":[{\"@type\":\"ListItem\",\"position\":1,\"name\":\"In\u00edcio\",\"item\":\"https:\/\/bahiaeconomica.com.br\/wp\/\"},{\"@type\":\"ListItem\",\"position\":2,\"name\":\"ALVAR\u00c1 DA CONSTRU\u00c7\u00c3O NA ERA BIM \u00c9 DESTAQUE NA SEXTA DA CONSTRU\u00c7\u00c3O\"}]},{\"@type\":\"WebSite\",\"@id\":\"https:\/\/bahiaeconomica.com.br\/wp\/#website\",\"url\":\"https:\/\/bahiaeconomica.com.br\/wp\/\",\"name\":\"Bahia Economica\",\"description\":\"O maior portal de Economia da Bahia\",\"publisher\":{\"@id\":\"https:\/\/bahiaeconomica.com.br\/wp\/#organization\"},\"potentialAction\":[{\"@type\":\"SearchAction\",\"target\":{\"@type\":\"EntryPoint\",\"urlTemplate\":\"https:\/\/bahiaeconomica.com.br\/wp\/?s={search_term_string}\"},\"query-input\":\"required name=search_term_string\"}],\"inLanguage\":\"pt-BR\"},{\"@type\":\"Organization\",\"@id\":\"https:\/\/bahiaeconomica.com.br\/wp\/#organization\",\"name\":\"Bahia Econ\u00f4mica\",\"url\":\"https:\/\/bahiaeconomica.com.br\/wp\/\",\"logo\":{\"@type\":\"ImageObject\",\"inLanguage\":\"pt-BR\",\"@id\":\"https:\/\/bahiaeconomica.com.br\/wp\/#\/schema\/logo\/image\/\",\"url\":\"https:\/\/bahiaeconomica.com.br\/wp\/wp-content\/uploads\/2020\/12\/cropped-BE.png\",\"contentUrl\":\"https:\/\/bahiaeconomica.com.br\/wp\/wp-content\/uploads\/2020\/12\/cropped-BE.png\",\"width\":512,\"height\":512,\"caption\":\"Bahia Econ\u00f4mica\"},\"image\":{\"@id\":\"https:\/\/bahiaeconomica.com.br\/wp\/#\/schema\/logo\/image\/\"},\"sameAs\":[\"https:\/\/www.facebook.com\/bahiaeconomica\"]},{\"@type\":\"Person\",\"@id\":\"https:\/\/bahiaeconomica.com.br\/wp\/#\/schema\/person\/c86d3a3f8960425a0f9d0e5245991f4e\",\"name\":\"JP\",\"sameAs\":[\"https:\/\/bahiaeconomica.com.br\/wp\/beta\/\"],\"url\":\"https:\/\/bahiaeconomica.com.br\/wp\/author\/jp\/\"}]}<\/script>\n<!-- \/ Yoast SEO plugin. -->","yoast_head_json":{"title":"ALVAR\u00c1 DA CONSTRU\u00c7\u00c3O NA ERA BIM \u00c9 DESTAQUE NA SEXTA DA CONSTRU\u00c7\u00c3O - Bahia Economica","description":"O maior portal de Economia da Bahia ECONOMIA \/ POL\u00cdTICA Bahia Economica Diante da import\u00e2ncia do tema, mais uma vez a Sexta da Constru\u00e7\u00e3o,","robots":{"index":"index","follow":"follow","max-snippet":"max-snippet:-1","max-image-preview":"max-image-preview:large","max-video-preview":"max-video-preview:-1"},"canonical":"https:\/\/bahiaeconomica.com.br\/wp\/2023\/07\/01\/alvara-da-construcao-na-era-bim-e-destaque-na-sexta-da-construcao\/","og_locale":"pt_BR","og_type":"article","og_title":"ALVAR\u00c1 DA CONSTRU\u00c7\u00c3O NA ERA BIM \u00c9 DESTAQUE NA SEXTA DA CONSTRU\u00c7\u00c3O - Bahia Economica","og_description":"O maior portal de Economia da Bahia ECONOMIA \/ POL\u00cdTICA Bahia Economica Diante da import\u00e2ncia do tema, mais uma vez a Sexta da Constru\u00e7\u00e3o,","og_url":"https:\/\/bahiaeconomica.com.br\/wp\/2023\/07\/01\/alvara-da-construcao-na-era-bim-e-destaque-na-sexta-da-construcao\/","og_site_name":"Bahia Economica","article_publisher":"https:\/\/www.facebook.com\/bahiaeconomica","article_published_time":"2023-07-01T19:00:50+00:00","article_modified_time":"2023-07-01T16:40:23+00:00","og_image":[{"width":1024,"height":768,"url":"https:\/\/bahiaeconomica.com.br\/wp\/wp-content\/uploads\/2023\/07\/WhatsApp-Image-2023-07-01-at-08.28.59.jpeg","type":"image\/jpeg"}],"author":"JP","twitter_card":"summary_large_image","twitter_misc":{"Escrito por":"JP","Est. tempo de leitura":"4 minutos"},"schema":{"@context":"https:\/\/schema.org","@graph":[{"@type":"Article","@id":"https:\/\/bahiaeconomica.com.br\/wp\/2023\/07\/01\/alvara-da-construcao-na-era-bim-e-destaque-na-sexta-da-construcao\/#article","isPartOf":{"@id":"https:\/\/bahiaeconomica.com.br\/wp\/2023\/07\/01\/alvara-da-construcao-na-era-bim-e-destaque-na-sexta-da-construcao\/"},"author":{"name":"JP","@id":"https:\/\/bahiaeconomica.com.br\/wp\/#\/schema\/person\/c86d3a3f8960425a0f9d0e5245991f4e"},"headline":"ALVAR\u00c1 DA CONSTRU\u00c7\u00c3O NA ERA BIM \u00c9 DESTAQUE NA SEXTA DA CONSTRU\u00c7\u00c3O","datePublished":"2023-07-01T19:00:50+00:00","dateModified":"2023-07-01T16:40:23+00:00","mainEntityOfPage":{"@id":"https:\/\/bahiaeconomica.com.br\/wp\/2023\/07\/01\/alvara-da-construcao-na-era-bim-e-destaque-na-sexta-da-construcao\/"},"wordCount":635,"publisher":{"@id":"https:\/\/bahiaeconomica.com.br\/wp\/#organization"},"keywords":["alta","Brasil","exposi\u00e7\u00e3o","Pol\u00edtica"],"articleSection":["ECONOMIA \/ POL\u00cdTICA"],"inLanguage":"pt-BR"},{"@type":"WebPage","@id":"https:\/\/bahiaeconomica.com.br\/wp\/2023\/07\/01\/alvara-da-construcao-na-era-bim-e-destaque-na-sexta-da-construcao\/","url":"https:\/\/bahiaeconomica.com.br\/wp\/2023\/07\/01\/alvara-da-construcao-na-era-bim-e-destaque-na-sexta-da-construcao\/","name":"ALVAR\u00c1 DA CONSTRU\u00c7\u00c3O NA ERA BIM \u00c9 DESTAQUE NA SEXTA DA CONSTRU\u00c7\u00c3O - Bahia Economica","isPartOf":{"@id":"https:\/\/bahiaeconomica.com.br\/wp\/#website"},"datePublished":"2023-07-01T19:00:50+00:00","dateModified":"2023-07-01T16:40:23+00:00","description":"O maior portal de Economia da Bahia ECONOMIA \/ POL\u00cdTICA Bahia Economica Diante da import\u00e2ncia do tema, mais uma vez a Sexta da Constru\u00e7\u00e3o,","breadcrumb":{"@id":"https:\/\/bahiaeconomica.com.br\/wp\/2023\/07\/01\/alvara-da-construcao-na-era-bim-e-destaque-na-sexta-da-construcao\/#breadcrumb"},"inLanguage":"pt-BR","potentialAction":[{"@type":"ReadAction","target":["https:\/\/bahiaeconomica.com.br\/wp\/2023\/07\/01\/alvara-da-construcao-na-era-bim-e-destaque-na-sexta-da-construcao\/"]}]},{"@type":"BreadcrumbList","@id":"https:\/\/bahiaeconomica.com.br\/wp\/2023\/07\/01\/alvara-da-construcao-na-era-bim-e-destaque-na-sexta-da-construcao\/#breadcrumb","itemListElement":[{"@type":"ListItem","position":1,"name":"In\u00edcio","item":"https:\/\/bahiaeconomica.com.br\/wp\/"},{"@type":"ListItem","position":2,"name":"ALVAR\u00c1 DA CONSTRU\u00c7\u00c3O NA ERA BIM \u00c9 DESTAQUE NA SEXTA DA CONSTRU\u00c7\u00c3O"}]},{"@type":"WebSite","@id":"https:\/\/bahiaeconomica.com.br\/wp\/#website","url":"https:\/\/bahiaeconomica.com.br\/wp\/","name":"Bahia Economica","description":"O maior portal de Economia da Bahia","publisher":{"@id":"https:\/\/bahiaeconomica.com.br\/wp\/#organization"},"potentialAction":[{"@type":"SearchAction","target":{"@type":"EntryPoint","urlTemplate":"https:\/\/bahiaeconomica.com.br\/wp\/?s={search_term_string}"},"query-input":"required name=search_term_string"}],"inLanguage":"pt-BR"},{"@type":"Organization","@id":"https:\/\/bahiaeconomica.com.br\/wp\/#organization","name":"Bahia Econ\u00f4mica","url":"https:\/\/bahiaeconomica.com.br\/wp\/","logo":{"@type":"ImageObject","inLanguage":"pt-BR","@id":"https:\/\/bahiaeconomica.com.br\/wp\/#\/schema\/logo\/image\/","url":"https:\/\/bahiaeconomica.com.br\/wp\/wp-content\/uploads\/2020\/12\/cropped-BE.png","contentUrl":"https:\/\/bahiaeconomica.com.br\/wp\/wp-content\/uploads\/2020\/12\/cropped-BE.png","width":512,"height":512,"caption":"Bahia Econ\u00f4mica"},"image":{"@id":"https:\/\/bahiaeconomica.com.br\/wp\/#\/schema\/logo\/image\/"},"sameAs":["https:\/\/www.facebook.com\/bahiaeconomica"]},{"@type":"Person","@id":"https:\/\/bahiaeconomica.com.br\/wp\/#\/schema\/person\/c86d3a3f8960425a0f9d0e5245991f4e","name":"JP","sameAs":["https:\/\/bahiaeconomica.com.br\/wp\/beta\/"],"url":"https:\/\/bahiaeconomica.com.br\/wp\/author\/jp\/"}]}},"views":109,"_links":{"self":[{"href":"https:\/\/bahiaeconomica.com.br\/wp\/wp-json\/wp\/v2\/posts\/744389"}],"collection":[{"href":"https:\/\/bahiaeconomica.com.br\/wp\/wp-json\/wp\/v2\/posts"}],"about":[{"href":"https:\/\/bahiaeconomica.com.br\/wp\/wp-json\/wp\/v2\/types\/post"}],"author":[{"embeddable":true,"href":"https:\/\/bahiaeconomica.com.br\/wp\/wp-json\/wp\/v2\/users\/8"}],"replies":[{"embeddable":true,"href":"https:\/\/bahiaeconomica.com.br\/wp\/wp-json\/wp\/v2\/comments?post=744389"}],"version-history":[{"count":2,"href":"https:\/\/bahiaeconomica.com.br\/wp\/wp-json\/wp\/v2\/posts\/744389\/revisions"}],"predecessor-version":[{"id":744398,"href":"https:\/\/bahiaeconomica.com.br\/wp\/wp-json\/wp\/v2\/posts\/744389\/revisions\/744398"}],"wp:featuredmedia":[{"embeddable":true,"href":"https:\/\/bahiaeconomica.com.br\/wp\/wp-json\/wp\/v2\/media\/744390"}],"wp:attachment":[{"href":"https:\/\/bahiaeconomica.com.br\/wp\/wp-json\/wp\/v2\/media?parent=744389"}],"wp:term":[{"taxonomy":"category","embeddable":true,"href":"https:\/\/bahiaeconomica.com.br\/wp\/wp-json\/wp\/v2\/categories?post=744389"},{"taxonomy":"post_tag","embeddable":true,"href":"https:\/\/bahiaeconomica.com.br\/wp\/wp-json\/wp\/v2\/tags?post=744389"}],"curies":[{"name":"wp","href":"https:\/\/api.w.org\/{rel}","templated":true}]}}