{"id":744148,"date":"2023-06-30T09:20:19","date_gmt":"2023-06-30T12:20:19","guid":{"rendered":"https:\/\/bahiaeconomica.com.br\/wp\/?p=744148"},"modified":"2023-06-30T10:53:00","modified_gmt":"2023-06-30T13:53:00","slug":"compadre-washington-recebe-alta-da-uti","status":"publish","type":"post","link":"https:\/\/bahiaeconomica.com.br\/wp\/2023\/06\/30\/compadre-washington-recebe-alta-da-uti\/","title":{"rendered":"COMPADRE WASHINGTON RECEBE ALTA DA UTI"},"content":{"rendered":"<p>O cantor Compadre Washington, do grupo \u00c9 O Tchan, apresentou melhoras significativas em seu estado de sa\u00fade, ap\u00f3s o mal estar ocorrido durante o arrast\u00e3o dos ambulantes na cidade de S\u00e3o Sebasti\u00e3o do Pass\u00e9. Nesta quarta-feira (29) o artista recebeu alta da Unidade de Terapia Intensiva (UTI) do Hospital Mater Dei, em Salvador.<\/p>\n<p>De acordo com boletim m\u00e9dico divulgado pela assessoria do cantor, ele encontra-se em repouso, consciente e clinicamente est\u00e1vel. Os n\u00edveis press\u00f3ricos de Compadre Washington est\u00e3o controlados h\u00e1 mais de 48 horas, o que \u00e9 um indicativo positivo de sua recupera\u00e7\u00e3o. No entanto, ele permanece internado na Unidade de Interna\u00e7\u00e3o do Hospital Mater Dei, sob os cuidados da equipe de cardiologia.<\/p>\n<p>Ainda n\u00e3o h\u00e1 previs\u00e3o de alta hospitalar para o artista. Os m\u00e9dicos est\u00e3o monitorando sua evolu\u00e7\u00e3o e realizando os procedimentos necess\u00e1rios para garantir sua plena recupera\u00e7\u00e3o. A equipe m\u00e9dica continuar\u00e1 avaliando seu quadro e adotando as medidas adequadas para o restabelecimento completo de Compadre Washington.<\/p>\n<p>Foto: Arquivo Pessoal\/Instagram<\/p>\n","protected":false},"excerpt":{"rendered":"<p>O cantor Compadre Washington, do grupo \u00c9 O Tchan, apresentou melhoras significativas em seu estado de sa\u00fade, ap\u00f3s o mal estar ocorrido durante o arrast\u00e3o dos ambulantes na cidade de S\u00e3o Sebasti\u00e3o do Pass\u00e9. Nesta quarta-feira (29) o artista recebeu alta da Unidade de Terapia Intensiva (UTI) do Hospital Mater Dei, em Salvador. De acordo [&hellip;]<\/p>\n","protected":false},"author":8,"featured_media":744149,"comment_status":"closed","ping_status":"closed","sticky":false,"template":"","format":"standard","meta":[],"categories":[4],"tags":[1445,717,119],"acf":[],"yoast_head":"<!-- This site is optimized with the Yoast SEO plugin v20.8 - https:\/\/yoast.com\/wordpress\/plugins\/seo\/ -->\n<title>COMPADRE WASHINGTON RECEBE ALTA DA UTI - Bahia Economica<\/title>\n<meta name=\"description\" content=\"O maior portal de Economia da Bahia ENTRETENIMENTO Bahia Economica O cantor Compadre Washington, do grupo \u00c9 O Tchan\" \/>\n<meta name=\"robots\" content=\"index, follow, max-snippet:-1, max-image-preview:large, max-video-preview:-1\" \/>\n<link rel=\"canonical\" href=\"https:\/\/bahiaeconomica.com.br\/wp\/2023\/06\/30\/compadre-washington-recebe-alta-da-uti\/\" \/>\n<meta property=\"og:locale\" content=\"pt_BR\" \/>\n<meta property=\"og:type\" content=\"article\" \/>\n<meta property=\"og:title\" content=\"COMPADRE WASHINGTON RECEBE ALTA DA UTI - Bahia Economica\" \/>\n<meta property=\"og:description\" content=\"O maior portal de Economia da Bahia ENTRETENIMENTO Bahia Economica O cantor Compadre Washington, do grupo \u00c9 O Tchan\" \/>\n<meta property=\"og:url\" content=\"https:\/\/bahiaeconomica.com.br\/wp\/2023\/06\/30\/compadre-washington-recebe-alta-da-uti\/\" \/>\n<meta property=\"og:site_name\" content=\"Bahia Economica\" \/>\n<meta property=\"article:publisher\" content=\"https:\/\/www.facebook.com\/bahiaeconomica\" \/>\n<meta property=\"article:published_time\" content=\"2023-06-30T12:20:19+00:00\" \/>\n<meta property=\"article:modified_time\" content=\"2023-06-30T13:53:00+00:00\" \/>\n<meta property=\"og:image\" content=\"https:\/\/bahiaeconomica.com.br\/wp\/wp-content\/uploads\/2023\/06\/compadre-washington-arquivo-pessoal-instagram-2019.png\" \/>\n\t<meta property=\"og:image:width\" content=\"600\" \/>\n\t<meta property=\"og:image:height\" content=\"420\" \/>\n\t<meta property=\"og:image:type\" content=\"image\/png\" \/>\n<meta name=\"author\" content=\"JP\" \/>\n<meta name=\"twitter:card\" content=\"summary_large_image\" \/>\n<meta name=\"twitter:label1\" content=\"Escrito por\" \/>\n\t<meta name=\"twitter:data1\" content=\"JP\" \/>\n\t<meta name=\"twitter:label2\" content=\"Est. tempo de leitura\" \/>\n\t<meta name=\"twitter:data2\" content=\"1 minuto\" \/>\n<script type=\"application\/ld+json\" class=\"yoast-schema-graph\">{\"@context\":\"https:\/\/schema.org\",\"@graph\":[{\"@type\":\"Article\",\"@id\":\"https:\/\/bahiaeconomica.com.br\/wp\/2023\/06\/30\/compadre-washington-recebe-alta-da-uti\/#article\",\"isPartOf\":{\"@id\":\"https:\/\/bahiaeconomica.com.br\/wp\/2023\/06\/30\/compadre-washington-recebe-alta-da-uti\/\"},\"author\":{\"name\":\"JP\",\"@id\":\"https:\/\/bahiaeconomica.com.br\/wp\/#\/schema\/person\/c86d3a3f8960425a0f9d0e5245991f4e\"},\"headline\":\"COMPADRE WASHINGTON RECEBE ALTA DA UTI\",\"datePublished\":\"2023-06-30T12:20:19+00:00\",\"dateModified\":\"2023-06-30T13:53:00+00:00\",\"mainEntityOfPage\":{\"@id\":\"https:\/\/bahiaeconomica.com.br\/wp\/2023\/06\/30\/compadre-washington-recebe-alta-da-uti\/\"},\"wordCount\":184,\"publisher\":{\"@id\":\"https:\/\/bahiaeconomica.com.br\/wp\/#organization\"},\"keywords\":[\"cantor\",\"show\",\"UTI\"],\"articleSection\":[\"ENTRETENIMENTO\"],\"inLanguage\":\"pt-BR\"},{\"@type\":\"WebPage\",\"@id\":\"https:\/\/bahiaeconomica.com.br\/wp\/2023\/06\/30\/compadre-washington-recebe-alta-da-uti\/\",\"url\":\"https:\/\/bahiaeconomica.com.br\/wp\/2023\/06\/30\/compadre-washington-recebe-alta-da-uti\/\",\"name\":\"COMPADRE WASHINGTON RECEBE ALTA DA UTI - Bahia Economica\",\"isPartOf\":{\"@id\":\"https:\/\/bahiaeconomica.com.br\/wp\/#website\"},\"datePublished\":\"2023-06-30T12:20:19+00:00\",\"dateModified\":\"2023-06-30T13:53:00+00:00\",\"description\":\"O maior portal de Economia da Bahia ENTRETENIMENTO Bahia Economica O cantor Compadre Washington, do grupo \u00c9 O Tchan\",\"breadcrumb\":{\"@id\":\"https:\/\/bahiaeconomica.com.br\/wp\/2023\/06\/30\/compadre-washington-recebe-alta-da-uti\/#breadcrumb\"},\"inLanguage\":\"pt-BR\",\"potentialAction\":[{\"@type\":\"ReadAction\",\"target\":[\"https:\/\/bahiaeconomica.com.br\/wp\/2023\/06\/30\/compadre-washington-recebe-alta-da-uti\/\"]}]},{\"@type\":\"BreadcrumbList\",\"@id\":\"https:\/\/bahiaeconomica.com.br\/wp\/2023\/06\/30\/compadre-washington-recebe-alta-da-uti\/#breadcrumb\",\"itemListElement\":[{\"@type\":\"ListItem\",\"position\":1,\"name\":\"In\u00edcio\",\"item\":\"https:\/\/bahiaeconomica.com.br\/wp\/\"},{\"@type\":\"ListItem\",\"position\":2,\"name\":\"COMPADRE WASHINGTON RECEBE ALTA DA UTI\"}]},{\"@type\":\"WebSite\",\"@id\":\"https:\/\/bahiaeconomica.com.br\/wp\/#website\",\"url\":\"https:\/\/bahiaeconomica.com.br\/wp\/\",\"name\":\"Bahia Economica\",\"description\":\"O maior portal de Economia da Bahia\",\"publisher\":{\"@id\":\"https:\/\/bahiaeconomica.com.br\/wp\/#organization\"},\"potentialAction\":[{\"@type\":\"SearchAction\",\"target\":{\"@type\":\"EntryPoint\",\"urlTemplate\":\"https:\/\/bahiaeconomica.com.br\/wp\/?s={search_term_string}\"},\"query-input\":\"required name=search_term_string\"}],\"inLanguage\":\"pt-BR\"},{\"@type\":\"Organization\",\"@id\":\"https:\/\/bahiaeconomica.com.br\/wp\/#organization\",\"name\":\"Bahia Econ\u00f4mica\",\"url\":\"https:\/\/bahiaeconomica.com.br\/wp\/\",\"logo\":{\"@type\":\"ImageObject\",\"inLanguage\":\"pt-BR\",\"@id\":\"https:\/\/bahiaeconomica.com.br\/wp\/#\/schema\/logo\/image\/\",\"url\":\"https:\/\/bahiaeconomica.com.br\/wp\/wp-content\/uploads\/2020\/12\/cropped-BE.png\",\"contentUrl\":\"https:\/\/bahiaeconomica.com.br\/wp\/wp-content\/uploads\/2020\/12\/cropped-BE.png\",\"width\":512,\"height\":512,\"caption\":\"Bahia Econ\u00f4mica\"},\"image\":{\"@id\":\"https:\/\/bahiaeconomica.com.br\/wp\/#\/schema\/logo\/image\/\"},\"sameAs\":[\"https:\/\/www.facebook.com\/bahiaeconomica\"]},{\"@type\":\"Person\",\"@id\":\"https:\/\/bahiaeconomica.com.br\/wp\/#\/schema\/person\/c86d3a3f8960425a0f9d0e5245991f4e\",\"name\":\"JP\",\"sameAs\":[\"https:\/\/bahiaeconomica.com.br\/wp\/beta\/\"],\"url\":\"https:\/\/bahiaeconomica.com.br\/wp\/author\/jp\/\"}]}<\/script>\n<!-- \/ Yoast SEO plugin. -->","yoast_head_json":{"title":"COMPADRE WASHINGTON RECEBE ALTA DA UTI - Bahia Economica","description":"O maior portal de Economia da Bahia ENTRETENIMENTO Bahia Economica O cantor Compadre Washington, do grupo \u00c9 O Tchan","robots":{"index":"index","follow":"follow","max-snippet":"max-snippet:-1","max-image-preview":"max-image-preview:large","max-video-preview":"max-video-preview:-1"},"canonical":"https:\/\/bahiaeconomica.com.br\/wp\/2023\/06\/30\/compadre-washington-recebe-alta-da-uti\/","og_locale":"pt_BR","og_type":"article","og_title":"COMPADRE WASHINGTON RECEBE ALTA DA UTI - Bahia Economica","og_description":"O maior portal de Economia da Bahia ENTRETENIMENTO Bahia Economica O cantor Compadre Washington, do grupo \u00c9 O Tchan","og_url":"https:\/\/bahiaeconomica.com.br\/wp\/2023\/06\/30\/compadre-washington-recebe-alta-da-uti\/","og_site_name":"Bahia Economica","article_publisher":"https:\/\/www.facebook.com\/bahiaeconomica","article_published_time":"2023-06-30T12:20:19+00:00","article_modified_time":"2023-06-30T13:53:00+00:00","og_image":[{"width":600,"height":420,"url":"https:\/\/bahiaeconomica.com.br\/wp\/wp-content\/uploads\/2023\/06\/compadre-washington-arquivo-pessoal-instagram-2019.png","type":"image\/png"}],"author":"JP","twitter_card":"summary_large_image","twitter_misc":{"Escrito por":"JP","Est. tempo de leitura":"1 minuto"},"schema":{"@context":"https:\/\/schema.org","@graph":[{"@type":"Article","@id":"https:\/\/bahiaeconomica.com.br\/wp\/2023\/06\/30\/compadre-washington-recebe-alta-da-uti\/#article","isPartOf":{"@id":"https:\/\/bahiaeconomica.com.br\/wp\/2023\/06\/30\/compadre-washington-recebe-alta-da-uti\/"},"author":{"name":"JP","@id":"https:\/\/bahiaeconomica.com.br\/wp\/#\/schema\/person\/c86d3a3f8960425a0f9d0e5245991f4e"},"headline":"COMPADRE WASHINGTON RECEBE ALTA DA UTI","datePublished":"2023-06-30T12:20:19+00:00","dateModified":"2023-06-30T13:53:00+00:00","mainEntityOfPage":{"@id":"https:\/\/bahiaeconomica.com.br\/wp\/2023\/06\/30\/compadre-washington-recebe-alta-da-uti\/"},"wordCount":184,"publisher":{"@id":"https:\/\/bahiaeconomica.com.br\/wp\/#organization"},"keywords":["cantor","show","UTI"],"articleSection":["ENTRETENIMENTO"],"inLanguage":"pt-BR"},{"@type":"WebPage","@id":"https:\/\/bahiaeconomica.com.br\/wp\/2023\/06\/30\/compadre-washington-recebe-alta-da-uti\/","url":"https:\/\/bahiaeconomica.com.br\/wp\/2023\/06\/30\/compadre-washington-recebe-alta-da-uti\/","name":"COMPADRE WASHINGTON RECEBE ALTA DA UTI - Bahia Economica","isPartOf":{"@id":"https:\/\/bahiaeconomica.com.br\/wp\/#website"},"datePublished":"2023-06-30T12:20:19+00:00","dateModified":"2023-06-30T13:53:00+00:00","description":"O maior portal de Economia da Bahia ENTRETENIMENTO Bahia Economica O cantor Compadre Washington, do grupo \u00c9 O Tchan","breadcrumb":{"@id":"https:\/\/bahiaeconomica.com.br\/wp\/2023\/06\/30\/compadre-washington-recebe-alta-da-uti\/#breadcrumb"},"inLanguage":"pt-BR","potentialAction":[{"@type":"ReadAction","target":["https:\/\/bahiaeconomica.com.br\/wp\/2023\/06\/30\/compadre-washington-recebe-alta-da-uti\/"]}]},{"@type":"BreadcrumbList","@id":"https:\/\/bahiaeconomica.com.br\/wp\/2023\/06\/30\/compadre-washington-recebe-alta-da-uti\/#breadcrumb","itemListElement":[{"@type":"ListItem","position":1,"name":"In\u00edcio","item":"https:\/\/bahiaeconomica.com.br\/wp\/"},{"@type":"ListItem","position":2,"name":"COMPADRE WASHINGTON RECEBE ALTA DA UTI"}]},{"@type":"WebSite","@id":"https:\/\/bahiaeconomica.com.br\/wp\/#website","url":"https:\/\/bahiaeconomica.com.br\/wp\/","name":"Bahia Economica","description":"O maior portal de Economia da Bahia","publisher":{"@id":"https:\/\/bahiaeconomica.com.br\/wp\/#organization"},"potentialAction":[{"@type":"SearchAction","target":{"@type":"EntryPoint","urlTemplate":"https:\/\/bahiaeconomica.com.br\/wp\/?s={search_term_string}"},"query-input":"required name=search_term_string"}],"inLanguage":"pt-BR"},{"@type":"Organization","@id":"https:\/\/bahiaeconomica.com.br\/wp\/#organization","name":"Bahia Econ\u00f4mica","url":"https:\/\/bahiaeconomica.com.br\/wp\/","logo":{"@type":"ImageObject","inLanguage":"pt-BR","@id":"https:\/\/bahiaeconomica.com.br\/wp\/#\/schema\/logo\/image\/","url":"https:\/\/bahiaeconomica.com.br\/wp\/wp-content\/uploads\/2020\/12\/cropped-BE.png","contentUrl":"https:\/\/bahiaeconomica.com.br\/wp\/wp-content\/uploads\/2020\/12\/cropped-BE.png","width":512,"height":512,"caption":"Bahia Econ\u00f4mica"},"image":{"@id":"https:\/\/bahiaeconomica.com.br\/wp\/#\/schema\/logo\/image\/"},"sameAs":["https:\/\/www.facebook.com\/bahiaeconomica"]},{"@type":"Person","@id":"https:\/\/bahiaeconomica.com.br\/wp\/#\/schema\/person\/c86d3a3f8960425a0f9d0e5245991f4e","name":"JP","sameAs":["https:\/\/bahiaeconomica.com.br\/wp\/beta\/"],"url":"https:\/\/bahiaeconomica.com.br\/wp\/author\/jp\/"}]}},"views":15,"_links":{"self":[{"href":"https:\/\/bahiaeconomica.com.br\/wp\/wp-json\/wp\/v2\/posts\/744148"}],"collection":[{"href":"https:\/\/bahiaeconomica.com.br\/wp\/wp-json\/wp\/v2\/posts"}],"about":[{"href":"https:\/\/bahiaeconomica.com.br\/wp\/wp-json\/wp\/v2\/types\/post"}],"author":[{"embeddable":true,"href":"https:\/\/bahiaeconomica.com.br\/wp\/wp-json\/wp\/v2\/users\/8"}],"replies":[{"embeddable":true,"href":"https:\/\/bahiaeconomica.com.br\/wp\/wp-json\/wp\/v2\/comments?post=744148"}],"version-history":[{"count":1,"href":"https:\/\/bahiaeconomica.com.br\/wp\/wp-json\/wp\/v2\/posts\/744148\/revisions"}],"predecessor-version":[{"id":744150,"href":"https:\/\/bahiaeconomica.com.br\/wp\/wp-json\/wp\/v2\/posts\/744148\/revisions\/744150"}],"wp:featuredmedia":[{"embeddable":true,"href":"https:\/\/bahiaeconomica.com.br\/wp\/wp-json\/wp\/v2\/media\/744149"}],"wp:attachment":[{"href":"https:\/\/bahiaeconomica.com.br\/wp\/wp-json\/wp\/v2\/media?parent=744148"}],"wp:term":[{"taxonomy":"category","embeddable":true,"href":"https:\/\/bahiaeconomica.com.br\/wp\/wp-json\/wp\/v2\/categories?post=744148"},{"taxonomy":"post_tag","embeddable":true,"href":"https:\/\/bahiaeconomica.com.br\/wp\/wp-json\/wp\/v2\/tags?post=744148"}],"curies":[{"name":"wp","href":"https:\/\/api.w.org\/{rel}","templated":true}]}}