{"id":743946,"date":"2023-06-29T13:20:38","date_gmt":"2023-06-29T16:20:38","guid":{"rendered":"https:\/\/bahiaeconomica.com.br\/wp\/?p=743946"},"modified":"2023-06-29T11:52:49","modified_gmt":"2023-06-29T14:52:49","slug":"conder-publica-licitacao-para-construcao-do-centro-poliesportivo-de-camacari","status":"publish","type":"post","link":"https:\/\/bahiaeconomica.com.br\/wp\/2023\/06\/29\/conder-publica-licitacao-para-construcao-do-centro-poliesportivo-de-camacari\/","title":{"rendered":"CONDER PUBLICA LICITA\u00c7\u00c3O PARA CONSTRU\u00c7\u00c3O DO CENTRO POLIESPORTIVO DE CAMA\u00c7ARI"},"content":{"rendered":"<p>A Companhia de Desenvolvimento Urbano da Bahia (Conder) divulgou nesta quarta-feira (28) o aviso de licita\u00e7\u00e3o para contrata\u00e7\u00e3o de empresa especializada para execu\u00e7\u00e3o das obras do Centro Poliesportivo de Cama\u00e7ari, na Regi\u00e3o Metropolitana de Salvador. A obra, que ser\u00e1 realizada no local onde funciona o Centro Social Urbano (CSU) do munic\u00edpio, prev\u00ea uma completa requalifica\u00e7\u00e3o do espa\u00e7o, oferecendo um ambiente moderno e multifuncional para a pr\u00e1tica de esportes. O Centro Poliesportivo ocupar\u00e1 uma \u00e1rea de 7.987,00m\u00b2 e contar\u00e1 com diversas instala\u00e7\u00f5es esportivas, incluindo arenas de lutas, quadra poliesportiva coberta, quadra de areia, campo society, pista de caminhada, vesti\u00e1rios, quiosques, pergolados e guarita.<\/p>\n<p>\u201cO Centro Poliesportivo tem como objetivo garantir uma infraestrutura adequada para o desenvolvimento de atividades esportivas e de lazer para a popula\u00e7\u00e3o de Cama\u00e7ari. Al\u00e9m de promover a pr\u00e1tica esportiva, o projeto visa incentivar a conviv\u00eancia comunit\u00e1ria, o bem-estar f\u00edsico e mental, e contribuir para a melhoria da qualidade de vida dos cama\u00e7arienses. \u00c9 mais um projeto pensado pelo governador Jer\u00f4nimo Rodrigues para melhorar a vida das pessoas,\u201d afirmou Z\u00e9 Trindade, presidente da Conder.<\/p>\n<p>O prazo estimado para conclus\u00e3o da obra \u00e9 de 12 meses, com um investimento previsto de R$ 4.459.012,80, recursos do Governo do Estado. A abertura das propostas para a licita\u00e7\u00e3o est\u00e1 marcada para o dia 4 de setembro, e as empresas interessadas podem acessar o edital completo no site oficial da Conder: www.conder.ba.gov.br. O Centro Social Urbano (CSU), onde ser\u00e1 constru\u00eddo o novo Centro Poliesportivo, est\u00e1 localizado na Av. Ver. Pedro Ribeiro de Freitas, s\/n, no bairro Gravat\u00e1, no munic\u00edpio de Cama\u00e7ari &#8211; BA. O aviso de licita\u00e7\u00e3o presencial n\u00b0 044\/23 foi publicado no Di\u00e1rio Oficial do Estado nesta quarta-feira (28).<\/p>\n","protected":false},"excerpt":{"rendered":"<p>A Companhia de Desenvolvimento Urbano da Bahia (Conder) divulgou nesta quarta-feira (28) o aviso de licita\u00e7\u00e3o para contrata\u00e7\u00e3o de empresa especializada para execu\u00e7\u00e3o das obras do Centro Poliesportivo de Cama\u00e7ari, na Regi\u00e3o Metropolitana de Salvador. A obra, que ser\u00e1 realizada no local onde funciona o Centro Social Urbano (CSU) do munic\u00edpio, prev\u00ea uma completa requalifica\u00e7\u00e3o [&hellip;]<\/p>\n","protected":false},"author":8,"featured_media":743947,"comment_status":"closed","ping_status":"closed","sticky":false,"template":"","format":"standard","meta":[],"categories":[3],"tags":[2819,846,100,2445],"acf":[],"yoast_head":"<!-- This site is optimized with the Yoast SEO plugin v20.8 - https:\/\/yoast.com\/wordpress\/plugins\/seo\/ -->\n<title>CONDER PUBLICA LICITA\u00c7\u00c3O PARA CONSTRU\u00c7\u00c3O DO CENTRO POLIESPORTIVO DE CAMA\u00c7ARI - Bahia Economica<\/title>\n<meta name=\"description\" content=\"O maior portal de Economia da Bahia ECONOMIA \/ POL\u00cdTICA Bahia Economica A Companhia de Desenvolvimento Urbano da Bahia (Conder)\" \/>\n<meta name=\"robots\" content=\"index, follow, max-snippet:-1, max-image-preview:large, max-video-preview:-1\" \/>\n<link rel=\"canonical\" href=\"https:\/\/bahiaeconomica.com.br\/wp\/2023\/06\/29\/conder-publica-licitacao-para-construcao-do-centro-poliesportivo-de-camacari\/\" \/>\n<meta property=\"og:locale\" content=\"pt_BR\" \/>\n<meta property=\"og:type\" content=\"article\" \/>\n<meta property=\"og:title\" content=\"CONDER PUBLICA LICITA\u00c7\u00c3O PARA CONSTRU\u00c7\u00c3O DO CENTRO POLIESPORTIVO DE CAMA\u00c7ARI - Bahia Economica\" \/>\n<meta property=\"og:description\" content=\"O maior portal de Economia da Bahia ECONOMIA \/ POL\u00cdTICA Bahia Economica A Companhia de Desenvolvimento Urbano da Bahia (Conder)\" \/>\n<meta property=\"og:url\" content=\"https:\/\/bahiaeconomica.com.br\/wp\/2023\/06\/29\/conder-publica-licitacao-para-construcao-do-centro-poliesportivo-de-camacari\/\" \/>\n<meta property=\"og:site_name\" content=\"Bahia Economica\" \/>\n<meta property=\"article:publisher\" content=\"https:\/\/www.facebook.com\/bahiaeconomica\" \/>\n<meta property=\"article:published_time\" content=\"2023-06-29T16:20:38+00:00\" \/>\n<meta property=\"article:modified_time\" content=\"2023-06-29T14:52:49+00:00\" \/>\n<meta property=\"og:image\" content=\"https:\/\/bahiaeconomica.com.br\/wp\/wp-content\/uploads\/2023\/06\/WhatsApp-Image-2023-06-28-at-17.30.40.jpeg\" \/>\n\t<meta property=\"og:image:width\" content=\"946\" \/>\n\t<meta property=\"og:image:height\" content=\"523\" \/>\n\t<meta property=\"og:image:type\" content=\"image\/jpeg\" \/>\n<meta name=\"author\" content=\"JP\" \/>\n<meta name=\"twitter:card\" content=\"summary_large_image\" \/>\n<meta name=\"twitter:label1\" content=\"Escrito por\" \/>\n\t<meta name=\"twitter:data1\" content=\"JP\" \/>\n\t<meta name=\"twitter:label2\" content=\"Est. tempo de leitura\" \/>\n\t<meta name=\"twitter:data2\" content=\"2 minutos\" \/>\n<script type=\"application\/ld+json\" class=\"yoast-schema-graph\">{\"@context\":\"https:\/\/schema.org\",\"@graph\":[{\"@type\":\"Article\",\"@id\":\"https:\/\/bahiaeconomica.com.br\/wp\/2023\/06\/29\/conder-publica-licitacao-para-construcao-do-centro-poliesportivo-de-camacari\/#article\",\"isPartOf\":{\"@id\":\"https:\/\/bahiaeconomica.com.br\/wp\/2023\/06\/29\/conder-publica-licitacao-para-construcao-do-centro-poliesportivo-de-camacari\/\"},\"author\":{\"name\":\"JP\",\"@id\":\"https:\/\/bahiaeconomica.com.br\/wp\/#\/schema\/person\/c86d3a3f8960425a0f9d0e5245991f4e\"},\"headline\":\"CONDER PUBLICA LICITA\u00c7\u00c3O PARA CONSTRU\u00c7\u00c3O DO CENTRO POLIESPORTIVO DE CAMA\u00c7ARI\",\"datePublished\":\"2023-06-29T16:20:38+00:00\",\"dateModified\":\"2023-06-29T14:52:49+00:00\",\"mainEntityOfPage\":{\"@id\":\"https:\/\/bahiaeconomica.com.br\/wp\/2023\/06\/29\/conder-publica-licitacao-para-construcao-do-centro-poliesportivo-de-camacari\/\"},\"wordCount\":314,\"publisher\":{\"@id\":\"https:\/\/bahiaeconomica.com.br\/wp\/#organization\"},\"keywords\":[\"conder\",\"obras\",\"Pol\u00edtica\",\"publicas\"],\"articleSection\":[\"ECONOMIA \/ POL\u00cdTICA\"],\"inLanguage\":\"pt-BR\"},{\"@type\":\"WebPage\",\"@id\":\"https:\/\/bahiaeconomica.com.br\/wp\/2023\/06\/29\/conder-publica-licitacao-para-construcao-do-centro-poliesportivo-de-camacari\/\",\"url\":\"https:\/\/bahiaeconomica.com.br\/wp\/2023\/06\/29\/conder-publica-licitacao-para-construcao-do-centro-poliesportivo-de-camacari\/\",\"name\":\"CONDER PUBLICA LICITA\u00c7\u00c3O PARA CONSTRU\u00c7\u00c3O DO CENTRO POLIESPORTIVO DE CAMA\u00c7ARI - Bahia Economica\",\"isPartOf\":{\"@id\":\"https:\/\/bahiaeconomica.com.br\/wp\/#website\"},\"datePublished\":\"2023-06-29T16:20:38+00:00\",\"dateModified\":\"2023-06-29T14:52:49+00:00\",\"description\":\"O maior portal de Economia da Bahia ECONOMIA \/ POL\u00cdTICA Bahia Economica A Companhia de Desenvolvimento Urbano da Bahia (Conder)\",\"breadcrumb\":{\"@id\":\"https:\/\/bahiaeconomica.com.br\/wp\/2023\/06\/29\/conder-publica-licitacao-para-construcao-do-centro-poliesportivo-de-camacari\/#breadcrumb\"},\"inLanguage\":\"pt-BR\",\"potentialAction\":[{\"@type\":\"ReadAction\",\"target\":[\"https:\/\/bahiaeconomica.com.br\/wp\/2023\/06\/29\/conder-publica-licitacao-para-construcao-do-centro-poliesportivo-de-camacari\/\"]}]},{\"@type\":\"BreadcrumbList\",\"@id\":\"https:\/\/bahiaeconomica.com.br\/wp\/2023\/06\/29\/conder-publica-licitacao-para-construcao-do-centro-poliesportivo-de-camacari\/#breadcrumb\",\"itemListElement\":[{\"@type\":\"ListItem\",\"position\":1,\"name\":\"In\u00edcio\",\"item\":\"https:\/\/bahiaeconomica.com.br\/wp\/\"},{\"@type\":\"ListItem\",\"position\":2,\"name\":\"CONDER PUBLICA LICITA\u00c7\u00c3O PARA CONSTRU\u00c7\u00c3O DO CENTRO POLIESPORTIVO DE CAMA\u00c7ARI\"}]},{\"@type\":\"WebSite\",\"@id\":\"https:\/\/bahiaeconomica.com.br\/wp\/#website\",\"url\":\"https:\/\/bahiaeconomica.com.br\/wp\/\",\"name\":\"Bahia Economica\",\"description\":\"O maior portal de Economia da Bahia\",\"publisher\":{\"@id\":\"https:\/\/bahiaeconomica.com.br\/wp\/#organization\"},\"potentialAction\":[{\"@type\":\"SearchAction\",\"target\":{\"@type\":\"EntryPoint\",\"urlTemplate\":\"https:\/\/bahiaeconomica.com.br\/wp\/?s={search_term_string}\"},\"query-input\":\"required name=search_term_string\"}],\"inLanguage\":\"pt-BR\"},{\"@type\":\"Organization\",\"@id\":\"https:\/\/bahiaeconomica.com.br\/wp\/#organization\",\"name\":\"Bahia Econ\u00f4mica\",\"url\":\"https:\/\/bahiaeconomica.com.br\/wp\/\",\"logo\":{\"@type\":\"ImageObject\",\"inLanguage\":\"pt-BR\",\"@id\":\"https:\/\/bahiaeconomica.com.br\/wp\/#\/schema\/logo\/image\/\",\"url\":\"https:\/\/bahiaeconomica.com.br\/wp\/wp-content\/uploads\/2020\/12\/cropped-BE.png\",\"contentUrl\":\"https:\/\/bahiaeconomica.com.br\/wp\/wp-content\/uploads\/2020\/12\/cropped-BE.png\",\"width\":512,\"height\":512,\"caption\":\"Bahia Econ\u00f4mica\"},\"image\":{\"@id\":\"https:\/\/bahiaeconomica.com.br\/wp\/#\/schema\/logo\/image\/\"},\"sameAs\":[\"https:\/\/www.facebook.com\/bahiaeconomica\"]},{\"@type\":\"Person\",\"@id\":\"https:\/\/bahiaeconomica.com.br\/wp\/#\/schema\/person\/c86d3a3f8960425a0f9d0e5245991f4e\",\"name\":\"JP\",\"sameAs\":[\"https:\/\/bahiaeconomica.com.br\/wp\/beta\/\"],\"url\":\"https:\/\/bahiaeconomica.com.br\/wp\/author\/jp\/\"}]}<\/script>\n<!-- \/ Yoast SEO plugin. -->","yoast_head_json":{"title":"CONDER PUBLICA LICITA\u00c7\u00c3O PARA CONSTRU\u00c7\u00c3O DO CENTRO POLIESPORTIVO DE CAMA\u00c7ARI - Bahia Economica","description":"O maior portal de Economia da Bahia ECONOMIA \/ POL\u00cdTICA Bahia Economica A Companhia de Desenvolvimento Urbano da Bahia (Conder)","robots":{"index":"index","follow":"follow","max-snippet":"max-snippet:-1","max-image-preview":"max-image-preview:large","max-video-preview":"max-video-preview:-1"},"canonical":"https:\/\/bahiaeconomica.com.br\/wp\/2023\/06\/29\/conder-publica-licitacao-para-construcao-do-centro-poliesportivo-de-camacari\/","og_locale":"pt_BR","og_type":"article","og_title":"CONDER PUBLICA LICITA\u00c7\u00c3O PARA CONSTRU\u00c7\u00c3O DO CENTRO POLIESPORTIVO DE CAMA\u00c7ARI - Bahia Economica","og_description":"O maior portal de Economia da Bahia ECONOMIA \/ POL\u00cdTICA Bahia Economica A Companhia de Desenvolvimento Urbano da Bahia (Conder)","og_url":"https:\/\/bahiaeconomica.com.br\/wp\/2023\/06\/29\/conder-publica-licitacao-para-construcao-do-centro-poliesportivo-de-camacari\/","og_site_name":"Bahia Economica","article_publisher":"https:\/\/www.facebook.com\/bahiaeconomica","article_published_time":"2023-06-29T16:20:38+00:00","article_modified_time":"2023-06-29T14:52:49+00:00","og_image":[{"width":946,"height":523,"url":"https:\/\/bahiaeconomica.com.br\/wp\/wp-content\/uploads\/2023\/06\/WhatsApp-Image-2023-06-28-at-17.30.40.jpeg","type":"image\/jpeg"}],"author":"JP","twitter_card":"summary_large_image","twitter_misc":{"Escrito por":"JP","Est. tempo de leitura":"2 minutos"},"schema":{"@context":"https:\/\/schema.org","@graph":[{"@type":"Article","@id":"https:\/\/bahiaeconomica.com.br\/wp\/2023\/06\/29\/conder-publica-licitacao-para-construcao-do-centro-poliesportivo-de-camacari\/#article","isPartOf":{"@id":"https:\/\/bahiaeconomica.com.br\/wp\/2023\/06\/29\/conder-publica-licitacao-para-construcao-do-centro-poliesportivo-de-camacari\/"},"author":{"name":"JP","@id":"https:\/\/bahiaeconomica.com.br\/wp\/#\/schema\/person\/c86d3a3f8960425a0f9d0e5245991f4e"},"headline":"CONDER PUBLICA LICITA\u00c7\u00c3O PARA CONSTRU\u00c7\u00c3O DO CENTRO POLIESPORTIVO DE CAMA\u00c7ARI","datePublished":"2023-06-29T16:20:38+00:00","dateModified":"2023-06-29T14:52:49+00:00","mainEntityOfPage":{"@id":"https:\/\/bahiaeconomica.com.br\/wp\/2023\/06\/29\/conder-publica-licitacao-para-construcao-do-centro-poliesportivo-de-camacari\/"},"wordCount":314,"publisher":{"@id":"https:\/\/bahiaeconomica.com.br\/wp\/#organization"},"keywords":["conder","obras","Pol\u00edtica","publicas"],"articleSection":["ECONOMIA \/ POL\u00cdTICA"],"inLanguage":"pt-BR"},{"@type":"WebPage","@id":"https:\/\/bahiaeconomica.com.br\/wp\/2023\/06\/29\/conder-publica-licitacao-para-construcao-do-centro-poliesportivo-de-camacari\/","url":"https:\/\/bahiaeconomica.com.br\/wp\/2023\/06\/29\/conder-publica-licitacao-para-construcao-do-centro-poliesportivo-de-camacari\/","name":"CONDER PUBLICA LICITA\u00c7\u00c3O PARA CONSTRU\u00c7\u00c3O DO CENTRO POLIESPORTIVO DE CAMA\u00c7ARI - Bahia Economica","isPartOf":{"@id":"https:\/\/bahiaeconomica.com.br\/wp\/#website"},"datePublished":"2023-06-29T16:20:38+00:00","dateModified":"2023-06-29T14:52:49+00:00","description":"O maior portal de Economia da Bahia ECONOMIA \/ POL\u00cdTICA Bahia Economica A Companhia de Desenvolvimento Urbano da Bahia (Conder)","breadcrumb":{"@id":"https:\/\/bahiaeconomica.com.br\/wp\/2023\/06\/29\/conder-publica-licitacao-para-construcao-do-centro-poliesportivo-de-camacari\/#breadcrumb"},"inLanguage":"pt-BR","potentialAction":[{"@type":"ReadAction","target":["https:\/\/bahiaeconomica.com.br\/wp\/2023\/06\/29\/conder-publica-licitacao-para-construcao-do-centro-poliesportivo-de-camacari\/"]}]},{"@type":"BreadcrumbList","@id":"https:\/\/bahiaeconomica.com.br\/wp\/2023\/06\/29\/conder-publica-licitacao-para-construcao-do-centro-poliesportivo-de-camacari\/#breadcrumb","itemListElement":[{"@type":"ListItem","position":1,"name":"In\u00edcio","item":"https:\/\/bahiaeconomica.com.br\/wp\/"},{"@type":"ListItem","position":2,"name":"CONDER PUBLICA LICITA\u00c7\u00c3O PARA CONSTRU\u00c7\u00c3O DO CENTRO POLIESPORTIVO DE CAMA\u00c7ARI"}]},{"@type":"WebSite","@id":"https:\/\/bahiaeconomica.com.br\/wp\/#website","url":"https:\/\/bahiaeconomica.com.br\/wp\/","name":"Bahia Economica","description":"O maior portal de Economia da Bahia","publisher":{"@id":"https:\/\/bahiaeconomica.com.br\/wp\/#organization"},"potentialAction":[{"@type":"SearchAction","target":{"@type":"EntryPoint","urlTemplate":"https:\/\/bahiaeconomica.com.br\/wp\/?s={search_term_string}"},"query-input":"required name=search_term_string"}],"inLanguage":"pt-BR"},{"@type":"Organization","@id":"https:\/\/bahiaeconomica.com.br\/wp\/#organization","name":"Bahia Econ\u00f4mica","url":"https:\/\/bahiaeconomica.com.br\/wp\/","logo":{"@type":"ImageObject","inLanguage":"pt-BR","@id":"https:\/\/bahiaeconomica.com.br\/wp\/#\/schema\/logo\/image\/","url":"https:\/\/bahiaeconomica.com.br\/wp\/wp-content\/uploads\/2020\/12\/cropped-BE.png","contentUrl":"https:\/\/bahiaeconomica.com.br\/wp\/wp-content\/uploads\/2020\/12\/cropped-BE.png","width":512,"height":512,"caption":"Bahia Econ\u00f4mica"},"image":{"@id":"https:\/\/bahiaeconomica.com.br\/wp\/#\/schema\/logo\/image\/"},"sameAs":["https:\/\/www.facebook.com\/bahiaeconomica"]},{"@type":"Person","@id":"https:\/\/bahiaeconomica.com.br\/wp\/#\/schema\/person\/c86d3a3f8960425a0f9d0e5245991f4e","name":"JP","sameAs":["https:\/\/bahiaeconomica.com.br\/wp\/beta\/"],"url":"https:\/\/bahiaeconomica.com.br\/wp\/author\/jp\/"}]}},"views":28,"_links":{"self":[{"href":"https:\/\/bahiaeconomica.com.br\/wp\/wp-json\/wp\/v2\/posts\/743946"}],"collection":[{"href":"https:\/\/bahiaeconomica.com.br\/wp\/wp-json\/wp\/v2\/posts"}],"about":[{"href":"https:\/\/bahiaeconomica.com.br\/wp\/wp-json\/wp\/v2\/types\/post"}],"author":[{"embeddable":true,"href":"https:\/\/bahiaeconomica.com.br\/wp\/wp-json\/wp\/v2\/users\/8"}],"replies":[{"embeddable":true,"href":"https:\/\/bahiaeconomica.com.br\/wp\/wp-json\/wp\/v2\/comments?post=743946"}],"version-history":[{"count":1,"href":"https:\/\/bahiaeconomica.com.br\/wp\/wp-json\/wp\/v2\/posts\/743946\/revisions"}],"predecessor-version":[{"id":743948,"href":"https:\/\/bahiaeconomica.com.br\/wp\/wp-json\/wp\/v2\/posts\/743946\/revisions\/743948"}],"wp:featuredmedia":[{"embeddable":true,"href":"https:\/\/bahiaeconomica.com.br\/wp\/wp-json\/wp\/v2\/media\/743947"}],"wp:attachment":[{"href":"https:\/\/bahiaeconomica.com.br\/wp\/wp-json\/wp\/v2\/media?parent=743946"}],"wp:term":[{"taxonomy":"category","embeddable":true,"href":"https:\/\/bahiaeconomica.com.br\/wp\/wp-json\/wp\/v2\/categories?post=743946"},{"taxonomy":"post_tag","embeddable":true,"href":"https:\/\/bahiaeconomica.com.br\/wp\/wp-json\/wp\/v2\/tags?post=743946"}],"curies":[{"name":"wp","href":"https:\/\/api.w.org\/{rel}","templated":true}]}}