{"id":743888,"date":"2023-06-29T07:26:58","date_gmt":"2023-06-29T10:26:58","guid":{"rendered":"https:\/\/bahiaeconomica.com.br\/wp\/?p=743888"},"modified":"2023-06-29T07:26:58","modified_gmt":"2023-06-29T10:26:58","slug":"prefeitura-lanca-carteira-de-identificacao-da-pessoa-com-transtorno-do-espectro-autista","status":"publish","type":"post","link":"https:\/\/bahiaeconomica.com.br\/wp\/2023\/06\/29\/prefeitura-lanca-carteira-de-identificacao-da-pessoa-com-transtorno-do-espectro-autista\/","title":{"rendered":"PREFEITURA LAN\u00c7A CARTEIRA DE IDENTIFICA\u00c7\u00c3O DA PESSOA COM TRANSTORNO DO ESPECTRO AUTISTA"},"content":{"rendered":"<p>A Prefeitura de Salvador lan\u00e7ou na ter\u00e7a-feira (27) a Carteira de Identifica\u00e7\u00e3o da Pessoa com Transtorno do Espectro Autista (CIPTEA). O ato, promovido pela Secretaria Municipal de Promo\u00e7\u00e3o Social Combate \u00e0 Pobreza, Esportes e Lazer (Sempre), ocorreu na sede da Associa\u00e7\u00e3o de Amigos dos Autistas da Bahia (AMA). A CIPTEA \u00e9 prevista na Lei Federal n\u00ba 13.977\/20, conhecida como Lei Romeo Mion.<\/p>\n<p>O cadastro para a obten\u00e7\u00e3o da carteira ser\u00e1 realizado pela Sempre e ter\u00e1 in\u00edcio nas institui\u00e7\u00f5es especializadas em autismo. Posteriormente ser\u00e1 estendido \u00e0s prefeituras-bairro. De acordo com a secretaria, a Ciptea visa facilitar o reconhecimento e o atendimento adequado \u00e0s pessoas com TEA em espa\u00e7os p\u00fablicos e privados, evitando constrangimentos para elas e seus familiares. Autistas n\u00e3o apresentam caracter\u00edsticas vis\u00edveis e podem enfrentar dificuldades em filas e atendimentos, sendo v\u00edtimas de preconceito.<\/p>\n<p>O titular da Sempre, J\u00fanior Magalh\u00e3es, ressaltou o papel do CIPTEA na promo\u00e7\u00e3o da inclus\u00e3o e no combate \u00e0 discrimina\u00e7\u00e3o enfrentada pelas pessoas com TEA. \u201cEssa carteira \u00e9 um avan\u00e7o significativo para garantir os direitos e a dignidade das pessoas com autismo. Com a identifica\u00e7\u00e3o adequada, poderemos oferecer um atendimento mais eficiente e inclusivo, proporcionando maior igualdade de oportunidades para todos\u201d, disse.<\/p>\n<p>O documento ter\u00e1 validade de cinco anos. Al\u00e9m disso, o sistema CIPTEA possibilitar\u00e1 o censo da pessoa com TEA no munic\u00edpio de Salvador, fornecendo dados importantes, como g\u00eanero, ra\u00e7a, idade, bairro e o g\u00eanero do cuidador, al\u00e9m de um panorama do n\u00edvel de autismo. De acordo com o secret\u00e1rio, com o lan\u00e7amento da CIPTEA, a Sempre reafirma seu compromisso em promover pol\u00edticas inclusivas e afirmativas, visando a melhoria da qualidade de vida das pessoas com autismo em Salvador. O lan\u00e7amento da CIPTEA, frisa Magalh\u00e3es, \u00e9 mais um passo importante nessa dire\u00e7\u00e3o, fortalecendo a luta pela igualdade e pelo respeito aos direitos de cidadania das pessoas com Transtorno do Espectro Autista.<\/p>\n<p>Foto: Bruno Concha\/SecomPMS<\/p>\n","protected":false},"excerpt":{"rendered":"<p>A Prefeitura de Salvador lan\u00e7ou na ter\u00e7a-feira (27) a Carteira de Identifica\u00e7\u00e3o da Pessoa com Transtorno do Espectro Autista (CIPTEA). O ato, promovido pela Secretaria Municipal de Promo\u00e7\u00e3o Social Combate \u00e0 Pobreza, Esportes e Lazer (Sempre), ocorreu na sede da Associa\u00e7\u00e3o de Amigos dos Autistas da Bahia (AMA). A CIPTEA \u00e9 prevista na Lei Federal [&hellip;]<\/p>\n","protected":false},"author":8,"featured_media":743889,"comment_status":"closed","ping_status":"closed","sticky":false,"template":"","format":"standard","meta":[],"categories":[21],"tags":[835,12265,52,100,58],"acf":[],"yoast_head":"<!-- This site is optimized with the Yoast SEO plugin v20.8 - https:\/\/yoast.com\/wordpress\/plugins\/seo\/ -->\n<title>PREFEITURA LAN\u00c7A CARTEIRA DE IDENTIFICA\u00c7\u00c3O DA PESSOA COM TRANSTORNO DO ESPECTRO AUTISTA - Bahia Economica<\/title>\n<meta name=\"description\" content=\"O maior portal de Economia da Bahia Sa\u00fade \/ Educa\u00e7\u00e3o Bahia Economica A Prefeitura de Salvador lan\u00e7ou na ter\u00e7a-feira (27) a Carteira\" \/>\n<meta name=\"robots\" content=\"index, follow, max-snippet:-1, max-image-preview:large, max-video-preview:-1\" \/>\n<link rel=\"canonical\" href=\"https:\/\/bahiaeconomica.com.br\/wp\/2023\/06\/29\/prefeitura-lanca-carteira-de-identificacao-da-pessoa-com-transtorno-do-espectro-autista\/\" \/>\n<meta property=\"og:locale\" content=\"pt_BR\" \/>\n<meta property=\"og:type\" content=\"article\" \/>\n<meta property=\"og:title\" content=\"PREFEITURA LAN\u00c7A CARTEIRA DE IDENTIFICA\u00c7\u00c3O DA PESSOA COM TRANSTORNO DO ESPECTRO AUTISTA - Bahia Economica\" \/>\n<meta property=\"og:description\" content=\"O maior portal de Economia da Bahia Sa\u00fade \/ Educa\u00e7\u00e3o Bahia Economica A Prefeitura de Salvador lan\u00e7ou na ter\u00e7a-feira (27) a Carteira\" \/>\n<meta property=\"og:url\" content=\"https:\/\/bahiaeconomica.com.br\/wp\/2023\/06\/29\/prefeitura-lanca-carteira-de-identificacao-da-pessoa-com-transtorno-do-espectro-autista\/\" \/>\n<meta property=\"og:site_name\" content=\"Bahia Economica\" \/>\n<meta property=\"article:publisher\" content=\"https:\/\/www.facebook.com\/bahiaeconomica\" \/>\n<meta property=\"article:published_time\" content=\"2023-06-29T10:26:58+00:00\" \/>\n<meta property=\"og:image\" content=\"https:\/\/bahiaeconomica.com.br\/wp\/wp-content\/uploads\/2023\/06\/carteira-autista.jpg\" \/>\n\t<meta property=\"og:image:width\" content=\"600\" \/>\n\t<meta property=\"og:image:height\" content=\"420\" \/>\n\t<meta property=\"og:image:type\" content=\"image\/jpeg\" \/>\n<meta name=\"author\" content=\"JP\" \/>\n<meta name=\"twitter:card\" content=\"summary_large_image\" \/>\n<meta name=\"twitter:label1\" content=\"Escrito por\" \/>\n\t<meta name=\"twitter:data1\" content=\"JP\" \/>\n\t<meta name=\"twitter:label2\" content=\"Est. tempo de leitura\" \/>\n\t<meta name=\"twitter:data2\" content=\"2 minutos\" \/>\n<script type=\"application\/ld+json\" class=\"yoast-schema-graph\">{\"@context\":\"https:\/\/schema.org\",\"@graph\":[{\"@type\":\"Article\",\"@id\":\"https:\/\/bahiaeconomica.com.br\/wp\/2023\/06\/29\/prefeitura-lanca-carteira-de-identificacao-da-pessoa-com-transtorno-do-espectro-autista\/#article\",\"isPartOf\":{\"@id\":\"https:\/\/bahiaeconomica.com.br\/wp\/2023\/06\/29\/prefeitura-lanca-carteira-de-identificacao-da-pessoa-com-transtorno-do-espectro-autista\/\"},\"author\":{\"name\":\"JP\",\"@id\":\"https:\/\/bahiaeconomica.com.br\/wp\/#\/schema\/person\/c86d3a3f8960425a0f9d0e5245991f4e\"},\"headline\":\"PREFEITURA LAN\u00c7A CARTEIRA DE IDENTIFICA\u00c7\u00c3O DA PESSOA COM TRANSTORNO DO ESPECTRO AUTISTA\",\"datePublished\":\"2023-06-29T10:26:58+00:00\",\"dateModified\":\"2023-06-29T10:26:58+00:00\",\"mainEntityOfPage\":{\"@id\":\"https:\/\/bahiaeconomica.com.br\/wp\/2023\/06\/29\/prefeitura-lanca-carteira-de-identificacao-da-pessoa-com-transtorno-do-espectro-autista\/\"},\"wordCount\":351,\"publisher\":{\"@id\":\"https:\/\/bahiaeconomica.com.br\/wp\/#organization\"},\"keywords\":[\"alta\",\"autismo\",\"Brasil\",\"Pol\u00edtica\",\"sa\u00fade\"],\"articleSection\":[\"Sa\u00fade \/ Educa\u00e7\u00e3o\"],\"inLanguage\":\"pt-BR\"},{\"@type\":\"WebPage\",\"@id\":\"https:\/\/bahiaeconomica.com.br\/wp\/2023\/06\/29\/prefeitura-lanca-carteira-de-identificacao-da-pessoa-com-transtorno-do-espectro-autista\/\",\"url\":\"https:\/\/bahiaeconomica.com.br\/wp\/2023\/06\/29\/prefeitura-lanca-carteira-de-identificacao-da-pessoa-com-transtorno-do-espectro-autista\/\",\"name\":\"PREFEITURA LAN\u00c7A CARTEIRA DE IDENTIFICA\u00c7\u00c3O DA PESSOA COM TRANSTORNO DO ESPECTRO AUTISTA - Bahia Economica\",\"isPartOf\":{\"@id\":\"https:\/\/bahiaeconomica.com.br\/wp\/#website\"},\"datePublished\":\"2023-06-29T10:26:58+00:00\",\"dateModified\":\"2023-06-29T10:26:58+00:00\",\"description\":\"O maior portal de Economia da Bahia Sa\u00fade \/ Educa\u00e7\u00e3o Bahia Economica A Prefeitura de Salvador lan\u00e7ou na ter\u00e7a-feira (27) a Carteira\",\"breadcrumb\":{\"@id\":\"https:\/\/bahiaeconomica.com.br\/wp\/2023\/06\/29\/prefeitura-lanca-carteira-de-identificacao-da-pessoa-com-transtorno-do-espectro-autista\/#breadcrumb\"},\"inLanguage\":\"pt-BR\",\"potentialAction\":[{\"@type\":\"ReadAction\",\"target\":[\"https:\/\/bahiaeconomica.com.br\/wp\/2023\/06\/29\/prefeitura-lanca-carteira-de-identificacao-da-pessoa-com-transtorno-do-espectro-autista\/\"]}]},{\"@type\":\"BreadcrumbList\",\"@id\":\"https:\/\/bahiaeconomica.com.br\/wp\/2023\/06\/29\/prefeitura-lanca-carteira-de-identificacao-da-pessoa-com-transtorno-do-espectro-autista\/#breadcrumb\",\"itemListElement\":[{\"@type\":\"ListItem\",\"position\":1,\"name\":\"In\u00edcio\",\"item\":\"https:\/\/bahiaeconomica.com.br\/wp\/\"},{\"@type\":\"ListItem\",\"position\":2,\"name\":\"PREFEITURA LAN\u00c7A CARTEIRA DE IDENTIFICA\u00c7\u00c3O DA PESSOA COM TRANSTORNO DO ESPECTRO AUTISTA\"}]},{\"@type\":\"WebSite\",\"@id\":\"https:\/\/bahiaeconomica.com.br\/wp\/#website\",\"url\":\"https:\/\/bahiaeconomica.com.br\/wp\/\",\"name\":\"Bahia Economica\",\"description\":\"O maior portal de Economia da Bahia\",\"publisher\":{\"@id\":\"https:\/\/bahiaeconomica.com.br\/wp\/#organization\"},\"potentialAction\":[{\"@type\":\"SearchAction\",\"target\":{\"@type\":\"EntryPoint\",\"urlTemplate\":\"https:\/\/bahiaeconomica.com.br\/wp\/?s={search_term_string}\"},\"query-input\":\"required name=search_term_string\"}],\"inLanguage\":\"pt-BR\"},{\"@type\":\"Organization\",\"@id\":\"https:\/\/bahiaeconomica.com.br\/wp\/#organization\",\"name\":\"Bahia Econ\u00f4mica\",\"url\":\"https:\/\/bahiaeconomica.com.br\/wp\/\",\"logo\":{\"@type\":\"ImageObject\",\"inLanguage\":\"pt-BR\",\"@id\":\"https:\/\/bahiaeconomica.com.br\/wp\/#\/schema\/logo\/image\/\",\"url\":\"https:\/\/bahiaeconomica.com.br\/wp\/wp-content\/uploads\/2020\/12\/cropped-BE.png\",\"contentUrl\":\"https:\/\/bahiaeconomica.com.br\/wp\/wp-content\/uploads\/2020\/12\/cropped-BE.png\",\"width\":512,\"height\":512,\"caption\":\"Bahia Econ\u00f4mica\"},\"image\":{\"@id\":\"https:\/\/bahiaeconomica.com.br\/wp\/#\/schema\/logo\/image\/\"},\"sameAs\":[\"https:\/\/www.facebook.com\/bahiaeconomica\"]},{\"@type\":\"Person\",\"@id\":\"https:\/\/bahiaeconomica.com.br\/wp\/#\/schema\/person\/c86d3a3f8960425a0f9d0e5245991f4e\",\"name\":\"JP\",\"sameAs\":[\"https:\/\/bahiaeconomica.com.br\/wp\/beta\/\"],\"url\":\"https:\/\/bahiaeconomica.com.br\/wp\/author\/jp\/\"}]}<\/script>\n<!-- \/ Yoast SEO plugin. -->","yoast_head_json":{"title":"PREFEITURA LAN\u00c7A CARTEIRA DE IDENTIFICA\u00c7\u00c3O DA PESSOA COM TRANSTORNO DO ESPECTRO AUTISTA - Bahia Economica","description":"O maior portal de Economia da Bahia Sa\u00fade \/ Educa\u00e7\u00e3o Bahia Economica A Prefeitura de Salvador lan\u00e7ou na ter\u00e7a-feira (27) a Carteira","robots":{"index":"index","follow":"follow","max-snippet":"max-snippet:-1","max-image-preview":"max-image-preview:large","max-video-preview":"max-video-preview:-1"},"canonical":"https:\/\/bahiaeconomica.com.br\/wp\/2023\/06\/29\/prefeitura-lanca-carteira-de-identificacao-da-pessoa-com-transtorno-do-espectro-autista\/","og_locale":"pt_BR","og_type":"article","og_title":"PREFEITURA LAN\u00c7A CARTEIRA DE IDENTIFICA\u00c7\u00c3O DA PESSOA COM TRANSTORNO DO ESPECTRO AUTISTA - Bahia Economica","og_description":"O maior portal de Economia da Bahia Sa\u00fade \/ Educa\u00e7\u00e3o Bahia Economica A Prefeitura de Salvador lan\u00e7ou na ter\u00e7a-feira (27) a Carteira","og_url":"https:\/\/bahiaeconomica.com.br\/wp\/2023\/06\/29\/prefeitura-lanca-carteira-de-identificacao-da-pessoa-com-transtorno-do-espectro-autista\/","og_site_name":"Bahia Economica","article_publisher":"https:\/\/www.facebook.com\/bahiaeconomica","article_published_time":"2023-06-29T10:26:58+00:00","og_image":[{"width":600,"height":420,"url":"https:\/\/bahiaeconomica.com.br\/wp\/wp-content\/uploads\/2023\/06\/carteira-autista.jpg","type":"image\/jpeg"}],"author":"JP","twitter_card":"summary_large_image","twitter_misc":{"Escrito por":"JP","Est. tempo de leitura":"2 minutos"},"schema":{"@context":"https:\/\/schema.org","@graph":[{"@type":"Article","@id":"https:\/\/bahiaeconomica.com.br\/wp\/2023\/06\/29\/prefeitura-lanca-carteira-de-identificacao-da-pessoa-com-transtorno-do-espectro-autista\/#article","isPartOf":{"@id":"https:\/\/bahiaeconomica.com.br\/wp\/2023\/06\/29\/prefeitura-lanca-carteira-de-identificacao-da-pessoa-com-transtorno-do-espectro-autista\/"},"author":{"name":"JP","@id":"https:\/\/bahiaeconomica.com.br\/wp\/#\/schema\/person\/c86d3a3f8960425a0f9d0e5245991f4e"},"headline":"PREFEITURA LAN\u00c7A CARTEIRA DE IDENTIFICA\u00c7\u00c3O DA PESSOA COM TRANSTORNO DO ESPECTRO AUTISTA","datePublished":"2023-06-29T10:26:58+00:00","dateModified":"2023-06-29T10:26:58+00:00","mainEntityOfPage":{"@id":"https:\/\/bahiaeconomica.com.br\/wp\/2023\/06\/29\/prefeitura-lanca-carteira-de-identificacao-da-pessoa-com-transtorno-do-espectro-autista\/"},"wordCount":351,"publisher":{"@id":"https:\/\/bahiaeconomica.com.br\/wp\/#organization"},"keywords":["alta","autismo","Brasil","Pol\u00edtica","sa\u00fade"],"articleSection":["Sa\u00fade \/ Educa\u00e7\u00e3o"],"inLanguage":"pt-BR"},{"@type":"WebPage","@id":"https:\/\/bahiaeconomica.com.br\/wp\/2023\/06\/29\/prefeitura-lanca-carteira-de-identificacao-da-pessoa-com-transtorno-do-espectro-autista\/","url":"https:\/\/bahiaeconomica.com.br\/wp\/2023\/06\/29\/prefeitura-lanca-carteira-de-identificacao-da-pessoa-com-transtorno-do-espectro-autista\/","name":"PREFEITURA LAN\u00c7A CARTEIRA DE IDENTIFICA\u00c7\u00c3O DA PESSOA COM TRANSTORNO DO ESPECTRO AUTISTA - Bahia Economica","isPartOf":{"@id":"https:\/\/bahiaeconomica.com.br\/wp\/#website"},"datePublished":"2023-06-29T10:26:58+00:00","dateModified":"2023-06-29T10:26:58+00:00","description":"O maior portal de Economia da Bahia Sa\u00fade \/ Educa\u00e7\u00e3o Bahia Economica A Prefeitura de Salvador lan\u00e7ou na ter\u00e7a-feira (27) a Carteira","breadcrumb":{"@id":"https:\/\/bahiaeconomica.com.br\/wp\/2023\/06\/29\/prefeitura-lanca-carteira-de-identificacao-da-pessoa-com-transtorno-do-espectro-autista\/#breadcrumb"},"inLanguage":"pt-BR","potentialAction":[{"@type":"ReadAction","target":["https:\/\/bahiaeconomica.com.br\/wp\/2023\/06\/29\/prefeitura-lanca-carteira-de-identificacao-da-pessoa-com-transtorno-do-espectro-autista\/"]}]},{"@type":"BreadcrumbList","@id":"https:\/\/bahiaeconomica.com.br\/wp\/2023\/06\/29\/prefeitura-lanca-carteira-de-identificacao-da-pessoa-com-transtorno-do-espectro-autista\/#breadcrumb","itemListElement":[{"@type":"ListItem","position":1,"name":"In\u00edcio","item":"https:\/\/bahiaeconomica.com.br\/wp\/"},{"@type":"ListItem","position":2,"name":"PREFEITURA LAN\u00c7A CARTEIRA DE IDENTIFICA\u00c7\u00c3O DA PESSOA COM TRANSTORNO DO ESPECTRO AUTISTA"}]},{"@type":"WebSite","@id":"https:\/\/bahiaeconomica.com.br\/wp\/#website","url":"https:\/\/bahiaeconomica.com.br\/wp\/","name":"Bahia Economica","description":"O maior portal de Economia da Bahia","publisher":{"@id":"https:\/\/bahiaeconomica.com.br\/wp\/#organization"},"potentialAction":[{"@type":"SearchAction","target":{"@type":"EntryPoint","urlTemplate":"https:\/\/bahiaeconomica.com.br\/wp\/?s={search_term_string}"},"query-input":"required name=search_term_string"}],"inLanguage":"pt-BR"},{"@type":"Organization","@id":"https:\/\/bahiaeconomica.com.br\/wp\/#organization","name":"Bahia Econ\u00f4mica","url":"https:\/\/bahiaeconomica.com.br\/wp\/","logo":{"@type":"ImageObject","inLanguage":"pt-BR","@id":"https:\/\/bahiaeconomica.com.br\/wp\/#\/schema\/logo\/image\/","url":"https:\/\/bahiaeconomica.com.br\/wp\/wp-content\/uploads\/2020\/12\/cropped-BE.png","contentUrl":"https:\/\/bahiaeconomica.com.br\/wp\/wp-content\/uploads\/2020\/12\/cropped-BE.png","width":512,"height":512,"caption":"Bahia Econ\u00f4mica"},"image":{"@id":"https:\/\/bahiaeconomica.com.br\/wp\/#\/schema\/logo\/image\/"},"sameAs":["https:\/\/www.facebook.com\/bahiaeconomica"]},{"@type":"Person","@id":"https:\/\/bahiaeconomica.com.br\/wp\/#\/schema\/person\/c86d3a3f8960425a0f9d0e5245991f4e","name":"JP","sameAs":["https:\/\/bahiaeconomica.com.br\/wp\/beta\/"],"url":"https:\/\/bahiaeconomica.com.br\/wp\/author\/jp\/"}]}},"views":47,"_links":{"self":[{"href":"https:\/\/bahiaeconomica.com.br\/wp\/wp-json\/wp\/v2\/posts\/743888"}],"collection":[{"href":"https:\/\/bahiaeconomica.com.br\/wp\/wp-json\/wp\/v2\/posts"}],"about":[{"href":"https:\/\/bahiaeconomica.com.br\/wp\/wp-json\/wp\/v2\/types\/post"}],"author":[{"embeddable":true,"href":"https:\/\/bahiaeconomica.com.br\/wp\/wp-json\/wp\/v2\/users\/8"}],"replies":[{"embeddable":true,"href":"https:\/\/bahiaeconomica.com.br\/wp\/wp-json\/wp\/v2\/comments?post=743888"}],"version-history":[{"count":1,"href":"https:\/\/bahiaeconomica.com.br\/wp\/wp-json\/wp\/v2\/posts\/743888\/revisions"}],"predecessor-version":[{"id":743890,"href":"https:\/\/bahiaeconomica.com.br\/wp\/wp-json\/wp\/v2\/posts\/743888\/revisions\/743890"}],"wp:featuredmedia":[{"embeddable":true,"href":"https:\/\/bahiaeconomica.com.br\/wp\/wp-json\/wp\/v2\/media\/743889"}],"wp:attachment":[{"href":"https:\/\/bahiaeconomica.com.br\/wp\/wp-json\/wp\/v2\/media?parent=743888"}],"wp:term":[{"taxonomy":"category","embeddable":true,"href":"https:\/\/bahiaeconomica.com.br\/wp\/wp-json\/wp\/v2\/categories?post=743888"},{"taxonomy":"post_tag","embeddable":true,"href":"https:\/\/bahiaeconomica.com.br\/wp\/wp-json\/wp\/v2\/tags?post=743888"}],"curies":[{"name":"wp","href":"https:\/\/api.w.org\/{rel}","templated":true}]}}