{"id":743864,"date":"2023-06-28T19:56:17","date_gmt":"2023-06-28T22:56:17","guid":{"rendered":"https:\/\/bahiaeconomica.com.br\/wp\/?p=743864"},"modified":"2023-06-28T19:56:17","modified_gmt":"2023-06-28T22:56:17","slug":"conder-divulga-aviso-de-licitacao-para-novo-centro-poliesportivo-em-camacari-confira","status":"publish","type":"post","link":"https:\/\/bahiaeconomica.com.br\/wp\/2023\/06\/28\/conder-divulga-aviso-de-licitacao-para-novo-centro-poliesportivo-em-camacari-confira\/","title":{"rendered":"CONDER DIVULGA AVISO DE LICITA\u00c7\u00c3O PARA NOVO CENTRO POLIESPORTIVO EM CAMA\u00c7ARI; CONFIRA"},"content":{"rendered":"<p>Foi divulgado nesta quarta (28), o aviso de licita\u00e7\u00e3o para contrata\u00e7\u00e3o de empresa especializada para execu\u00e7\u00e3o das obras do Centro Poliesportivo de Cama\u00e7ari, na Regi\u00e3o Metropolitana de Salvador. A obra ser\u00e1 realizada no local onde atualmente funciona o Centro Social Urbano (CSU) do munic\u00edpio.<\/p>\n<p>Atrav\u00e9s da Companhia de Desenvolvimento Urbano da Bahia (Conder), o espa\u00e7o passar\u00e1 por uma completa requalifica\u00e7\u00e3o, oferecendo um ambiente moderno e multifuncional para a pr\u00e1tica de esportes.<\/p>\n<p>O novo Centro Poliesportivo ocupar\u00e1 uma \u00e1rea de 7.987,00m\u00b2 e contar\u00e1 com diversas instala\u00e7\u00f5es esportivas, incluindo arenas de lutas, quadra poliesportiva coberta, quadra de areia, campo society, pista de caminhada, vesti\u00e1rios, quiosques, pergolados e guarita.<\/p>\n<p>\u201cO Centro Poliesportivo tem como objetivo garantir uma infraestrutura adequada para o desenvolvimento de atividades esportivas e de lazer para a popula\u00e7\u00e3o de Cama\u00e7ari. Al\u00e9m de promover a pr\u00e1tica esportiva, o projeto visa incentivar a conviv\u00eancia comunit\u00e1ria, o bem-estar f\u00edsico e mental, e contribuir para a melhoria da qualidade de vida dos cama\u00e7arienses. \u00c9 mais um projeto pensado pelo governador Jer\u00f4nimo Rodrigues para melhorar a vida das pessoas,\u201d afirmou Z\u00e9 Trindade, presidente da Conder.<\/p>\n<p>Com o investimento de R$ 4.459.012,80, em recursos pr\u00f3prios do Governo da Bahia, a obra tem um prazo estimado em 12 meses para conclus\u00e3o. A abertura das propostas para a licita\u00e7\u00e3o est\u00e1 marcada para o dia 4 de setembro, e as empresas interessadas podem acessar o edital completo no site oficial da Conder.<\/p>\n<p>&nbsp;<\/p>\n<p>Foto: Divulga\u00e7\u00e3o\/Conder<\/p>\n","protected":false},"excerpt":{"rendered":"<p>Foi divulgado nesta quarta (28), o aviso de licita\u00e7\u00e3o para contrata\u00e7\u00e3o de empresa especializada para execu\u00e7\u00e3o das obras do Centro Poliesportivo de Cama\u00e7ari, na Regi\u00e3o Metropolitana de Salvador. A obra ser\u00e1 realizada no local onde atualmente funciona o Centro Social Urbano (CSU) do munic\u00edpio. Atrav\u00e9s da Companhia de Desenvolvimento Urbano da Bahia (Conder), o espa\u00e7o [&hellip;]<\/p>\n","protected":false},"author":6,"featured_media":743865,"comment_status":"closed","ping_status":"closed","sticky":false,"template":"","format":"standard","meta":[],"categories":[3,5],"tags":[85,375,15494,2819,88,73],"acf":[],"yoast_head":"<!-- This site is optimized with the Yoast SEO plugin v20.8 - https:\/\/yoast.com\/wordpress\/plugins\/seo\/ -->\n<title>CONDER DIVULGA AVISO DE LICITA\u00c7\u00c3O PARA NOVO CENTRO POLIESPORTIVO EM CAMA\u00c7ARI; CONFIRA - Bahia Economica<\/title>\n<meta name=\"description\" content=\"A obra ser\u00e1 realizada no local onde funciona o Centro Social Urbano (CSU) do munic\u00edpio. o espa\u00e7o passar\u00e1 por uma completa requalifica\u00e7\u00e3o\" \/>\n<meta name=\"robots\" content=\"index, follow, max-snippet:-1, max-image-preview:large, max-video-preview:-1\" \/>\n<link rel=\"canonical\" href=\"https:\/\/bahiaeconomica.com.br\/wp\/2023\/06\/28\/conder-divulga-aviso-de-licitacao-para-novo-centro-poliesportivo-em-camacari-confira\/\" \/>\n<meta property=\"og:locale\" content=\"pt_BR\" \/>\n<meta property=\"og:type\" content=\"article\" \/>\n<meta property=\"og:title\" content=\"CONDER DIVULGA AVISO DE LICITA\u00c7\u00c3O PARA NOVO CENTRO POLIESPORTIVO EM CAMA\u00c7ARI; CONFIRA - Bahia Economica\" \/>\n<meta property=\"og:description\" content=\"A obra ser\u00e1 realizada no local onde funciona o Centro Social Urbano (CSU) do munic\u00edpio. o espa\u00e7o passar\u00e1 por uma completa requalifica\u00e7\u00e3o\" \/>\n<meta property=\"og:url\" content=\"https:\/\/bahiaeconomica.com.br\/wp\/2023\/06\/28\/conder-divulga-aviso-de-licitacao-para-novo-centro-poliesportivo-em-camacari-confira\/\" \/>\n<meta property=\"og:site_name\" content=\"Bahia Economica\" \/>\n<meta property=\"article:publisher\" content=\"https:\/\/www.facebook.com\/bahiaeconomica\" \/>\n<meta property=\"article:published_time\" content=\"2023-06-28T22:56:17+00:00\" \/>\n<meta property=\"og:image\" content=\"https:\/\/bahiaeconomica.com.br\/wp\/wp-content\/uploads\/2023\/06\/Conder-publica-licitacao-para-construcao-do-Centro0123383900202306281819-ScaleDownProportional.jpg\" \/>\n\t<meta property=\"og:image:width\" content=\"850\" \/>\n\t<meta property=\"og:image:height\" content=\"566\" \/>\n\t<meta property=\"og:image:type\" content=\"image\/jpeg\" \/>\n<meta name=\"author\" content=\"DS\" \/>\n<meta name=\"twitter:card\" content=\"summary_large_image\" \/>\n<meta name=\"twitter:label1\" content=\"Escrito por\" \/>\n\t<meta name=\"twitter:data1\" content=\"DS\" \/>\n\t<meta name=\"twitter:label2\" content=\"Est. tempo de leitura\" \/>\n\t<meta name=\"twitter:data2\" content=\"2 minutos\" \/>\n<script type=\"application\/ld+json\" class=\"yoast-schema-graph\">{\"@context\":\"https:\/\/schema.org\",\"@graph\":[{\"@type\":\"Article\",\"@id\":\"https:\/\/bahiaeconomica.com.br\/wp\/2023\/06\/28\/conder-divulga-aviso-de-licitacao-para-novo-centro-poliesportivo-em-camacari-confira\/#article\",\"isPartOf\":{\"@id\":\"https:\/\/bahiaeconomica.com.br\/wp\/2023\/06\/28\/conder-divulga-aviso-de-licitacao-para-novo-centro-poliesportivo-em-camacari-confira\/\"},\"author\":{\"name\":\"DS\",\"@id\":\"https:\/\/bahiaeconomica.com.br\/wp\/#\/schema\/person\/756f314c5bfa87c7b43a2850854305a1\"},\"headline\":\"CONDER DIVULGA AVISO DE LICITA\u00c7\u00c3O PARA NOVO CENTRO POLIESPORTIVO EM CAMA\u00c7ARI; CONFIRA\",\"datePublished\":\"2023-06-28T22:56:17+00:00\",\"dateModified\":\"2023-06-28T22:56:17+00:00\",\"mainEntityOfPage\":{\"@id\":\"https:\/\/bahiaeconomica.com.br\/wp\/2023\/06\/28\/conder-divulga-aviso-de-licitacao-para-novo-centro-poliesportivo-em-camacari-confira\/\"},\"wordCount\":271,\"publisher\":{\"@id\":\"https:\/\/bahiaeconomica.com.br\/wp\/#organization\"},\"keywords\":[\"Bahia\",\"Cama\u00e7ari\",\"CENTRO POLIESPORTIVO\",\"conder\",\"governo da Bahia\",\"Salvador\"],\"articleSection\":[\"ECONOMIA \/ POL\u00cdTICA\",\"MUNIC\u00cdPIOS\"],\"inLanguage\":\"pt-BR\"},{\"@type\":\"WebPage\",\"@id\":\"https:\/\/bahiaeconomica.com.br\/wp\/2023\/06\/28\/conder-divulga-aviso-de-licitacao-para-novo-centro-poliesportivo-em-camacari-confira\/\",\"url\":\"https:\/\/bahiaeconomica.com.br\/wp\/2023\/06\/28\/conder-divulga-aviso-de-licitacao-para-novo-centro-poliesportivo-em-camacari-confira\/\",\"name\":\"CONDER DIVULGA AVISO DE LICITA\u00c7\u00c3O PARA NOVO CENTRO POLIESPORTIVO EM CAMA\u00c7ARI; CONFIRA - Bahia Economica\",\"isPartOf\":{\"@id\":\"https:\/\/bahiaeconomica.com.br\/wp\/#website\"},\"datePublished\":\"2023-06-28T22:56:17+00:00\",\"dateModified\":\"2023-06-28T22:56:17+00:00\",\"description\":\"A obra ser\u00e1 realizada no local onde funciona o Centro Social Urbano (CSU) do munic\u00edpio. o espa\u00e7o passar\u00e1 por uma completa requalifica\u00e7\u00e3o\",\"breadcrumb\":{\"@id\":\"https:\/\/bahiaeconomica.com.br\/wp\/2023\/06\/28\/conder-divulga-aviso-de-licitacao-para-novo-centro-poliesportivo-em-camacari-confira\/#breadcrumb\"},\"inLanguage\":\"pt-BR\",\"potentialAction\":[{\"@type\":\"ReadAction\",\"target\":[\"https:\/\/bahiaeconomica.com.br\/wp\/2023\/06\/28\/conder-divulga-aviso-de-licitacao-para-novo-centro-poliesportivo-em-camacari-confira\/\"]}]},{\"@type\":\"BreadcrumbList\",\"@id\":\"https:\/\/bahiaeconomica.com.br\/wp\/2023\/06\/28\/conder-divulga-aviso-de-licitacao-para-novo-centro-poliesportivo-em-camacari-confira\/#breadcrumb\",\"itemListElement\":[{\"@type\":\"ListItem\",\"position\":1,\"name\":\"In\u00edcio\",\"item\":\"https:\/\/bahiaeconomica.com.br\/wp\/\"},{\"@type\":\"ListItem\",\"position\":2,\"name\":\"CONDER DIVULGA AVISO DE LICITA\u00c7\u00c3O PARA NOVO CENTRO POLIESPORTIVO EM CAMA\u00c7ARI; CONFIRA\"}]},{\"@type\":\"WebSite\",\"@id\":\"https:\/\/bahiaeconomica.com.br\/wp\/#website\",\"url\":\"https:\/\/bahiaeconomica.com.br\/wp\/\",\"name\":\"Bahia Economica\",\"description\":\"O maior portal de Economia da Bahia\",\"publisher\":{\"@id\":\"https:\/\/bahiaeconomica.com.br\/wp\/#organization\"},\"potentialAction\":[{\"@type\":\"SearchAction\",\"target\":{\"@type\":\"EntryPoint\",\"urlTemplate\":\"https:\/\/bahiaeconomica.com.br\/wp\/?s={search_term_string}\"},\"query-input\":\"required name=search_term_string\"}],\"inLanguage\":\"pt-BR\"},{\"@type\":\"Organization\",\"@id\":\"https:\/\/bahiaeconomica.com.br\/wp\/#organization\",\"name\":\"Bahia Econ\u00f4mica\",\"url\":\"https:\/\/bahiaeconomica.com.br\/wp\/\",\"logo\":{\"@type\":\"ImageObject\",\"inLanguage\":\"pt-BR\",\"@id\":\"https:\/\/bahiaeconomica.com.br\/wp\/#\/schema\/logo\/image\/\",\"url\":\"https:\/\/bahiaeconomica.com.br\/wp\/wp-content\/uploads\/2020\/12\/cropped-BE.png\",\"contentUrl\":\"https:\/\/bahiaeconomica.com.br\/wp\/wp-content\/uploads\/2020\/12\/cropped-BE.png\",\"width\":512,\"height\":512,\"caption\":\"Bahia Econ\u00f4mica\"},\"image\":{\"@id\":\"https:\/\/bahiaeconomica.com.br\/wp\/#\/schema\/logo\/image\/\"},\"sameAs\":[\"https:\/\/www.facebook.com\/bahiaeconomica\"]},{\"@type\":\"Person\",\"@id\":\"https:\/\/bahiaeconomica.com.br\/wp\/#\/schema\/person\/756f314c5bfa87c7b43a2850854305a1\",\"name\":\"DS\",\"sameAs\":[\"https:\/\/bahiaeconomica.com.br\/wp\/beta\/\"],\"url\":\"https:\/\/bahiaeconomica.com.br\/wp\/author\/ds\/\"}]}<\/script>\n<!-- \/ Yoast SEO plugin. -->","yoast_head_json":{"title":"CONDER DIVULGA AVISO DE LICITA\u00c7\u00c3O PARA NOVO CENTRO POLIESPORTIVO EM CAMA\u00c7ARI; CONFIRA - Bahia Economica","description":"A obra ser\u00e1 realizada no local onde funciona o Centro Social Urbano (CSU) do munic\u00edpio. o espa\u00e7o passar\u00e1 por uma completa requalifica\u00e7\u00e3o","robots":{"index":"index","follow":"follow","max-snippet":"max-snippet:-1","max-image-preview":"max-image-preview:large","max-video-preview":"max-video-preview:-1"},"canonical":"https:\/\/bahiaeconomica.com.br\/wp\/2023\/06\/28\/conder-divulga-aviso-de-licitacao-para-novo-centro-poliesportivo-em-camacari-confira\/","og_locale":"pt_BR","og_type":"article","og_title":"CONDER DIVULGA AVISO DE LICITA\u00c7\u00c3O PARA NOVO CENTRO POLIESPORTIVO EM CAMA\u00c7ARI; CONFIRA - Bahia Economica","og_description":"A obra ser\u00e1 realizada no local onde funciona o Centro Social Urbano (CSU) do munic\u00edpio. o espa\u00e7o passar\u00e1 por uma completa requalifica\u00e7\u00e3o","og_url":"https:\/\/bahiaeconomica.com.br\/wp\/2023\/06\/28\/conder-divulga-aviso-de-licitacao-para-novo-centro-poliesportivo-em-camacari-confira\/","og_site_name":"Bahia Economica","article_publisher":"https:\/\/www.facebook.com\/bahiaeconomica","article_published_time":"2023-06-28T22:56:17+00:00","og_image":[{"width":850,"height":566,"url":"https:\/\/bahiaeconomica.com.br\/wp\/wp-content\/uploads\/2023\/06\/Conder-publica-licitacao-para-construcao-do-Centro0123383900202306281819-ScaleDownProportional.jpg","type":"image\/jpeg"}],"author":"DS","twitter_card":"summary_large_image","twitter_misc":{"Escrito por":"DS","Est. tempo de leitura":"2 minutos"},"schema":{"@context":"https:\/\/schema.org","@graph":[{"@type":"Article","@id":"https:\/\/bahiaeconomica.com.br\/wp\/2023\/06\/28\/conder-divulga-aviso-de-licitacao-para-novo-centro-poliesportivo-em-camacari-confira\/#article","isPartOf":{"@id":"https:\/\/bahiaeconomica.com.br\/wp\/2023\/06\/28\/conder-divulga-aviso-de-licitacao-para-novo-centro-poliesportivo-em-camacari-confira\/"},"author":{"name":"DS","@id":"https:\/\/bahiaeconomica.com.br\/wp\/#\/schema\/person\/756f314c5bfa87c7b43a2850854305a1"},"headline":"CONDER DIVULGA AVISO DE LICITA\u00c7\u00c3O PARA NOVO CENTRO POLIESPORTIVO EM CAMA\u00c7ARI; CONFIRA","datePublished":"2023-06-28T22:56:17+00:00","dateModified":"2023-06-28T22:56:17+00:00","mainEntityOfPage":{"@id":"https:\/\/bahiaeconomica.com.br\/wp\/2023\/06\/28\/conder-divulga-aviso-de-licitacao-para-novo-centro-poliesportivo-em-camacari-confira\/"},"wordCount":271,"publisher":{"@id":"https:\/\/bahiaeconomica.com.br\/wp\/#organization"},"keywords":["Bahia","Cama\u00e7ari","CENTRO POLIESPORTIVO","conder","governo da Bahia","Salvador"],"articleSection":["ECONOMIA \/ POL\u00cdTICA","MUNIC\u00cdPIOS"],"inLanguage":"pt-BR"},{"@type":"WebPage","@id":"https:\/\/bahiaeconomica.com.br\/wp\/2023\/06\/28\/conder-divulga-aviso-de-licitacao-para-novo-centro-poliesportivo-em-camacari-confira\/","url":"https:\/\/bahiaeconomica.com.br\/wp\/2023\/06\/28\/conder-divulga-aviso-de-licitacao-para-novo-centro-poliesportivo-em-camacari-confira\/","name":"CONDER DIVULGA AVISO DE LICITA\u00c7\u00c3O PARA NOVO CENTRO POLIESPORTIVO EM CAMA\u00c7ARI; CONFIRA - Bahia Economica","isPartOf":{"@id":"https:\/\/bahiaeconomica.com.br\/wp\/#website"},"datePublished":"2023-06-28T22:56:17+00:00","dateModified":"2023-06-28T22:56:17+00:00","description":"A obra ser\u00e1 realizada no local onde funciona o Centro Social Urbano (CSU) do munic\u00edpio. o espa\u00e7o passar\u00e1 por uma completa requalifica\u00e7\u00e3o","breadcrumb":{"@id":"https:\/\/bahiaeconomica.com.br\/wp\/2023\/06\/28\/conder-divulga-aviso-de-licitacao-para-novo-centro-poliesportivo-em-camacari-confira\/#breadcrumb"},"inLanguage":"pt-BR","potentialAction":[{"@type":"ReadAction","target":["https:\/\/bahiaeconomica.com.br\/wp\/2023\/06\/28\/conder-divulga-aviso-de-licitacao-para-novo-centro-poliesportivo-em-camacari-confira\/"]}]},{"@type":"BreadcrumbList","@id":"https:\/\/bahiaeconomica.com.br\/wp\/2023\/06\/28\/conder-divulga-aviso-de-licitacao-para-novo-centro-poliesportivo-em-camacari-confira\/#breadcrumb","itemListElement":[{"@type":"ListItem","position":1,"name":"In\u00edcio","item":"https:\/\/bahiaeconomica.com.br\/wp\/"},{"@type":"ListItem","position":2,"name":"CONDER DIVULGA AVISO DE LICITA\u00c7\u00c3O PARA NOVO CENTRO POLIESPORTIVO EM CAMA\u00c7ARI; CONFIRA"}]},{"@type":"WebSite","@id":"https:\/\/bahiaeconomica.com.br\/wp\/#website","url":"https:\/\/bahiaeconomica.com.br\/wp\/","name":"Bahia Economica","description":"O maior portal de Economia da Bahia","publisher":{"@id":"https:\/\/bahiaeconomica.com.br\/wp\/#organization"},"potentialAction":[{"@type":"SearchAction","target":{"@type":"EntryPoint","urlTemplate":"https:\/\/bahiaeconomica.com.br\/wp\/?s={search_term_string}"},"query-input":"required name=search_term_string"}],"inLanguage":"pt-BR"},{"@type":"Organization","@id":"https:\/\/bahiaeconomica.com.br\/wp\/#organization","name":"Bahia Econ\u00f4mica","url":"https:\/\/bahiaeconomica.com.br\/wp\/","logo":{"@type":"ImageObject","inLanguage":"pt-BR","@id":"https:\/\/bahiaeconomica.com.br\/wp\/#\/schema\/logo\/image\/","url":"https:\/\/bahiaeconomica.com.br\/wp\/wp-content\/uploads\/2020\/12\/cropped-BE.png","contentUrl":"https:\/\/bahiaeconomica.com.br\/wp\/wp-content\/uploads\/2020\/12\/cropped-BE.png","width":512,"height":512,"caption":"Bahia Econ\u00f4mica"},"image":{"@id":"https:\/\/bahiaeconomica.com.br\/wp\/#\/schema\/logo\/image\/"},"sameAs":["https:\/\/www.facebook.com\/bahiaeconomica"]},{"@type":"Person","@id":"https:\/\/bahiaeconomica.com.br\/wp\/#\/schema\/person\/756f314c5bfa87c7b43a2850854305a1","name":"DS","sameAs":["https:\/\/bahiaeconomica.com.br\/wp\/beta\/"],"url":"https:\/\/bahiaeconomica.com.br\/wp\/author\/ds\/"}]}},"views":52,"_links":{"self":[{"href":"https:\/\/bahiaeconomica.com.br\/wp\/wp-json\/wp\/v2\/posts\/743864"}],"collection":[{"href":"https:\/\/bahiaeconomica.com.br\/wp\/wp-json\/wp\/v2\/posts"}],"about":[{"href":"https:\/\/bahiaeconomica.com.br\/wp\/wp-json\/wp\/v2\/types\/post"}],"author":[{"embeddable":true,"href":"https:\/\/bahiaeconomica.com.br\/wp\/wp-json\/wp\/v2\/users\/6"}],"replies":[{"embeddable":true,"href":"https:\/\/bahiaeconomica.com.br\/wp\/wp-json\/wp\/v2\/comments?post=743864"}],"version-history":[{"count":1,"href":"https:\/\/bahiaeconomica.com.br\/wp\/wp-json\/wp\/v2\/posts\/743864\/revisions"}],"predecessor-version":[{"id":743866,"href":"https:\/\/bahiaeconomica.com.br\/wp\/wp-json\/wp\/v2\/posts\/743864\/revisions\/743866"}],"wp:featuredmedia":[{"embeddable":true,"href":"https:\/\/bahiaeconomica.com.br\/wp\/wp-json\/wp\/v2\/media\/743865"}],"wp:attachment":[{"href":"https:\/\/bahiaeconomica.com.br\/wp\/wp-json\/wp\/v2\/media?parent=743864"}],"wp:term":[{"taxonomy":"category","embeddable":true,"href":"https:\/\/bahiaeconomica.com.br\/wp\/wp-json\/wp\/v2\/categories?post=743864"},{"taxonomy":"post_tag","embeddable":true,"href":"https:\/\/bahiaeconomica.com.br\/wp\/wp-json\/wp\/v2\/tags?post=743864"}],"curies":[{"name":"wp","href":"https:\/\/api.w.org\/{rel}","templated":true}]}}