{"id":743540,"date":"2023-06-27T15:23:32","date_gmt":"2023-06-27T18:23:32","guid":{"rendered":"https:\/\/bahiaeconomica.com.br\/wp\/?p=743540"},"modified":"2023-06-27T15:23:32","modified_gmt":"2023-06-27T18:23:32","slug":"cristiano-ronaldo-pinta-as-unhas-do-pe-de-preto-descubra-motivo","status":"publish","type":"post","link":"https:\/\/bahiaeconomica.com.br\/wp\/2023\/06\/27\/cristiano-ronaldo-pinta-as-unhas-do-pe-de-preto-descubra-motivo\/","title":{"rendered":"CRISTIANO RONALDO PINTA AS UNHAS DO P\u00c9 DE PRETO, DESCUBRA MOTIVO"},"content":{"rendered":"<p>Nesta segunda 26, o jogador de futebol Cristiano Ronaldo surpreendeu os seus seguidores ao aparecer com unhas do p\u00e9 pintadas de preto<br \/>\n<!--more--><\/p>\n<p>Cristiano Ronaldo tem o poder da influ\u00eancia em suas m\u00e3os, o atleta \u00e9 um dos mais famosos do mundo e\u00a0 \u00e9 atualmente o homem mais seguido do instagram.<\/p>\n<p>O jogador chocou seus seguidores ao aparecer com suas unhas do p\u00e9 pintadas de preto em um passeio de barco com sua fam\u00edlia e amigos, e o motivo surpreendeu por n\u00e3o ser ligado a est\u00e9tica.<\/p>\n<p>A finalidade das unhas pintadas do jogador \u00e9 para evitar fungos e bact\u00e9rias, j\u00e1 que a sua rotina exige o uso de chuteiras, que tendem a acumular suor e serem escuras por dentro.<\/p>\n<p>Foto\/Reprodu\u00e7\u00e3o: Instagram<\/p>\n","protected":false},"excerpt":{"rendered":"<p>Nesta segunda 26, o jogador de futebol Cristiano Ronaldo surpreendeu os seus seguidores ao aparecer com unhas do p\u00e9 pintadas de preto<\/p>\n","protected":false},"author":12,"featured_media":743545,"comment_status":"closed","ping_status":"closed","sticky":false,"template":"","format":"standard","meta":[],"categories":[4],"tags":[15378,15376,15377],"acf":[],"yoast_head":"<!-- This site is optimized with the Yoast SEO plugin v20.8 - https:\/\/yoast.com\/wordpress\/plugins\/seo\/ -->\n<title>CRISTIANO RONALDO PINTA AS UNHAS DO P\u00c9 DE PRETO, DESCUBRA MOTIVO - Bahia Economica<\/title>\n<meta name=\"description\" content=\"Nesta segunda 26, o jogador de futebol Cristiano Ronaldo surpreendeu os seus seguidores ao aparecer com unhas do p\u00e9 pintadas de preto\" \/>\n<meta name=\"robots\" content=\"index, follow, max-snippet:-1, max-image-preview:large, max-video-preview:-1\" \/>\n<link rel=\"canonical\" href=\"https:\/\/bahiaeconomica.com.br\/wp\/2023\/06\/27\/cristiano-ronaldo-pinta-as-unhas-do-pe-de-preto-descubra-motivo\/\" \/>\n<meta property=\"og:locale\" content=\"pt_BR\" \/>\n<meta property=\"og:type\" content=\"article\" \/>\n<meta property=\"og:title\" content=\"CRISTIANO RONALDO PINTA AS UNHAS DO P\u00c9 DE PRETO, DESCUBRA MOTIVO - Bahia Economica\" \/>\n<meta property=\"og:description\" content=\"Nesta segunda 26, o jogador de futebol Cristiano Ronaldo surpreendeu os seus seguidores ao aparecer com unhas do p\u00e9 pintadas de preto\" \/>\n<meta property=\"og:url\" content=\"https:\/\/bahiaeconomica.com.br\/wp\/2023\/06\/27\/cristiano-ronaldo-pinta-as-unhas-do-pe-de-preto-descubra-motivo\/\" \/>\n<meta property=\"og:site_name\" content=\"Bahia Economica\" \/>\n<meta property=\"article:publisher\" content=\"https:\/\/www.facebook.com\/bahiaeconomica\" \/>\n<meta property=\"article:published_time\" content=\"2023-06-27T18:23:32+00:00\" \/>\n<meta property=\"og:image\" content=\"https:\/\/bahiaeconomica.com.br\/wp\/wp-content\/uploads\/2023\/06\/cristiano-ronaldo-de-ferias-na-sardenha-italia-1687809759469_v2_450x450.jpg\" \/>\n\t<meta property=\"og:image:width\" content=\"450\" \/>\n\t<meta property=\"og:image:height\" content=\"450\" \/>\n\t<meta property=\"og:image:type\" content=\"image\/jpeg\" \/>\n<meta name=\"author\" content=\"BA\" \/>\n<meta name=\"twitter:card\" content=\"summary_large_image\" \/>\n<meta name=\"twitter:label1\" content=\"Escrito por\" \/>\n\t<meta name=\"twitter:data1\" content=\"BA\" \/>\n\t<meta name=\"twitter:label2\" content=\"Est. tempo de leitura\" \/>\n\t<meta name=\"twitter:data2\" content=\"1 minuto\" \/>\n<script type=\"application\/ld+json\" class=\"yoast-schema-graph\">{\"@context\":\"https:\/\/schema.org\",\"@graph\":[{\"@type\":\"Article\",\"@id\":\"https:\/\/bahiaeconomica.com.br\/wp\/2023\/06\/27\/cristiano-ronaldo-pinta-as-unhas-do-pe-de-preto-descubra-motivo\/#article\",\"isPartOf\":{\"@id\":\"https:\/\/bahiaeconomica.com.br\/wp\/2023\/06\/27\/cristiano-ronaldo-pinta-as-unhas-do-pe-de-preto-descubra-motivo\/\"},\"author\":{\"name\":\"BA\",\"@id\":\"https:\/\/bahiaeconomica.com.br\/wp\/#\/schema\/person\/5a4570b96ef393d09329ca6448199c3e\"},\"headline\":\"CRISTIANO RONALDO PINTA AS UNHAS DO P\u00c9 DE PRETO, DESCUBRA MOTIVO\",\"datePublished\":\"2023-06-27T18:23:32+00:00\",\"dateModified\":\"2023-06-27T18:23:32+00:00\",\"mainEntityOfPage\":{\"@id\":\"https:\/\/bahiaeconomica.com.br\/wp\/2023\/06\/27\/cristiano-ronaldo-pinta-as-unhas-do-pe-de-preto-descubra-motivo\/\"},\"wordCount\":135,\"publisher\":{\"@id\":\"https:\/\/bahiaeconomica.com.br\/wp\/#organization\"},\"keywords\":[\"cristiano ronaldo pinta unhas\",\"cristiano ronaldo unhas\",\"cristiano ronaldo unhas pretas\"],\"articleSection\":[\"ENTRETENIMENTO\"],\"inLanguage\":\"pt-BR\"},{\"@type\":\"WebPage\",\"@id\":\"https:\/\/bahiaeconomica.com.br\/wp\/2023\/06\/27\/cristiano-ronaldo-pinta-as-unhas-do-pe-de-preto-descubra-motivo\/\",\"url\":\"https:\/\/bahiaeconomica.com.br\/wp\/2023\/06\/27\/cristiano-ronaldo-pinta-as-unhas-do-pe-de-preto-descubra-motivo\/\",\"name\":\"CRISTIANO RONALDO PINTA AS UNHAS DO P\u00c9 DE PRETO, DESCUBRA MOTIVO - Bahia Economica\",\"isPartOf\":{\"@id\":\"https:\/\/bahiaeconomica.com.br\/wp\/#website\"},\"datePublished\":\"2023-06-27T18:23:32+00:00\",\"dateModified\":\"2023-06-27T18:23:32+00:00\",\"description\":\"Nesta segunda 26, o jogador de futebol Cristiano Ronaldo surpreendeu os seus seguidores ao aparecer com unhas do p\u00e9 pintadas de preto\",\"breadcrumb\":{\"@id\":\"https:\/\/bahiaeconomica.com.br\/wp\/2023\/06\/27\/cristiano-ronaldo-pinta-as-unhas-do-pe-de-preto-descubra-motivo\/#breadcrumb\"},\"inLanguage\":\"pt-BR\",\"potentialAction\":[{\"@type\":\"ReadAction\",\"target\":[\"https:\/\/bahiaeconomica.com.br\/wp\/2023\/06\/27\/cristiano-ronaldo-pinta-as-unhas-do-pe-de-preto-descubra-motivo\/\"]}]},{\"@type\":\"BreadcrumbList\",\"@id\":\"https:\/\/bahiaeconomica.com.br\/wp\/2023\/06\/27\/cristiano-ronaldo-pinta-as-unhas-do-pe-de-preto-descubra-motivo\/#breadcrumb\",\"itemListElement\":[{\"@type\":\"ListItem\",\"position\":1,\"name\":\"In\u00edcio\",\"item\":\"https:\/\/bahiaeconomica.com.br\/wp\/\"},{\"@type\":\"ListItem\",\"position\":2,\"name\":\"CRISTIANO RONALDO PINTA AS UNHAS DO P\u00c9 DE PRETO, DESCUBRA MOTIVO\"}]},{\"@type\":\"WebSite\",\"@id\":\"https:\/\/bahiaeconomica.com.br\/wp\/#website\",\"url\":\"https:\/\/bahiaeconomica.com.br\/wp\/\",\"name\":\"Bahia Economica\",\"description\":\"O maior portal de Economia da Bahia\",\"publisher\":{\"@id\":\"https:\/\/bahiaeconomica.com.br\/wp\/#organization\"},\"potentialAction\":[{\"@type\":\"SearchAction\",\"target\":{\"@type\":\"EntryPoint\",\"urlTemplate\":\"https:\/\/bahiaeconomica.com.br\/wp\/?s={search_term_string}\"},\"query-input\":\"required name=search_term_string\"}],\"inLanguage\":\"pt-BR\"},{\"@type\":\"Organization\",\"@id\":\"https:\/\/bahiaeconomica.com.br\/wp\/#organization\",\"name\":\"Bahia Econ\u00f4mica\",\"url\":\"https:\/\/bahiaeconomica.com.br\/wp\/\",\"logo\":{\"@type\":\"ImageObject\",\"inLanguage\":\"pt-BR\",\"@id\":\"https:\/\/bahiaeconomica.com.br\/wp\/#\/schema\/logo\/image\/\",\"url\":\"https:\/\/bahiaeconomica.com.br\/wp\/wp-content\/uploads\/2020\/12\/cropped-BE.png\",\"contentUrl\":\"https:\/\/bahiaeconomica.com.br\/wp\/wp-content\/uploads\/2020\/12\/cropped-BE.png\",\"width\":512,\"height\":512,\"caption\":\"Bahia Econ\u00f4mica\"},\"image\":{\"@id\":\"https:\/\/bahiaeconomica.com.br\/wp\/#\/schema\/logo\/image\/\"},\"sameAs\":[\"https:\/\/www.facebook.com\/bahiaeconomica\"]},{\"@type\":\"Person\",\"@id\":\"https:\/\/bahiaeconomica.com.br\/wp\/#\/schema\/person\/5a4570b96ef393d09329ca6448199c3e\",\"name\":\"BA\",\"sameAs\":[\"https:\/\/bahiaeconomica.com.br\/wp\/beta\/\"],\"url\":\"https:\/\/bahiaeconomica.com.br\/wp\/author\/bruno-alves\/\"}]}<\/script>\n<!-- \/ Yoast SEO plugin. -->","yoast_head_json":{"title":"CRISTIANO RONALDO PINTA AS UNHAS DO P\u00c9 DE PRETO, DESCUBRA MOTIVO - Bahia Economica","description":"Nesta segunda 26, o jogador de futebol Cristiano Ronaldo surpreendeu os seus seguidores ao aparecer com unhas do p\u00e9 pintadas de preto","robots":{"index":"index","follow":"follow","max-snippet":"max-snippet:-1","max-image-preview":"max-image-preview:large","max-video-preview":"max-video-preview:-1"},"canonical":"https:\/\/bahiaeconomica.com.br\/wp\/2023\/06\/27\/cristiano-ronaldo-pinta-as-unhas-do-pe-de-preto-descubra-motivo\/","og_locale":"pt_BR","og_type":"article","og_title":"CRISTIANO RONALDO PINTA AS UNHAS DO P\u00c9 DE PRETO, DESCUBRA MOTIVO - Bahia Economica","og_description":"Nesta segunda 26, o jogador de futebol Cristiano Ronaldo surpreendeu os seus seguidores ao aparecer com unhas do p\u00e9 pintadas de preto","og_url":"https:\/\/bahiaeconomica.com.br\/wp\/2023\/06\/27\/cristiano-ronaldo-pinta-as-unhas-do-pe-de-preto-descubra-motivo\/","og_site_name":"Bahia Economica","article_publisher":"https:\/\/www.facebook.com\/bahiaeconomica","article_published_time":"2023-06-27T18:23:32+00:00","og_image":[{"width":450,"height":450,"url":"https:\/\/bahiaeconomica.com.br\/wp\/wp-content\/uploads\/2023\/06\/cristiano-ronaldo-de-ferias-na-sardenha-italia-1687809759469_v2_450x450.jpg","type":"image\/jpeg"}],"author":"BA","twitter_card":"summary_large_image","twitter_misc":{"Escrito por":"BA","Est. tempo de leitura":"1 minuto"},"schema":{"@context":"https:\/\/schema.org","@graph":[{"@type":"Article","@id":"https:\/\/bahiaeconomica.com.br\/wp\/2023\/06\/27\/cristiano-ronaldo-pinta-as-unhas-do-pe-de-preto-descubra-motivo\/#article","isPartOf":{"@id":"https:\/\/bahiaeconomica.com.br\/wp\/2023\/06\/27\/cristiano-ronaldo-pinta-as-unhas-do-pe-de-preto-descubra-motivo\/"},"author":{"name":"BA","@id":"https:\/\/bahiaeconomica.com.br\/wp\/#\/schema\/person\/5a4570b96ef393d09329ca6448199c3e"},"headline":"CRISTIANO RONALDO PINTA AS UNHAS DO P\u00c9 DE PRETO, DESCUBRA MOTIVO","datePublished":"2023-06-27T18:23:32+00:00","dateModified":"2023-06-27T18:23:32+00:00","mainEntityOfPage":{"@id":"https:\/\/bahiaeconomica.com.br\/wp\/2023\/06\/27\/cristiano-ronaldo-pinta-as-unhas-do-pe-de-preto-descubra-motivo\/"},"wordCount":135,"publisher":{"@id":"https:\/\/bahiaeconomica.com.br\/wp\/#organization"},"keywords":["cristiano ronaldo pinta unhas","cristiano ronaldo unhas","cristiano ronaldo unhas pretas"],"articleSection":["ENTRETENIMENTO"],"inLanguage":"pt-BR"},{"@type":"WebPage","@id":"https:\/\/bahiaeconomica.com.br\/wp\/2023\/06\/27\/cristiano-ronaldo-pinta-as-unhas-do-pe-de-preto-descubra-motivo\/","url":"https:\/\/bahiaeconomica.com.br\/wp\/2023\/06\/27\/cristiano-ronaldo-pinta-as-unhas-do-pe-de-preto-descubra-motivo\/","name":"CRISTIANO RONALDO PINTA AS UNHAS DO P\u00c9 DE PRETO, DESCUBRA MOTIVO - Bahia Economica","isPartOf":{"@id":"https:\/\/bahiaeconomica.com.br\/wp\/#website"},"datePublished":"2023-06-27T18:23:32+00:00","dateModified":"2023-06-27T18:23:32+00:00","description":"Nesta segunda 26, o jogador de futebol Cristiano Ronaldo surpreendeu os seus seguidores ao aparecer com unhas do p\u00e9 pintadas de preto","breadcrumb":{"@id":"https:\/\/bahiaeconomica.com.br\/wp\/2023\/06\/27\/cristiano-ronaldo-pinta-as-unhas-do-pe-de-preto-descubra-motivo\/#breadcrumb"},"inLanguage":"pt-BR","potentialAction":[{"@type":"ReadAction","target":["https:\/\/bahiaeconomica.com.br\/wp\/2023\/06\/27\/cristiano-ronaldo-pinta-as-unhas-do-pe-de-preto-descubra-motivo\/"]}]},{"@type":"BreadcrumbList","@id":"https:\/\/bahiaeconomica.com.br\/wp\/2023\/06\/27\/cristiano-ronaldo-pinta-as-unhas-do-pe-de-preto-descubra-motivo\/#breadcrumb","itemListElement":[{"@type":"ListItem","position":1,"name":"In\u00edcio","item":"https:\/\/bahiaeconomica.com.br\/wp\/"},{"@type":"ListItem","position":2,"name":"CRISTIANO RONALDO PINTA AS UNHAS DO P\u00c9 DE PRETO, DESCUBRA MOTIVO"}]},{"@type":"WebSite","@id":"https:\/\/bahiaeconomica.com.br\/wp\/#website","url":"https:\/\/bahiaeconomica.com.br\/wp\/","name":"Bahia Economica","description":"O maior portal de Economia da Bahia","publisher":{"@id":"https:\/\/bahiaeconomica.com.br\/wp\/#organization"},"potentialAction":[{"@type":"SearchAction","target":{"@type":"EntryPoint","urlTemplate":"https:\/\/bahiaeconomica.com.br\/wp\/?s={search_term_string}"},"query-input":"required name=search_term_string"}],"inLanguage":"pt-BR"},{"@type":"Organization","@id":"https:\/\/bahiaeconomica.com.br\/wp\/#organization","name":"Bahia Econ\u00f4mica","url":"https:\/\/bahiaeconomica.com.br\/wp\/","logo":{"@type":"ImageObject","inLanguage":"pt-BR","@id":"https:\/\/bahiaeconomica.com.br\/wp\/#\/schema\/logo\/image\/","url":"https:\/\/bahiaeconomica.com.br\/wp\/wp-content\/uploads\/2020\/12\/cropped-BE.png","contentUrl":"https:\/\/bahiaeconomica.com.br\/wp\/wp-content\/uploads\/2020\/12\/cropped-BE.png","width":512,"height":512,"caption":"Bahia Econ\u00f4mica"},"image":{"@id":"https:\/\/bahiaeconomica.com.br\/wp\/#\/schema\/logo\/image\/"},"sameAs":["https:\/\/www.facebook.com\/bahiaeconomica"]},{"@type":"Person","@id":"https:\/\/bahiaeconomica.com.br\/wp\/#\/schema\/person\/5a4570b96ef393d09329ca6448199c3e","name":"BA","sameAs":["https:\/\/bahiaeconomica.com.br\/wp\/beta\/"],"url":"https:\/\/bahiaeconomica.com.br\/wp\/author\/bruno-alves\/"}]}},"views":44,"_links":{"self":[{"href":"https:\/\/bahiaeconomica.com.br\/wp\/wp-json\/wp\/v2\/posts\/743540"}],"collection":[{"href":"https:\/\/bahiaeconomica.com.br\/wp\/wp-json\/wp\/v2\/posts"}],"about":[{"href":"https:\/\/bahiaeconomica.com.br\/wp\/wp-json\/wp\/v2\/types\/post"}],"author":[{"embeddable":true,"href":"https:\/\/bahiaeconomica.com.br\/wp\/wp-json\/wp\/v2\/users\/12"}],"replies":[{"embeddable":true,"href":"https:\/\/bahiaeconomica.com.br\/wp\/wp-json\/wp\/v2\/comments?post=743540"}],"version-history":[{"count":1,"href":"https:\/\/bahiaeconomica.com.br\/wp\/wp-json\/wp\/v2\/posts\/743540\/revisions"}],"predecessor-version":[{"id":743546,"href":"https:\/\/bahiaeconomica.com.br\/wp\/wp-json\/wp\/v2\/posts\/743540\/revisions\/743546"}],"wp:featuredmedia":[{"embeddable":true,"href":"https:\/\/bahiaeconomica.com.br\/wp\/wp-json\/wp\/v2\/media\/743545"}],"wp:attachment":[{"href":"https:\/\/bahiaeconomica.com.br\/wp\/wp-json\/wp\/v2\/media?parent=743540"}],"wp:term":[{"taxonomy":"category","embeddable":true,"href":"https:\/\/bahiaeconomica.com.br\/wp\/wp-json\/wp\/v2\/categories?post=743540"},{"taxonomy":"post_tag","embeddable":true,"href":"https:\/\/bahiaeconomica.com.br\/wp\/wp-json\/wp\/v2\/tags?post=743540"}],"curies":[{"name":"wp","href":"https:\/\/api.w.org\/{rel}","templated":true}]}}