{"id":743370,"date":"2023-06-26T19:49:19","date_gmt":"2023-06-26T22:49:19","guid":{"rendered":"https:\/\/bahiaeconomica.com.br\/wp\/?p=743370"},"modified":"2023-06-26T19:49:19","modified_gmt":"2023-06-26T22:49:19","slug":"novo-transporte-publico-de-camacari-entrou-em-operacao-nesta-segunda-saiba-as-mudancas","status":"publish","type":"post","link":"https:\/\/bahiaeconomica.com.br\/wp\/2023\/06\/26\/novo-transporte-publico-de-camacari-entrou-em-operacao-nesta-segunda-saiba-as-mudancas\/","title":{"rendered":"NOVO TRANSPORTE P\u00daBLICO DE CAMA\u00c7ARI ENTROU EM OPERA\u00c7\u00c3O NESTA SEGUNDA; SAIBA AS MUDAN\u00c7AS"},"content":{"rendered":"<p>O novo sistema de transporte p\u00fablico de Cama\u00e7ari, na Regi\u00e3o Metropolitana de Salvador, entrou em opera\u00e7\u00e3o nesta segunda-feira (26). De acordo com a Superintend\u00eancia de Tr\u00e2nsito e Transporte P\u00fablico (STT), nos dias \u00fateis o hor\u00e1rio de in\u00edcio dos servi\u00e7os ser\u00e1 das 4h30 \u00e0s 22h40. J\u00e1 aos finais de semana e feriados, os hor\u00e1rios ser\u00e3o reduzidos. A frota, disponibilizada conforme os hor\u00e1rios e a demanda, atender\u00e1 35 linhas, sendo 20 destinadas \u00e0 sede e 15 \u00e0 costa.<\/p>\n<p>Na Sede, o valor da tarifa \u00e9 de R$ 5, j\u00e1 na orla, ser\u00e3o aplicados dois valores distintos: Arembepe, Jau\u00e1, Vila de Abrantes, Catu de Abrantes, Cordoaria, A\u00e7u da Capivara e Cajazeiras de Abrantes, ter\u00e3o tarifa de R$ 5,30. Enquanto Barra de Jacu\u00edpe, Fazenda Cajazeiras, Tiririca, Jord\u00e3o, Lagoa Seca, Barra do Pojuca, Guarajuba e Monte Gordo, ter\u00e3o tarifa no valor de R$ 7.<\/p>\n<p>Nesse primeiro momento, o sistema vai funcionar na modalidade h\u00edbrida, por meio do Terminal de Integra\u00e7\u00e3o Rodovi\u00e1rio (TIR). O passageiro ter\u00e1 a op\u00e7\u00e3o de utilizar a Linha 0130 TIR Circular\/Centro, gratuitamente, e a linha ter\u00e1 parada obrigat\u00f3ria em cinco pontos, s\u00e3o eles: Rua Costa Pinto; Pra\u00e7a Abrantes; Rua de Contorno do Centro Administrativo, nas imedia\u00e7\u00f5es da sede dos Correios; na UniFamec, que fica ao lado da Secretaria da Infraestrutura (Seinfra), localizadas na Avenida Jorge Amado; e no Boulevard Shopping Cama\u00e7ari.<\/p>\n<p>Quando a bilhetagem eletr\u00f4nica estiver em funcionamento, essa linha ser\u00e1 desativada. Quanto ao Terminal de Integra\u00e7\u00e3o Sede e Orla (TISO), no Centro, que \u00e9 popularmente conhecido como \u201cponto do fundo da feira\u201d, ser\u00e1 desativado. As linhas da costa ainda realizar\u00e3o paradas no Centro, passando pelo TIR, sendo apenas circulares, tendo como ponto base, os bairros da orla. Outra novidade para a popula\u00e7\u00e3o do litoral \u00e9 que ser\u00e1 criado um Terminal de Integra\u00e7\u00e3o em Arembepe.<\/p>\n<p>Quem utilizar o Orla Norte (Barra do Pojuca, Monte Gordo, Itacimirim, Guarajuba, Barra do Jacu\u00edpe e Canto dos P\u00e1ssaros) poder\u00e1 realizar a integra\u00e7\u00e3o, quando dispon\u00edvel, para acessar o Orla Sul (Jau\u00e1, Abrantes, Catu de Abrantes e Cajazeiras). Durante os primeiros dias de circula\u00e7\u00e3o ser\u00e3o feitas observa\u00e7\u00f5es sobre o funcionamento do sistema, e conforme o comportamento da popula\u00e7\u00e3o, a superintend\u00eancia poder\u00e1 efetuar altera\u00e7\u00f5es de hor\u00e1rios, ampliar a frota, modificar ou criar outros roteiros.<\/p>\n<p>Quem reside ou precisa se deslocar at\u00e9 a zona rural, nas comunidades de Cordoaria, Mesqueira, Coqueiros, Lagoa Seca, A\u00e7u da Capivara, Tiririca, Jord\u00e3o e Biribeira, ser\u00e3o assistidos pelo sistema complementar, que est\u00e1 em andamento, atrav\u00e9s de Chamamento P\u00fablico. O sistema tamb\u00e9m contar\u00e1 com GPS e c\u00e2meras de videomonitoramento.<\/p>\n<p>&nbsp;<\/p>\n<p>Fonte: Ascom Prefeitura de Cama\u00e7ari \/ Foto: Tiago Pacheco\/Prefeitura de Cama\u00e7ari<\/p>\n","protected":false},"excerpt":{"rendered":"<p>O novo sistema de transporte p\u00fablico de Cama\u00e7ari, na Regi\u00e3o Metropolitana de Salvador, entrou em opera\u00e7\u00e3o nesta segunda-feira (26). De acordo com a Superintend\u00eancia de Tr\u00e2nsito e Transporte P\u00fablico (STT), nos dias \u00fateis o hor\u00e1rio de in\u00edcio dos servi\u00e7os ser\u00e1 das 4h30 \u00e0s 22h40. J\u00e1 aos finais de semana e feriados, os hor\u00e1rios ser\u00e3o reduzidos. [&hellip;]<\/p>\n","protected":false},"author":6,"featured_media":743373,"comment_status":"closed","ping_status":"closed","sticky":false,"template":"","format":"standard","meta":[],"categories":[3],"tags":[85,375,149,73,3372],"acf":[],"yoast_head":"<!-- This site is optimized with the Yoast SEO plugin v20.8 - https:\/\/yoast.com\/wordpress\/plugins\/seo\/ -->\n<title>NOVO TRANSPORTE P\u00daBLICO DE CAMA\u00c7ARI ENTROU EM OPERA\u00c7\u00c3O NESTA SEGUNDA; SAIBA AS MUDAN\u00c7AS - Bahia Economica<\/title>\n<meta name=\"description\" content=\"Nesse primeiro momento, o sistema vai funcionar na modalidade h\u00edbrida, por meio do Terminal de Integra\u00e7\u00e3o Rodovi\u00e1rio (TIR)\" \/>\n<meta name=\"robots\" content=\"index, follow, max-snippet:-1, max-image-preview:large, max-video-preview:-1\" \/>\n<link rel=\"canonical\" href=\"https:\/\/bahiaeconomica.com.br\/wp\/2023\/06\/26\/novo-transporte-publico-de-camacari-entrou-em-operacao-nesta-segunda-saiba-as-mudancas\/\" \/>\n<meta property=\"og:locale\" content=\"pt_BR\" \/>\n<meta property=\"og:type\" content=\"article\" \/>\n<meta property=\"og:title\" content=\"NOVO TRANSPORTE P\u00daBLICO DE CAMA\u00c7ARI ENTROU EM OPERA\u00c7\u00c3O NESTA SEGUNDA; SAIBA AS MUDAN\u00c7AS - Bahia Economica\" \/>\n<meta property=\"og:description\" content=\"Nesse primeiro momento, o sistema vai funcionar na modalidade h\u00edbrida, por meio do Terminal de Integra\u00e7\u00e3o Rodovi\u00e1rio (TIR)\" \/>\n<meta property=\"og:url\" content=\"https:\/\/bahiaeconomica.com.br\/wp\/2023\/06\/26\/novo-transporte-publico-de-camacari-entrou-em-operacao-nesta-segunda-saiba-as-mudancas\/\" \/>\n<meta property=\"og:site_name\" content=\"Bahia Economica\" \/>\n<meta property=\"article:publisher\" content=\"https:\/\/www.facebook.com\/bahiaeconomica\" \/>\n<meta property=\"article:published_time\" content=\"2023-06-26T22:49:19+00:00\" \/>\n<meta property=\"og:image\" content=\"https:\/\/bahiaeconomica.com.br\/wp\/wp-content\/uploads\/2023\/06\/transporte-publico-de-camacari-passou-a-operar-nesta-segunda-feira-26-1788762-article.jpg\" \/>\n\t<meta property=\"og:image:width\" content=\"770\" \/>\n\t<meta property=\"og:image:height\" content=\"474\" \/>\n\t<meta property=\"og:image:type\" content=\"image\/jpeg\" \/>\n<meta name=\"author\" content=\"DS\" \/>\n<meta name=\"twitter:card\" content=\"summary_large_image\" \/>\n<meta name=\"twitter:label1\" content=\"Escrito por\" \/>\n\t<meta name=\"twitter:data1\" content=\"DS\" \/>\n\t<meta name=\"twitter:label2\" content=\"Est. tempo de leitura\" \/>\n\t<meta name=\"twitter:data2\" content=\"3 minutos\" \/>\n<script type=\"application\/ld+json\" class=\"yoast-schema-graph\">{\"@context\":\"https:\/\/schema.org\",\"@graph\":[{\"@type\":\"Article\",\"@id\":\"https:\/\/bahiaeconomica.com.br\/wp\/2023\/06\/26\/novo-transporte-publico-de-camacari-entrou-em-operacao-nesta-segunda-saiba-as-mudancas\/#article\",\"isPartOf\":{\"@id\":\"https:\/\/bahiaeconomica.com.br\/wp\/2023\/06\/26\/novo-transporte-publico-de-camacari-entrou-em-operacao-nesta-segunda-saiba-as-mudancas\/\"},\"author\":{\"name\":\"DS\",\"@id\":\"https:\/\/bahiaeconomica.com.br\/wp\/#\/schema\/person\/756f314c5bfa87c7b43a2850854305a1\"},\"headline\":\"NOVO TRANSPORTE P\u00daBLICO DE CAMA\u00c7ARI ENTROU EM OPERA\u00c7\u00c3O NESTA SEGUNDA; SAIBA AS MUDAN\u00c7AS\",\"datePublished\":\"2023-06-26T22:49:19+00:00\",\"dateModified\":\"2023-06-26T22:49:19+00:00\",\"mainEntityOfPage\":{\"@id\":\"https:\/\/bahiaeconomica.com.br\/wp\/2023\/06\/26\/novo-transporte-publico-de-camacari-entrou-em-operacao-nesta-segunda-saiba-as-mudancas\/\"},\"wordCount\":483,\"publisher\":{\"@id\":\"https:\/\/bahiaeconomica.com.br\/wp\/#organization\"},\"keywords\":[\"Bahia\",\"Cama\u00e7ari\",\"Prefeitura de Cama\u00e7ari\",\"Salvador\",\"transporte p\u00fablico\"],\"articleSection\":[\"ECONOMIA \/ POL\u00cdTICA\"],\"inLanguage\":\"pt-BR\"},{\"@type\":\"WebPage\",\"@id\":\"https:\/\/bahiaeconomica.com.br\/wp\/2023\/06\/26\/novo-transporte-publico-de-camacari-entrou-em-operacao-nesta-segunda-saiba-as-mudancas\/\",\"url\":\"https:\/\/bahiaeconomica.com.br\/wp\/2023\/06\/26\/novo-transporte-publico-de-camacari-entrou-em-operacao-nesta-segunda-saiba-as-mudancas\/\",\"name\":\"NOVO TRANSPORTE P\u00daBLICO DE CAMA\u00c7ARI ENTROU EM OPERA\u00c7\u00c3O NESTA SEGUNDA; SAIBA AS MUDAN\u00c7AS - Bahia Economica\",\"isPartOf\":{\"@id\":\"https:\/\/bahiaeconomica.com.br\/wp\/#website\"},\"datePublished\":\"2023-06-26T22:49:19+00:00\",\"dateModified\":\"2023-06-26T22:49:19+00:00\",\"description\":\"Nesse primeiro momento, o sistema vai funcionar na modalidade h\u00edbrida, por meio do Terminal de Integra\u00e7\u00e3o Rodovi\u00e1rio (TIR)\",\"breadcrumb\":{\"@id\":\"https:\/\/bahiaeconomica.com.br\/wp\/2023\/06\/26\/novo-transporte-publico-de-camacari-entrou-em-operacao-nesta-segunda-saiba-as-mudancas\/#breadcrumb\"},\"inLanguage\":\"pt-BR\",\"potentialAction\":[{\"@type\":\"ReadAction\",\"target\":[\"https:\/\/bahiaeconomica.com.br\/wp\/2023\/06\/26\/novo-transporte-publico-de-camacari-entrou-em-operacao-nesta-segunda-saiba-as-mudancas\/\"]}]},{\"@type\":\"BreadcrumbList\",\"@id\":\"https:\/\/bahiaeconomica.com.br\/wp\/2023\/06\/26\/novo-transporte-publico-de-camacari-entrou-em-operacao-nesta-segunda-saiba-as-mudancas\/#breadcrumb\",\"itemListElement\":[{\"@type\":\"ListItem\",\"position\":1,\"name\":\"In\u00edcio\",\"item\":\"https:\/\/bahiaeconomica.com.br\/wp\/\"},{\"@type\":\"ListItem\",\"position\":2,\"name\":\"NOVO TRANSPORTE P\u00daBLICO DE CAMA\u00c7ARI ENTROU EM OPERA\u00c7\u00c3O NESTA SEGUNDA; SAIBA AS MUDAN\u00c7AS\"}]},{\"@type\":\"WebSite\",\"@id\":\"https:\/\/bahiaeconomica.com.br\/wp\/#website\",\"url\":\"https:\/\/bahiaeconomica.com.br\/wp\/\",\"name\":\"Bahia Economica\",\"description\":\"O maior portal de Economia da Bahia\",\"publisher\":{\"@id\":\"https:\/\/bahiaeconomica.com.br\/wp\/#organization\"},\"potentialAction\":[{\"@type\":\"SearchAction\",\"target\":{\"@type\":\"EntryPoint\",\"urlTemplate\":\"https:\/\/bahiaeconomica.com.br\/wp\/?s={search_term_string}\"},\"query-input\":\"required name=search_term_string\"}],\"inLanguage\":\"pt-BR\"},{\"@type\":\"Organization\",\"@id\":\"https:\/\/bahiaeconomica.com.br\/wp\/#organization\",\"name\":\"Bahia Econ\u00f4mica\",\"url\":\"https:\/\/bahiaeconomica.com.br\/wp\/\",\"logo\":{\"@type\":\"ImageObject\",\"inLanguage\":\"pt-BR\",\"@id\":\"https:\/\/bahiaeconomica.com.br\/wp\/#\/schema\/logo\/image\/\",\"url\":\"https:\/\/bahiaeconomica.com.br\/wp\/wp-content\/uploads\/2020\/12\/cropped-BE.png\",\"contentUrl\":\"https:\/\/bahiaeconomica.com.br\/wp\/wp-content\/uploads\/2020\/12\/cropped-BE.png\",\"width\":512,\"height\":512,\"caption\":\"Bahia Econ\u00f4mica\"},\"image\":{\"@id\":\"https:\/\/bahiaeconomica.com.br\/wp\/#\/schema\/logo\/image\/\"},\"sameAs\":[\"https:\/\/www.facebook.com\/bahiaeconomica\"]},{\"@type\":\"Person\",\"@id\":\"https:\/\/bahiaeconomica.com.br\/wp\/#\/schema\/person\/756f314c5bfa87c7b43a2850854305a1\",\"name\":\"DS\",\"sameAs\":[\"https:\/\/bahiaeconomica.com.br\/wp\/beta\/\"],\"url\":\"https:\/\/bahiaeconomica.com.br\/wp\/author\/ds\/\"}]}<\/script>\n<!-- \/ Yoast SEO plugin. -->","yoast_head_json":{"title":"NOVO TRANSPORTE P\u00daBLICO DE CAMA\u00c7ARI ENTROU EM OPERA\u00c7\u00c3O NESTA SEGUNDA; SAIBA AS MUDAN\u00c7AS - Bahia Economica","description":"Nesse primeiro momento, o sistema vai funcionar na modalidade h\u00edbrida, por meio do Terminal de Integra\u00e7\u00e3o Rodovi\u00e1rio (TIR)","robots":{"index":"index","follow":"follow","max-snippet":"max-snippet:-1","max-image-preview":"max-image-preview:large","max-video-preview":"max-video-preview:-1"},"canonical":"https:\/\/bahiaeconomica.com.br\/wp\/2023\/06\/26\/novo-transporte-publico-de-camacari-entrou-em-operacao-nesta-segunda-saiba-as-mudancas\/","og_locale":"pt_BR","og_type":"article","og_title":"NOVO TRANSPORTE P\u00daBLICO DE CAMA\u00c7ARI ENTROU EM OPERA\u00c7\u00c3O NESTA SEGUNDA; SAIBA AS MUDAN\u00c7AS - Bahia Economica","og_description":"Nesse primeiro momento, o sistema vai funcionar na modalidade h\u00edbrida, por meio do Terminal de Integra\u00e7\u00e3o Rodovi\u00e1rio (TIR)","og_url":"https:\/\/bahiaeconomica.com.br\/wp\/2023\/06\/26\/novo-transporte-publico-de-camacari-entrou-em-operacao-nesta-segunda-saiba-as-mudancas\/","og_site_name":"Bahia Economica","article_publisher":"https:\/\/www.facebook.com\/bahiaeconomica","article_published_time":"2023-06-26T22:49:19+00:00","og_image":[{"width":770,"height":474,"url":"https:\/\/bahiaeconomica.com.br\/wp\/wp-content\/uploads\/2023\/06\/transporte-publico-de-camacari-passou-a-operar-nesta-segunda-feira-26-1788762-article.jpg","type":"image\/jpeg"}],"author":"DS","twitter_card":"summary_large_image","twitter_misc":{"Escrito por":"DS","Est. tempo de leitura":"3 minutos"},"schema":{"@context":"https:\/\/schema.org","@graph":[{"@type":"Article","@id":"https:\/\/bahiaeconomica.com.br\/wp\/2023\/06\/26\/novo-transporte-publico-de-camacari-entrou-em-operacao-nesta-segunda-saiba-as-mudancas\/#article","isPartOf":{"@id":"https:\/\/bahiaeconomica.com.br\/wp\/2023\/06\/26\/novo-transporte-publico-de-camacari-entrou-em-operacao-nesta-segunda-saiba-as-mudancas\/"},"author":{"name":"DS","@id":"https:\/\/bahiaeconomica.com.br\/wp\/#\/schema\/person\/756f314c5bfa87c7b43a2850854305a1"},"headline":"NOVO TRANSPORTE P\u00daBLICO DE CAMA\u00c7ARI ENTROU EM OPERA\u00c7\u00c3O NESTA SEGUNDA; SAIBA AS MUDAN\u00c7AS","datePublished":"2023-06-26T22:49:19+00:00","dateModified":"2023-06-26T22:49:19+00:00","mainEntityOfPage":{"@id":"https:\/\/bahiaeconomica.com.br\/wp\/2023\/06\/26\/novo-transporte-publico-de-camacari-entrou-em-operacao-nesta-segunda-saiba-as-mudancas\/"},"wordCount":483,"publisher":{"@id":"https:\/\/bahiaeconomica.com.br\/wp\/#organization"},"keywords":["Bahia","Cama\u00e7ari","Prefeitura de Cama\u00e7ari","Salvador","transporte p\u00fablico"],"articleSection":["ECONOMIA \/ POL\u00cdTICA"],"inLanguage":"pt-BR"},{"@type":"WebPage","@id":"https:\/\/bahiaeconomica.com.br\/wp\/2023\/06\/26\/novo-transporte-publico-de-camacari-entrou-em-operacao-nesta-segunda-saiba-as-mudancas\/","url":"https:\/\/bahiaeconomica.com.br\/wp\/2023\/06\/26\/novo-transporte-publico-de-camacari-entrou-em-operacao-nesta-segunda-saiba-as-mudancas\/","name":"NOVO TRANSPORTE P\u00daBLICO DE CAMA\u00c7ARI ENTROU EM OPERA\u00c7\u00c3O NESTA SEGUNDA; SAIBA AS MUDAN\u00c7AS - Bahia Economica","isPartOf":{"@id":"https:\/\/bahiaeconomica.com.br\/wp\/#website"},"datePublished":"2023-06-26T22:49:19+00:00","dateModified":"2023-06-26T22:49:19+00:00","description":"Nesse primeiro momento, o sistema vai funcionar na modalidade h\u00edbrida, por meio do Terminal de Integra\u00e7\u00e3o Rodovi\u00e1rio (TIR)","breadcrumb":{"@id":"https:\/\/bahiaeconomica.com.br\/wp\/2023\/06\/26\/novo-transporte-publico-de-camacari-entrou-em-operacao-nesta-segunda-saiba-as-mudancas\/#breadcrumb"},"inLanguage":"pt-BR","potentialAction":[{"@type":"ReadAction","target":["https:\/\/bahiaeconomica.com.br\/wp\/2023\/06\/26\/novo-transporte-publico-de-camacari-entrou-em-operacao-nesta-segunda-saiba-as-mudancas\/"]}]},{"@type":"BreadcrumbList","@id":"https:\/\/bahiaeconomica.com.br\/wp\/2023\/06\/26\/novo-transporte-publico-de-camacari-entrou-em-operacao-nesta-segunda-saiba-as-mudancas\/#breadcrumb","itemListElement":[{"@type":"ListItem","position":1,"name":"In\u00edcio","item":"https:\/\/bahiaeconomica.com.br\/wp\/"},{"@type":"ListItem","position":2,"name":"NOVO TRANSPORTE P\u00daBLICO DE CAMA\u00c7ARI ENTROU EM OPERA\u00c7\u00c3O NESTA SEGUNDA; SAIBA AS MUDAN\u00c7AS"}]},{"@type":"WebSite","@id":"https:\/\/bahiaeconomica.com.br\/wp\/#website","url":"https:\/\/bahiaeconomica.com.br\/wp\/","name":"Bahia Economica","description":"O maior portal de Economia da Bahia","publisher":{"@id":"https:\/\/bahiaeconomica.com.br\/wp\/#organization"},"potentialAction":[{"@type":"SearchAction","target":{"@type":"EntryPoint","urlTemplate":"https:\/\/bahiaeconomica.com.br\/wp\/?s={search_term_string}"},"query-input":"required name=search_term_string"}],"inLanguage":"pt-BR"},{"@type":"Organization","@id":"https:\/\/bahiaeconomica.com.br\/wp\/#organization","name":"Bahia Econ\u00f4mica","url":"https:\/\/bahiaeconomica.com.br\/wp\/","logo":{"@type":"ImageObject","inLanguage":"pt-BR","@id":"https:\/\/bahiaeconomica.com.br\/wp\/#\/schema\/logo\/image\/","url":"https:\/\/bahiaeconomica.com.br\/wp\/wp-content\/uploads\/2020\/12\/cropped-BE.png","contentUrl":"https:\/\/bahiaeconomica.com.br\/wp\/wp-content\/uploads\/2020\/12\/cropped-BE.png","width":512,"height":512,"caption":"Bahia Econ\u00f4mica"},"image":{"@id":"https:\/\/bahiaeconomica.com.br\/wp\/#\/schema\/logo\/image\/"},"sameAs":["https:\/\/www.facebook.com\/bahiaeconomica"]},{"@type":"Person","@id":"https:\/\/bahiaeconomica.com.br\/wp\/#\/schema\/person\/756f314c5bfa87c7b43a2850854305a1","name":"DS","sameAs":["https:\/\/bahiaeconomica.com.br\/wp\/beta\/"],"url":"https:\/\/bahiaeconomica.com.br\/wp\/author\/ds\/"}]}},"views":75,"_links":{"self":[{"href":"https:\/\/bahiaeconomica.com.br\/wp\/wp-json\/wp\/v2\/posts\/743370"}],"collection":[{"href":"https:\/\/bahiaeconomica.com.br\/wp\/wp-json\/wp\/v2\/posts"}],"about":[{"href":"https:\/\/bahiaeconomica.com.br\/wp\/wp-json\/wp\/v2\/types\/post"}],"author":[{"embeddable":true,"href":"https:\/\/bahiaeconomica.com.br\/wp\/wp-json\/wp\/v2\/users\/6"}],"replies":[{"embeddable":true,"href":"https:\/\/bahiaeconomica.com.br\/wp\/wp-json\/wp\/v2\/comments?post=743370"}],"version-history":[{"count":1,"href":"https:\/\/bahiaeconomica.com.br\/wp\/wp-json\/wp\/v2\/posts\/743370\/revisions"}],"predecessor-version":[{"id":743374,"href":"https:\/\/bahiaeconomica.com.br\/wp\/wp-json\/wp\/v2\/posts\/743370\/revisions\/743374"}],"wp:featuredmedia":[{"embeddable":true,"href":"https:\/\/bahiaeconomica.com.br\/wp\/wp-json\/wp\/v2\/media\/743373"}],"wp:attachment":[{"href":"https:\/\/bahiaeconomica.com.br\/wp\/wp-json\/wp\/v2\/media?parent=743370"}],"wp:term":[{"taxonomy":"category","embeddable":true,"href":"https:\/\/bahiaeconomica.com.br\/wp\/wp-json\/wp\/v2\/categories?post=743370"},{"taxonomy":"post_tag","embeddable":true,"href":"https:\/\/bahiaeconomica.com.br\/wp\/wp-json\/wp\/v2\/tags?post=743370"}],"curies":[{"name":"wp","href":"https:\/\/api.w.org\/{rel}","templated":true}]}}