{"id":743287,"date":"2023-06-26T16:51:34","date_gmt":"2023-06-26T19:51:34","guid":{"rendered":"https:\/\/bahiaeconomica.com.br\/wp\/?p=743287"},"modified":"2023-06-26T20:39:13","modified_gmt":"2023-06-26T23:39:13","slug":"lula-anuncia-medidas-economicas-em-parceria-com-argentina-veja","status":"publish","type":"post","link":"https:\/\/bahiaeconomica.com.br\/wp\/2023\/06\/26\/lula-anuncia-medidas-economicas-em-parceria-com-argentina-veja\/","title":{"rendered":"LULA ANUNCIA MEDIDAS ECON\u00d4MICAS EM PARCERIA COM ARGENTINA; VEJA"},"content":{"rendered":"<p>Nesta segunda (26), o presidente Lula recebeu a visita do presidente argentino, Alberto Fern\u00e1ndez, no Pal\u00e1cio do Itamaraty, em Bras\u00edlia. Ap\u00f3s as conversas entre os Hermanos, Lula afirmou que &#8220;n\u00e3o faz sentido&#8221; as empresas brasileiras perderem espa\u00e7o no mercado argentino, acrescentando que \u00e9 preciso &#8220;maior integra\u00e7\u00e3o financeira&#8221; entre os dois pa\u00edses.<\/p>\n<p>&#8220;Estamos trabalhando na cria\u00e7\u00e3o de uma linha de financiamento abrangente das exporta\u00e7\u00f5es brasileiras para a Argentina. N\u00e3o faz sentido que o Brasil perca espa\u00e7o no mercado argentino para outros pa\u00edses porque esses oferecem cr\u00e9dito e n\u00f3s n\u00e3o&#8221;, disse.<\/p>\n<p>E completa:<\/p>\n<p>&#8220;Precisamos avan\u00e7ar nessa dire\u00e7\u00e3o, com novas e criativas solu\u00e7\u00f5es que permitam maior integra\u00e7\u00e3o financeira e facilitem nossas trocas. Entre as op\u00e7\u00f5es, est\u00e1 a ado\u00e7\u00e3o de uma moeda de refer\u00eancia espec\u00edfica para o com\u00e9rcio regional, que n\u00e3o eliminar\u00e1 as respectivas moedas nacionais&#8221;, afirma.<\/p>\n<p>Economicamente, a Argentina \u00e9 o terceiro maior parceiro comercial do Brasil no mundo, atr\u00e1s somente de China e Estados Unidos. Na Am\u00e9rica do Sul, a Argentina \u00e9 o principal parceiro comercial do Brasil. Diante disso, foi anunciado um plano com &#8220;quase 100 a\u00e7\u00f5es&#8221; para retomar a parceria estrat\u00e9gica.<\/p>\n<p>&#8220;Hoje, adotamos um ambicioso plano de a\u00e7\u00e3o para o relan\u00e7amento da alian\u00e7a estrat\u00e9gica. S\u00e3o quase 100 a\u00e7\u00f5es que d\u00e3o concretude ao nosso projeto conjunto de desenvolvimento&#8221;, afirmou Lula.<\/p>\n<p>&nbsp;<\/p>\n<p>Foto: Ricardo Stuckert\/PR<\/p>\n","protected":false},"excerpt":{"rendered":"<p>Nesta segunda (26), o presidente Lula recebeu a visita do presidente argentino, Alberto Fern\u00e1ndez, no Pal\u00e1cio do Itamaraty, em Bras\u00edlia. Ap\u00f3s as conversas entre os Hermanos, Lula afirmou que &#8220;n\u00e3o faz sentido&#8221; as empresas brasileiras perderem espa\u00e7o no mercado argentino, acrescentando que \u00e9 preciso &#8220;maior integra\u00e7\u00e3o financeira&#8221; entre os dois pa\u00edses. &#8220;Estamos trabalhando na cria\u00e7\u00e3o [&hellip;]<\/p>\n","protected":false},"author":7,"featured_media":743296,"comment_status":"closed","ping_status":"closed","sticky":false,"template":"","format":"standard","meta":[],"categories":[3,14601],"tags":[2031,85,13794,213,182,2925,100],"acf":[],"yoast_head":"<!-- This site is optimized with the Yoast SEO plugin v20.8 - https:\/\/yoast.com\/wordpress\/plugins\/seo\/ -->\n<title>LULA ANUNCIA MEDIDAS ECON\u00d4MICAS EM PARCERIA COM ARGENTINA; VEJA - Bahia Economica<\/title>\n<meta name=\"description\" content=\"&quot;Estamos trabalhando na cria\u00e7\u00e3o de uma linha de financiamento abrangente das exporta\u00e7\u00f5es brasileiras para a Argentina&quot;, disse Lula\" \/>\n<meta name=\"robots\" content=\"index, follow, max-snippet:-1, max-image-preview:large, max-video-preview:-1\" \/>\n<link rel=\"canonical\" href=\"https:\/\/bahiaeconomica.com.br\/wp\/2023\/06\/26\/lula-anuncia-medidas-economicas-em-parceria-com-argentina-veja\/\" \/>\n<meta property=\"og:locale\" content=\"pt_BR\" \/>\n<meta property=\"og:type\" content=\"article\" \/>\n<meta property=\"og:title\" content=\"LULA ANUNCIA MEDIDAS ECON\u00d4MICAS EM PARCERIA COM ARGENTINA; VEJA - Bahia Economica\" \/>\n<meta property=\"og:description\" content=\"&quot;Estamos trabalhando na cria\u00e7\u00e3o de uma linha de financiamento abrangente das exporta\u00e7\u00f5es brasileiras para a Argentina&quot;, disse Lula\" \/>\n<meta property=\"og:url\" content=\"https:\/\/bahiaeconomica.com.br\/wp\/2023\/06\/26\/lula-anuncia-medidas-economicas-em-parceria-com-argentina-veja\/\" \/>\n<meta property=\"og:site_name\" content=\"Bahia Economica\" \/>\n<meta property=\"article:publisher\" content=\"https:\/\/www.facebook.com\/bahiaeconomica\" \/>\n<meta property=\"article:author\" content=\"https:\/\/www.facebook.com\/taciosapirescaldas\" \/>\n<meta property=\"article:published_time\" content=\"2023-06-26T19:51:34+00:00\" \/>\n<meta property=\"article:modified_time\" content=\"2023-06-26T23:39:13+00:00\" \/>\n<meta property=\"og:image\" content=\"https:\/\/bahiaeconomica.com.br\/wp\/wp-content\/uploads\/2023\/06\/whatsapp-image-2023-06-26-at-14.49.02-1-.jpg\" \/>\n\t<meta property=\"og:image:width\" content=\"850\" \/>\n\t<meta property=\"og:image:height\" content=\"566\" \/>\n\t<meta property=\"og:image:type\" content=\"image\/jpeg\" \/>\n<meta name=\"author\" content=\"TC\" \/>\n<meta name=\"twitter:card\" content=\"summary_large_image\" \/>\n<meta name=\"twitter:creator\" content=\"@taciocaldas\" \/>\n<meta name=\"twitter:label1\" content=\"Escrito por\" \/>\n\t<meta name=\"twitter:data1\" content=\"TC\" \/>\n\t<meta name=\"twitter:label2\" content=\"Est. tempo de leitura\" \/>\n\t<meta name=\"twitter:data2\" content=\"2 minutos\" \/>\n<script type=\"application\/ld+json\" class=\"yoast-schema-graph\">{\"@context\":\"https:\/\/schema.org\",\"@graph\":[{\"@type\":\"Article\",\"@id\":\"https:\/\/bahiaeconomica.com.br\/wp\/2023\/06\/26\/lula-anuncia-medidas-economicas-em-parceria-com-argentina-veja\/#article\",\"isPartOf\":{\"@id\":\"https:\/\/bahiaeconomica.com.br\/wp\/2023\/06\/26\/lula-anuncia-medidas-economicas-em-parceria-com-argentina-veja\/\"},\"author\":{\"name\":\"TC\",\"@id\":\"https:\/\/bahiaeconomica.com.br\/wp\/#\/schema\/person\/65938f073b6505ca9ee9899a67ae291b\"},\"headline\":\"LULA ANUNCIA MEDIDAS ECON\u00d4MICAS EM PARCERIA COM ARGENTINA; VEJA\",\"datePublished\":\"2023-06-26T19:51:34+00:00\",\"dateModified\":\"2023-06-26T23:39:13+00:00\",\"mainEntityOfPage\":{\"@id\":\"https:\/\/bahiaeconomica.com.br\/wp\/2023\/06\/26\/lula-anuncia-medidas-economicas-em-parceria-com-argentina-veja\/\"},\"wordCount\":255,\"publisher\":{\"@id\":\"https:\/\/bahiaeconomica.com.br\/wp\/#organization\"},\"keywords\":[\"ARGENTINA\",\"Bahia\",\"braisl\",\"Economia\",\"Lula\",\"mundo\",\"Pol\u00edtica\"],\"articleSection\":[\"ECONOMIA \/ POL\u00cdTICA\",\"Pol\u00edtica\"],\"inLanguage\":\"pt-BR\"},{\"@type\":\"WebPage\",\"@id\":\"https:\/\/bahiaeconomica.com.br\/wp\/2023\/06\/26\/lula-anuncia-medidas-economicas-em-parceria-com-argentina-veja\/\",\"url\":\"https:\/\/bahiaeconomica.com.br\/wp\/2023\/06\/26\/lula-anuncia-medidas-economicas-em-parceria-com-argentina-veja\/\",\"name\":\"LULA ANUNCIA MEDIDAS ECON\u00d4MICAS EM PARCERIA COM ARGENTINA; VEJA - Bahia Economica\",\"isPartOf\":{\"@id\":\"https:\/\/bahiaeconomica.com.br\/wp\/#website\"},\"datePublished\":\"2023-06-26T19:51:34+00:00\",\"dateModified\":\"2023-06-26T23:39:13+00:00\",\"description\":\"\\\"Estamos trabalhando na cria\u00e7\u00e3o de uma linha de financiamento abrangente das exporta\u00e7\u00f5es brasileiras para a Argentina\\\", disse Lula\",\"breadcrumb\":{\"@id\":\"https:\/\/bahiaeconomica.com.br\/wp\/2023\/06\/26\/lula-anuncia-medidas-economicas-em-parceria-com-argentina-veja\/#breadcrumb\"},\"inLanguage\":\"pt-BR\",\"potentialAction\":[{\"@type\":\"ReadAction\",\"target\":[\"https:\/\/bahiaeconomica.com.br\/wp\/2023\/06\/26\/lula-anuncia-medidas-economicas-em-parceria-com-argentina-veja\/\"]}]},{\"@type\":\"BreadcrumbList\",\"@id\":\"https:\/\/bahiaeconomica.com.br\/wp\/2023\/06\/26\/lula-anuncia-medidas-economicas-em-parceria-com-argentina-veja\/#breadcrumb\",\"itemListElement\":[{\"@type\":\"ListItem\",\"position\":1,\"name\":\"In\u00edcio\",\"item\":\"https:\/\/bahiaeconomica.com.br\/wp\/\"},{\"@type\":\"ListItem\",\"position\":2,\"name\":\"LULA ANUNCIA MEDIDAS ECON\u00d4MICAS EM PARCERIA COM ARGENTINA; VEJA\"}]},{\"@type\":\"WebSite\",\"@id\":\"https:\/\/bahiaeconomica.com.br\/wp\/#website\",\"url\":\"https:\/\/bahiaeconomica.com.br\/wp\/\",\"name\":\"Bahia Economica\",\"description\":\"O maior portal de Economia da Bahia\",\"publisher\":{\"@id\":\"https:\/\/bahiaeconomica.com.br\/wp\/#organization\"},\"potentialAction\":[{\"@type\":\"SearchAction\",\"target\":{\"@type\":\"EntryPoint\",\"urlTemplate\":\"https:\/\/bahiaeconomica.com.br\/wp\/?s={search_term_string}\"},\"query-input\":\"required name=search_term_string\"}],\"inLanguage\":\"pt-BR\"},{\"@type\":\"Organization\",\"@id\":\"https:\/\/bahiaeconomica.com.br\/wp\/#organization\",\"name\":\"Bahia Econ\u00f4mica\",\"url\":\"https:\/\/bahiaeconomica.com.br\/wp\/\",\"logo\":{\"@type\":\"ImageObject\",\"inLanguage\":\"pt-BR\",\"@id\":\"https:\/\/bahiaeconomica.com.br\/wp\/#\/schema\/logo\/image\/\",\"url\":\"https:\/\/bahiaeconomica.com.br\/wp\/wp-content\/uploads\/2020\/12\/cropped-BE.png\",\"contentUrl\":\"https:\/\/bahiaeconomica.com.br\/wp\/wp-content\/uploads\/2020\/12\/cropped-BE.png\",\"width\":512,\"height\":512,\"caption\":\"Bahia Econ\u00f4mica\"},\"image\":{\"@id\":\"https:\/\/bahiaeconomica.com.br\/wp\/#\/schema\/logo\/image\/\"},\"sameAs\":[\"https:\/\/www.facebook.com\/bahiaeconomica\"]},{\"@type\":\"Person\",\"@id\":\"https:\/\/bahiaeconomica.com.br\/wp\/#\/schema\/person\/65938f073b6505ca9ee9899a67ae291b\",\"name\":\"TC\",\"sameAs\":[\"https:\/\/bahiaeconomica.com.br\/wp\/beta\/\",\"https:\/\/www.facebook.com\/taciosapirescaldas\",\"https:\/\/www.instagram.com\/taciocaldas\/\",\"https:\/\/www.linkedin.com\/in\/tcio-caldas\/\",\"https:\/\/twitter.com\/taciocaldas\"],\"url\":\"https:\/\/bahiaeconomica.com.br\/wp\/author\/tc\/\"}]}<\/script>\n<!-- \/ Yoast SEO plugin. -->","yoast_head_json":{"title":"LULA ANUNCIA MEDIDAS ECON\u00d4MICAS EM PARCERIA COM ARGENTINA; VEJA - Bahia Economica","description":"\"Estamos trabalhando na cria\u00e7\u00e3o de uma linha de financiamento abrangente das exporta\u00e7\u00f5es brasileiras para a Argentina\", disse Lula","robots":{"index":"index","follow":"follow","max-snippet":"max-snippet:-1","max-image-preview":"max-image-preview:large","max-video-preview":"max-video-preview:-1"},"canonical":"https:\/\/bahiaeconomica.com.br\/wp\/2023\/06\/26\/lula-anuncia-medidas-economicas-em-parceria-com-argentina-veja\/","og_locale":"pt_BR","og_type":"article","og_title":"LULA ANUNCIA MEDIDAS ECON\u00d4MICAS EM PARCERIA COM ARGENTINA; VEJA - Bahia Economica","og_description":"\"Estamos trabalhando na cria\u00e7\u00e3o de uma linha de financiamento abrangente das exporta\u00e7\u00f5es brasileiras para a Argentina\", disse Lula","og_url":"https:\/\/bahiaeconomica.com.br\/wp\/2023\/06\/26\/lula-anuncia-medidas-economicas-em-parceria-com-argentina-veja\/","og_site_name":"Bahia Economica","article_publisher":"https:\/\/www.facebook.com\/bahiaeconomica","article_author":"https:\/\/www.facebook.com\/taciosapirescaldas","article_published_time":"2023-06-26T19:51:34+00:00","article_modified_time":"2023-06-26T23:39:13+00:00","og_image":[{"width":850,"height":566,"url":"https:\/\/bahiaeconomica.com.br\/wp\/wp-content\/uploads\/2023\/06\/whatsapp-image-2023-06-26-at-14.49.02-1-.jpg","type":"image\/jpeg"}],"author":"TC","twitter_card":"summary_large_image","twitter_creator":"@taciocaldas","twitter_misc":{"Escrito por":"TC","Est. tempo de leitura":"2 minutos"},"schema":{"@context":"https:\/\/schema.org","@graph":[{"@type":"Article","@id":"https:\/\/bahiaeconomica.com.br\/wp\/2023\/06\/26\/lula-anuncia-medidas-economicas-em-parceria-com-argentina-veja\/#article","isPartOf":{"@id":"https:\/\/bahiaeconomica.com.br\/wp\/2023\/06\/26\/lula-anuncia-medidas-economicas-em-parceria-com-argentina-veja\/"},"author":{"name":"TC","@id":"https:\/\/bahiaeconomica.com.br\/wp\/#\/schema\/person\/65938f073b6505ca9ee9899a67ae291b"},"headline":"LULA ANUNCIA MEDIDAS ECON\u00d4MICAS EM PARCERIA COM ARGENTINA; VEJA","datePublished":"2023-06-26T19:51:34+00:00","dateModified":"2023-06-26T23:39:13+00:00","mainEntityOfPage":{"@id":"https:\/\/bahiaeconomica.com.br\/wp\/2023\/06\/26\/lula-anuncia-medidas-economicas-em-parceria-com-argentina-veja\/"},"wordCount":255,"publisher":{"@id":"https:\/\/bahiaeconomica.com.br\/wp\/#organization"},"keywords":["ARGENTINA","Bahia","braisl","Economia","Lula","mundo","Pol\u00edtica"],"articleSection":["ECONOMIA \/ POL\u00cdTICA","Pol\u00edtica"],"inLanguage":"pt-BR"},{"@type":"WebPage","@id":"https:\/\/bahiaeconomica.com.br\/wp\/2023\/06\/26\/lula-anuncia-medidas-economicas-em-parceria-com-argentina-veja\/","url":"https:\/\/bahiaeconomica.com.br\/wp\/2023\/06\/26\/lula-anuncia-medidas-economicas-em-parceria-com-argentina-veja\/","name":"LULA ANUNCIA MEDIDAS ECON\u00d4MICAS EM PARCERIA COM ARGENTINA; VEJA - Bahia Economica","isPartOf":{"@id":"https:\/\/bahiaeconomica.com.br\/wp\/#website"},"datePublished":"2023-06-26T19:51:34+00:00","dateModified":"2023-06-26T23:39:13+00:00","description":"\"Estamos trabalhando na cria\u00e7\u00e3o de uma linha de financiamento abrangente das exporta\u00e7\u00f5es brasileiras para a Argentina\", disse Lula","breadcrumb":{"@id":"https:\/\/bahiaeconomica.com.br\/wp\/2023\/06\/26\/lula-anuncia-medidas-economicas-em-parceria-com-argentina-veja\/#breadcrumb"},"inLanguage":"pt-BR","potentialAction":[{"@type":"ReadAction","target":["https:\/\/bahiaeconomica.com.br\/wp\/2023\/06\/26\/lula-anuncia-medidas-economicas-em-parceria-com-argentina-veja\/"]}]},{"@type":"BreadcrumbList","@id":"https:\/\/bahiaeconomica.com.br\/wp\/2023\/06\/26\/lula-anuncia-medidas-economicas-em-parceria-com-argentina-veja\/#breadcrumb","itemListElement":[{"@type":"ListItem","position":1,"name":"In\u00edcio","item":"https:\/\/bahiaeconomica.com.br\/wp\/"},{"@type":"ListItem","position":2,"name":"LULA ANUNCIA MEDIDAS ECON\u00d4MICAS EM PARCERIA COM ARGENTINA; VEJA"}]},{"@type":"WebSite","@id":"https:\/\/bahiaeconomica.com.br\/wp\/#website","url":"https:\/\/bahiaeconomica.com.br\/wp\/","name":"Bahia Economica","description":"O maior portal de Economia da Bahia","publisher":{"@id":"https:\/\/bahiaeconomica.com.br\/wp\/#organization"},"potentialAction":[{"@type":"SearchAction","target":{"@type":"EntryPoint","urlTemplate":"https:\/\/bahiaeconomica.com.br\/wp\/?s={search_term_string}"},"query-input":"required name=search_term_string"}],"inLanguage":"pt-BR"},{"@type":"Organization","@id":"https:\/\/bahiaeconomica.com.br\/wp\/#organization","name":"Bahia Econ\u00f4mica","url":"https:\/\/bahiaeconomica.com.br\/wp\/","logo":{"@type":"ImageObject","inLanguage":"pt-BR","@id":"https:\/\/bahiaeconomica.com.br\/wp\/#\/schema\/logo\/image\/","url":"https:\/\/bahiaeconomica.com.br\/wp\/wp-content\/uploads\/2020\/12\/cropped-BE.png","contentUrl":"https:\/\/bahiaeconomica.com.br\/wp\/wp-content\/uploads\/2020\/12\/cropped-BE.png","width":512,"height":512,"caption":"Bahia Econ\u00f4mica"},"image":{"@id":"https:\/\/bahiaeconomica.com.br\/wp\/#\/schema\/logo\/image\/"},"sameAs":["https:\/\/www.facebook.com\/bahiaeconomica"]},{"@type":"Person","@id":"https:\/\/bahiaeconomica.com.br\/wp\/#\/schema\/person\/65938f073b6505ca9ee9899a67ae291b","name":"TC","sameAs":["https:\/\/bahiaeconomica.com.br\/wp\/beta\/","https:\/\/www.facebook.com\/taciosapirescaldas","https:\/\/www.instagram.com\/taciocaldas\/","https:\/\/www.linkedin.com\/in\/tcio-caldas\/","https:\/\/twitter.com\/taciocaldas"],"url":"https:\/\/bahiaeconomica.com.br\/wp\/author\/tc\/"}]}},"views":24,"_links":{"self":[{"href":"https:\/\/bahiaeconomica.com.br\/wp\/wp-json\/wp\/v2\/posts\/743287"}],"collection":[{"href":"https:\/\/bahiaeconomica.com.br\/wp\/wp-json\/wp\/v2\/posts"}],"about":[{"href":"https:\/\/bahiaeconomica.com.br\/wp\/wp-json\/wp\/v2\/types\/post"}],"author":[{"embeddable":true,"href":"https:\/\/bahiaeconomica.com.br\/wp\/wp-json\/wp\/v2\/users\/7"}],"replies":[{"embeddable":true,"href":"https:\/\/bahiaeconomica.com.br\/wp\/wp-json\/wp\/v2\/comments?post=743287"}],"version-history":[{"count":1,"href":"https:\/\/bahiaeconomica.com.br\/wp\/wp-json\/wp\/v2\/posts\/743287\/revisions"}],"predecessor-version":[{"id":743297,"href":"https:\/\/bahiaeconomica.com.br\/wp\/wp-json\/wp\/v2\/posts\/743287\/revisions\/743297"}],"wp:featuredmedia":[{"embeddable":true,"href":"https:\/\/bahiaeconomica.com.br\/wp\/wp-json\/wp\/v2\/media\/743296"}],"wp:attachment":[{"href":"https:\/\/bahiaeconomica.com.br\/wp\/wp-json\/wp\/v2\/media?parent=743287"}],"wp:term":[{"taxonomy":"category","embeddable":true,"href":"https:\/\/bahiaeconomica.com.br\/wp\/wp-json\/wp\/v2\/categories?post=743287"},{"taxonomy":"post_tag","embeddable":true,"href":"https:\/\/bahiaeconomica.com.br\/wp\/wp-json\/wp\/v2\/tags?post=743287"}],"curies":[{"name":"wp","href":"https:\/\/api.w.org\/{rel}","templated":true}]}}