{"id":743191,"date":"2023-06-26T08:25:38","date_gmt":"2023-06-26T11:25:38","guid":{"rendered":"https:\/\/bahiaeconomica.com.br\/wp\/?p=743191"},"modified":"2023-06-26T08:32:59","modified_gmt":"2023-06-26T11:32:59","slug":"o-plano-safra-vem-ai-e-poderosa-cna-presidida-por-um-baiano-vai-se-manter-na-oposicao-ao-governo-lula","status":"publish","type":"post","link":"https:\/\/bahiaeconomica.com.br\/wp\/2023\/06\/26\/o-plano-safra-vem-ai-e-poderosa-cna-presidida-por-um-baiano-vai-se-manter-na-oposicao-ao-governo-lula\/","title":{"rendered":"O PLANO SAFRA VEM A\u00cd E A CNA, PRESIDIDA POR UM BAIANO, VAI SE MANTER NA OPOSI\u00c7\u00c3O AO GOVERNO LULA?"},"content":{"rendered":"<p style=\"font-weight: 400;\">Nos pr\u00f3ximos dias, \u00a0o governo federal vai lan\u00e7ar o Plano Safra 2023\/2024 com um volume recorde de recursos. O valor total\u00a0 previsto vai ficar em torno de R$ 430 bilh\u00f5es, um volume de recursos 26% maior que o plano anterior lan\u00e7ado por Bolsonaro. <!--more--> \u00c9 verdade que o setor queria mais, algo como R$ 470 bilh\u00f5es, mas frente \u00e0s dificuldades or\u00e7ament\u00e1rias\u00a0\u00e9 um valor expressivo. S\u00f3 para custeio da safra, por exemplo, est\u00e3o previstos cerca\u00a0 de R$ 100 bilh\u00f5es para o segmento empresarial, quase 35% a mais que o plano anterior.<\/p>\n<p style=\"font-weight: 400;\">Politicamente, no entanto, fica uma inc\u00f3gnita: como vai se posicionar o agroneg\u00f3cio, que tem se colocado em grande parte contra o governo Lula, frente a esse aceno do presidente? E como vai se posicionar o atual presidente da CNA \u2013 Confedera\u00e7\u00e3o da Agricultura e Pecu\u00e1ria do Brasil, o baiano Jo\u00e3o Martins, que nunca escondeu seu apoio ao ex-presidente Jair Bolsonaro?<\/p>\n<p style=\"font-weight: 400;\">Jo\u00e3o Martins n\u00e3o compareceu a Bahia Farm Show que teve a presen\u00e7a do presidente Lula e tem se manifestado pouco em rela\u00e7\u00e3o ao governo Lula. A \u00faltima manifesta\u00e7\u00e3o foi uma cr\u00edtica ao presidente da Ag\u00eancia Brasileira de Promo\u00e7\u00e3o de Exporta\u00e7\u00f5es e Investimentos (Apex), Jorge Viana, sobre desmatamento no Brasil durante miss\u00e3o oficial na China. Jo\u00e3o Martins, afirmou que viu com \u201cpreocupa\u00e7\u00e3o\u201d o posicionamento de Viana durante semin\u00e1rio em Pequim, onde ele \u201crelacionou problemas ambientais com a produ\u00e7\u00e3o agropecu\u00e1ria nacional\u201d.<\/p>\n<p style=\"font-weight: 400;\">De l\u00e1 para c\u00e1, Martins tem aparecido pouco, mas h\u00e1 grande expectativa no agroneg\u00f3cio quanto \u00e0 sua presen\u00e7a ou n\u00e3o no lan\u00e7amento do Plano Safra. A Confedera\u00e7\u00e3o da Agricultura e Pecu\u00e1ria do Brasil (CNA) \u00e9 a mais importante associa\u00e7\u00e3o de apoio ao agroneg\u00f3cio no Brasil e re\u00fane federa\u00e7\u00f5es de todos os Estados e a \u00a0aus\u00eancia do seu presidente \u00a0no principal evento da rela\u00e7\u00e3o governo\/agro ser\u00e1 um n\u00edtida demonstra\u00e7\u00e3o de que lideran\u00e7as importantes do agroneg\u00f3cio est\u00e3o dispostas a se manter contr\u00e1rias ao governo n\u00e3o importa o caminho que ele seguir.<\/p>\n<p style=\"font-weight: 400;\">Jo\u00e3o Martins \u00a0assumiu a confedera\u00e7\u00e3o ap\u00f3s o mandato de K\u00e1tia Abreu, que \u00e9 muito pr\u00f3xima a Lula e foi ministra da Agricultura no segundo governo da ex-presidente Dilma Rousseff. Martins fez campanha ostensiva a favor do ex-presidente Jair Bolsonaro, inclusive discursando na presen\u00e7a do ex-presidente sem poupar adjetivos de todo tipo contra o atual ocupante do cargo. Mas isso faz parte da pol\u00edtica, afinal Geraldo Alckmin tamb\u00e9m fez o mesmo e hoje ocupa a vice-presid\u00eancia da Rep\u00fablica. O que \u00e9 raro \u00e9 uma institui\u00e7\u00e3o com o poder e a capilaridade da CNA manter-se na oposi\u00e7\u00e3o ao governo. Por isso, a presen\u00e7a ou aus\u00eancia do presidente da \u00a0CNA \u2013 Confedera\u00e7\u00e3o da Agricultura e Pecu\u00e1ria do Brasil no lan\u00e7amento do Plano Safra vai ser um bom indicativo das rela\u00e7\u00f5es entre o agroneg\u00f3cio e o presidente Lula nos pr\u00f3ximos anos. ( EP- 26\/06\/2023)<\/p>\n","protected":false},"excerpt":{"rendered":"<p>Nos pr\u00f3ximos dias, \u00a0o governo federal vai lan\u00e7ar o Plano Safra 2023\/2024 com um volume recorde de recursos. O valor total\u00a0 previsto vai ficar em torno de R$ 430 bilh\u00f5es, um volume de recursos 26% maior que o plano anterior lan\u00e7ado por Bolsonaro.<\/p>\n","protected":false},"author":1,"featured_media":743194,"comment_status":"closed","ping_status":"closed","sticky":false,"template":"","format":"standard","meta":[],"categories":[14602,3],"tags":[15312,182,2503,1512,2917,1163,1210],"acf":[],"yoast_head":"<!-- This site is optimized with the Yoast SEO plugin v20.8 - https:\/\/yoast.com\/wordpress\/plugins\/seo\/ -->\n<title>O PLANO SAFRA VEM A\u00cd E A CNA, PRESIDIDA POR UM BAIANO, VAI SE MANTER NA OPOSI\u00c7\u00c3O AO GOVERNO LULA? - Bahia Economica<\/title>\n<meta name=\"description\" content=\"O maior portal de Economia da Bahia Coluna Pol\u00edtica, ECONOMIA \/ POL\u00cdTICA Bahia Economica\" \/>\n<meta name=\"robots\" content=\"index, follow, max-snippet:-1, max-image-preview:large, max-video-preview:-1\" \/>\n<link rel=\"canonical\" href=\"https:\/\/bahiaeconomica.com.br\/wp\/2023\/06\/26\/o-plano-safra-vem-ai-e-poderosa-cna-presidida-por-um-baiano-vai-se-manter-na-oposicao-ao-governo-lula\/\" \/>\n<meta property=\"og:locale\" content=\"pt_BR\" \/>\n<meta property=\"og:type\" content=\"article\" \/>\n<meta property=\"og:title\" content=\"O PLANO SAFRA VEM A\u00cd E A CNA, PRESIDIDA POR UM BAIANO, VAI SE MANTER NA OPOSI\u00c7\u00c3O AO GOVERNO LULA? - Bahia Economica\" \/>\n<meta property=\"og:description\" content=\"O maior portal de Economia da Bahia Coluna Pol\u00edtica, ECONOMIA \/ POL\u00cdTICA Bahia Economica\" \/>\n<meta property=\"og:url\" content=\"https:\/\/bahiaeconomica.com.br\/wp\/2023\/06\/26\/o-plano-safra-vem-ai-e-poderosa-cna-presidida-por-um-baiano-vai-se-manter-na-oposicao-ao-governo-lula\/\" \/>\n<meta property=\"og:site_name\" content=\"Bahia Economica\" \/>\n<meta property=\"article:publisher\" content=\"https:\/\/www.facebook.com\/bahiaeconomica\" \/>\n<meta property=\"article:published_time\" content=\"2023-06-26T11:25:38+00:00\" \/>\n<meta property=\"article:modified_time\" content=\"2023-06-26T11:32:59+00:00\" \/>\n<meta property=\"og:image\" content=\"https:\/\/bahiaeconomica.com.br\/wp\/wp-content\/uploads\/2023\/06\/Joa\u0300o-Martins.jpeg\" \/>\n\t<meta property=\"og:image:width\" content=\"600\" \/>\n\t<meta property=\"og:image:height\" content=\"330\" \/>\n\t<meta property=\"og:image:type\" content=\"image\/jpeg\" \/>\n<meta name=\"author\" content=\"admin\" \/>\n<meta name=\"twitter:card\" content=\"summary_large_image\" \/>\n<meta name=\"twitter:label1\" content=\"Escrito por\" \/>\n\t<meta name=\"twitter:data1\" content=\"admin\" \/>\n\t<meta name=\"twitter:label2\" content=\"Est. tempo de leitura\" \/>\n\t<meta name=\"twitter:data2\" content=\"3 minutos\" \/>\n<script type=\"application\/ld+json\" class=\"yoast-schema-graph\">{\"@context\":\"https:\/\/schema.org\",\"@graph\":[{\"@type\":\"Article\",\"@id\":\"https:\/\/bahiaeconomica.com.br\/wp\/2023\/06\/26\/o-plano-safra-vem-ai-e-poderosa-cna-presidida-por-um-baiano-vai-se-manter-na-oposicao-ao-governo-lula\/#article\",\"isPartOf\":{\"@id\":\"https:\/\/bahiaeconomica.com.br\/wp\/2023\/06\/26\/o-plano-safra-vem-ai-e-poderosa-cna-presidida-por-um-baiano-vai-se-manter-na-oposicao-ao-governo-lula\/\"},\"author\":{\"name\":\"admin\",\"@id\":\"https:\/\/bahiaeconomica.com.br\/wp\/#\/schema\/person\/cb1ab5ba96ad3d9390805381c76284ec\"},\"headline\":\"O PLANO SAFRA VEM A\u00cd E A CNA, PRESIDIDA POR UM BAIANO, VAI SE MANTER NA OPOSI\u00c7\u00c3O AO GOVERNO LULA?\",\"datePublished\":\"2023-06-26T11:25:38+00:00\",\"dateModified\":\"2023-06-26T11:32:59+00:00\",\"mainEntityOfPage\":{\"@id\":\"https:\/\/bahiaeconomica.com.br\/wp\/2023\/06\/26\/o-plano-safra-vem-ai-e-poderosa-cna-presidida-por-um-baiano-vai-se-manter-na-oposicao-ao-governo-lula\/\"},\"wordCount\":531,\"publisher\":{\"@id\":\"https:\/\/bahiaeconomica.com.br\/wp\/#organization\"},\"keywords\":[\"cna\",\"Lula\",\"oposicao\",\"plano\",\"presen\u00e7a\",\"presidente\",\"SAFRA\"],\"articleSection\":[\"Coluna Pol\u00edtica\",\"ECONOMIA \/ POL\u00cdTICA\"],\"inLanguage\":\"pt-BR\"},{\"@type\":\"WebPage\",\"@id\":\"https:\/\/bahiaeconomica.com.br\/wp\/2023\/06\/26\/o-plano-safra-vem-ai-e-poderosa-cna-presidida-por-um-baiano-vai-se-manter-na-oposicao-ao-governo-lula\/\",\"url\":\"https:\/\/bahiaeconomica.com.br\/wp\/2023\/06\/26\/o-plano-safra-vem-ai-e-poderosa-cna-presidida-por-um-baiano-vai-se-manter-na-oposicao-ao-governo-lula\/\",\"name\":\"O PLANO SAFRA VEM A\u00cd E A CNA, PRESIDIDA POR UM BAIANO, VAI SE MANTER NA OPOSI\u00c7\u00c3O AO GOVERNO LULA? - Bahia Economica\",\"isPartOf\":{\"@id\":\"https:\/\/bahiaeconomica.com.br\/wp\/#website\"},\"datePublished\":\"2023-06-26T11:25:38+00:00\",\"dateModified\":\"2023-06-26T11:32:59+00:00\",\"description\":\"O maior portal de Economia da Bahia Coluna Pol\u00edtica, ECONOMIA \/ POL\u00cdTICA Bahia Economica\",\"breadcrumb\":{\"@id\":\"https:\/\/bahiaeconomica.com.br\/wp\/2023\/06\/26\/o-plano-safra-vem-ai-e-poderosa-cna-presidida-por-um-baiano-vai-se-manter-na-oposicao-ao-governo-lula\/#breadcrumb\"},\"inLanguage\":\"pt-BR\",\"potentialAction\":[{\"@type\":\"ReadAction\",\"target\":[\"https:\/\/bahiaeconomica.com.br\/wp\/2023\/06\/26\/o-plano-safra-vem-ai-e-poderosa-cna-presidida-por-um-baiano-vai-se-manter-na-oposicao-ao-governo-lula\/\"]}]},{\"@type\":\"BreadcrumbList\",\"@id\":\"https:\/\/bahiaeconomica.com.br\/wp\/2023\/06\/26\/o-plano-safra-vem-ai-e-poderosa-cna-presidida-por-um-baiano-vai-se-manter-na-oposicao-ao-governo-lula\/#breadcrumb\",\"itemListElement\":[{\"@type\":\"ListItem\",\"position\":1,\"name\":\"In\u00edcio\",\"item\":\"https:\/\/bahiaeconomica.com.br\/wp\/\"},{\"@type\":\"ListItem\",\"position\":2,\"name\":\"O PLANO SAFRA VEM A\u00cd E A CNA, PRESIDIDA POR UM BAIANO, VAI SE MANTER NA OPOSI\u00c7\u00c3O AO GOVERNO LULA?\"}]},{\"@type\":\"WebSite\",\"@id\":\"https:\/\/bahiaeconomica.com.br\/wp\/#website\",\"url\":\"https:\/\/bahiaeconomica.com.br\/wp\/\",\"name\":\"Bahia Economica\",\"description\":\"O maior portal de Economia da Bahia\",\"publisher\":{\"@id\":\"https:\/\/bahiaeconomica.com.br\/wp\/#organization\"},\"potentialAction\":[{\"@type\":\"SearchAction\",\"target\":{\"@type\":\"EntryPoint\",\"urlTemplate\":\"https:\/\/bahiaeconomica.com.br\/wp\/?s={search_term_string}\"},\"query-input\":\"required name=search_term_string\"}],\"inLanguage\":\"pt-BR\"},{\"@type\":\"Organization\",\"@id\":\"https:\/\/bahiaeconomica.com.br\/wp\/#organization\",\"name\":\"Bahia Econ\u00f4mica\",\"url\":\"https:\/\/bahiaeconomica.com.br\/wp\/\",\"logo\":{\"@type\":\"ImageObject\",\"inLanguage\":\"pt-BR\",\"@id\":\"https:\/\/bahiaeconomica.com.br\/wp\/#\/schema\/logo\/image\/\",\"url\":\"https:\/\/bahiaeconomica.com.br\/wp\/wp-content\/uploads\/2020\/12\/cropped-BE.png\",\"contentUrl\":\"https:\/\/bahiaeconomica.com.br\/wp\/wp-content\/uploads\/2020\/12\/cropped-BE.png\",\"width\":512,\"height\":512,\"caption\":\"Bahia Econ\u00f4mica\"},\"image\":{\"@id\":\"https:\/\/bahiaeconomica.com.br\/wp\/#\/schema\/logo\/image\/\"},\"sameAs\":[\"https:\/\/www.facebook.com\/bahiaeconomica\"]},{\"@type\":\"Person\",\"@id\":\"https:\/\/bahiaeconomica.com.br\/wp\/#\/schema\/person\/cb1ab5ba96ad3d9390805381c76284ec\",\"name\":\"admin\",\"url\":\"https:\/\/bahiaeconomica.com.br\/wp\/author\/admin\/\"}]}<\/script>\n<!-- \/ Yoast SEO plugin. -->","yoast_head_json":{"title":"O PLANO SAFRA VEM A\u00cd E A CNA, PRESIDIDA POR UM BAIANO, VAI SE MANTER NA OPOSI\u00c7\u00c3O AO GOVERNO LULA? - Bahia Economica","description":"O maior portal de Economia da Bahia Coluna Pol\u00edtica, ECONOMIA \/ POL\u00cdTICA Bahia Economica","robots":{"index":"index","follow":"follow","max-snippet":"max-snippet:-1","max-image-preview":"max-image-preview:large","max-video-preview":"max-video-preview:-1"},"canonical":"https:\/\/bahiaeconomica.com.br\/wp\/2023\/06\/26\/o-plano-safra-vem-ai-e-poderosa-cna-presidida-por-um-baiano-vai-se-manter-na-oposicao-ao-governo-lula\/","og_locale":"pt_BR","og_type":"article","og_title":"O PLANO SAFRA VEM A\u00cd E A CNA, PRESIDIDA POR UM BAIANO, VAI SE MANTER NA OPOSI\u00c7\u00c3O AO GOVERNO LULA? - Bahia Economica","og_description":"O maior portal de Economia da Bahia Coluna Pol\u00edtica, ECONOMIA \/ POL\u00cdTICA Bahia Economica","og_url":"https:\/\/bahiaeconomica.com.br\/wp\/2023\/06\/26\/o-plano-safra-vem-ai-e-poderosa-cna-presidida-por-um-baiano-vai-se-manter-na-oposicao-ao-governo-lula\/","og_site_name":"Bahia Economica","article_publisher":"https:\/\/www.facebook.com\/bahiaeconomica","article_published_time":"2023-06-26T11:25:38+00:00","article_modified_time":"2023-06-26T11:32:59+00:00","og_image":[{"width":600,"height":330,"url":"https:\/\/bahiaeconomica.com.br\/wp\/wp-content\/uploads\/2023\/06\/Joa\u0300o-Martins.jpeg","type":"image\/jpeg"}],"author":"admin","twitter_card":"summary_large_image","twitter_misc":{"Escrito por":"admin","Est. tempo de leitura":"3 minutos"},"schema":{"@context":"https:\/\/schema.org","@graph":[{"@type":"Article","@id":"https:\/\/bahiaeconomica.com.br\/wp\/2023\/06\/26\/o-plano-safra-vem-ai-e-poderosa-cna-presidida-por-um-baiano-vai-se-manter-na-oposicao-ao-governo-lula\/#article","isPartOf":{"@id":"https:\/\/bahiaeconomica.com.br\/wp\/2023\/06\/26\/o-plano-safra-vem-ai-e-poderosa-cna-presidida-por-um-baiano-vai-se-manter-na-oposicao-ao-governo-lula\/"},"author":{"name":"admin","@id":"https:\/\/bahiaeconomica.com.br\/wp\/#\/schema\/person\/cb1ab5ba96ad3d9390805381c76284ec"},"headline":"O PLANO SAFRA VEM A\u00cd E A CNA, PRESIDIDA POR UM BAIANO, VAI SE MANTER NA OPOSI\u00c7\u00c3O AO GOVERNO LULA?","datePublished":"2023-06-26T11:25:38+00:00","dateModified":"2023-06-26T11:32:59+00:00","mainEntityOfPage":{"@id":"https:\/\/bahiaeconomica.com.br\/wp\/2023\/06\/26\/o-plano-safra-vem-ai-e-poderosa-cna-presidida-por-um-baiano-vai-se-manter-na-oposicao-ao-governo-lula\/"},"wordCount":531,"publisher":{"@id":"https:\/\/bahiaeconomica.com.br\/wp\/#organization"},"keywords":["cna","Lula","oposicao","plano","presen\u00e7a","presidente","SAFRA"],"articleSection":["Coluna Pol\u00edtica","ECONOMIA \/ POL\u00cdTICA"],"inLanguage":"pt-BR"},{"@type":"WebPage","@id":"https:\/\/bahiaeconomica.com.br\/wp\/2023\/06\/26\/o-plano-safra-vem-ai-e-poderosa-cna-presidida-por-um-baiano-vai-se-manter-na-oposicao-ao-governo-lula\/","url":"https:\/\/bahiaeconomica.com.br\/wp\/2023\/06\/26\/o-plano-safra-vem-ai-e-poderosa-cna-presidida-por-um-baiano-vai-se-manter-na-oposicao-ao-governo-lula\/","name":"O PLANO SAFRA VEM A\u00cd E A CNA, PRESIDIDA POR UM BAIANO, VAI SE MANTER NA OPOSI\u00c7\u00c3O AO GOVERNO LULA? - Bahia Economica","isPartOf":{"@id":"https:\/\/bahiaeconomica.com.br\/wp\/#website"},"datePublished":"2023-06-26T11:25:38+00:00","dateModified":"2023-06-26T11:32:59+00:00","description":"O maior portal de Economia da Bahia Coluna Pol\u00edtica, ECONOMIA \/ POL\u00cdTICA Bahia Economica","breadcrumb":{"@id":"https:\/\/bahiaeconomica.com.br\/wp\/2023\/06\/26\/o-plano-safra-vem-ai-e-poderosa-cna-presidida-por-um-baiano-vai-se-manter-na-oposicao-ao-governo-lula\/#breadcrumb"},"inLanguage":"pt-BR","potentialAction":[{"@type":"ReadAction","target":["https:\/\/bahiaeconomica.com.br\/wp\/2023\/06\/26\/o-plano-safra-vem-ai-e-poderosa-cna-presidida-por-um-baiano-vai-se-manter-na-oposicao-ao-governo-lula\/"]}]},{"@type":"BreadcrumbList","@id":"https:\/\/bahiaeconomica.com.br\/wp\/2023\/06\/26\/o-plano-safra-vem-ai-e-poderosa-cna-presidida-por-um-baiano-vai-se-manter-na-oposicao-ao-governo-lula\/#breadcrumb","itemListElement":[{"@type":"ListItem","position":1,"name":"In\u00edcio","item":"https:\/\/bahiaeconomica.com.br\/wp\/"},{"@type":"ListItem","position":2,"name":"O PLANO SAFRA VEM A\u00cd E A CNA, PRESIDIDA POR UM BAIANO, VAI SE MANTER NA OPOSI\u00c7\u00c3O AO GOVERNO LULA?"}]},{"@type":"WebSite","@id":"https:\/\/bahiaeconomica.com.br\/wp\/#website","url":"https:\/\/bahiaeconomica.com.br\/wp\/","name":"Bahia Economica","description":"O maior portal de Economia da Bahia","publisher":{"@id":"https:\/\/bahiaeconomica.com.br\/wp\/#organization"},"potentialAction":[{"@type":"SearchAction","target":{"@type":"EntryPoint","urlTemplate":"https:\/\/bahiaeconomica.com.br\/wp\/?s={search_term_string}"},"query-input":"required name=search_term_string"}],"inLanguage":"pt-BR"},{"@type":"Organization","@id":"https:\/\/bahiaeconomica.com.br\/wp\/#organization","name":"Bahia Econ\u00f4mica","url":"https:\/\/bahiaeconomica.com.br\/wp\/","logo":{"@type":"ImageObject","inLanguage":"pt-BR","@id":"https:\/\/bahiaeconomica.com.br\/wp\/#\/schema\/logo\/image\/","url":"https:\/\/bahiaeconomica.com.br\/wp\/wp-content\/uploads\/2020\/12\/cropped-BE.png","contentUrl":"https:\/\/bahiaeconomica.com.br\/wp\/wp-content\/uploads\/2020\/12\/cropped-BE.png","width":512,"height":512,"caption":"Bahia Econ\u00f4mica"},"image":{"@id":"https:\/\/bahiaeconomica.com.br\/wp\/#\/schema\/logo\/image\/"},"sameAs":["https:\/\/www.facebook.com\/bahiaeconomica"]},{"@type":"Person","@id":"https:\/\/bahiaeconomica.com.br\/wp\/#\/schema\/person\/cb1ab5ba96ad3d9390805381c76284ec","name":"admin","url":"https:\/\/bahiaeconomica.com.br\/wp\/author\/admin\/"}]}},"views":100,"_links":{"self":[{"href":"https:\/\/bahiaeconomica.com.br\/wp\/wp-json\/wp\/v2\/posts\/743191"}],"collection":[{"href":"https:\/\/bahiaeconomica.com.br\/wp\/wp-json\/wp\/v2\/posts"}],"about":[{"href":"https:\/\/bahiaeconomica.com.br\/wp\/wp-json\/wp\/v2\/types\/post"}],"author":[{"embeddable":true,"href":"https:\/\/bahiaeconomica.com.br\/wp\/wp-json\/wp\/v2\/users\/1"}],"replies":[{"embeddable":true,"href":"https:\/\/bahiaeconomica.com.br\/wp\/wp-json\/wp\/v2\/comments?post=743191"}],"version-history":[{"count":3,"href":"https:\/\/bahiaeconomica.com.br\/wp\/wp-json\/wp\/v2\/posts\/743191\/revisions"}],"predecessor-version":[{"id":743197,"href":"https:\/\/bahiaeconomica.com.br\/wp\/wp-json\/wp\/v2\/posts\/743191\/revisions\/743197"}],"wp:featuredmedia":[{"embeddable":true,"href":"https:\/\/bahiaeconomica.com.br\/wp\/wp-json\/wp\/v2\/media\/743194"}],"wp:attachment":[{"href":"https:\/\/bahiaeconomica.com.br\/wp\/wp-json\/wp\/v2\/media?parent=743191"}],"wp:term":[{"taxonomy":"category","embeddable":true,"href":"https:\/\/bahiaeconomica.com.br\/wp\/wp-json\/wp\/v2\/categories?post=743191"},{"taxonomy":"post_tag","embeddable":true,"href":"https:\/\/bahiaeconomica.com.br\/wp\/wp-json\/wp\/v2\/tags?post=743191"}],"curies":[{"name":"wp","href":"https:\/\/api.w.org\/{rel}","templated":true}]}}