{"id":742631,"date":"2023-06-21T18:08:49","date_gmt":"2023-06-21T21:08:49","guid":{"rendered":"https:\/\/bahiaeconomica.com.br\/wp\/?p=742631"},"modified":"2023-06-21T18:08:49","modified_gmt":"2023-06-21T21:08:49","slug":"simone-tebet-preve-alta-no-pib-brasileiro-em-2023","status":"publish","type":"post","link":"https:\/\/bahiaeconomica.com.br\/wp\/2023\/06\/21\/simone-tebet-preve-alta-no-pib-brasileiro-em-2023\/","title":{"rendered":"SIMONE TEBET PREV\u00ca ALTA NO PIB BRASILEIRO EM 2023"},"content":{"rendered":"<p>Citando a tramita\u00e7\u00e3o do arcabou\u00e7o fiscal, que deve ir ao plen\u00e1rio do Senado nesta quarta-feira (21), e a revis\u00e3o das estimativas dos bancos, a ministra do Planejamento e Or\u00e7amento, Simone Tebet, afirmou que o Brasil deve alcan\u00e7ar este ano um crescimento de 2,3% do PIB. Para a emedebista, s\u00f3 uma cat\u00e1strofe como a pandemia impediria o pa\u00eds de alcan\u00e7ar esta expans\u00e3o.<\/p>\n<p>\u201cTemos condi\u00e7\u00f5es de crescer, no m\u00ednimo, entre 2,1% e 2,3% neste ano, o que \u00e9 tr\u00eas vezes a expectativa de 0,7% no final do ano passado\u201d, afirmou Tebet, em uma audi\u00eancia conjunta entre as comiss\u00f5es de Desenvolvimento Econ\u00f4mico, de Finan\u00e7as e Tributa\u00e7\u00e3o e de Fiscaliza\u00e7\u00e3o Financeira e Controle da C\u00e2mara dos Deputados.<\/p>\n<p>A ministra elogiou o trabalho da equipe do colega de ministro Fernando Haddad (Fazenda) e apontou um \u201cconsenso entre as for\u00e7as pol\u00edticas do Congresso em torno da necessidade de uma reforma tribut\u00e1ria\u201d. O presidente da C\u00e2mara, Arthur Lira (PP), prev\u00ea a vota\u00e7\u00e3o da PEC da reforma na primeira semana de julho.<\/p>\n<p>No pronunciamento aos deputados, a ex-senadora arguiu que as institui\u00e7\u00f5es financeiras est\u00e3o revisando para cima as expectativas para o PIB. Por outro lado, a auxiliar do presidente Lula comentou que \u201cn\u00e3o queremos s\u00f3 crescer. Queremos crescer com desenvolvimento, dando oportunidade. Isso passa por uma educa\u00e7\u00e3o p\u00fablica de qualidade\u201d.<\/p>\n<p>&nbsp;<\/p>\n<p>Fonte: Metr\u00f3poles \/ Foto: Fabio Rodrigues Pozzebom\/Ag\u00eancia Brasil<\/p>\n","protected":false},"excerpt":{"rendered":"<p>Citando a tramita\u00e7\u00e3o do arcabou\u00e7o fiscal, que deve ir ao plen\u00e1rio do Senado nesta quarta-feira (21), e a revis\u00e3o das estimativas dos bancos, a ministra do Planejamento e Or\u00e7amento, Simone Tebet, afirmou que o Brasil deve alcan\u00e7ar este ano um crescimento de 2,3% do PIB. Para a emedebista, s\u00f3 uma cat\u00e1strofe como a pandemia impediria [&hellip;]<\/p>\n","protected":false},"author":6,"featured_media":742633,"comment_status":"closed","ping_status":"closed","sticky":false,"template":"","format":"standard","meta":[],"categories":[3,14601],"tags":[52,213,2785,667,100,5812],"acf":[],"yoast_head":"<!-- This site is optimized with the Yoast SEO plugin v20.8 - https:\/\/yoast.com\/wordpress\/plugins\/seo\/ -->\n<title>SIMONE TEBET PREV\u00ca ALTA NO PIB BRASILEIRO EM 2023 - Bahia Economica<\/title>\n<meta name=\"description\" content=\"Simone Tebet, afirmou que o Brasil deve alcan\u00e7ar este ano um crescimento de 2,3% do PIB e elogiou o trabalho da equipe do ministro Haddad\" \/>\n<meta name=\"robots\" content=\"index, follow, max-snippet:-1, max-image-preview:large, max-video-preview:-1\" \/>\n<link rel=\"canonical\" href=\"https:\/\/bahiaeconomica.com.br\/wp\/2023\/06\/21\/simone-tebet-preve-alta-no-pib-brasileiro-em-2023\/\" \/>\n<meta property=\"og:locale\" content=\"pt_BR\" \/>\n<meta property=\"og:type\" content=\"article\" \/>\n<meta property=\"og:title\" content=\"SIMONE TEBET PREV\u00ca ALTA NO PIB BRASILEIRO EM 2023 - Bahia Economica\" \/>\n<meta property=\"og:description\" content=\"Simone Tebet, afirmou que o Brasil deve alcan\u00e7ar este ano um crescimento de 2,3% do PIB e elogiou o trabalho da equipe do ministro Haddad\" \/>\n<meta property=\"og:url\" content=\"https:\/\/bahiaeconomica.com.br\/wp\/2023\/06\/21\/simone-tebet-preve-alta-no-pib-brasileiro-em-2023\/\" \/>\n<meta property=\"og:site_name\" content=\"Bahia Economica\" \/>\n<meta property=\"article:publisher\" content=\"https:\/\/www.facebook.com\/bahiaeconomica\" \/>\n<meta property=\"article:published_time\" content=\"2023-06-21T21:08:49+00:00\" \/>\n<meta property=\"og:image\" content=\"https:\/\/bahiaeconomica.com.br\/wp\/wp-content\/uploads\/2023\/06\/pzzb9933.jpg\" \/>\n\t<meta property=\"og:image:width\" content=\"850\" \/>\n\t<meta property=\"og:image:height\" content=\"566\" \/>\n\t<meta property=\"og:image:type\" content=\"image\/jpeg\" \/>\n<meta name=\"author\" content=\"DS\" \/>\n<meta name=\"twitter:card\" content=\"summary_large_image\" \/>\n<meta name=\"twitter:label1\" content=\"Escrito por\" \/>\n\t<meta name=\"twitter:data1\" content=\"DS\" \/>\n\t<meta name=\"twitter:label2\" content=\"Est. tempo de leitura\" \/>\n\t<meta name=\"twitter:data2\" content=\"2 minutos\" \/>\n<script type=\"application\/ld+json\" class=\"yoast-schema-graph\">{\"@context\":\"https:\/\/schema.org\",\"@graph\":[{\"@type\":\"Article\",\"@id\":\"https:\/\/bahiaeconomica.com.br\/wp\/2023\/06\/21\/simone-tebet-preve-alta-no-pib-brasileiro-em-2023\/#article\",\"isPartOf\":{\"@id\":\"https:\/\/bahiaeconomica.com.br\/wp\/2023\/06\/21\/simone-tebet-preve-alta-no-pib-brasileiro-em-2023\/\"},\"author\":{\"name\":\"DS\",\"@id\":\"https:\/\/bahiaeconomica.com.br\/wp\/#\/schema\/person\/756f314c5bfa87c7b43a2850854305a1\"},\"headline\":\"SIMONE TEBET PREV\u00ca ALTA NO PIB BRASILEIRO EM 2023\",\"datePublished\":\"2023-06-21T21:08:49+00:00\",\"dateModified\":\"2023-06-21T21:08:49+00:00\",\"mainEntityOfPage\":{\"@id\":\"https:\/\/bahiaeconomica.com.br\/wp\/2023\/06\/21\/simone-tebet-preve-alta-no-pib-brasileiro-em-2023\/\"},\"wordCount\":255,\"publisher\":{\"@id\":\"https:\/\/bahiaeconomica.com.br\/wp\/#organization\"},\"keywords\":[\"Brasil\",\"Economia\",\"Haddad\",\"PIB\",\"Pol\u00edtica\",\"Simone Tebet\"],\"articleSection\":[\"ECONOMIA \/ POL\u00cdTICA\",\"Pol\u00edtica\"],\"inLanguage\":\"pt-BR\"},{\"@type\":\"WebPage\",\"@id\":\"https:\/\/bahiaeconomica.com.br\/wp\/2023\/06\/21\/simone-tebet-preve-alta-no-pib-brasileiro-em-2023\/\",\"url\":\"https:\/\/bahiaeconomica.com.br\/wp\/2023\/06\/21\/simone-tebet-preve-alta-no-pib-brasileiro-em-2023\/\",\"name\":\"SIMONE TEBET PREV\u00ca ALTA NO PIB BRASILEIRO EM 2023 - Bahia Economica\",\"isPartOf\":{\"@id\":\"https:\/\/bahiaeconomica.com.br\/wp\/#website\"},\"datePublished\":\"2023-06-21T21:08:49+00:00\",\"dateModified\":\"2023-06-21T21:08:49+00:00\",\"description\":\"Simone Tebet, afirmou que o Brasil deve alcan\u00e7ar este ano um crescimento de 2,3% do PIB e elogiou o trabalho da equipe do ministro Haddad\",\"breadcrumb\":{\"@id\":\"https:\/\/bahiaeconomica.com.br\/wp\/2023\/06\/21\/simone-tebet-preve-alta-no-pib-brasileiro-em-2023\/#breadcrumb\"},\"inLanguage\":\"pt-BR\",\"potentialAction\":[{\"@type\":\"ReadAction\",\"target\":[\"https:\/\/bahiaeconomica.com.br\/wp\/2023\/06\/21\/simone-tebet-preve-alta-no-pib-brasileiro-em-2023\/\"]}]},{\"@type\":\"BreadcrumbList\",\"@id\":\"https:\/\/bahiaeconomica.com.br\/wp\/2023\/06\/21\/simone-tebet-preve-alta-no-pib-brasileiro-em-2023\/#breadcrumb\",\"itemListElement\":[{\"@type\":\"ListItem\",\"position\":1,\"name\":\"In\u00edcio\",\"item\":\"https:\/\/bahiaeconomica.com.br\/wp\/\"},{\"@type\":\"ListItem\",\"position\":2,\"name\":\"SIMONE TEBET PREV\u00ca ALTA NO PIB BRASILEIRO EM 2023\"}]},{\"@type\":\"WebSite\",\"@id\":\"https:\/\/bahiaeconomica.com.br\/wp\/#website\",\"url\":\"https:\/\/bahiaeconomica.com.br\/wp\/\",\"name\":\"Bahia Economica\",\"description\":\"O maior portal de Economia da Bahia\",\"publisher\":{\"@id\":\"https:\/\/bahiaeconomica.com.br\/wp\/#organization\"},\"potentialAction\":[{\"@type\":\"SearchAction\",\"target\":{\"@type\":\"EntryPoint\",\"urlTemplate\":\"https:\/\/bahiaeconomica.com.br\/wp\/?s={search_term_string}\"},\"query-input\":\"required name=search_term_string\"}],\"inLanguage\":\"pt-BR\"},{\"@type\":\"Organization\",\"@id\":\"https:\/\/bahiaeconomica.com.br\/wp\/#organization\",\"name\":\"Bahia Econ\u00f4mica\",\"url\":\"https:\/\/bahiaeconomica.com.br\/wp\/\",\"logo\":{\"@type\":\"ImageObject\",\"inLanguage\":\"pt-BR\",\"@id\":\"https:\/\/bahiaeconomica.com.br\/wp\/#\/schema\/logo\/image\/\",\"url\":\"https:\/\/bahiaeconomica.com.br\/wp\/wp-content\/uploads\/2020\/12\/cropped-BE.png\",\"contentUrl\":\"https:\/\/bahiaeconomica.com.br\/wp\/wp-content\/uploads\/2020\/12\/cropped-BE.png\",\"width\":512,\"height\":512,\"caption\":\"Bahia Econ\u00f4mica\"},\"image\":{\"@id\":\"https:\/\/bahiaeconomica.com.br\/wp\/#\/schema\/logo\/image\/\"},\"sameAs\":[\"https:\/\/www.facebook.com\/bahiaeconomica\"]},{\"@type\":\"Person\",\"@id\":\"https:\/\/bahiaeconomica.com.br\/wp\/#\/schema\/person\/756f314c5bfa87c7b43a2850854305a1\",\"name\":\"DS\",\"sameAs\":[\"https:\/\/bahiaeconomica.com.br\/wp\/beta\/\"],\"url\":\"https:\/\/bahiaeconomica.com.br\/wp\/author\/ds\/\"}]}<\/script>\n<!-- \/ Yoast SEO plugin. -->","yoast_head_json":{"title":"SIMONE TEBET PREV\u00ca ALTA NO PIB BRASILEIRO EM 2023 - Bahia Economica","description":"Simone Tebet, afirmou que o Brasil deve alcan\u00e7ar este ano um crescimento de 2,3% do PIB e elogiou o trabalho da equipe do ministro Haddad","robots":{"index":"index","follow":"follow","max-snippet":"max-snippet:-1","max-image-preview":"max-image-preview:large","max-video-preview":"max-video-preview:-1"},"canonical":"https:\/\/bahiaeconomica.com.br\/wp\/2023\/06\/21\/simone-tebet-preve-alta-no-pib-brasileiro-em-2023\/","og_locale":"pt_BR","og_type":"article","og_title":"SIMONE TEBET PREV\u00ca ALTA NO PIB BRASILEIRO EM 2023 - Bahia Economica","og_description":"Simone Tebet, afirmou que o Brasil deve alcan\u00e7ar este ano um crescimento de 2,3% do PIB e elogiou o trabalho da equipe do ministro Haddad","og_url":"https:\/\/bahiaeconomica.com.br\/wp\/2023\/06\/21\/simone-tebet-preve-alta-no-pib-brasileiro-em-2023\/","og_site_name":"Bahia Economica","article_publisher":"https:\/\/www.facebook.com\/bahiaeconomica","article_published_time":"2023-06-21T21:08:49+00:00","og_image":[{"width":850,"height":566,"url":"https:\/\/bahiaeconomica.com.br\/wp\/wp-content\/uploads\/2023\/06\/pzzb9933.jpg","type":"image\/jpeg"}],"author":"DS","twitter_card":"summary_large_image","twitter_misc":{"Escrito por":"DS","Est. tempo de leitura":"2 minutos"},"schema":{"@context":"https:\/\/schema.org","@graph":[{"@type":"Article","@id":"https:\/\/bahiaeconomica.com.br\/wp\/2023\/06\/21\/simone-tebet-preve-alta-no-pib-brasileiro-em-2023\/#article","isPartOf":{"@id":"https:\/\/bahiaeconomica.com.br\/wp\/2023\/06\/21\/simone-tebet-preve-alta-no-pib-brasileiro-em-2023\/"},"author":{"name":"DS","@id":"https:\/\/bahiaeconomica.com.br\/wp\/#\/schema\/person\/756f314c5bfa87c7b43a2850854305a1"},"headline":"SIMONE TEBET PREV\u00ca ALTA NO PIB BRASILEIRO EM 2023","datePublished":"2023-06-21T21:08:49+00:00","dateModified":"2023-06-21T21:08:49+00:00","mainEntityOfPage":{"@id":"https:\/\/bahiaeconomica.com.br\/wp\/2023\/06\/21\/simone-tebet-preve-alta-no-pib-brasileiro-em-2023\/"},"wordCount":255,"publisher":{"@id":"https:\/\/bahiaeconomica.com.br\/wp\/#organization"},"keywords":["Brasil","Economia","Haddad","PIB","Pol\u00edtica","Simone Tebet"],"articleSection":["ECONOMIA \/ POL\u00cdTICA","Pol\u00edtica"],"inLanguage":"pt-BR"},{"@type":"WebPage","@id":"https:\/\/bahiaeconomica.com.br\/wp\/2023\/06\/21\/simone-tebet-preve-alta-no-pib-brasileiro-em-2023\/","url":"https:\/\/bahiaeconomica.com.br\/wp\/2023\/06\/21\/simone-tebet-preve-alta-no-pib-brasileiro-em-2023\/","name":"SIMONE TEBET PREV\u00ca ALTA NO PIB BRASILEIRO EM 2023 - Bahia Economica","isPartOf":{"@id":"https:\/\/bahiaeconomica.com.br\/wp\/#website"},"datePublished":"2023-06-21T21:08:49+00:00","dateModified":"2023-06-21T21:08:49+00:00","description":"Simone Tebet, afirmou que o Brasil deve alcan\u00e7ar este ano um crescimento de 2,3% do PIB e elogiou o trabalho da equipe do ministro Haddad","breadcrumb":{"@id":"https:\/\/bahiaeconomica.com.br\/wp\/2023\/06\/21\/simone-tebet-preve-alta-no-pib-brasileiro-em-2023\/#breadcrumb"},"inLanguage":"pt-BR","potentialAction":[{"@type":"ReadAction","target":["https:\/\/bahiaeconomica.com.br\/wp\/2023\/06\/21\/simone-tebet-preve-alta-no-pib-brasileiro-em-2023\/"]}]},{"@type":"BreadcrumbList","@id":"https:\/\/bahiaeconomica.com.br\/wp\/2023\/06\/21\/simone-tebet-preve-alta-no-pib-brasileiro-em-2023\/#breadcrumb","itemListElement":[{"@type":"ListItem","position":1,"name":"In\u00edcio","item":"https:\/\/bahiaeconomica.com.br\/wp\/"},{"@type":"ListItem","position":2,"name":"SIMONE TEBET PREV\u00ca ALTA NO PIB BRASILEIRO EM 2023"}]},{"@type":"WebSite","@id":"https:\/\/bahiaeconomica.com.br\/wp\/#website","url":"https:\/\/bahiaeconomica.com.br\/wp\/","name":"Bahia Economica","description":"O maior portal de Economia da Bahia","publisher":{"@id":"https:\/\/bahiaeconomica.com.br\/wp\/#organization"},"potentialAction":[{"@type":"SearchAction","target":{"@type":"EntryPoint","urlTemplate":"https:\/\/bahiaeconomica.com.br\/wp\/?s={search_term_string}"},"query-input":"required name=search_term_string"}],"inLanguage":"pt-BR"},{"@type":"Organization","@id":"https:\/\/bahiaeconomica.com.br\/wp\/#organization","name":"Bahia Econ\u00f4mica","url":"https:\/\/bahiaeconomica.com.br\/wp\/","logo":{"@type":"ImageObject","inLanguage":"pt-BR","@id":"https:\/\/bahiaeconomica.com.br\/wp\/#\/schema\/logo\/image\/","url":"https:\/\/bahiaeconomica.com.br\/wp\/wp-content\/uploads\/2020\/12\/cropped-BE.png","contentUrl":"https:\/\/bahiaeconomica.com.br\/wp\/wp-content\/uploads\/2020\/12\/cropped-BE.png","width":512,"height":512,"caption":"Bahia Econ\u00f4mica"},"image":{"@id":"https:\/\/bahiaeconomica.com.br\/wp\/#\/schema\/logo\/image\/"},"sameAs":["https:\/\/www.facebook.com\/bahiaeconomica"]},{"@type":"Person","@id":"https:\/\/bahiaeconomica.com.br\/wp\/#\/schema\/person\/756f314c5bfa87c7b43a2850854305a1","name":"DS","sameAs":["https:\/\/bahiaeconomica.com.br\/wp\/beta\/"],"url":"https:\/\/bahiaeconomica.com.br\/wp\/author\/ds\/"}]}},"views":6,"_links":{"self":[{"href":"https:\/\/bahiaeconomica.com.br\/wp\/wp-json\/wp\/v2\/posts\/742631"}],"collection":[{"href":"https:\/\/bahiaeconomica.com.br\/wp\/wp-json\/wp\/v2\/posts"}],"about":[{"href":"https:\/\/bahiaeconomica.com.br\/wp\/wp-json\/wp\/v2\/types\/post"}],"author":[{"embeddable":true,"href":"https:\/\/bahiaeconomica.com.br\/wp\/wp-json\/wp\/v2\/users\/6"}],"replies":[{"embeddable":true,"href":"https:\/\/bahiaeconomica.com.br\/wp\/wp-json\/wp\/v2\/comments?post=742631"}],"version-history":[{"count":1,"href":"https:\/\/bahiaeconomica.com.br\/wp\/wp-json\/wp\/v2\/posts\/742631\/revisions"}],"predecessor-version":[{"id":742634,"href":"https:\/\/bahiaeconomica.com.br\/wp\/wp-json\/wp\/v2\/posts\/742631\/revisions\/742634"}],"wp:featuredmedia":[{"embeddable":true,"href":"https:\/\/bahiaeconomica.com.br\/wp\/wp-json\/wp\/v2\/media\/742633"}],"wp:attachment":[{"href":"https:\/\/bahiaeconomica.com.br\/wp\/wp-json\/wp\/v2\/media?parent=742631"}],"wp:term":[{"taxonomy":"category","embeddable":true,"href":"https:\/\/bahiaeconomica.com.br\/wp\/wp-json\/wp\/v2\/categories?post=742631"},{"taxonomy":"post_tag","embeddable":true,"href":"https:\/\/bahiaeconomica.com.br\/wp\/wp-json\/wp\/v2\/tags?post=742631"}],"curies":[{"name":"wp","href":"https:\/\/api.w.org\/{rel}","templated":true}]}}