{"id":742148,"date":"2023-06-19T15:37:55","date_gmt":"2023-06-19T18:37:55","guid":{"rendered":"https:\/\/bahiaeconomica.com.br\/wp\/?p=742148"},"modified":"2023-06-19T19:55:31","modified_gmt":"2023-06-19T22:55:31","slug":"relatorio-aponta-aumento-da-violencia-contra-povos-e-comunidades-tradicionais-na-bahia","status":"publish","type":"post","link":"https:\/\/bahiaeconomica.com.br\/wp\/2023\/06\/19\/relatorio-aponta-aumento-da-violencia-contra-povos-e-comunidades-tradicionais-na-bahia\/","title":{"rendered":"RELAT\u00d3RIO APONTA AUMENTO DA VIOL\u00caNCIA CONTRA POVOS E COMUNIDADES TRADICIONAIS NA BAHIA"},"content":{"rendered":"<p>Foi lan\u00e7ado nesta segunda (19), o Relat\u00f3rio Al\u00e9m da Floresta: Crimes Socioambientais nas Periferias, realizado pela Rede de Observat\u00f3rios de Seguran\u00e7a. O levantamento, feito com apoio das secretarias de seguran\u00e7a p\u00fablica estaduais, apontou que a viol\u00eancia contra povos e comunidades tradicionais aumentou na Bahia em 2022.<\/p>\n<p>A Bahia foi considerada o segundo estado com mais ocorr\u00eancias de viol\u00eancia contra essas popula\u00e7\u00f5es, atr\u00e1s apenas do Par\u00e1. Outros estados como Cear\u00e1, Maranh\u00e3o, Par\u00e1, Pernambuco, Piau\u00ed, Rio de Janeiro e S\u00e3o Paulo, tamb\u00e9m foram inclu\u00eddos no relat\u00f3rio. Foram registrados 428 crimes contra os povos e comunidades tradicionais entre 2017 e 2022.<\/p>\n<p>Somente no ano passado, foram 230 den\u00fancias, dentre as quais a amea\u00e7a foi a mais recorrente, com 131 ocorr\u00eancias. As informa\u00e7\u00f5es foram conseguidas atrav\u00e9s da Lei de Acesso \u00e0 Informa\u00e7\u00e3o (LAI). As mulheres foram as principais v\u00edtimas das viola\u00e7\u00f5es, sendo alvo de 58% dos casos. Os outros crimes analisados foram: les\u00e3o corporal (51 casos), inj\u00faria (30), estupro (11), tentativa de homic\u00eddio (2), importuna\u00e7\u00e3o sexual (4) e tentativa de feminic\u00eddio (1).<\/p>\n<p>Na Bahia, foram analisadas comunidades ind\u00edgenas e quilombolas. A Secretaria de Seguran\u00e7a P\u00fablica da Bahia (SSP-BA), considera 28 comunidades como \u201cpovos tradicionais\u201d. S\u00e3o elas os Ind\u00edgenas, Andirobeiras, Apanhadores de Sempre-Vivas, Caatingueiros, Catadores de Mangaba, Quilombolas, Extrativistas, Ribeirinhos, Cai\u00e7aras, Ciganos, Povos de Terreiros, Cipozeiros, Castanheiras, Faxinalenses, Fundo e Fecho de Pasto, Geraizeiros, Ilh\u00e9us, Isqueiros, Morroquianos, Pantaneiros, Pescadores Artesanais, Pia\u00e7abeiros, Pomeranos, Quebradeiras do Coco Baba\u00e7u, Retireiros, Seringueiros, Vazanteiros e Veredeiros.<\/p>\n<p>Segundo Jos\u00e9 Augusto Sampaio, antrop\u00f3logo e fundador da Associa\u00e7\u00e3o Nacional de A\u00e7\u00e3o Indigenista (Ana\u00ed), o Estado baiano tem feito menos que o necess\u00e1rio para a resolu\u00e7\u00e3o desses crimes.<\/p>\n<p>\u201cAqui na Bahia, eu diria que o Estado tenta ter uma atitude de combate a esses crimes, mas tamb\u00e9m que essa atitude deveria ser mais efetiva, mais incisiva. No caso t\u00edpico das viol\u00eancias contra os Patax\u00f3s no extremo Sul, h\u00e1 iniciativas para combater a viol\u00eancia, mas eu diria que n\u00e3o s\u00e3o suficientes, porque tem interesses pol\u00edticos tamb\u00e9m, dos inimigos poderosos dos Patax\u00f3s. Isso faz com que o Estado muitas vezes fique numa situa\u00e7\u00e3o de tentativa de media\u00e7\u00e3o, que acaba gerando uma falta de atividade no combate \u00e0 viol\u00eancia\u201d, afirma.<\/p>\n<p>Larissa Neves, uma das idealizadoras do relat\u00f3rio, diz que o monitoramento dos crimes tem como objetivo dar visibilidade \u00e0 viol\u00eancia que tem impacto e coloca em risco o modo de vida dessas comunidades.<\/p>\n<p>\u201cGeralmente, quando a gente vai analisar fen\u00f4menos de viol\u00eancia, sempre trazemos o nosso olhar para a dicotomia entre urbano e rural, e nos \u00faltimos tempos a gente tem falado muito sobre uma interioriza\u00e7\u00e3o da viol\u00eancia\u201d, diz Neves.<\/p>\n<p>Atrav\u00e9s de nota, a SSP-BA afirmou que, al\u00e9m da cria\u00e7\u00e3o e implanta\u00e7\u00e3o da For\u00e7a Integrada, instalou na \u00faltima sexta-feira (15), o Comando de Policiamento do Extremo Sul, composto por oito unidades operacionais, com entrega de novas viaturas.<\/p>\n<p>&nbsp;<\/p>\n<p>Foto: Fernando Vivas\/GOV-BA<\/p>\n","protected":false},"excerpt":{"rendered":"<p>Foi lan\u00e7ado nesta segunda (19), o Relat\u00f3rio Al\u00e9m da Floresta: Crimes Socioambientais nas Periferias, realizado pela Rede de Observat\u00f3rios de Seguran\u00e7a. O levantamento, feito com apoio das secretarias de seguran\u00e7a p\u00fablica estaduais, apontou que a viol\u00eancia contra povos e comunidades tradicionais aumentou na Bahia em 2022. A Bahia foi considerada o segundo estado com mais [&hellip;]<\/p>\n","protected":false},"author":7,"featured_media":742149,"comment_status":"closed","ping_status":"closed","sticky":false,"template":"","format":"standard","meta":[],"categories":[3],"tags":[85,15077,642,73,5506,452],"acf":[],"yoast_head":"<!-- This site is optimized with the Yoast SEO plugin v20.8 - https:\/\/yoast.com\/wordpress\/plugins\/seo\/ -->\n<title>RELAT\u00d3RIO APONTA AUMENTO DA VIOL\u00caNCIA CONTRA POVOS E COMUNIDADES TRADICIONAIS NA BAHIA - Bahia Economica<\/title>\n<meta name=\"description\" content=\"A Bahia foi considerada o segundo estado com mais ocorr\u00eancias de viol\u00eancia contra essas popula\u00e7\u00f5es, atr\u00e1s apenas do Par\u00e1\" \/>\n<meta name=\"robots\" content=\"index, follow, max-snippet:-1, max-image-preview:large, max-video-preview:-1\" \/>\n<link rel=\"canonical\" href=\"https:\/\/bahiaeconomica.com.br\/wp\/2023\/06\/19\/relatorio-aponta-aumento-da-violencia-contra-povos-e-comunidades-tradicionais-na-bahia\/\" \/>\n<meta property=\"og:locale\" content=\"pt_BR\" \/>\n<meta property=\"og:type\" content=\"article\" \/>\n<meta property=\"og:title\" content=\"RELAT\u00d3RIO APONTA AUMENTO DA VIOL\u00caNCIA CONTRA POVOS E COMUNIDADES TRADICIONAIS NA BAHIA - Bahia Economica\" \/>\n<meta property=\"og:description\" content=\"A Bahia foi considerada o segundo estado com mais ocorr\u00eancias de viol\u00eancia contra essas popula\u00e7\u00f5es, atr\u00e1s apenas do Par\u00e1\" \/>\n<meta property=\"og:url\" content=\"https:\/\/bahiaeconomica.com.br\/wp\/2023\/06\/19\/relatorio-aponta-aumento-da-violencia-contra-povos-e-comunidades-tradicionais-na-bahia\/\" \/>\n<meta property=\"og:site_name\" content=\"Bahia Economica\" \/>\n<meta property=\"article:publisher\" content=\"https:\/\/www.facebook.com\/bahiaeconomica\" \/>\n<meta property=\"article:author\" content=\"https:\/\/www.facebook.com\/taciosapirescaldas\" \/>\n<meta property=\"article:published_time\" content=\"2023-06-19T18:37:55+00:00\" \/>\n<meta property=\"article:modified_time\" content=\"2023-06-19T22:55:31+00:00\" \/>\n<meta property=\"og:image\" content=\"https:\/\/bahiaeconomica.com.br\/wp\/wp-content\/uploads\/2023\/06\/52979768493_33051f38b6_k.jpg\" \/>\n\t<meta property=\"og:image:width\" content=\"850\" \/>\n\t<meta property=\"og:image:height\" content=\"566\" \/>\n\t<meta property=\"og:image:type\" content=\"image\/jpeg\" \/>\n<meta name=\"author\" content=\"TC\" \/>\n<meta name=\"twitter:card\" content=\"summary_large_image\" \/>\n<meta name=\"twitter:creator\" content=\"@taciocaldas\" \/>\n<meta name=\"twitter:label1\" content=\"Escrito por\" \/>\n\t<meta name=\"twitter:data1\" content=\"TC\" \/>\n\t<meta name=\"twitter:label2\" content=\"Est. tempo de leitura\" \/>\n\t<meta name=\"twitter:data2\" content=\"3 minutos\" \/>\n<script type=\"application\/ld+json\" class=\"yoast-schema-graph\">{\"@context\":\"https:\/\/schema.org\",\"@graph\":[{\"@type\":\"Article\",\"@id\":\"https:\/\/bahiaeconomica.com.br\/wp\/2023\/06\/19\/relatorio-aponta-aumento-da-violencia-contra-povos-e-comunidades-tradicionais-na-bahia\/#article\",\"isPartOf\":{\"@id\":\"https:\/\/bahiaeconomica.com.br\/wp\/2023\/06\/19\/relatorio-aponta-aumento-da-violencia-contra-povos-e-comunidades-tradicionais-na-bahia\/\"},\"author\":{\"name\":\"TC\",\"@id\":\"https:\/\/bahiaeconomica.com.br\/wp\/#\/schema\/person\/65938f073b6505ca9ee9899a67ae291b\"},\"headline\":\"RELAT\u00d3RIO APONTA AUMENTO DA VIOL\u00caNCIA CONTRA POVOS E COMUNIDADES TRADICIONAIS NA BAHIA\",\"datePublished\":\"2023-06-19T18:37:55+00:00\",\"dateModified\":\"2023-06-19T22:55:31+00:00\",\"mainEntityOfPage\":{\"@id\":\"https:\/\/bahiaeconomica.com.br\/wp\/2023\/06\/19\/relatorio-aponta-aumento-da-violencia-contra-povos-e-comunidades-tradicionais-na-bahia\/\"},\"wordCount\":528,\"publisher\":{\"@id\":\"https:\/\/bahiaeconomica.com.br\/wp\/#organization\"},\"keywords\":[\"Bahia\",\"COMUNIDADES ORIGIN\u00c1RIAS\",\"povos ind\u00edgenas\",\"Salvador\",\"Seguran\u00e7a P\u00fablica\",\"SSP BA\"],\"articleSection\":[\"ECONOMIA \/ POL\u00cdTICA\"],\"inLanguage\":\"pt-BR\"},{\"@type\":\"WebPage\",\"@id\":\"https:\/\/bahiaeconomica.com.br\/wp\/2023\/06\/19\/relatorio-aponta-aumento-da-violencia-contra-povos-e-comunidades-tradicionais-na-bahia\/\",\"url\":\"https:\/\/bahiaeconomica.com.br\/wp\/2023\/06\/19\/relatorio-aponta-aumento-da-violencia-contra-povos-e-comunidades-tradicionais-na-bahia\/\",\"name\":\"RELAT\u00d3RIO APONTA AUMENTO DA VIOL\u00caNCIA CONTRA POVOS E COMUNIDADES TRADICIONAIS NA BAHIA - Bahia Economica\",\"isPartOf\":{\"@id\":\"https:\/\/bahiaeconomica.com.br\/wp\/#website\"},\"datePublished\":\"2023-06-19T18:37:55+00:00\",\"dateModified\":\"2023-06-19T22:55:31+00:00\",\"description\":\"A Bahia foi considerada o segundo estado com mais ocorr\u00eancias de viol\u00eancia contra essas popula\u00e7\u00f5es, atr\u00e1s apenas do Par\u00e1\",\"breadcrumb\":{\"@id\":\"https:\/\/bahiaeconomica.com.br\/wp\/2023\/06\/19\/relatorio-aponta-aumento-da-violencia-contra-povos-e-comunidades-tradicionais-na-bahia\/#breadcrumb\"},\"inLanguage\":\"pt-BR\",\"potentialAction\":[{\"@type\":\"ReadAction\",\"target\":[\"https:\/\/bahiaeconomica.com.br\/wp\/2023\/06\/19\/relatorio-aponta-aumento-da-violencia-contra-povos-e-comunidades-tradicionais-na-bahia\/\"]}]},{\"@type\":\"BreadcrumbList\",\"@id\":\"https:\/\/bahiaeconomica.com.br\/wp\/2023\/06\/19\/relatorio-aponta-aumento-da-violencia-contra-povos-e-comunidades-tradicionais-na-bahia\/#breadcrumb\",\"itemListElement\":[{\"@type\":\"ListItem\",\"position\":1,\"name\":\"In\u00edcio\",\"item\":\"https:\/\/bahiaeconomica.com.br\/wp\/\"},{\"@type\":\"ListItem\",\"position\":2,\"name\":\"RELAT\u00d3RIO APONTA AUMENTO DA VIOL\u00caNCIA CONTRA POVOS E COMUNIDADES TRADICIONAIS NA BAHIA\"}]},{\"@type\":\"WebSite\",\"@id\":\"https:\/\/bahiaeconomica.com.br\/wp\/#website\",\"url\":\"https:\/\/bahiaeconomica.com.br\/wp\/\",\"name\":\"Bahia Economica\",\"description\":\"O maior portal de Economia da Bahia\",\"publisher\":{\"@id\":\"https:\/\/bahiaeconomica.com.br\/wp\/#organization\"},\"potentialAction\":[{\"@type\":\"SearchAction\",\"target\":{\"@type\":\"EntryPoint\",\"urlTemplate\":\"https:\/\/bahiaeconomica.com.br\/wp\/?s={search_term_string}\"},\"query-input\":\"required name=search_term_string\"}],\"inLanguage\":\"pt-BR\"},{\"@type\":\"Organization\",\"@id\":\"https:\/\/bahiaeconomica.com.br\/wp\/#organization\",\"name\":\"Bahia Econ\u00f4mica\",\"url\":\"https:\/\/bahiaeconomica.com.br\/wp\/\",\"logo\":{\"@type\":\"ImageObject\",\"inLanguage\":\"pt-BR\",\"@id\":\"https:\/\/bahiaeconomica.com.br\/wp\/#\/schema\/logo\/image\/\",\"url\":\"https:\/\/bahiaeconomica.com.br\/wp\/wp-content\/uploads\/2020\/12\/cropped-BE.png\",\"contentUrl\":\"https:\/\/bahiaeconomica.com.br\/wp\/wp-content\/uploads\/2020\/12\/cropped-BE.png\",\"width\":512,\"height\":512,\"caption\":\"Bahia Econ\u00f4mica\"},\"image\":{\"@id\":\"https:\/\/bahiaeconomica.com.br\/wp\/#\/schema\/logo\/image\/\"},\"sameAs\":[\"https:\/\/www.facebook.com\/bahiaeconomica\"]},{\"@type\":\"Person\",\"@id\":\"https:\/\/bahiaeconomica.com.br\/wp\/#\/schema\/person\/65938f073b6505ca9ee9899a67ae291b\",\"name\":\"TC\",\"sameAs\":[\"https:\/\/bahiaeconomica.com.br\/wp\/beta\/\",\"https:\/\/www.facebook.com\/taciosapirescaldas\",\"https:\/\/www.instagram.com\/taciocaldas\/\",\"https:\/\/www.linkedin.com\/in\/tcio-caldas\/\",\"https:\/\/twitter.com\/taciocaldas\"],\"url\":\"https:\/\/bahiaeconomica.com.br\/wp\/author\/tc\/\"}]}<\/script>\n<!-- \/ Yoast SEO plugin. -->","yoast_head_json":{"title":"RELAT\u00d3RIO APONTA AUMENTO DA VIOL\u00caNCIA CONTRA POVOS E COMUNIDADES TRADICIONAIS NA BAHIA - Bahia Economica","description":"A Bahia foi considerada o segundo estado com mais ocorr\u00eancias de viol\u00eancia contra essas popula\u00e7\u00f5es, atr\u00e1s apenas do Par\u00e1","robots":{"index":"index","follow":"follow","max-snippet":"max-snippet:-1","max-image-preview":"max-image-preview:large","max-video-preview":"max-video-preview:-1"},"canonical":"https:\/\/bahiaeconomica.com.br\/wp\/2023\/06\/19\/relatorio-aponta-aumento-da-violencia-contra-povos-e-comunidades-tradicionais-na-bahia\/","og_locale":"pt_BR","og_type":"article","og_title":"RELAT\u00d3RIO APONTA AUMENTO DA VIOL\u00caNCIA CONTRA POVOS E COMUNIDADES TRADICIONAIS NA BAHIA - Bahia Economica","og_description":"A Bahia foi considerada o segundo estado com mais ocorr\u00eancias de viol\u00eancia contra essas popula\u00e7\u00f5es, atr\u00e1s apenas do Par\u00e1","og_url":"https:\/\/bahiaeconomica.com.br\/wp\/2023\/06\/19\/relatorio-aponta-aumento-da-violencia-contra-povos-e-comunidades-tradicionais-na-bahia\/","og_site_name":"Bahia Economica","article_publisher":"https:\/\/www.facebook.com\/bahiaeconomica","article_author":"https:\/\/www.facebook.com\/taciosapirescaldas","article_published_time":"2023-06-19T18:37:55+00:00","article_modified_time":"2023-06-19T22:55:31+00:00","og_image":[{"width":850,"height":566,"url":"https:\/\/bahiaeconomica.com.br\/wp\/wp-content\/uploads\/2023\/06\/52979768493_33051f38b6_k.jpg","type":"image\/jpeg"}],"author":"TC","twitter_card":"summary_large_image","twitter_creator":"@taciocaldas","twitter_misc":{"Escrito por":"TC","Est. tempo de leitura":"3 minutos"},"schema":{"@context":"https:\/\/schema.org","@graph":[{"@type":"Article","@id":"https:\/\/bahiaeconomica.com.br\/wp\/2023\/06\/19\/relatorio-aponta-aumento-da-violencia-contra-povos-e-comunidades-tradicionais-na-bahia\/#article","isPartOf":{"@id":"https:\/\/bahiaeconomica.com.br\/wp\/2023\/06\/19\/relatorio-aponta-aumento-da-violencia-contra-povos-e-comunidades-tradicionais-na-bahia\/"},"author":{"name":"TC","@id":"https:\/\/bahiaeconomica.com.br\/wp\/#\/schema\/person\/65938f073b6505ca9ee9899a67ae291b"},"headline":"RELAT\u00d3RIO APONTA AUMENTO DA VIOL\u00caNCIA CONTRA POVOS E COMUNIDADES TRADICIONAIS NA BAHIA","datePublished":"2023-06-19T18:37:55+00:00","dateModified":"2023-06-19T22:55:31+00:00","mainEntityOfPage":{"@id":"https:\/\/bahiaeconomica.com.br\/wp\/2023\/06\/19\/relatorio-aponta-aumento-da-violencia-contra-povos-e-comunidades-tradicionais-na-bahia\/"},"wordCount":528,"publisher":{"@id":"https:\/\/bahiaeconomica.com.br\/wp\/#organization"},"keywords":["Bahia","COMUNIDADES ORIGIN\u00c1RIAS","povos ind\u00edgenas","Salvador","Seguran\u00e7a P\u00fablica","SSP BA"],"articleSection":["ECONOMIA \/ POL\u00cdTICA"],"inLanguage":"pt-BR"},{"@type":"WebPage","@id":"https:\/\/bahiaeconomica.com.br\/wp\/2023\/06\/19\/relatorio-aponta-aumento-da-violencia-contra-povos-e-comunidades-tradicionais-na-bahia\/","url":"https:\/\/bahiaeconomica.com.br\/wp\/2023\/06\/19\/relatorio-aponta-aumento-da-violencia-contra-povos-e-comunidades-tradicionais-na-bahia\/","name":"RELAT\u00d3RIO APONTA AUMENTO DA VIOL\u00caNCIA CONTRA POVOS E COMUNIDADES TRADICIONAIS NA BAHIA - Bahia Economica","isPartOf":{"@id":"https:\/\/bahiaeconomica.com.br\/wp\/#website"},"datePublished":"2023-06-19T18:37:55+00:00","dateModified":"2023-06-19T22:55:31+00:00","description":"A Bahia foi considerada o segundo estado com mais ocorr\u00eancias de viol\u00eancia contra essas popula\u00e7\u00f5es, atr\u00e1s apenas do Par\u00e1","breadcrumb":{"@id":"https:\/\/bahiaeconomica.com.br\/wp\/2023\/06\/19\/relatorio-aponta-aumento-da-violencia-contra-povos-e-comunidades-tradicionais-na-bahia\/#breadcrumb"},"inLanguage":"pt-BR","potentialAction":[{"@type":"ReadAction","target":["https:\/\/bahiaeconomica.com.br\/wp\/2023\/06\/19\/relatorio-aponta-aumento-da-violencia-contra-povos-e-comunidades-tradicionais-na-bahia\/"]}]},{"@type":"BreadcrumbList","@id":"https:\/\/bahiaeconomica.com.br\/wp\/2023\/06\/19\/relatorio-aponta-aumento-da-violencia-contra-povos-e-comunidades-tradicionais-na-bahia\/#breadcrumb","itemListElement":[{"@type":"ListItem","position":1,"name":"In\u00edcio","item":"https:\/\/bahiaeconomica.com.br\/wp\/"},{"@type":"ListItem","position":2,"name":"RELAT\u00d3RIO APONTA AUMENTO DA VIOL\u00caNCIA CONTRA POVOS E COMUNIDADES TRADICIONAIS NA BAHIA"}]},{"@type":"WebSite","@id":"https:\/\/bahiaeconomica.com.br\/wp\/#website","url":"https:\/\/bahiaeconomica.com.br\/wp\/","name":"Bahia Economica","description":"O maior portal de Economia da Bahia","publisher":{"@id":"https:\/\/bahiaeconomica.com.br\/wp\/#organization"},"potentialAction":[{"@type":"SearchAction","target":{"@type":"EntryPoint","urlTemplate":"https:\/\/bahiaeconomica.com.br\/wp\/?s={search_term_string}"},"query-input":"required name=search_term_string"}],"inLanguage":"pt-BR"},{"@type":"Organization","@id":"https:\/\/bahiaeconomica.com.br\/wp\/#organization","name":"Bahia Econ\u00f4mica","url":"https:\/\/bahiaeconomica.com.br\/wp\/","logo":{"@type":"ImageObject","inLanguage":"pt-BR","@id":"https:\/\/bahiaeconomica.com.br\/wp\/#\/schema\/logo\/image\/","url":"https:\/\/bahiaeconomica.com.br\/wp\/wp-content\/uploads\/2020\/12\/cropped-BE.png","contentUrl":"https:\/\/bahiaeconomica.com.br\/wp\/wp-content\/uploads\/2020\/12\/cropped-BE.png","width":512,"height":512,"caption":"Bahia Econ\u00f4mica"},"image":{"@id":"https:\/\/bahiaeconomica.com.br\/wp\/#\/schema\/logo\/image\/"},"sameAs":["https:\/\/www.facebook.com\/bahiaeconomica"]},{"@type":"Person","@id":"https:\/\/bahiaeconomica.com.br\/wp\/#\/schema\/person\/65938f073b6505ca9ee9899a67ae291b","name":"TC","sameAs":["https:\/\/bahiaeconomica.com.br\/wp\/beta\/","https:\/\/www.facebook.com\/taciosapirescaldas","https:\/\/www.instagram.com\/taciocaldas\/","https:\/\/www.linkedin.com\/in\/tcio-caldas\/","https:\/\/twitter.com\/taciocaldas"],"url":"https:\/\/bahiaeconomica.com.br\/wp\/author\/tc\/"}]}},"views":53,"_links":{"self":[{"href":"https:\/\/bahiaeconomica.com.br\/wp\/wp-json\/wp\/v2\/posts\/742148"}],"collection":[{"href":"https:\/\/bahiaeconomica.com.br\/wp\/wp-json\/wp\/v2\/posts"}],"about":[{"href":"https:\/\/bahiaeconomica.com.br\/wp\/wp-json\/wp\/v2\/types\/post"}],"author":[{"embeddable":true,"href":"https:\/\/bahiaeconomica.com.br\/wp\/wp-json\/wp\/v2\/users\/7"}],"replies":[{"embeddable":true,"href":"https:\/\/bahiaeconomica.com.br\/wp\/wp-json\/wp\/v2\/comments?post=742148"}],"version-history":[{"count":1,"href":"https:\/\/bahiaeconomica.com.br\/wp\/wp-json\/wp\/v2\/posts\/742148\/revisions"}],"predecessor-version":[{"id":742151,"href":"https:\/\/bahiaeconomica.com.br\/wp\/wp-json\/wp\/v2\/posts\/742148\/revisions\/742151"}],"wp:featuredmedia":[{"embeddable":true,"href":"https:\/\/bahiaeconomica.com.br\/wp\/wp-json\/wp\/v2\/media\/742149"}],"wp:attachment":[{"href":"https:\/\/bahiaeconomica.com.br\/wp\/wp-json\/wp\/v2\/media?parent=742148"}],"wp:term":[{"taxonomy":"category","embeddable":true,"href":"https:\/\/bahiaeconomica.com.br\/wp\/wp-json\/wp\/v2\/categories?post=742148"},{"taxonomy":"post_tag","embeddable":true,"href":"https:\/\/bahiaeconomica.com.br\/wp\/wp-json\/wp\/v2\/tags?post=742148"}],"curies":[{"name":"wp","href":"https:\/\/api.w.org\/{rel}","templated":true}]}}