{"id":742115,"date":"2023-06-19T13:00:37","date_gmt":"2023-06-19T16:00:37","guid":{"rendered":"https:\/\/bahiaeconomica.com.br\/wp\/?p=742115"},"modified":"2023-06-19T17:52:50","modified_gmt":"2023-06-19T20:52:50","slug":"bruno-reis-nao-define-prazo-para-reajuste-na-tarifa-de-onibus","status":"publish","type":"post","link":"https:\/\/bahiaeconomica.com.br\/wp\/2023\/06\/19\/bruno-reis-nao-define-prazo-para-reajuste-na-tarifa-de-onibus\/","title":{"rendered":"BRUNO REIS N\u00c3O DEFINE PRAZO PARA REAJUSTE NA TARIFA DE \u00d4NIBUS"},"content":{"rendered":"<p>Diante da crise enfrentada pelos transportes p\u00fablicos, a Prefeitura de Salvador n\u00e3o descarta a possibilidade de um aumento nas tarifas dos \u00f4nibus. O prefeito Bruno Reis, do partido Uni\u00e3o Brasil, revelou em entrevista \u00e0 imprensa na manh\u00e3 de segunda-feira (19) que a mudan\u00e7a ainda n\u00e3o possui um prazo definido para ser implementada e est\u00e1 em an\u00e1lise pela Ag\u00eancia Reguladora e Fiscalizadora dos Servi\u00e7os P\u00fablicos de Salvador (ARSAL).<\/p>\n<p>&#8220;Ainda n\u00e3o h\u00e1 uma defini\u00e7\u00e3o sobre o valor e a data. A discuss\u00e3o est\u00e1 em curso entre a ag\u00eancia reguladora, que tem a miss\u00e3o de mediar os interesses e entendimentos da Prefeitura, e os cons\u00f3rcios que operam o sistema. Ainda est\u00e3o sendo estabelecidos os termos finais. Essa n\u00e3o \u00e9 uma discuss\u00e3o f\u00e1cil, pois a pandemia gerou um grande desequil\u00edbrio&#8221;, afirmou Reis ap\u00f3s a entrega da conten\u00e7\u00e3o de encosta no bairro do Lobato.<\/p>\n<p>O debate em torno do reajuste tarif\u00e1rio dos \u00f4nibus teve in\u00edcio em janeiro. Na \u00e9poca, o secret\u00e1rio municipal de Mobilidade (Semob), Fabrizzio Muller, declarou que os transportes p\u00fablicos passariam por um &#8220;aumento contratual&#8221;.<\/p>\n<p>&#8220;Este ano \u00e9 um pouco diferente, n\u00e3o se trata de um reajuste tarif\u00e1rio. A cada quatro anos, realizamos uma revis\u00e3o tarif\u00e1ria em que todos os custos do sistema e das concess\u00f5es s\u00e3o avaliados&#8221;, afirmou o secret\u00e1rio da Semob em 12 de janeiro. &#8220;Projetam-se investimentos para o pr\u00f3ximo ciclo tarif\u00e1rio, a fim de chegarmos a um valor de tarifa adequado&#8221;, acrescentou.<\/p>\n<p>Cr\u00e9dito: Foto: Gil Santos\/ CORREIO<\/p>\n","protected":false},"excerpt":{"rendered":"<p>Diante da crise enfrentada pelos transportes p\u00fablicos, a Prefeitura de Salvador n\u00e3o descarta a possibilidade de um aumento nas tarifas dos \u00f4nibus. O prefeito Bruno Reis, do partido Uni\u00e3o Brasil, revelou em entrevista \u00e0 imprensa na manh\u00e3 de segunda-feira (19) que a mudan\u00e7a ainda n\u00e3o possui um prazo definido para ser implementada e est\u00e1 em [&hellip;]<\/p>\n","protected":false},"author":8,"featured_media":742117,"comment_status":"closed","ping_status":"closed","sticky":false,"template":"","format":"standard","meta":[],"categories":[3,14601],"tags":[52,1514,11325,883],"acf":[],"yoast_head":"<!-- This site is optimized with the Yoast SEO plugin v20.8 - https:\/\/yoast.com\/wordpress\/plugins\/seo\/ -->\n<title>BRUNO REIS N\u00c3O DEFINE PRAZO PARA REAJUSTE NA TARIFA DE \u00d4NIBUS - Bahia Economica<\/title>\n<meta name=\"description\" content=\"Diante da crise enfrentada pelos transportes p\u00fablicos, a Prefeitura de Salvador n\u00e3o descarta a possibilidade de um aumento nas tarifas dos\" \/>\n<meta name=\"robots\" content=\"index, follow, max-snippet:-1, max-image-preview:large, max-video-preview:-1\" \/>\n<link rel=\"canonical\" href=\"https:\/\/bahiaeconomica.com.br\/wp\/2023\/06\/19\/bruno-reis-nao-define-prazo-para-reajuste-na-tarifa-de-onibus\/\" \/>\n<meta property=\"og:locale\" content=\"pt_BR\" \/>\n<meta property=\"og:type\" content=\"article\" \/>\n<meta property=\"og:title\" content=\"BRUNO REIS N\u00c3O DEFINE PRAZO PARA REAJUSTE NA TARIFA DE \u00d4NIBUS - Bahia Economica\" \/>\n<meta property=\"og:description\" content=\"Diante da crise enfrentada pelos transportes p\u00fablicos, a Prefeitura de Salvador n\u00e3o descarta a possibilidade de um aumento nas tarifas dos\" \/>\n<meta property=\"og:url\" content=\"https:\/\/bahiaeconomica.com.br\/wp\/2023\/06\/19\/bruno-reis-nao-define-prazo-para-reajuste-na-tarifa-de-onibus\/\" \/>\n<meta property=\"og:site_name\" content=\"Bahia Economica\" \/>\n<meta property=\"article:publisher\" content=\"https:\/\/www.facebook.com\/bahiaeconomica\" \/>\n<meta property=\"article:published_time\" content=\"2023-06-19T16:00:37+00:00\" \/>\n<meta property=\"article:modified_time\" content=\"2023-06-19T20:52:50+00:00\" \/>\n<meta property=\"og:image\" content=\"https:\/\/bahiaeconomica.com.br\/wp\/wp-content\/uploads\/2023\/06\/1773696.jpg\" \/>\n\t<meta property=\"og:image:width\" content=\"1280\" \/>\n\t<meta property=\"og:image:height\" content=\"960\" \/>\n\t<meta property=\"og:image:type\" content=\"image\/jpeg\" \/>\n<meta name=\"author\" content=\"JP\" \/>\n<meta name=\"twitter:card\" content=\"summary_large_image\" \/>\n<meta name=\"twitter:label1\" content=\"Escrito por\" \/>\n\t<meta name=\"twitter:data1\" content=\"JP\" \/>\n\t<meta name=\"twitter:label2\" content=\"Est. tempo de leitura\" \/>\n\t<meta name=\"twitter:data2\" content=\"2 minutos\" \/>\n<script type=\"application\/ld+json\" class=\"yoast-schema-graph\">{\"@context\":\"https:\/\/schema.org\",\"@graph\":[{\"@type\":\"Article\",\"@id\":\"https:\/\/bahiaeconomica.com.br\/wp\/2023\/06\/19\/bruno-reis-nao-define-prazo-para-reajuste-na-tarifa-de-onibus\/#article\",\"isPartOf\":{\"@id\":\"https:\/\/bahiaeconomica.com.br\/wp\/2023\/06\/19\/bruno-reis-nao-define-prazo-para-reajuste-na-tarifa-de-onibus\/\"},\"author\":{\"name\":\"JP\",\"@id\":\"https:\/\/bahiaeconomica.com.br\/wp\/#\/schema\/person\/c86d3a3f8960425a0f9d0e5245991f4e\"},\"headline\":\"BRUNO REIS N\u00c3O DEFINE PRAZO PARA REAJUSTE NA TARIFA DE \u00d4NIBUS\",\"datePublished\":\"2023-06-19T16:00:37+00:00\",\"dateModified\":\"2023-06-19T20:52:50+00:00\",\"mainEntityOfPage\":{\"@id\":\"https:\/\/bahiaeconomica.com.br\/wp\/2023\/06\/19\/bruno-reis-nao-define-prazo-para-reajuste-na-tarifa-de-onibus\/\"},\"wordCount\":280,\"publisher\":{\"@id\":\"https:\/\/bahiaeconomica.com.br\/wp\/#organization\"},\"keywords\":[\"Brasil\",\"ONIBUS\",\"poliotica\",\"tarifa\"],\"articleSection\":[\"ECONOMIA \/ POL\u00cdTICA\",\"Pol\u00edtica\"],\"inLanguage\":\"pt-BR\"},{\"@type\":\"WebPage\",\"@id\":\"https:\/\/bahiaeconomica.com.br\/wp\/2023\/06\/19\/bruno-reis-nao-define-prazo-para-reajuste-na-tarifa-de-onibus\/\",\"url\":\"https:\/\/bahiaeconomica.com.br\/wp\/2023\/06\/19\/bruno-reis-nao-define-prazo-para-reajuste-na-tarifa-de-onibus\/\",\"name\":\"BRUNO REIS N\u00c3O DEFINE PRAZO PARA REAJUSTE NA TARIFA DE \u00d4NIBUS - Bahia Economica\",\"isPartOf\":{\"@id\":\"https:\/\/bahiaeconomica.com.br\/wp\/#website\"},\"datePublished\":\"2023-06-19T16:00:37+00:00\",\"dateModified\":\"2023-06-19T20:52:50+00:00\",\"description\":\"Diante da crise enfrentada pelos transportes p\u00fablicos, a Prefeitura de Salvador n\u00e3o descarta a possibilidade de um aumento nas tarifas dos\",\"breadcrumb\":{\"@id\":\"https:\/\/bahiaeconomica.com.br\/wp\/2023\/06\/19\/bruno-reis-nao-define-prazo-para-reajuste-na-tarifa-de-onibus\/#breadcrumb\"},\"inLanguage\":\"pt-BR\",\"potentialAction\":[{\"@type\":\"ReadAction\",\"target\":[\"https:\/\/bahiaeconomica.com.br\/wp\/2023\/06\/19\/bruno-reis-nao-define-prazo-para-reajuste-na-tarifa-de-onibus\/\"]}]},{\"@type\":\"BreadcrumbList\",\"@id\":\"https:\/\/bahiaeconomica.com.br\/wp\/2023\/06\/19\/bruno-reis-nao-define-prazo-para-reajuste-na-tarifa-de-onibus\/#breadcrumb\",\"itemListElement\":[{\"@type\":\"ListItem\",\"position\":1,\"name\":\"In\u00edcio\",\"item\":\"https:\/\/bahiaeconomica.com.br\/wp\/\"},{\"@type\":\"ListItem\",\"position\":2,\"name\":\"BRUNO REIS N\u00c3O DEFINE PRAZO PARA REAJUSTE NA TARIFA DE \u00d4NIBUS\"}]},{\"@type\":\"WebSite\",\"@id\":\"https:\/\/bahiaeconomica.com.br\/wp\/#website\",\"url\":\"https:\/\/bahiaeconomica.com.br\/wp\/\",\"name\":\"Bahia Economica\",\"description\":\"O maior portal de Economia da Bahia\",\"publisher\":{\"@id\":\"https:\/\/bahiaeconomica.com.br\/wp\/#organization\"},\"potentialAction\":[{\"@type\":\"SearchAction\",\"target\":{\"@type\":\"EntryPoint\",\"urlTemplate\":\"https:\/\/bahiaeconomica.com.br\/wp\/?s={search_term_string}\"},\"query-input\":\"required name=search_term_string\"}],\"inLanguage\":\"pt-BR\"},{\"@type\":\"Organization\",\"@id\":\"https:\/\/bahiaeconomica.com.br\/wp\/#organization\",\"name\":\"Bahia Econ\u00f4mica\",\"url\":\"https:\/\/bahiaeconomica.com.br\/wp\/\",\"logo\":{\"@type\":\"ImageObject\",\"inLanguage\":\"pt-BR\",\"@id\":\"https:\/\/bahiaeconomica.com.br\/wp\/#\/schema\/logo\/image\/\",\"url\":\"https:\/\/bahiaeconomica.com.br\/wp\/wp-content\/uploads\/2020\/12\/cropped-BE.png\",\"contentUrl\":\"https:\/\/bahiaeconomica.com.br\/wp\/wp-content\/uploads\/2020\/12\/cropped-BE.png\",\"width\":512,\"height\":512,\"caption\":\"Bahia Econ\u00f4mica\"},\"image\":{\"@id\":\"https:\/\/bahiaeconomica.com.br\/wp\/#\/schema\/logo\/image\/\"},\"sameAs\":[\"https:\/\/www.facebook.com\/bahiaeconomica\"]},{\"@type\":\"Person\",\"@id\":\"https:\/\/bahiaeconomica.com.br\/wp\/#\/schema\/person\/c86d3a3f8960425a0f9d0e5245991f4e\",\"name\":\"JP\",\"sameAs\":[\"https:\/\/bahiaeconomica.com.br\/wp\/beta\/\"],\"url\":\"https:\/\/bahiaeconomica.com.br\/wp\/author\/jp\/\"}]}<\/script>\n<!-- \/ Yoast SEO plugin. -->","yoast_head_json":{"title":"BRUNO REIS N\u00c3O DEFINE PRAZO PARA REAJUSTE NA TARIFA DE \u00d4NIBUS - Bahia Economica","description":"Diante da crise enfrentada pelos transportes p\u00fablicos, a Prefeitura de Salvador n\u00e3o descarta a possibilidade de um aumento nas tarifas dos","robots":{"index":"index","follow":"follow","max-snippet":"max-snippet:-1","max-image-preview":"max-image-preview:large","max-video-preview":"max-video-preview:-1"},"canonical":"https:\/\/bahiaeconomica.com.br\/wp\/2023\/06\/19\/bruno-reis-nao-define-prazo-para-reajuste-na-tarifa-de-onibus\/","og_locale":"pt_BR","og_type":"article","og_title":"BRUNO REIS N\u00c3O DEFINE PRAZO PARA REAJUSTE NA TARIFA DE \u00d4NIBUS - Bahia Economica","og_description":"Diante da crise enfrentada pelos transportes p\u00fablicos, a Prefeitura de Salvador n\u00e3o descarta a possibilidade de um aumento nas tarifas dos","og_url":"https:\/\/bahiaeconomica.com.br\/wp\/2023\/06\/19\/bruno-reis-nao-define-prazo-para-reajuste-na-tarifa-de-onibus\/","og_site_name":"Bahia Economica","article_publisher":"https:\/\/www.facebook.com\/bahiaeconomica","article_published_time":"2023-06-19T16:00:37+00:00","article_modified_time":"2023-06-19T20:52:50+00:00","og_image":[{"width":1280,"height":960,"url":"https:\/\/bahiaeconomica.com.br\/wp\/wp-content\/uploads\/2023\/06\/1773696.jpg","type":"image\/jpeg"}],"author":"JP","twitter_card":"summary_large_image","twitter_misc":{"Escrito por":"JP","Est. tempo de leitura":"2 minutos"},"schema":{"@context":"https:\/\/schema.org","@graph":[{"@type":"Article","@id":"https:\/\/bahiaeconomica.com.br\/wp\/2023\/06\/19\/bruno-reis-nao-define-prazo-para-reajuste-na-tarifa-de-onibus\/#article","isPartOf":{"@id":"https:\/\/bahiaeconomica.com.br\/wp\/2023\/06\/19\/bruno-reis-nao-define-prazo-para-reajuste-na-tarifa-de-onibus\/"},"author":{"name":"JP","@id":"https:\/\/bahiaeconomica.com.br\/wp\/#\/schema\/person\/c86d3a3f8960425a0f9d0e5245991f4e"},"headline":"BRUNO REIS N\u00c3O DEFINE PRAZO PARA REAJUSTE NA TARIFA DE \u00d4NIBUS","datePublished":"2023-06-19T16:00:37+00:00","dateModified":"2023-06-19T20:52:50+00:00","mainEntityOfPage":{"@id":"https:\/\/bahiaeconomica.com.br\/wp\/2023\/06\/19\/bruno-reis-nao-define-prazo-para-reajuste-na-tarifa-de-onibus\/"},"wordCount":280,"publisher":{"@id":"https:\/\/bahiaeconomica.com.br\/wp\/#organization"},"keywords":["Brasil","ONIBUS","poliotica","tarifa"],"articleSection":["ECONOMIA \/ POL\u00cdTICA","Pol\u00edtica"],"inLanguage":"pt-BR"},{"@type":"WebPage","@id":"https:\/\/bahiaeconomica.com.br\/wp\/2023\/06\/19\/bruno-reis-nao-define-prazo-para-reajuste-na-tarifa-de-onibus\/","url":"https:\/\/bahiaeconomica.com.br\/wp\/2023\/06\/19\/bruno-reis-nao-define-prazo-para-reajuste-na-tarifa-de-onibus\/","name":"BRUNO REIS N\u00c3O DEFINE PRAZO PARA REAJUSTE NA TARIFA DE \u00d4NIBUS - Bahia Economica","isPartOf":{"@id":"https:\/\/bahiaeconomica.com.br\/wp\/#website"},"datePublished":"2023-06-19T16:00:37+00:00","dateModified":"2023-06-19T20:52:50+00:00","description":"Diante da crise enfrentada pelos transportes p\u00fablicos, a Prefeitura de Salvador n\u00e3o descarta a possibilidade de um aumento nas tarifas dos","breadcrumb":{"@id":"https:\/\/bahiaeconomica.com.br\/wp\/2023\/06\/19\/bruno-reis-nao-define-prazo-para-reajuste-na-tarifa-de-onibus\/#breadcrumb"},"inLanguage":"pt-BR","potentialAction":[{"@type":"ReadAction","target":["https:\/\/bahiaeconomica.com.br\/wp\/2023\/06\/19\/bruno-reis-nao-define-prazo-para-reajuste-na-tarifa-de-onibus\/"]}]},{"@type":"BreadcrumbList","@id":"https:\/\/bahiaeconomica.com.br\/wp\/2023\/06\/19\/bruno-reis-nao-define-prazo-para-reajuste-na-tarifa-de-onibus\/#breadcrumb","itemListElement":[{"@type":"ListItem","position":1,"name":"In\u00edcio","item":"https:\/\/bahiaeconomica.com.br\/wp\/"},{"@type":"ListItem","position":2,"name":"BRUNO REIS N\u00c3O DEFINE PRAZO PARA REAJUSTE NA TARIFA DE \u00d4NIBUS"}]},{"@type":"WebSite","@id":"https:\/\/bahiaeconomica.com.br\/wp\/#website","url":"https:\/\/bahiaeconomica.com.br\/wp\/","name":"Bahia Economica","description":"O maior portal de Economia da Bahia","publisher":{"@id":"https:\/\/bahiaeconomica.com.br\/wp\/#organization"},"potentialAction":[{"@type":"SearchAction","target":{"@type":"EntryPoint","urlTemplate":"https:\/\/bahiaeconomica.com.br\/wp\/?s={search_term_string}"},"query-input":"required name=search_term_string"}],"inLanguage":"pt-BR"},{"@type":"Organization","@id":"https:\/\/bahiaeconomica.com.br\/wp\/#organization","name":"Bahia Econ\u00f4mica","url":"https:\/\/bahiaeconomica.com.br\/wp\/","logo":{"@type":"ImageObject","inLanguage":"pt-BR","@id":"https:\/\/bahiaeconomica.com.br\/wp\/#\/schema\/logo\/image\/","url":"https:\/\/bahiaeconomica.com.br\/wp\/wp-content\/uploads\/2020\/12\/cropped-BE.png","contentUrl":"https:\/\/bahiaeconomica.com.br\/wp\/wp-content\/uploads\/2020\/12\/cropped-BE.png","width":512,"height":512,"caption":"Bahia Econ\u00f4mica"},"image":{"@id":"https:\/\/bahiaeconomica.com.br\/wp\/#\/schema\/logo\/image\/"},"sameAs":["https:\/\/www.facebook.com\/bahiaeconomica"]},{"@type":"Person","@id":"https:\/\/bahiaeconomica.com.br\/wp\/#\/schema\/person\/c86d3a3f8960425a0f9d0e5245991f4e","name":"JP","sameAs":["https:\/\/bahiaeconomica.com.br\/wp\/beta\/"],"url":"https:\/\/bahiaeconomica.com.br\/wp\/author\/jp\/"}]}},"views":7,"_links":{"self":[{"href":"https:\/\/bahiaeconomica.com.br\/wp\/wp-json\/wp\/v2\/posts\/742115"}],"collection":[{"href":"https:\/\/bahiaeconomica.com.br\/wp\/wp-json\/wp\/v2\/posts"}],"about":[{"href":"https:\/\/bahiaeconomica.com.br\/wp\/wp-json\/wp\/v2\/types\/post"}],"author":[{"embeddable":true,"href":"https:\/\/bahiaeconomica.com.br\/wp\/wp-json\/wp\/v2\/users\/8"}],"replies":[{"embeddable":true,"href":"https:\/\/bahiaeconomica.com.br\/wp\/wp-json\/wp\/v2\/comments?post=742115"}],"version-history":[{"count":1,"href":"https:\/\/bahiaeconomica.com.br\/wp\/wp-json\/wp\/v2\/posts\/742115\/revisions"}],"predecessor-version":[{"id":742118,"href":"https:\/\/bahiaeconomica.com.br\/wp\/wp-json\/wp\/v2\/posts\/742115\/revisions\/742118"}],"wp:featuredmedia":[{"embeddable":true,"href":"https:\/\/bahiaeconomica.com.br\/wp\/wp-json\/wp\/v2\/media\/742117"}],"wp:attachment":[{"href":"https:\/\/bahiaeconomica.com.br\/wp\/wp-json\/wp\/v2\/media?parent=742115"}],"wp:term":[{"taxonomy":"category","embeddable":true,"href":"https:\/\/bahiaeconomica.com.br\/wp\/wp-json\/wp\/v2\/categories?post=742115"},{"taxonomy":"post_tag","embeddable":true,"href":"https:\/\/bahiaeconomica.com.br\/wp\/wp-json\/wp\/v2\/tags?post=742115"}],"curies":[{"name":"wp","href":"https:\/\/api.w.org\/{rel}","templated":true}]}}