{"id":740239,"date":"2023-06-05T15:56:26","date_gmt":"2023-06-05T18:56:26","guid":{"rendered":"https:\/\/bahiaeconomica.com.br\/wp\/beta\/2023\/06\/05\/seguranca-e-sustentabilidade-sao-aliadas-em-encostas-verdes-realizadas-pela-conder\/"},"modified":"2023-06-05T15:56:26","modified_gmt":"2023-06-05T18:56:26","slug":"seguranca-e-sustentabilidade-sao-aliadas-em-encostas-verdes-realizadas-pela-conder","status":"publish","type":"post","link":"https:\/\/bahiaeconomica.com.br\/wp\/2023\/06\/05\/seguranca-e-sustentabilidade-sao-aliadas-em-encostas-verdes-realizadas-pela-conder\/","title":{"rendered":"SEGURAN\u00c7A E SUSTENTABILIDADE S\u00c3O ALIADAS EM ENCOSTAS VERDES REALIZADAS PELA CONDER"},"content":{"rendered":"<p>Desde 2014, a Conder vem realizando um trabalho que mudou a vida de dezenas de milhares de fam\u00edlias ao proporcionar seguran\u00e7a para seus lares e a possibilidade de dormir tranquilo nos dias de chuva.<\/p>\n<p><!--more--><\/p>\n<p>Foram 109 obras de conten\u00e7\u00e3o de encosta em Salvador e no interior. Se o benef\u00edcio \u00e0 seguran\u00e7a \u00e9 indiscut\u00edvel, muitas vezes o revestimento de concreto pode trazer uma certa aridez \u00e0 paisagem. Mas existe uma t\u00e9cnica que melhora esse aspecto, mantem uma maior porcentagem de solo perme\u00e1vel, ajuda a controlar o microclima ao mesmo tempo que confere estabilidade: \u00e9 o solo grampeado verde e a Conder tem inovado ao utiliz\u00e1-la em suas encostas.\u00a0 O solo grampeado verde para a conten\u00e7\u00e3o de encostas tem algumas vantagens: rapidez, custos mais baixos, facilidade de execu\u00e7\u00e3o, apelo visual e sustentabilidade. O uso de materiais naturais e abordagens ecologicamente corretas tornam o solo grampeado verde uma op\u00e7\u00e3o muito atrativa para a estabiliza\u00e7\u00e3o de encostas.<\/p>\n<p>A t\u00e9cnica de solo grampeado verde envolve a regulariza\u00e7\u00e3o do solo, perfura\u00e7\u00e3o e inje\u00e7\u00e3o de \u00e2ncoras ou barras de a\u00e7o para garantir a estabilidade do solo que em seguida recebe a aplica\u00e7\u00e3o de coberturas verdes como hidrossemeadura e grama em placa, aliados a elementos de refor\u00e7o como geossint\u00e9ticos, biomanta e telas met\u00e1licas de alta resist\u00eancia. \u201cEssa abordagem controla efetivamente a eros\u00e3o, protegendo o solo contra a a\u00e7\u00e3o da chuva e do vento desde que seja aliada a uma solu\u00e7\u00e3o de drenagem que encaminhe o fluxo de \u00e1gua para locais adequados, evitando o encharcamento do solo\u201d, explica o diretor de Habita\u00e7\u00e3o e Urbaniza\u00e7\u00e3o Integrada, Carlos Kl\u00e9ber Costa de Almeida.<\/p>\n<p>Atualmente, a Conder utiliza a t\u00e9cnica do solo grampeado verde nas obras do Alto da Rodagem, no munic\u00edpio de Cachoeira. Na cidade, foram entregues duas obras de conten\u00e7\u00e3o de encostas em maio desse ano, e outras tr\u00eas est\u00e3o em execu\u00e7\u00e3o neste momento. Al\u00e9m da encosta verde em Cachoeira, a Conder concluiu com sucesso as obras de estabiliza\u00e7\u00e3o de encostas, com a t\u00e9cnica do solo grampeado verde, da Funda\u00e7\u00e3o da Crian\u00e7a e do Adolescente (Fundac), da Creche Hero\u00edna do Lar, da Vila Fernandes e da Rua Chile e 3\u00aa Travessa Real, em Plataforma, todas em Salvador. A encosta da Creche Hero\u00edna do Lar \u00e9 considerada refer\u00eancia da t\u00e9cnica entre as obras realizadas pela Conder por ser a obra com maior \u00e1rea utilizando o solo grampeado verde.<\/p>\n<p>Sob o ponto de vista ambiental as vantagens s\u00e3o imensas. \u201cA vegeta\u00e7\u00e3o \u00e9 importante nas cidades, de maneira geral, para melhorar a qualidade do ar e a qualidade clim\u00e1tica e microclim\u00e1tica. Isso porque ela reduz os efeitos da polui\u00e7\u00e3o no ar, diminui o calor e torna o ambiente mais bonito e agrad\u00e1vel tamb\u00e9m, inclusive por causa da atra\u00e7\u00e3o de animais, como as aves\u201d aponta Samadhi Pimentel, bi\u00f3logo da Conder. O plantio de vegeta\u00e7\u00e3o diretamente nas \u00e1reas tratadas n\u00e3o \u00e9 recomendado \u00e0 popula\u00e7\u00e3o j\u00e1 que \u00e9 necess\u00e1rio conhecimento e cuidado na sele\u00e7\u00e3o das esp\u00e9cies. Isso porque o ac\u00famulo de \u00e1gua nas ra\u00edzes e aumento do peso suportado pelo solo podem diminuir a seguran\u00e7a das encostas. Mas para Samadhi isso n\u00e3o significa que nenhuma esp\u00e9cie possa ser plantada nos taludes recuperados com o solo grampeado verde: \u201cexistem esp\u00e9cies nativas ou naturalizadas que s\u00e3o forrageiras, arbustivas e at\u00e9 arb\u00f3reas, que se desenvolvem bem em terrenos \u00edngremes e, ainda por cima, tem um sistema de ra\u00edzes que funcionam como uma conten\u00e7\u00e3o natural de taludes\u201d.<\/p>\n<p>Durante os estudos geot\u00e9cnicos para determinar a solu\u00e7\u00e3o de estabiliza\u00e7\u00e3o mais adequada, \u00e9 dada aten\u00e7\u00e3o especial \u00e0 sele\u00e7\u00e3o de vegeta\u00e7\u00e3o que possa se adaptar de forma sustent\u00e1vel ao solo e ao ambiente local.<\/p>\n<p>Desafios para implanta\u00e7\u00e3o<\/p>\n<p>Apesar das muitas vantagens, n\u00e3o s\u00e3o todas as encostas que podem ser contidas com solo grampeado verde. As encostas implantadas pela Conder passam por uma fase de estudo para definir a melhor t\u00e9cnica a ser utilizada &#8211; ela vai variar de acordo com as caracter\u00edsticas do solo e inclina\u00e7\u00e3o do local. N\u00e3o \u00e9 poss\u00edvel implantar a solu\u00e7\u00e3o em declives verticais, sendo necess\u00e1rio um n\u00edvel m\u00ednimo de inclina\u00e7\u00e3o. \u201cA drenagem, respons\u00e1vel pelo direcionamento das \u00e1guas pluviais, \u00e9 determinante para estabiliza\u00e7\u00e3o da encosta, prevenindo a gera\u00e7\u00e3o de poropress\u00f5es e protegendo a face do talude, complementa\u00e7\u00e3o imprescind\u00edvel \u00e0 cobertura verde\u201d, explica afirma Adriana Luz, superintendente de Preven\u00e7\u00e3o de Desastres da Conder.<\/p>\n<p>Entretanto, os maiores desafios est\u00e3o na manuten\u00e7\u00e3o desse sistema e na percep\u00e7\u00e3o da popula\u00e7\u00e3o e gestores. \u201cO frequente ac\u00famulo de lixo, obstruindo a passagem da \u00e1gua, as queimadas, a reocupa\u00e7\u00e3o das \u00e1reas tratadas e a necessidade de compreens\u00e3o p\u00fablica em rela\u00e7\u00e3o \u00e0 funcionalidade da solu\u00e7\u00e3o s\u00e3o os maiores desafios sociais para a manuten\u00e7\u00e3o desse sistema,\u201d afirma a superintendente. Com isso, a op\u00e7\u00e3o pela cobertura verde, passa tamb\u00e9m por uma an\u00e1lise do padr\u00e3o de ocupa\u00e7\u00e3o do local e requer fiscaliza\u00e7\u00e3o constante para evitar ocupa\u00e7\u00f5es irregulares e modifica\u00e7\u00f5es no talude, j\u00e1 que h\u00e1 mais facilidade em modific\u00e1-lo do que os revestimentos de concreto.<\/p>\n<p>\u201cA ideia de progresso e moderniza\u00e7\u00e3o nas cidades sempre esteve muito vinculada a obras de engenharia que levaram edifica\u00e7\u00f5es de concreto, \u00e1reas asfaltadas, por exemplo, e, consequentemente, \u00e0 diminui\u00e7\u00e3o de \u00e1reas verdes e de espa\u00e7os tidos como naturais.\u00a0 O problema n\u00e3o \u00e9 necessariamente a exist\u00eancia de obras desse tipo, e sim o lugar que elas ocupam no imagin\u00e1rio popular. Quer dizer que se a obra n\u00e3o \u00e9 de determinado tipo, ela n\u00e3o simboliza progresso. \u00c9 imprescind\u00edvel reconstruir a ideia de progresso e de modernidade. A gente tem demandas socioambientais que colocam isso como algo urgente\u201d defende Samadhi.<\/p>\n<p>Foto: divulga\u00e7\u00e3o<\/p>\n","protected":false},"excerpt":{"rendered":"<p>Desde 2014, a Conder vem realizando um trabalho que mudou a vida de dezenas de milhares de fam\u00edlias ao proporcionar seguran\u00e7a para seus lares e a possibilidade de dormir tranquilo nos dias de chuva.<\/p>\n","protected":false},"author":8,"featured_media":740240,"comment_status":"open","ping_status":"open","sticky":false,"template":"","format":"standard","meta":[],"categories":[3],"tags":[52,2819,449,100],"acf":[],"yoast_head":"<!-- This site is optimized with the Yoast SEO plugin v20.8 - https:\/\/yoast.com\/wordpress\/plugins\/seo\/ -->\n<title>SEGURAN\u00c7A E SUSTENTABILIDADE S\u00c3O ALIADAS EM ENCOSTAS VERDES REALIZADAS PELA CONDER - Bahia Economica<\/title>\n<meta name=\"description\" content=\"O maior portal de Economia da Bahia ECONOMIA \/ POL\u00cdTICA Bahia Economica\" \/>\n<meta name=\"robots\" content=\"index, follow, max-snippet:-1, max-image-preview:large, max-video-preview:-1\" \/>\n<link rel=\"canonical\" href=\"https:\/\/bahiaeconomica.com.br\/wp\/2023\/06\/05\/seguranca-e-sustentabilidade-sao-aliadas-em-encostas-verdes-realizadas-pela-conder\/\" \/>\n<meta property=\"og:locale\" content=\"pt_BR\" \/>\n<meta property=\"og:type\" content=\"article\" \/>\n<meta property=\"og:title\" content=\"SEGURAN\u00c7A E SUSTENTABILIDADE S\u00c3O ALIADAS EM ENCOSTAS VERDES REALIZADAS PELA CONDER - Bahia Economica\" \/>\n<meta property=\"og:description\" content=\"O maior portal de Economia da Bahia ECONOMIA \/ POL\u00cdTICA Bahia Economica\" \/>\n<meta property=\"og:url\" content=\"https:\/\/bahiaeconomica.com.br\/wp\/2023\/06\/05\/seguranca-e-sustentabilidade-sao-aliadas-em-encostas-verdes-realizadas-pela-conder\/\" \/>\n<meta property=\"og:site_name\" content=\"Bahia Economica\" \/>\n<meta property=\"article:publisher\" content=\"https:\/\/www.facebook.com\/bahiaeconomica\" \/>\n<meta property=\"article:published_time\" content=\"2023-06-05T18:56:26+00:00\" \/>\n<meta property=\"og:image\" content=\"https:\/\/bahiaeconomica.com.br\/wp\/wp-content\/uploads\/2023\/06\/WhatsApp-Image-2023-06-05-at-12.13.12.jpeg\" \/>\n\t<meta property=\"og:image:width\" content=\"1600\" \/>\n\t<meta property=\"og:image:height\" content=\"1200\" \/>\n\t<meta property=\"og:image:type\" content=\"image\/jpeg\" \/>\n<meta name=\"author\" content=\"JP\" \/>\n<meta name=\"twitter:card\" content=\"summary_large_image\" \/>\n<meta name=\"twitter:label1\" content=\"Escrito por\" \/>\n\t<meta name=\"twitter:data1\" content=\"JP\" \/>\n\t<meta name=\"twitter:label2\" content=\"Est. tempo de leitura\" \/>\n\t<meta name=\"twitter:data2\" content=\"5 minutos\" \/>\n<script type=\"application\/ld+json\" class=\"yoast-schema-graph\">{\"@context\":\"https:\/\/schema.org\",\"@graph\":[{\"@type\":\"Article\",\"@id\":\"https:\/\/bahiaeconomica.com.br\/wp\/2023\/06\/05\/seguranca-e-sustentabilidade-sao-aliadas-em-encostas-verdes-realizadas-pela-conder\/#article\",\"isPartOf\":{\"@id\":\"https:\/\/bahiaeconomica.com.br\/wp\/2023\/06\/05\/seguranca-e-sustentabilidade-sao-aliadas-em-encostas-verdes-realizadas-pela-conder\/\"},\"author\":{\"name\":\"JP\",\"@id\":\"https:\/\/bahiaeconomica.com.br\/wp\/#\/schema\/person\/c86d3a3f8960425a0f9d0e5245991f4e\"},\"headline\":\"SEGURAN\u00c7A E SUSTENTABILIDADE S\u00c3O ALIADAS EM ENCOSTAS VERDES REALIZADAS PELA CONDER\",\"datePublished\":\"2023-06-05T18:56:26+00:00\",\"dateModified\":\"2023-06-05T18:56:26+00:00\",\"mainEntityOfPage\":{\"@id\":\"https:\/\/bahiaeconomica.com.br\/wp\/2023\/06\/05\/seguranca-e-sustentabilidade-sao-aliadas-em-encostas-verdes-realizadas-pela-conder\/\"},\"wordCount\":1019,\"commentCount\":0,\"publisher\":{\"@id\":\"https:\/\/bahiaeconomica.com.br\/wp\/#organization\"},\"keywords\":[\"Brasil\",\"conder\",\"ministro\",\"Pol\u00edtica\"],\"articleSection\":[\"ECONOMIA \/ POL\u00cdTICA\"],\"inLanguage\":\"pt-BR\",\"potentialAction\":[{\"@type\":\"CommentAction\",\"name\":\"Comment\",\"target\":[\"https:\/\/bahiaeconomica.com.br\/wp\/2023\/06\/05\/seguranca-e-sustentabilidade-sao-aliadas-em-encostas-verdes-realizadas-pela-conder\/#respond\"]}]},{\"@type\":\"WebPage\",\"@id\":\"https:\/\/bahiaeconomica.com.br\/wp\/2023\/06\/05\/seguranca-e-sustentabilidade-sao-aliadas-em-encostas-verdes-realizadas-pela-conder\/\",\"url\":\"https:\/\/bahiaeconomica.com.br\/wp\/2023\/06\/05\/seguranca-e-sustentabilidade-sao-aliadas-em-encostas-verdes-realizadas-pela-conder\/\",\"name\":\"SEGURAN\u00c7A E SUSTENTABILIDADE S\u00c3O ALIADAS EM ENCOSTAS VERDES REALIZADAS PELA CONDER - Bahia Economica\",\"isPartOf\":{\"@id\":\"https:\/\/bahiaeconomica.com.br\/wp\/#website\"},\"datePublished\":\"2023-06-05T18:56:26+00:00\",\"dateModified\":\"2023-06-05T18:56:26+00:00\",\"description\":\"O maior portal de Economia da Bahia ECONOMIA \/ POL\u00cdTICA Bahia Economica\",\"breadcrumb\":{\"@id\":\"https:\/\/bahiaeconomica.com.br\/wp\/2023\/06\/05\/seguranca-e-sustentabilidade-sao-aliadas-em-encostas-verdes-realizadas-pela-conder\/#breadcrumb\"},\"inLanguage\":\"pt-BR\",\"potentialAction\":[{\"@type\":\"ReadAction\",\"target\":[\"https:\/\/bahiaeconomica.com.br\/wp\/2023\/06\/05\/seguranca-e-sustentabilidade-sao-aliadas-em-encostas-verdes-realizadas-pela-conder\/\"]}]},{\"@type\":\"BreadcrumbList\",\"@id\":\"https:\/\/bahiaeconomica.com.br\/wp\/2023\/06\/05\/seguranca-e-sustentabilidade-sao-aliadas-em-encostas-verdes-realizadas-pela-conder\/#breadcrumb\",\"itemListElement\":[{\"@type\":\"ListItem\",\"position\":1,\"name\":\"In\u00edcio\",\"item\":\"https:\/\/bahiaeconomica.com.br\/wp\/\"},{\"@type\":\"ListItem\",\"position\":2,\"name\":\"SEGURAN\u00c7A E SUSTENTABILIDADE S\u00c3O ALIADAS EM ENCOSTAS VERDES REALIZADAS PELA CONDER\"}]},{\"@type\":\"WebSite\",\"@id\":\"https:\/\/bahiaeconomica.com.br\/wp\/#website\",\"url\":\"https:\/\/bahiaeconomica.com.br\/wp\/\",\"name\":\"Bahia Economica\",\"description\":\"O maior portal de Economia da Bahia\",\"publisher\":{\"@id\":\"https:\/\/bahiaeconomica.com.br\/wp\/#organization\"},\"potentialAction\":[{\"@type\":\"SearchAction\",\"target\":{\"@type\":\"EntryPoint\",\"urlTemplate\":\"https:\/\/bahiaeconomica.com.br\/wp\/?s={search_term_string}\"},\"query-input\":\"required name=search_term_string\"}],\"inLanguage\":\"pt-BR\"},{\"@type\":\"Organization\",\"@id\":\"https:\/\/bahiaeconomica.com.br\/wp\/#organization\",\"name\":\"Bahia Econ\u00f4mica\",\"url\":\"https:\/\/bahiaeconomica.com.br\/wp\/\",\"logo\":{\"@type\":\"ImageObject\",\"inLanguage\":\"pt-BR\",\"@id\":\"https:\/\/bahiaeconomica.com.br\/wp\/#\/schema\/logo\/image\/\",\"url\":\"https:\/\/bahiaeconomica.com.br\/wp\/wp-content\/uploads\/2020\/12\/cropped-BE.png\",\"contentUrl\":\"https:\/\/bahiaeconomica.com.br\/wp\/wp-content\/uploads\/2020\/12\/cropped-BE.png\",\"width\":512,\"height\":512,\"caption\":\"Bahia Econ\u00f4mica\"},\"image\":{\"@id\":\"https:\/\/bahiaeconomica.com.br\/wp\/#\/schema\/logo\/image\/\"},\"sameAs\":[\"https:\/\/www.facebook.com\/bahiaeconomica\"]},{\"@type\":\"Person\",\"@id\":\"https:\/\/bahiaeconomica.com.br\/wp\/#\/schema\/person\/c86d3a3f8960425a0f9d0e5245991f4e\",\"name\":\"JP\",\"sameAs\":[\"https:\/\/bahiaeconomica.com.br\/wp\/beta\/\"],\"url\":\"https:\/\/bahiaeconomica.com.br\/wp\/author\/jp\/\"}]}<\/script>\n<!-- \/ Yoast SEO plugin. -->","yoast_head_json":{"title":"SEGURAN\u00c7A E SUSTENTABILIDADE S\u00c3O ALIADAS EM ENCOSTAS VERDES REALIZADAS PELA CONDER - Bahia Economica","description":"O maior portal de Economia da Bahia ECONOMIA \/ POL\u00cdTICA Bahia Economica","robots":{"index":"index","follow":"follow","max-snippet":"max-snippet:-1","max-image-preview":"max-image-preview:large","max-video-preview":"max-video-preview:-1"},"canonical":"https:\/\/bahiaeconomica.com.br\/wp\/2023\/06\/05\/seguranca-e-sustentabilidade-sao-aliadas-em-encostas-verdes-realizadas-pela-conder\/","og_locale":"pt_BR","og_type":"article","og_title":"SEGURAN\u00c7A E SUSTENTABILIDADE S\u00c3O ALIADAS EM ENCOSTAS VERDES REALIZADAS PELA CONDER - Bahia Economica","og_description":"O maior portal de Economia da Bahia ECONOMIA \/ POL\u00cdTICA Bahia Economica","og_url":"https:\/\/bahiaeconomica.com.br\/wp\/2023\/06\/05\/seguranca-e-sustentabilidade-sao-aliadas-em-encostas-verdes-realizadas-pela-conder\/","og_site_name":"Bahia Economica","article_publisher":"https:\/\/www.facebook.com\/bahiaeconomica","article_published_time":"2023-06-05T18:56:26+00:00","og_image":[{"width":1600,"height":1200,"url":"https:\/\/bahiaeconomica.com.br\/wp\/wp-content\/uploads\/2023\/06\/WhatsApp-Image-2023-06-05-at-12.13.12.jpeg","type":"image\/jpeg"}],"author":"JP","twitter_card":"summary_large_image","twitter_misc":{"Escrito por":"JP","Est. tempo de leitura":"5 minutos"},"schema":{"@context":"https:\/\/schema.org","@graph":[{"@type":"Article","@id":"https:\/\/bahiaeconomica.com.br\/wp\/2023\/06\/05\/seguranca-e-sustentabilidade-sao-aliadas-em-encostas-verdes-realizadas-pela-conder\/#article","isPartOf":{"@id":"https:\/\/bahiaeconomica.com.br\/wp\/2023\/06\/05\/seguranca-e-sustentabilidade-sao-aliadas-em-encostas-verdes-realizadas-pela-conder\/"},"author":{"name":"JP","@id":"https:\/\/bahiaeconomica.com.br\/wp\/#\/schema\/person\/c86d3a3f8960425a0f9d0e5245991f4e"},"headline":"SEGURAN\u00c7A E SUSTENTABILIDADE S\u00c3O ALIADAS EM ENCOSTAS VERDES REALIZADAS PELA CONDER","datePublished":"2023-06-05T18:56:26+00:00","dateModified":"2023-06-05T18:56:26+00:00","mainEntityOfPage":{"@id":"https:\/\/bahiaeconomica.com.br\/wp\/2023\/06\/05\/seguranca-e-sustentabilidade-sao-aliadas-em-encostas-verdes-realizadas-pela-conder\/"},"wordCount":1019,"commentCount":0,"publisher":{"@id":"https:\/\/bahiaeconomica.com.br\/wp\/#organization"},"keywords":["Brasil","conder","ministro","Pol\u00edtica"],"articleSection":["ECONOMIA \/ POL\u00cdTICA"],"inLanguage":"pt-BR","potentialAction":[{"@type":"CommentAction","name":"Comment","target":["https:\/\/bahiaeconomica.com.br\/wp\/2023\/06\/05\/seguranca-e-sustentabilidade-sao-aliadas-em-encostas-verdes-realizadas-pela-conder\/#respond"]}]},{"@type":"WebPage","@id":"https:\/\/bahiaeconomica.com.br\/wp\/2023\/06\/05\/seguranca-e-sustentabilidade-sao-aliadas-em-encostas-verdes-realizadas-pela-conder\/","url":"https:\/\/bahiaeconomica.com.br\/wp\/2023\/06\/05\/seguranca-e-sustentabilidade-sao-aliadas-em-encostas-verdes-realizadas-pela-conder\/","name":"SEGURAN\u00c7A E SUSTENTABILIDADE S\u00c3O ALIADAS EM ENCOSTAS VERDES REALIZADAS PELA CONDER - Bahia Economica","isPartOf":{"@id":"https:\/\/bahiaeconomica.com.br\/wp\/#website"},"datePublished":"2023-06-05T18:56:26+00:00","dateModified":"2023-06-05T18:56:26+00:00","description":"O maior portal de Economia da Bahia ECONOMIA \/ POL\u00cdTICA Bahia Economica","breadcrumb":{"@id":"https:\/\/bahiaeconomica.com.br\/wp\/2023\/06\/05\/seguranca-e-sustentabilidade-sao-aliadas-em-encostas-verdes-realizadas-pela-conder\/#breadcrumb"},"inLanguage":"pt-BR","potentialAction":[{"@type":"ReadAction","target":["https:\/\/bahiaeconomica.com.br\/wp\/2023\/06\/05\/seguranca-e-sustentabilidade-sao-aliadas-em-encostas-verdes-realizadas-pela-conder\/"]}]},{"@type":"BreadcrumbList","@id":"https:\/\/bahiaeconomica.com.br\/wp\/2023\/06\/05\/seguranca-e-sustentabilidade-sao-aliadas-em-encostas-verdes-realizadas-pela-conder\/#breadcrumb","itemListElement":[{"@type":"ListItem","position":1,"name":"In\u00edcio","item":"https:\/\/bahiaeconomica.com.br\/wp\/"},{"@type":"ListItem","position":2,"name":"SEGURAN\u00c7A E SUSTENTABILIDADE S\u00c3O ALIADAS EM ENCOSTAS VERDES REALIZADAS PELA CONDER"}]},{"@type":"WebSite","@id":"https:\/\/bahiaeconomica.com.br\/wp\/#website","url":"https:\/\/bahiaeconomica.com.br\/wp\/","name":"Bahia Economica","description":"O maior portal de Economia da Bahia","publisher":{"@id":"https:\/\/bahiaeconomica.com.br\/wp\/#organization"},"potentialAction":[{"@type":"SearchAction","target":{"@type":"EntryPoint","urlTemplate":"https:\/\/bahiaeconomica.com.br\/wp\/?s={search_term_string}"},"query-input":"required name=search_term_string"}],"inLanguage":"pt-BR"},{"@type":"Organization","@id":"https:\/\/bahiaeconomica.com.br\/wp\/#organization","name":"Bahia Econ\u00f4mica","url":"https:\/\/bahiaeconomica.com.br\/wp\/","logo":{"@type":"ImageObject","inLanguage":"pt-BR","@id":"https:\/\/bahiaeconomica.com.br\/wp\/#\/schema\/logo\/image\/","url":"https:\/\/bahiaeconomica.com.br\/wp\/wp-content\/uploads\/2020\/12\/cropped-BE.png","contentUrl":"https:\/\/bahiaeconomica.com.br\/wp\/wp-content\/uploads\/2020\/12\/cropped-BE.png","width":512,"height":512,"caption":"Bahia Econ\u00f4mica"},"image":{"@id":"https:\/\/bahiaeconomica.com.br\/wp\/#\/schema\/logo\/image\/"},"sameAs":["https:\/\/www.facebook.com\/bahiaeconomica"]},{"@type":"Person","@id":"https:\/\/bahiaeconomica.com.br\/wp\/#\/schema\/person\/c86d3a3f8960425a0f9d0e5245991f4e","name":"JP","sameAs":["https:\/\/bahiaeconomica.com.br\/wp\/beta\/"],"url":"https:\/\/bahiaeconomica.com.br\/wp\/author\/jp\/"}]}},"views":18,"_links":{"self":[{"href":"https:\/\/bahiaeconomica.com.br\/wp\/wp-json\/wp\/v2\/posts\/740239"}],"collection":[{"href":"https:\/\/bahiaeconomica.com.br\/wp\/wp-json\/wp\/v2\/posts"}],"about":[{"href":"https:\/\/bahiaeconomica.com.br\/wp\/wp-json\/wp\/v2\/types\/post"}],"author":[{"embeddable":true,"href":"https:\/\/bahiaeconomica.com.br\/wp\/wp-json\/wp\/v2\/users\/8"}],"replies":[{"embeddable":true,"href":"https:\/\/bahiaeconomica.com.br\/wp\/wp-json\/wp\/v2\/comments?post=740239"}],"version-history":[{"count":0,"href":"https:\/\/bahiaeconomica.com.br\/wp\/wp-json\/wp\/v2\/posts\/740239\/revisions"}],"wp:featuredmedia":[{"embeddable":true,"href":"https:\/\/bahiaeconomica.com.br\/wp\/wp-json\/wp\/v2\/media\/740240"}],"wp:attachment":[{"href":"https:\/\/bahiaeconomica.com.br\/wp\/wp-json\/wp\/v2\/media?parent=740239"}],"wp:term":[{"taxonomy":"category","embeddable":true,"href":"https:\/\/bahiaeconomica.com.br\/wp\/wp-json\/wp\/v2\/categories?post=740239"},{"taxonomy":"post_tag","embeddable":true,"href":"https:\/\/bahiaeconomica.com.br\/wp\/wp-json\/wp\/v2\/tags?post=740239"}],"curies":[{"name":"wp","href":"https:\/\/api.w.org\/{rel}","templated":true}]}}