{"id":739867,"date":"2023-06-09T09:14:19","date_gmt":"2023-06-09T12:14:19","guid":{"rendered":"https:\/\/bahiaeconomica.com.br\/wp\/beta\/2023\/06\/09\/primor-patrocina-sao-joao-de-campina-grande-e-acoes-em-caruaru\/"},"modified":"2023-06-09T09:14:19","modified_gmt":"2023-06-09T12:14:19","slug":"primor-patrocina-sao-joao-de-campina-grande-e-acoes-em-caruaru","status":"publish","type":"post","link":"https:\/\/bahiaeconomica.com.br\/wp\/2023\/06\/09\/primor-patrocina-sao-joao-de-campina-grande-e-acoes-em-caruaru\/","title":{"rendered":"PRIMOR PATROCINA S\u00c3O JO\u00c3O DE CAMPINA GRANDE E A\u00c7\u00d5ES EM CARUARU"},"content":{"rendered":"<p>Sin\u00f4nimo de tradi\u00e7\u00e3o, divers\u00e3o e muito sabor, a Primor, a margarina mais lembrada e consumida no Nordeste, patrocina mais uma vez o S\u00e3o Jo\u00e3o de Campina Grande, considerado um dos maiores do mundo.<\/p>\n<p><!--more--><\/p>\n<p>J\u00e1 em Caruaru (PE) a marca vai estar presente em diversos eventos durante o m\u00eas de junho. Al\u00e9m disso, estar\u00e1 presente tamb\u00e9m nas festas de Santo Ant\u00f4nio de Jesus (BA), Mossor\u00f3 (RN), Maracana\u00fa (CE) e S\u00e3o Lu\u00eds (MA).<\/p>\n<p>Al\u00e9m da presen\u00e7a nos dias oficiais das festividades, as ativa\u00e7\u00f5es para a \u00e9poca mais aguardada pelos nordestinos v\u00e3o desde a embalagem com design exclusivo composto de elementos que remetem \u00e0 cultura local, at\u00e9 o patroc\u00ednio cultural nos eventos do Circuito Comidas Gigantes de Caruaru e no Casamento Coletivo em Campina Grande.<\/p>\n<p>Para contar as hist\u00f3rias juninas primorosas e de um jeito especial, o poeta Br\u00e1ulio Bessa foi convidado para comandar a Webs\u00e9rie Primorosa nas redes sociais. Al\u00e9m disso, um time de influenciadores digitais completa a iniciativa com cria\u00e7\u00e3o de conte\u00fado contando como s\u00e3o as festas juninas nos nove estados.<\/p>\n<p>De acordo com Michele Srour, diretora de Marketing de Seara Margarinas da Primor, o projeto tem o objetivo de manter viva as tradi\u00e7\u00f5es regionais com o princ\u00edpio de valorizar as hist\u00f3rias, as receitas, mas principalmente, as pessoas. \u201cN\u00e3o existe S\u00e3o Jo\u00e3o sem Primor. A marca faz parte da hist\u00f3ria das fam\u00edlias nordestinas h\u00e1 mais de 50 anos e temos muito orgulho disso. A qualidade e dedica\u00e7\u00e3o com que desenvolvemos cada um dos nossos produtos combina com o carinho que a popula\u00e7\u00e3o prepara cada detalhe do S\u00e3o Jo\u00e3o nessas duas cidades\u201d, conta.<\/p>\n<p>Ainda segundo a diretora, o reconhecimento \u00e9 reflexo da forte rela\u00e7\u00e3o estabelecida com os consumidores. \u201cO S\u00e3o Jo\u00e3o \u00e9 a festa ideal para traduzir o conceito da nossa marca e interagir com nosso p\u00fablico, tanto pela variedade gastron\u00f4mica da festa, quanto pela dedica\u00e7\u00e3o e amor de quem prepara as receitas, assim como fazemos com os nossos produtos, que deixam tudo ainda mais saboroso&#8221;, complementa Michele.<\/p>\n<p>Comidas Gigantes<\/p>\n<p>Realizada h\u00e1 mais de 20 anos, o festival de Comidas Gigantes \u00e9 parte importante do S\u00e3o Jo\u00e3o de Caruaru. A Primor \u00e9 mais uma vez a margarina oficial na festa do Maior P\u00e9 de Moleque do Mundo da dona Maria (09\/06), do Cuscuz Gigante do seu Augusto (11\/06) e do Bolo de Rolo Gigante da Dona Alda (17\/06), pratos apresentados durante o circuito, trazendo ainda mais sabor e textura para os preparos. Ainda em Caruaru e para homenagear o evento, vai ser poss\u00edvel conferir um caminh\u00e3o com uma margarina gigante passeando pelas ruas da cidade.<\/p>\n<p>Casamento Coletivo<\/p>\n<p>J\u00e1 em Campina Grande, a marca mais uma vez chega junto da realiza\u00e7\u00e3o do emocionante Casamento Coletivo da cidade que acontece no dia 12 de junho, dia dos namorados. Este ano ser\u00e1 a 33\u00aa edi\u00e7\u00e3o do evento por onde j\u00e1 passaram cerca de 2,5 mil casais que disseram o grande \u201csim\u201d na tradicional Pir\u00e2mide do Parque do Povo. Este ano cem casais v\u00e3o ser beneficiados com a uni\u00e3o civil. Os custos envolvendo papeladas no cart\u00f3rio, decora\u00e7\u00e3o da cerim\u00f4nia, produ\u00e7\u00e3o do evento e at\u00e9 vestidos das noivas e a roupa dos noivos s\u00e3o disponibilizados de gra\u00e7a.<\/p>\n<p>Foto: divulga\u00e7\u00e3o<\/p>\n","protected":false},"excerpt":{"rendered":"<p>Sin\u00f4nimo de tradi\u00e7\u00e3o, divers\u00e3o e muito sabor, a Primor, a margarina mais lembrada e consumida no Nordeste, patrocina mais uma vez o S\u00e3o Jo\u00e3o de Campina Grande, considerado um dos maiores do mundo.<\/p>\n","protected":false},"author":8,"featured_media":739868,"comment_status":"open","ping_status":"open","sticky":false,"template":"","format":"standard","meta":[],"categories":[14,3],"tags":[52,100,12313],"acf":[],"yoast_head":"<!-- This site is optimized with the Yoast SEO plugin v20.8 - https:\/\/yoast.com\/wordpress\/plugins\/seo\/ -->\n<title>PRIMOR PATROCINA S\u00c3O JO\u00c3O DE CAMPINA GRANDE E A\u00c7\u00d5ES EM CARUARU - Bahia Economica<\/title>\n<meta name=\"description\" content=\"O maior portal de Economia da Bahia DESTAQUE DO DIA, ECONOMIA \/ POL\u00cdTICA Bahia Economica\" \/>\n<meta name=\"robots\" content=\"index, follow, max-snippet:-1, max-image-preview:large, max-video-preview:-1\" \/>\n<link rel=\"canonical\" href=\"https:\/\/bahiaeconomica.com.br\/wp\/2023\/06\/09\/primor-patrocina-sao-joao-de-campina-grande-e-acoes-em-caruaru\/\" \/>\n<meta property=\"og:locale\" content=\"pt_BR\" \/>\n<meta property=\"og:type\" content=\"article\" \/>\n<meta property=\"og:title\" content=\"PRIMOR PATROCINA S\u00c3O JO\u00c3O DE CAMPINA GRANDE E A\u00c7\u00d5ES EM CARUARU - Bahia Economica\" \/>\n<meta property=\"og:description\" content=\"O maior portal de Economia da Bahia DESTAQUE DO DIA, ECONOMIA \/ POL\u00cdTICA Bahia Economica\" \/>\n<meta property=\"og:url\" content=\"https:\/\/bahiaeconomica.com.br\/wp\/2023\/06\/09\/primor-patrocina-sao-joao-de-campina-grande-e-acoes-em-caruaru\/\" \/>\n<meta property=\"og:site_name\" content=\"Bahia Economica\" \/>\n<meta property=\"article:publisher\" content=\"https:\/\/www.facebook.com\/bahiaeconomica\" \/>\n<meta property=\"article:published_time\" content=\"2023-06-09T12:14:19+00:00\" \/>\n<meta property=\"og:image\" content=\"https:\/\/bahiaeconomica.com.br\/wp\/wp-content\/uploads\/2023\/06\/WhatsApp-Image-2023-06-09-at-10.12.54.jpeg\" \/>\n\t<meta property=\"og:image:width\" content=\"1600\" \/>\n\t<meta property=\"og:image:height\" content=\"898\" \/>\n\t<meta property=\"og:image:type\" content=\"image\/jpeg\" \/>\n<meta name=\"author\" content=\"JP\" \/>\n<meta name=\"twitter:card\" content=\"summary_large_image\" \/>\n<meta name=\"twitter:label1\" content=\"Escrito por\" \/>\n\t<meta name=\"twitter:data1\" content=\"JP\" \/>\n\t<meta name=\"twitter:label2\" content=\"Est. tempo de leitura\" \/>\n\t<meta name=\"twitter:data2\" content=\"3 minutos\" \/>\n<script type=\"application\/ld+json\" class=\"yoast-schema-graph\">{\"@context\":\"https:\/\/schema.org\",\"@graph\":[{\"@type\":\"Article\",\"@id\":\"https:\/\/bahiaeconomica.com.br\/wp\/2023\/06\/09\/primor-patrocina-sao-joao-de-campina-grande-e-acoes-em-caruaru\/#article\",\"isPartOf\":{\"@id\":\"https:\/\/bahiaeconomica.com.br\/wp\/2023\/06\/09\/primor-patrocina-sao-joao-de-campina-grande-e-acoes-em-caruaru\/\"},\"author\":{\"name\":\"JP\",\"@id\":\"https:\/\/bahiaeconomica.com.br\/wp\/#\/schema\/person\/c86d3a3f8960425a0f9d0e5245991f4e\"},\"headline\":\"PRIMOR PATROCINA S\u00c3O JO\u00c3O DE CAMPINA GRANDE E A\u00c7\u00d5ES EM CARUARU\",\"datePublished\":\"2023-06-09T12:14:19+00:00\",\"dateModified\":\"2023-06-09T12:14:19+00:00\",\"mainEntityOfPage\":{\"@id\":\"https:\/\/bahiaeconomica.com.br\/wp\/2023\/06\/09\/primor-patrocina-sao-joao-de-campina-grande-e-acoes-em-caruaru\/\"},\"wordCount\":580,\"commentCount\":0,\"publisher\":{\"@id\":\"https:\/\/bahiaeconomica.com.br\/wp\/#organization\"},\"keywords\":[\"Brasil\",\"Pol\u00edtica\",\"primor\"],\"articleSection\":[\"DESTAQUE DO DIA\",\"ECONOMIA \/ POL\u00cdTICA\"],\"inLanguage\":\"pt-BR\",\"potentialAction\":[{\"@type\":\"CommentAction\",\"name\":\"Comment\",\"target\":[\"https:\/\/bahiaeconomica.com.br\/wp\/2023\/06\/09\/primor-patrocina-sao-joao-de-campina-grande-e-acoes-em-caruaru\/#respond\"]}]},{\"@type\":\"WebPage\",\"@id\":\"https:\/\/bahiaeconomica.com.br\/wp\/2023\/06\/09\/primor-patrocina-sao-joao-de-campina-grande-e-acoes-em-caruaru\/\",\"url\":\"https:\/\/bahiaeconomica.com.br\/wp\/2023\/06\/09\/primor-patrocina-sao-joao-de-campina-grande-e-acoes-em-caruaru\/\",\"name\":\"PRIMOR PATROCINA S\u00c3O JO\u00c3O DE CAMPINA GRANDE E A\u00c7\u00d5ES EM CARUARU - Bahia Economica\",\"isPartOf\":{\"@id\":\"https:\/\/bahiaeconomica.com.br\/wp\/#website\"},\"datePublished\":\"2023-06-09T12:14:19+00:00\",\"dateModified\":\"2023-06-09T12:14:19+00:00\",\"description\":\"O maior portal de Economia da Bahia DESTAQUE DO DIA, ECONOMIA \/ POL\u00cdTICA Bahia Economica\",\"breadcrumb\":{\"@id\":\"https:\/\/bahiaeconomica.com.br\/wp\/2023\/06\/09\/primor-patrocina-sao-joao-de-campina-grande-e-acoes-em-caruaru\/#breadcrumb\"},\"inLanguage\":\"pt-BR\",\"potentialAction\":[{\"@type\":\"ReadAction\",\"target\":[\"https:\/\/bahiaeconomica.com.br\/wp\/2023\/06\/09\/primor-patrocina-sao-joao-de-campina-grande-e-acoes-em-caruaru\/\"]}]},{\"@type\":\"BreadcrumbList\",\"@id\":\"https:\/\/bahiaeconomica.com.br\/wp\/2023\/06\/09\/primor-patrocina-sao-joao-de-campina-grande-e-acoes-em-caruaru\/#breadcrumb\",\"itemListElement\":[{\"@type\":\"ListItem\",\"position\":1,\"name\":\"In\u00edcio\",\"item\":\"https:\/\/bahiaeconomica.com.br\/wp\/\"},{\"@type\":\"ListItem\",\"position\":2,\"name\":\"PRIMOR PATROCINA S\u00c3O JO\u00c3O DE CAMPINA GRANDE E A\u00c7\u00d5ES EM CARUARU\"}]},{\"@type\":\"WebSite\",\"@id\":\"https:\/\/bahiaeconomica.com.br\/wp\/#website\",\"url\":\"https:\/\/bahiaeconomica.com.br\/wp\/\",\"name\":\"Bahia Economica\",\"description\":\"O maior portal de Economia da Bahia\",\"publisher\":{\"@id\":\"https:\/\/bahiaeconomica.com.br\/wp\/#organization\"},\"potentialAction\":[{\"@type\":\"SearchAction\",\"target\":{\"@type\":\"EntryPoint\",\"urlTemplate\":\"https:\/\/bahiaeconomica.com.br\/wp\/?s={search_term_string}\"},\"query-input\":\"required name=search_term_string\"}],\"inLanguage\":\"pt-BR\"},{\"@type\":\"Organization\",\"@id\":\"https:\/\/bahiaeconomica.com.br\/wp\/#organization\",\"name\":\"Bahia Econ\u00f4mica\",\"url\":\"https:\/\/bahiaeconomica.com.br\/wp\/\",\"logo\":{\"@type\":\"ImageObject\",\"inLanguage\":\"pt-BR\",\"@id\":\"https:\/\/bahiaeconomica.com.br\/wp\/#\/schema\/logo\/image\/\",\"url\":\"https:\/\/bahiaeconomica.com.br\/wp\/wp-content\/uploads\/2020\/12\/cropped-BE.png\",\"contentUrl\":\"https:\/\/bahiaeconomica.com.br\/wp\/wp-content\/uploads\/2020\/12\/cropped-BE.png\",\"width\":512,\"height\":512,\"caption\":\"Bahia Econ\u00f4mica\"},\"image\":{\"@id\":\"https:\/\/bahiaeconomica.com.br\/wp\/#\/schema\/logo\/image\/\"},\"sameAs\":[\"https:\/\/www.facebook.com\/bahiaeconomica\"]},{\"@type\":\"Person\",\"@id\":\"https:\/\/bahiaeconomica.com.br\/wp\/#\/schema\/person\/c86d3a3f8960425a0f9d0e5245991f4e\",\"name\":\"JP\",\"sameAs\":[\"https:\/\/bahiaeconomica.com.br\/wp\/beta\/\"],\"url\":\"https:\/\/bahiaeconomica.com.br\/wp\/author\/jp\/\"}]}<\/script>\n<!-- \/ Yoast SEO plugin. -->","yoast_head_json":{"title":"PRIMOR PATROCINA S\u00c3O JO\u00c3O DE CAMPINA GRANDE E A\u00c7\u00d5ES EM CARUARU - Bahia Economica","description":"O maior portal de Economia da Bahia DESTAQUE DO DIA, ECONOMIA \/ POL\u00cdTICA Bahia Economica","robots":{"index":"index","follow":"follow","max-snippet":"max-snippet:-1","max-image-preview":"max-image-preview:large","max-video-preview":"max-video-preview:-1"},"canonical":"https:\/\/bahiaeconomica.com.br\/wp\/2023\/06\/09\/primor-patrocina-sao-joao-de-campina-grande-e-acoes-em-caruaru\/","og_locale":"pt_BR","og_type":"article","og_title":"PRIMOR PATROCINA S\u00c3O JO\u00c3O DE CAMPINA GRANDE E A\u00c7\u00d5ES EM CARUARU - Bahia Economica","og_description":"O maior portal de Economia da Bahia DESTAQUE DO DIA, ECONOMIA \/ POL\u00cdTICA Bahia Economica","og_url":"https:\/\/bahiaeconomica.com.br\/wp\/2023\/06\/09\/primor-patrocina-sao-joao-de-campina-grande-e-acoes-em-caruaru\/","og_site_name":"Bahia Economica","article_publisher":"https:\/\/www.facebook.com\/bahiaeconomica","article_published_time":"2023-06-09T12:14:19+00:00","og_image":[{"width":1600,"height":898,"url":"https:\/\/bahiaeconomica.com.br\/wp\/wp-content\/uploads\/2023\/06\/WhatsApp-Image-2023-06-09-at-10.12.54.jpeg","type":"image\/jpeg"}],"author":"JP","twitter_card":"summary_large_image","twitter_misc":{"Escrito por":"JP","Est. tempo de leitura":"3 minutos"},"schema":{"@context":"https:\/\/schema.org","@graph":[{"@type":"Article","@id":"https:\/\/bahiaeconomica.com.br\/wp\/2023\/06\/09\/primor-patrocina-sao-joao-de-campina-grande-e-acoes-em-caruaru\/#article","isPartOf":{"@id":"https:\/\/bahiaeconomica.com.br\/wp\/2023\/06\/09\/primor-patrocina-sao-joao-de-campina-grande-e-acoes-em-caruaru\/"},"author":{"name":"JP","@id":"https:\/\/bahiaeconomica.com.br\/wp\/#\/schema\/person\/c86d3a3f8960425a0f9d0e5245991f4e"},"headline":"PRIMOR PATROCINA S\u00c3O JO\u00c3O DE CAMPINA GRANDE E A\u00c7\u00d5ES EM CARUARU","datePublished":"2023-06-09T12:14:19+00:00","dateModified":"2023-06-09T12:14:19+00:00","mainEntityOfPage":{"@id":"https:\/\/bahiaeconomica.com.br\/wp\/2023\/06\/09\/primor-patrocina-sao-joao-de-campina-grande-e-acoes-em-caruaru\/"},"wordCount":580,"commentCount":0,"publisher":{"@id":"https:\/\/bahiaeconomica.com.br\/wp\/#organization"},"keywords":["Brasil","Pol\u00edtica","primor"],"articleSection":["DESTAQUE DO DIA","ECONOMIA \/ POL\u00cdTICA"],"inLanguage":"pt-BR","potentialAction":[{"@type":"CommentAction","name":"Comment","target":["https:\/\/bahiaeconomica.com.br\/wp\/2023\/06\/09\/primor-patrocina-sao-joao-de-campina-grande-e-acoes-em-caruaru\/#respond"]}]},{"@type":"WebPage","@id":"https:\/\/bahiaeconomica.com.br\/wp\/2023\/06\/09\/primor-patrocina-sao-joao-de-campina-grande-e-acoes-em-caruaru\/","url":"https:\/\/bahiaeconomica.com.br\/wp\/2023\/06\/09\/primor-patrocina-sao-joao-de-campina-grande-e-acoes-em-caruaru\/","name":"PRIMOR PATROCINA S\u00c3O JO\u00c3O DE CAMPINA GRANDE E A\u00c7\u00d5ES EM CARUARU - Bahia Economica","isPartOf":{"@id":"https:\/\/bahiaeconomica.com.br\/wp\/#website"},"datePublished":"2023-06-09T12:14:19+00:00","dateModified":"2023-06-09T12:14:19+00:00","description":"O maior portal de Economia da Bahia DESTAQUE DO DIA, ECONOMIA \/ POL\u00cdTICA Bahia Economica","breadcrumb":{"@id":"https:\/\/bahiaeconomica.com.br\/wp\/2023\/06\/09\/primor-patrocina-sao-joao-de-campina-grande-e-acoes-em-caruaru\/#breadcrumb"},"inLanguage":"pt-BR","potentialAction":[{"@type":"ReadAction","target":["https:\/\/bahiaeconomica.com.br\/wp\/2023\/06\/09\/primor-patrocina-sao-joao-de-campina-grande-e-acoes-em-caruaru\/"]}]},{"@type":"BreadcrumbList","@id":"https:\/\/bahiaeconomica.com.br\/wp\/2023\/06\/09\/primor-patrocina-sao-joao-de-campina-grande-e-acoes-em-caruaru\/#breadcrumb","itemListElement":[{"@type":"ListItem","position":1,"name":"In\u00edcio","item":"https:\/\/bahiaeconomica.com.br\/wp\/"},{"@type":"ListItem","position":2,"name":"PRIMOR PATROCINA S\u00c3O JO\u00c3O DE CAMPINA GRANDE E A\u00c7\u00d5ES EM CARUARU"}]},{"@type":"WebSite","@id":"https:\/\/bahiaeconomica.com.br\/wp\/#website","url":"https:\/\/bahiaeconomica.com.br\/wp\/","name":"Bahia Economica","description":"O maior portal de Economia da Bahia","publisher":{"@id":"https:\/\/bahiaeconomica.com.br\/wp\/#organization"},"potentialAction":[{"@type":"SearchAction","target":{"@type":"EntryPoint","urlTemplate":"https:\/\/bahiaeconomica.com.br\/wp\/?s={search_term_string}"},"query-input":"required name=search_term_string"}],"inLanguage":"pt-BR"},{"@type":"Organization","@id":"https:\/\/bahiaeconomica.com.br\/wp\/#organization","name":"Bahia Econ\u00f4mica","url":"https:\/\/bahiaeconomica.com.br\/wp\/","logo":{"@type":"ImageObject","inLanguage":"pt-BR","@id":"https:\/\/bahiaeconomica.com.br\/wp\/#\/schema\/logo\/image\/","url":"https:\/\/bahiaeconomica.com.br\/wp\/wp-content\/uploads\/2020\/12\/cropped-BE.png","contentUrl":"https:\/\/bahiaeconomica.com.br\/wp\/wp-content\/uploads\/2020\/12\/cropped-BE.png","width":512,"height":512,"caption":"Bahia Econ\u00f4mica"},"image":{"@id":"https:\/\/bahiaeconomica.com.br\/wp\/#\/schema\/logo\/image\/"},"sameAs":["https:\/\/www.facebook.com\/bahiaeconomica"]},{"@type":"Person","@id":"https:\/\/bahiaeconomica.com.br\/wp\/#\/schema\/person\/c86d3a3f8960425a0f9d0e5245991f4e","name":"JP","sameAs":["https:\/\/bahiaeconomica.com.br\/wp\/beta\/"],"url":"https:\/\/bahiaeconomica.com.br\/wp\/author\/jp\/"}]}},"views":56,"_links":{"self":[{"href":"https:\/\/bahiaeconomica.com.br\/wp\/wp-json\/wp\/v2\/posts\/739867"}],"collection":[{"href":"https:\/\/bahiaeconomica.com.br\/wp\/wp-json\/wp\/v2\/posts"}],"about":[{"href":"https:\/\/bahiaeconomica.com.br\/wp\/wp-json\/wp\/v2\/types\/post"}],"author":[{"embeddable":true,"href":"https:\/\/bahiaeconomica.com.br\/wp\/wp-json\/wp\/v2\/users\/8"}],"replies":[{"embeddable":true,"href":"https:\/\/bahiaeconomica.com.br\/wp\/wp-json\/wp\/v2\/comments?post=739867"}],"version-history":[{"count":0,"href":"https:\/\/bahiaeconomica.com.br\/wp\/wp-json\/wp\/v2\/posts\/739867\/revisions"}],"wp:featuredmedia":[{"embeddable":true,"href":"https:\/\/bahiaeconomica.com.br\/wp\/wp-json\/wp\/v2\/media\/739868"}],"wp:attachment":[{"href":"https:\/\/bahiaeconomica.com.br\/wp\/wp-json\/wp\/v2\/media?parent=739867"}],"wp:term":[{"taxonomy":"category","embeddable":true,"href":"https:\/\/bahiaeconomica.com.br\/wp\/wp-json\/wp\/v2\/categories?post=739867"},{"taxonomy":"post_tag","embeddable":true,"href":"https:\/\/bahiaeconomica.com.br\/wp\/wp-json\/wp\/v2\/tags?post=739867"}],"curies":[{"name":"wp","href":"https:\/\/api.w.org\/{rel}","templated":true}]}}