{"id":738134,"date":"2023-06-01T10:27:01","date_gmt":"2023-06-01T13:27:01","guid":{"rendered":"https:\/\/bahiaeconomica.com.br\/wp\/beta\/?p=738134"},"modified":"2023-06-01T11:17:19","modified_gmt":"2023-06-01T14:17:19","slug":"politica-estadual-de-agroecologia-garante-extensao-rural-para-a-agricultura-familiar-na-bahia","status":"publish","type":"post","link":"https:\/\/bahiaeconomica.com.br\/wp\/2023\/06\/01\/politica-estadual-de-agroecologia-garante-extensao-rural-para-a-agricultura-familiar-na-bahia\/","title":{"rendered":"POL\u00cdTICA ESTADUAL DE AGROECOLOGIA GARANTE EXTENS\u00c3O RURAL PARA A AGRICULTURA FAMILIAR NA BAHIA"},"content":{"rendered":"<p>A agroecologia \u00e9 uma realidade na Bahia, cada vez mais fortalecida pelas pol\u00edticas p\u00fablicas, gerando renda para a agricultura familiar e garantindo alimentos saud\u00e1veis na mesa das fam\u00edlias baianas e o respeito ao meio ambiente.<\/p>\n<p><!--more--><\/p>\n<p>Com a aprova\u00e7\u00e3o do projeto de lei do Governo que instituiu a Pol\u00edtica Estadual de Agroecologia e Produ\u00e7\u00e3o Org\u00e2nica (Peapo) na Bahia, as estrat\u00e9gias de desenvolvimento rural sustent\u00e1vel trar\u00e3o impactos ainda mais positivos nas a\u00e7\u00f5es em andamento.<\/p>\n<p>Por meio da Superintend\u00eancia Baiana de Assist\u00eancia T\u00e9cnica e Extens\u00e3o Rural (Bahiater), vinculada \u00e0 Secretaria de Desenvolvimento Rural (SDR), est\u00e1 em execu\u00e7\u00e3o direta no campo, desde janeiro de 2023, a maior Chamada P\u00fablica de Assist\u00eancia T\u00e9cnica e Extens\u00e3o Rural da hist\u00f3ria da Bahia: o ATER Biomas, que objetiva atender 38.880 fam\u00edlias agricultoras, inseridas nos tr\u00eas biomas baianos: Mata Atl\u00e2ntica, Caatinga e Cerrado. A iniciativa conta com investimento de R$ 244 milh\u00f5es e tem como trip\u00e9 de sustenta\u00e7\u00e3o a extens\u00e3o rural, a produ\u00e7\u00e3o de alimentos saud\u00e1veis e a comercializa\u00e7\u00e3o dos produtos da agricultura familiar feitos em sistemas agroecol\u00f3gicos.<\/p>\n<p>&#8220;As unidades produtivas familiares nos biomas da Bahia s\u00e3o as nossas aliadas para alcan\u00e7ar a sustentabilidade que o ATER Biomas prop\u00f5e. Com a Chamada P\u00fablica, a Bahiater e a SDR incentivam a produ\u00e7\u00e3o agroecol\u00f3gica, visando a preserva\u00e7\u00e3o do meio ambiente, a gera\u00e7\u00e3o de renda e, sobretudo, a seguran\u00e7a alimentar, tanto de quem produz, quanto de quem acessa esses alimentos nas feiras, nos mercados, em casa, na merenda escolar, numa a\u00e7\u00e3o fortemente atrelada ao que preceitua o programa Bahia Sem Fome, do Governo do Estado\u201d, explica o superintendente da Bahiater, Lanns Almeida.<\/p>\n<p>Para o agricultor Ariomar Oliveira, do Projeto de Assentamento (PA) Sossego I, no munic\u00edpio de Santa Luzia, o desejo das fam\u00edlias que fazem parte do PA \u00e9 de melhorar suas produ\u00e7\u00f5es agr\u00edcolas atrav\u00e9s dos servi\u00e7os de ATER. \u201cSomos cerca de 96 agricultores e estamos torcendo muito positivamente para que o ATER Biomas venha a fortalecer o nosso assentamento e os nossos agricultores, onde produzimos cacau, caf\u00e9, pimenta do reino, pia\u00e7ava, aipim, coco e horticultura. Queremos melhorar a produ\u00e7\u00e3o, principalmente, do cacau e da pimenta do reino. Somos gratos ao Governo do Estado, \u00e0 Bahiater e \u00e0 SDR por esse apoio\u201d, destacou.<\/p>\n<p>Fotos: Manu Dias\/GOVBA<\/p>\n","protected":false},"excerpt":{"rendered":"<p>A agroecologia \u00e9 uma realidade na Bahia, cada vez mais fortalecida pelas pol\u00edticas p\u00fablicas, gerando renda para a agricultura familiar e garantindo alimentos saud\u00e1veis na mesa das fam\u00edlias baianas e o respeito ao meio ambiente.<\/p>\n","protected":false},"author":8,"featured_media":738135,"comment_status":"closed","ping_status":"closed","sticky":false,"template":"","format":"standard","meta":[],"categories":[3],"tags":[1728,52,100],"acf":[],"yoast_head":"<!-- This site is optimized with the Yoast SEO plugin v20.8 - https:\/\/yoast.com\/wordpress\/plugins\/seo\/ -->\n<title>POL\u00cdTICA ESTADUAL DE AGROECOLOGIA GARANTE EXTENS\u00c3O RURAL PARA A AGRICULTURA FAMILIAR NA BAHIA - Bahia Economica<\/title>\n<meta name=\"description\" content=\"A agroecologia \u00e9 uma realidade na Bahia, cada vez mais fortalecida pelas pol\u00edticas p\u00fablicas, gerando renda para a agricultura familiar\" \/>\n<meta name=\"robots\" content=\"index, follow, max-snippet:-1, max-image-preview:large, max-video-preview:-1\" \/>\n<link rel=\"canonical\" href=\"https:\/\/bahiaeconomica.com.br\/wp\/2023\/06\/01\/politica-estadual-de-agroecologia-garante-extensao-rural-para-a-agricultura-familiar-na-bahia\/\" \/>\n<meta property=\"og:locale\" content=\"pt_BR\" \/>\n<meta property=\"og:type\" content=\"article\" \/>\n<meta property=\"og:title\" content=\"POL\u00cdTICA ESTADUAL DE AGROECOLOGIA GARANTE EXTENS\u00c3O RURAL PARA A AGRICULTURA FAMILIAR NA BAHIA - Bahia Economica\" \/>\n<meta property=\"og:description\" content=\"A agroecologia \u00e9 uma realidade na Bahia, cada vez mais fortalecida pelas pol\u00edticas p\u00fablicas, gerando renda para a agricultura familiar\" \/>\n<meta property=\"og:url\" content=\"https:\/\/bahiaeconomica.com.br\/wp\/2023\/06\/01\/politica-estadual-de-agroecologia-garante-extensao-rural-para-a-agricultura-familiar-na-bahia\/\" \/>\n<meta property=\"og:site_name\" content=\"Bahia Economica\" \/>\n<meta property=\"article:publisher\" content=\"https:\/\/www.facebook.com\/bahiaeconomica\" \/>\n<meta property=\"article:published_time\" content=\"2023-06-01T13:27:01+00:00\" \/>\n<meta property=\"article:modified_time\" content=\"2023-06-01T14:17:19+00:00\" \/>\n<meta property=\"og:image\" content=\"https:\/\/bahiaeconomica.com.br\/wp\/wp-content\/uploads\/2023\/06\/WhatsApp-Image-2023-06-01-at-10.20.48.jpeg\" \/>\n\t<meta property=\"og:image:width\" content=\"1600\" \/>\n\t<meta property=\"og:image:height\" content=\"1066\" \/>\n\t<meta property=\"og:image:type\" content=\"image\/jpeg\" \/>\n<meta name=\"author\" content=\"JP\" \/>\n<meta name=\"twitter:card\" content=\"summary_large_image\" \/>\n<meta name=\"twitter:label1\" content=\"Escrito por\" \/>\n\t<meta name=\"twitter:data1\" content=\"JP\" \/>\n\t<meta name=\"twitter:label2\" content=\"Est. tempo de leitura\" \/>\n\t<meta name=\"twitter:data2\" content=\"3 minutos\" \/>\n<script type=\"application\/ld+json\" class=\"yoast-schema-graph\">{\"@context\":\"https:\/\/schema.org\",\"@graph\":[{\"@type\":\"Article\",\"@id\":\"https:\/\/bahiaeconomica.com.br\/wp\/2023\/06\/01\/politica-estadual-de-agroecologia-garante-extensao-rural-para-a-agricultura-familiar-na-bahia\/#article\",\"isPartOf\":{\"@id\":\"https:\/\/bahiaeconomica.com.br\/wp\/2023\/06\/01\/politica-estadual-de-agroecologia-garante-extensao-rural-para-a-agricultura-familiar-na-bahia\/\"},\"author\":{\"name\":\"JP\",\"@id\":\"https:\/\/bahiaeconomica.com.br\/wp\/#\/schema\/person\/c86d3a3f8960425a0f9d0e5245991f4e\"},\"headline\":\"POL\u00cdTICA ESTADUAL DE AGROECOLOGIA GARANTE EXTENS\u00c3O RURAL PARA A AGRICULTURA FAMILIAR NA BAHIA\",\"datePublished\":\"2023-06-01T13:27:01+00:00\",\"dateModified\":\"2023-06-01T14:17:19+00:00\",\"mainEntityOfPage\":{\"@id\":\"https:\/\/bahiaeconomica.com.br\/wp\/2023\/06\/01\/politica-estadual-de-agroecologia-garante-extensao-rural-para-a-agricultura-familiar-na-bahia\/\"},\"wordCount\":421,\"publisher\":{\"@id\":\"https:\/\/bahiaeconomica.com.br\/wp\/#organization\"},\"keywords\":[\"agropecuaria\",\"Brasil\",\"Pol\u00edtica\"],\"articleSection\":[\"ECONOMIA \/ POL\u00cdTICA\"],\"inLanguage\":\"pt-BR\"},{\"@type\":\"WebPage\",\"@id\":\"https:\/\/bahiaeconomica.com.br\/wp\/2023\/06\/01\/politica-estadual-de-agroecologia-garante-extensao-rural-para-a-agricultura-familiar-na-bahia\/\",\"url\":\"https:\/\/bahiaeconomica.com.br\/wp\/2023\/06\/01\/politica-estadual-de-agroecologia-garante-extensao-rural-para-a-agricultura-familiar-na-bahia\/\",\"name\":\"POL\u00cdTICA ESTADUAL DE AGROECOLOGIA GARANTE EXTENS\u00c3O RURAL PARA A AGRICULTURA FAMILIAR NA BAHIA - Bahia Economica\",\"isPartOf\":{\"@id\":\"https:\/\/bahiaeconomica.com.br\/wp\/#website\"},\"datePublished\":\"2023-06-01T13:27:01+00:00\",\"dateModified\":\"2023-06-01T14:17:19+00:00\",\"description\":\"A agroecologia \u00e9 uma realidade na Bahia, cada vez mais fortalecida pelas pol\u00edticas p\u00fablicas, gerando renda para a agricultura familiar\",\"breadcrumb\":{\"@id\":\"https:\/\/bahiaeconomica.com.br\/wp\/2023\/06\/01\/politica-estadual-de-agroecologia-garante-extensao-rural-para-a-agricultura-familiar-na-bahia\/#breadcrumb\"},\"inLanguage\":\"pt-BR\",\"potentialAction\":[{\"@type\":\"ReadAction\",\"target\":[\"https:\/\/bahiaeconomica.com.br\/wp\/2023\/06\/01\/politica-estadual-de-agroecologia-garante-extensao-rural-para-a-agricultura-familiar-na-bahia\/\"]}]},{\"@type\":\"BreadcrumbList\",\"@id\":\"https:\/\/bahiaeconomica.com.br\/wp\/2023\/06\/01\/politica-estadual-de-agroecologia-garante-extensao-rural-para-a-agricultura-familiar-na-bahia\/#breadcrumb\",\"itemListElement\":[{\"@type\":\"ListItem\",\"position\":1,\"name\":\"In\u00edcio\",\"item\":\"https:\/\/bahiaeconomica.com.br\/wp\/\"},{\"@type\":\"ListItem\",\"position\":2,\"name\":\"POL\u00cdTICA ESTADUAL DE AGROECOLOGIA GARANTE EXTENS\u00c3O RURAL PARA A AGRICULTURA FAMILIAR NA BAHIA\"}]},{\"@type\":\"WebSite\",\"@id\":\"https:\/\/bahiaeconomica.com.br\/wp\/#website\",\"url\":\"https:\/\/bahiaeconomica.com.br\/wp\/\",\"name\":\"Bahia Economica\",\"description\":\"O maior portal de Economia da Bahia\",\"publisher\":{\"@id\":\"https:\/\/bahiaeconomica.com.br\/wp\/#organization\"},\"potentialAction\":[{\"@type\":\"SearchAction\",\"target\":{\"@type\":\"EntryPoint\",\"urlTemplate\":\"https:\/\/bahiaeconomica.com.br\/wp\/?s={search_term_string}\"},\"query-input\":\"required name=search_term_string\"}],\"inLanguage\":\"pt-BR\"},{\"@type\":\"Organization\",\"@id\":\"https:\/\/bahiaeconomica.com.br\/wp\/#organization\",\"name\":\"Bahia Econ\u00f4mica\",\"url\":\"https:\/\/bahiaeconomica.com.br\/wp\/\",\"logo\":{\"@type\":\"ImageObject\",\"inLanguage\":\"pt-BR\",\"@id\":\"https:\/\/bahiaeconomica.com.br\/wp\/#\/schema\/logo\/image\/\",\"url\":\"https:\/\/bahiaeconomica.com.br\/wp\/wp-content\/uploads\/2020\/12\/cropped-BE.png\",\"contentUrl\":\"https:\/\/bahiaeconomica.com.br\/wp\/wp-content\/uploads\/2020\/12\/cropped-BE.png\",\"width\":512,\"height\":512,\"caption\":\"Bahia Econ\u00f4mica\"},\"image\":{\"@id\":\"https:\/\/bahiaeconomica.com.br\/wp\/#\/schema\/logo\/image\/\"},\"sameAs\":[\"https:\/\/www.facebook.com\/bahiaeconomica\"]},{\"@type\":\"Person\",\"@id\":\"https:\/\/bahiaeconomica.com.br\/wp\/#\/schema\/person\/c86d3a3f8960425a0f9d0e5245991f4e\",\"name\":\"JP\",\"sameAs\":[\"https:\/\/bahiaeconomica.com.br\/wp\/beta\/\"],\"url\":\"https:\/\/bahiaeconomica.com.br\/wp\/author\/jp\/\"}]}<\/script>\n<!-- \/ Yoast SEO plugin. -->","yoast_head_json":{"title":"POL\u00cdTICA ESTADUAL DE AGROECOLOGIA GARANTE EXTENS\u00c3O RURAL PARA A AGRICULTURA FAMILIAR NA BAHIA - Bahia Economica","description":"A agroecologia \u00e9 uma realidade na Bahia, cada vez mais fortalecida pelas pol\u00edticas p\u00fablicas, gerando renda para a agricultura familiar","robots":{"index":"index","follow":"follow","max-snippet":"max-snippet:-1","max-image-preview":"max-image-preview:large","max-video-preview":"max-video-preview:-1"},"canonical":"https:\/\/bahiaeconomica.com.br\/wp\/2023\/06\/01\/politica-estadual-de-agroecologia-garante-extensao-rural-para-a-agricultura-familiar-na-bahia\/","og_locale":"pt_BR","og_type":"article","og_title":"POL\u00cdTICA ESTADUAL DE AGROECOLOGIA GARANTE EXTENS\u00c3O RURAL PARA A AGRICULTURA FAMILIAR NA BAHIA - Bahia Economica","og_description":"A agroecologia \u00e9 uma realidade na Bahia, cada vez mais fortalecida pelas pol\u00edticas p\u00fablicas, gerando renda para a agricultura familiar","og_url":"https:\/\/bahiaeconomica.com.br\/wp\/2023\/06\/01\/politica-estadual-de-agroecologia-garante-extensao-rural-para-a-agricultura-familiar-na-bahia\/","og_site_name":"Bahia Economica","article_publisher":"https:\/\/www.facebook.com\/bahiaeconomica","article_published_time":"2023-06-01T13:27:01+00:00","article_modified_time":"2023-06-01T14:17:19+00:00","og_image":[{"width":1600,"height":1066,"url":"https:\/\/bahiaeconomica.com.br\/wp\/wp-content\/uploads\/2023\/06\/WhatsApp-Image-2023-06-01-at-10.20.48.jpeg","type":"image\/jpeg"}],"author":"JP","twitter_card":"summary_large_image","twitter_misc":{"Escrito por":"JP","Est. tempo de leitura":"3 minutos"},"schema":{"@context":"https:\/\/schema.org","@graph":[{"@type":"Article","@id":"https:\/\/bahiaeconomica.com.br\/wp\/2023\/06\/01\/politica-estadual-de-agroecologia-garante-extensao-rural-para-a-agricultura-familiar-na-bahia\/#article","isPartOf":{"@id":"https:\/\/bahiaeconomica.com.br\/wp\/2023\/06\/01\/politica-estadual-de-agroecologia-garante-extensao-rural-para-a-agricultura-familiar-na-bahia\/"},"author":{"name":"JP","@id":"https:\/\/bahiaeconomica.com.br\/wp\/#\/schema\/person\/c86d3a3f8960425a0f9d0e5245991f4e"},"headline":"POL\u00cdTICA ESTADUAL DE AGROECOLOGIA GARANTE EXTENS\u00c3O RURAL PARA A AGRICULTURA FAMILIAR NA BAHIA","datePublished":"2023-06-01T13:27:01+00:00","dateModified":"2023-06-01T14:17:19+00:00","mainEntityOfPage":{"@id":"https:\/\/bahiaeconomica.com.br\/wp\/2023\/06\/01\/politica-estadual-de-agroecologia-garante-extensao-rural-para-a-agricultura-familiar-na-bahia\/"},"wordCount":421,"publisher":{"@id":"https:\/\/bahiaeconomica.com.br\/wp\/#organization"},"keywords":["agropecuaria","Brasil","Pol\u00edtica"],"articleSection":["ECONOMIA \/ POL\u00cdTICA"],"inLanguage":"pt-BR"},{"@type":"WebPage","@id":"https:\/\/bahiaeconomica.com.br\/wp\/2023\/06\/01\/politica-estadual-de-agroecologia-garante-extensao-rural-para-a-agricultura-familiar-na-bahia\/","url":"https:\/\/bahiaeconomica.com.br\/wp\/2023\/06\/01\/politica-estadual-de-agroecologia-garante-extensao-rural-para-a-agricultura-familiar-na-bahia\/","name":"POL\u00cdTICA ESTADUAL DE AGROECOLOGIA GARANTE EXTENS\u00c3O RURAL PARA A AGRICULTURA FAMILIAR NA BAHIA - Bahia Economica","isPartOf":{"@id":"https:\/\/bahiaeconomica.com.br\/wp\/#website"},"datePublished":"2023-06-01T13:27:01+00:00","dateModified":"2023-06-01T14:17:19+00:00","description":"A agroecologia \u00e9 uma realidade na Bahia, cada vez mais fortalecida pelas pol\u00edticas p\u00fablicas, gerando renda para a agricultura familiar","breadcrumb":{"@id":"https:\/\/bahiaeconomica.com.br\/wp\/2023\/06\/01\/politica-estadual-de-agroecologia-garante-extensao-rural-para-a-agricultura-familiar-na-bahia\/#breadcrumb"},"inLanguage":"pt-BR","potentialAction":[{"@type":"ReadAction","target":["https:\/\/bahiaeconomica.com.br\/wp\/2023\/06\/01\/politica-estadual-de-agroecologia-garante-extensao-rural-para-a-agricultura-familiar-na-bahia\/"]}]},{"@type":"BreadcrumbList","@id":"https:\/\/bahiaeconomica.com.br\/wp\/2023\/06\/01\/politica-estadual-de-agroecologia-garante-extensao-rural-para-a-agricultura-familiar-na-bahia\/#breadcrumb","itemListElement":[{"@type":"ListItem","position":1,"name":"In\u00edcio","item":"https:\/\/bahiaeconomica.com.br\/wp\/"},{"@type":"ListItem","position":2,"name":"POL\u00cdTICA ESTADUAL DE AGROECOLOGIA GARANTE EXTENS\u00c3O RURAL PARA A AGRICULTURA FAMILIAR NA BAHIA"}]},{"@type":"WebSite","@id":"https:\/\/bahiaeconomica.com.br\/wp\/#website","url":"https:\/\/bahiaeconomica.com.br\/wp\/","name":"Bahia Economica","description":"O maior portal de Economia da Bahia","publisher":{"@id":"https:\/\/bahiaeconomica.com.br\/wp\/#organization"},"potentialAction":[{"@type":"SearchAction","target":{"@type":"EntryPoint","urlTemplate":"https:\/\/bahiaeconomica.com.br\/wp\/?s={search_term_string}"},"query-input":"required name=search_term_string"}],"inLanguage":"pt-BR"},{"@type":"Organization","@id":"https:\/\/bahiaeconomica.com.br\/wp\/#organization","name":"Bahia Econ\u00f4mica","url":"https:\/\/bahiaeconomica.com.br\/wp\/","logo":{"@type":"ImageObject","inLanguage":"pt-BR","@id":"https:\/\/bahiaeconomica.com.br\/wp\/#\/schema\/logo\/image\/","url":"https:\/\/bahiaeconomica.com.br\/wp\/wp-content\/uploads\/2020\/12\/cropped-BE.png","contentUrl":"https:\/\/bahiaeconomica.com.br\/wp\/wp-content\/uploads\/2020\/12\/cropped-BE.png","width":512,"height":512,"caption":"Bahia Econ\u00f4mica"},"image":{"@id":"https:\/\/bahiaeconomica.com.br\/wp\/#\/schema\/logo\/image\/"},"sameAs":["https:\/\/www.facebook.com\/bahiaeconomica"]},{"@type":"Person","@id":"https:\/\/bahiaeconomica.com.br\/wp\/#\/schema\/person\/c86d3a3f8960425a0f9d0e5245991f4e","name":"JP","sameAs":["https:\/\/bahiaeconomica.com.br\/wp\/beta\/"],"url":"https:\/\/bahiaeconomica.com.br\/wp\/author\/jp\/"}]}},"views":2,"_links":{"self":[{"href":"https:\/\/bahiaeconomica.com.br\/wp\/wp-json\/wp\/v2\/posts\/738134"}],"collection":[{"href":"https:\/\/bahiaeconomica.com.br\/wp\/wp-json\/wp\/v2\/posts"}],"about":[{"href":"https:\/\/bahiaeconomica.com.br\/wp\/wp-json\/wp\/v2\/types\/post"}],"author":[{"embeddable":true,"href":"https:\/\/bahiaeconomica.com.br\/wp\/wp-json\/wp\/v2\/users\/8"}],"replies":[{"embeddable":true,"href":"https:\/\/bahiaeconomica.com.br\/wp\/wp-json\/wp\/v2\/comments?post=738134"}],"version-history":[{"count":1,"href":"https:\/\/bahiaeconomica.com.br\/wp\/wp-json\/wp\/v2\/posts\/738134\/revisions"}],"predecessor-version":[{"id":738136,"href":"https:\/\/bahiaeconomica.com.br\/wp\/wp-json\/wp\/v2\/posts\/738134\/revisions\/738136"}],"wp:featuredmedia":[{"embeddable":true,"href":"https:\/\/bahiaeconomica.com.br\/wp\/wp-json\/wp\/v2\/media\/738135"}],"wp:attachment":[{"href":"https:\/\/bahiaeconomica.com.br\/wp\/wp-json\/wp\/v2\/media?parent=738134"}],"wp:term":[{"taxonomy":"category","embeddable":true,"href":"https:\/\/bahiaeconomica.com.br\/wp\/wp-json\/wp\/v2\/categories?post=738134"},{"taxonomy":"post_tag","embeddable":true,"href":"https:\/\/bahiaeconomica.com.br\/wp\/wp-json\/wp\/v2\/tags?post=738134"}],"curies":[{"name":"wp","href":"https:\/\/api.w.org\/{rel}","templated":true}]}}