{"id":737377,"date":"2023-05-29T07:35:13","date_gmt":"2023-05-29T10:35:13","guid":{"rendered":"https:\/\/bahiaeconomica.com.br\/wp\/beta\/?p=737377"},"modified":"2023-05-29T07:36:47","modified_gmt":"2023-05-29T10:36:47","slug":"concursos-publicos-em-orgaos-federais-reunem-mais-de-97-mil-vagas","status":"publish","type":"post","link":"https:\/\/bahiaeconomica.com.br\/wp\/2023\/05\/29\/concursos-publicos-em-orgaos-federais-reunem-mais-de-97-mil-vagas\/","title":{"rendered":"CONCURSOS EM \u00d3RG\u00c3OS FEDERAIS RE\u00daNEM MAIS DE 9,7 MIL VAGAS"},"content":{"rendered":"<p>O governo federal autorizou concursos em ao menos 5 \u00f3rg\u00e3os federais desde o inicio de 2023. Ao todo, s\u00e3o mais de 9,5 mil vagas para cargos de n\u00edvel m\u00e9dio e superior.<\/p>\n<p><!--more--><\/p>\n<p>IBGE, Minist\u00e9rio da Ci\u00eancia e Tecnologia, Minist\u00e9rio do Meio Ambiente, Minist\u00e9rio das Rela\u00e7\u00f5es Exteriores e a Funda\u00e7\u00e3o Nacional dos Povos Ind\u00edgenas (Funai) t\u00eam at\u00e9 6 meses para a publica\u00e7\u00e3o do edital.<\/p>\n<p>A mais recente autoriza\u00e7\u00e3o foi para a abertura de concurso na C\u00e2mara dos Deputados para preencher 140 vagas efetivas na casa legislativa. A justificativa \u00e9 a recomposi\u00e7\u00e3o da equipe, bem como a contrata\u00e7\u00e3o para cargos vagos j\u00e1 existentes, al\u00e9m das expectativas de aposentadorias at\u00e9 2026. Ainda n\u00e3o h\u00e1 um prazo para o lan\u00e7amento do edital, j\u00e1 que a casa ainda deve formar uma comiss\u00e3o organizadora para a elabora\u00e7\u00e3o do documento.<\/p>\n<p>Veja os concursos autorizados:<\/p>\n<p>IBGE<\/p>\n<p>Vagas: 8.141<\/p>\n<p>Cargos: agente de pesquisas e mapeamento, supervisor de coleta e qualidade, agente de pesquisa por telefone, agente censit\u00e1rio de mapeamento, codificador e supervisor de pesquisa<\/p>\n<p>Escolaridade: n\u00edvel m\u00e9dio e superior<\/p>\n<p>Edital: deve ser publicado em at\u00e9 6 meses<\/p>\n<p>Minist\u00e9rio das Rela\u00e7\u00f5es Exteriores<\/p>\n<p>&nbsp;<\/p>\n<p>Vagas: 30<\/p>\n<p>Cargos: diplomata<\/p>\n<p>Escolaridade: n\u00edvel superior<\/p>\n<p>Minist\u00e9rio da Ci\u00eancia e Tecnologia<\/p>\n<p>&nbsp;<\/p>\n<p>Vagas: 814<\/p>\n<p>Cargos: ci\u00eancia e tecnologia, pesquisadores e tecnologista<\/p>\n<p>Escolaridade: n\u00edvel superior<\/p>\n<p>Edital: deve ser publicado em at\u00e9 6 meses<\/p>\n<p>Minist\u00e9rio do Meio Ambiente<\/p>\n<p>&nbsp;<\/p>\n<p>Vagas: 98<\/p>\n<p>Cargos: analista ambiental<\/p>\n<p>Escolaridade: n\u00edvel superior<\/p>\n<p>Edital: deve ser publicado em at\u00e9 6 meses<\/p>\n<p>Funda\u00e7\u00e3o Nacional dos Povos ind\u00edgenas (Funai)<\/p>\n<p>&nbsp;<\/p>\n<p>Vagas: 502<\/p>\n<p>Cargos: agente em Indigenismo, administrador, antrop\u00f3logo, arquiteto, arquivista, assistente social, bibliotec\u00e1rio, contador, economista, engenheiro, engenheiro agr\u00f4nomo, engenheiro florestal, estat\u00edstico, geografo, indigenista especializado, psic\u00f3logo, soci\u00f3logo, t\u00e9cnico em assuntos educacionais, t\u00e9cnico em comunica\u00e7\u00e3o social<\/p>\n<p>Escolaridade: n\u00edvel m\u00e9dio e superior<\/p>\n<p>Edital: deve ser publicado em at\u00e9 6 meses<\/p>\n<p>C\u00e2mara dos Deputados<\/p>\n<p>&nbsp;<\/p>\n<p>Vagas: 140<\/p>\n<p>Cargos: assistente social, consultoria legislativa, consultoria de or\u00e7amento e fiscaliza\u00e7\u00e3o financeira, contador, enfermeiro, farmac\u00eautico, analista de inform\u00e1tica legislativa, m\u00e9dico, t\u00e9cnica legislativa, e t\u00e9cnico em material e patrim\u00f4nio<\/p>\n<p>Escolaridade: n\u00edvel superior<\/p>\n<p>Edital: ainda ser\u00e1 elaborado pela comiss\u00e3o organizadora da casa<\/p>\n<p>Foto: TV Globo\/Reprodu\u00e7\u00e3o<\/p>\n","protected":false},"excerpt":{"rendered":"<p>O governo federal autorizou concursos em ao menos 5 \u00f3rg\u00e3os federais desde o inicio de 2023. Ao todo, s\u00e3o mais de 9,5 mil vagas para cargos de n\u00edvel m\u00e9dio e superior.<\/p>\n","protected":false},"author":8,"featured_media":695060,"comment_status":"closed","ping_status":"closed","sticky":false,"template":"","format":"standard","meta":[],"categories":[14,3,8],"tags":[835,52,175,1428],"acf":[],"yoast_head":"<!-- This site is optimized with the Yoast SEO plugin v20.8 - https:\/\/yoast.com\/wordpress\/plugins\/seo\/ -->\n<title>CONCURSOS EM \u00d3RG\u00c3OS FEDERAIS RE\u00daNEM MAIS DE 9,7 MIL VAGAS - Bahia Economica<\/title>\n<meta name=\"description\" content=\"O governo federal autorizou concursos em ao menos 5 \u00f3rg\u00e3os federais desde o inicio de 2023. Ao todo, s\u00e3o mais de 9,5 mil vagas para cargos\" \/>\n<meta name=\"robots\" content=\"index, follow, max-snippet:-1, max-image-preview:large, max-video-preview:-1\" \/>\n<link rel=\"canonical\" href=\"https:\/\/bahiaeconomica.com.br\/wp\/2023\/05\/29\/concursos-publicos-em-orgaos-federais-reunem-mais-de-97-mil-vagas\/\" \/>\n<meta property=\"og:locale\" content=\"pt_BR\" \/>\n<meta property=\"og:type\" content=\"article\" \/>\n<meta property=\"og:title\" content=\"CONCURSOS EM \u00d3RG\u00c3OS FEDERAIS RE\u00daNEM MAIS DE 9,7 MIL VAGAS - Bahia Economica\" \/>\n<meta property=\"og:description\" content=\"O governo federal autorizou concursos em ao menos 5 \u00f3rg\u00e3os federais desde o inicio de 2023. Ao todo, s\u00e3o mais de 9,5 mil vagas para cargos\" \/>\n<meta property=\"og:url\" content=\"https:\/\/bahiaeconomica.com.br\/wp\/2023\/05\/29\/concursos-publicos-em-orgaos-federais-reunem-mais-de-97-mil-vagas\/\" \/>\n<meta property=\"og:site_name\" content=\"Bahia Economica\" \/>\n<meta property=\"article:publisher\" content=\"https:\/\/www.facebook.com\/bahiaeconomica\" \/>\n<meta property=\"article:published_time\" content=\"2023-05-29T10:35:13+00:00\" \/>\n<meta property=\"article:modified_time\" content=\"2023-05-29T10:36:47+00:00\" \/>\n<meta property=\"og:image\" content=\"https:\/\/bahiaeconomica.com.br\/wp\/wp-content\/uploads\/2022\/10\/prova-teste-exame-vestibular-concurso-publico-1642187809292_v2_900x506-1.png\" \/>\n\t<meta property=\"og:image:width\" content=\"500\" \/>\n\t<meta property=\"og:image:height\" content=\"300\" \/>\n\t<meta property=\"og:image:type\" content=\"image\/png\" \/>\n<meta name=\"author\" content=\"JP\" \/>\n<meta name=\"twitter:card\" content=\"summary_large_image\" \/>\n<meta name=\"twitter:label1\" content=\"Escrito por\" \/>\n\t<meta name=\"twitter:data1\" content=\"JP\" \/>\n\t<meta name=\"twitter:label2\" content=\"Est. tempo de leitura\" \/>\n\t<meta name=\"twitter:data2\" content=\"2 minutos\" \/>\n<script type=\"application\/ld+json\" class=\"yoast-schema-graph\">{\"@context\":\"https:\/\/schema.org\",\"@graph\":[{\"@type\":\"Article\",\"@id\":\"https:\/\/bahiaeconomica.com.br\/wp\/2023\/05\/29\/concursos-publicos-em-orgaos-federais-reunem-mais-de-97-mil-vagas\/#article\",\"isPartOf\":{\"@id\":\"https:\/\/bahiaeconomica.com.br\/wp\/2023\/05\/29\/concursos-publicos-em-orgaos-federais-reunem-mais-de-97-mil-vagas\/\"},\"author\":{\"name\":\"JP\",\"@id\":\"https:\/\/bahiaeconomica.com.br\/wp\/#\/schema\/person\/c86d3a3f8960425a0f9d0e5245991f4e\"},\"headline\":\"CONCURSOS EM \u00d3RG\u00c3OS FEDERAIS RE\u00daNEM MAIS DE 9,7 MIL VAGAS\",\"datePublished\":\"2023-05-29T10:35:13+00:00\",\"dateModified\":\"2023-05-29T10:36:47+00:00\",\"mainEntityOfPage\":{\"@id\":\"https:\/\/bahiaeconomica.com.br\/wp\/2023\/05\/29\/concursos-publicos-em-orgaos-federais-reunem-mais-de-97-mil-vagas\/\"},\"wordCount\":392,\"publisher\":{\"@id\":\"https:\/\/bahiaeconomica.com.br\/wp\/#organization\"},\"keywords\":[\"alta\",\"Brasil\",\"concurso\",\"provas\"],\"articleSection\":[\"DESTAQUE DO DIA\",\"ECONOMIA \/ POL\u00cdTICA\",\"EMPREGOS \/ CONCURSOS\"],\"inLanguage\":\"pt-BR\"},{\"@type\":\"WebPage\",\"@id\":\"https:\/\/bahiaeconomica.com.br\/wp\/2023\/05\/29\/concursos-publicos-em-orgaos-federais-reunem-mais-de-97-mil-vagas\/\",\"url\":\"https:\/\/bahiaeconomica.com.br\/wp\/2023\/05\/29\/concursos-publicos-em-orgaos-federais-reunem-mais-de-97-mil-vagas\/\",\"name\":\"CONCURSOS EM \u00d3RG\u00c3OS FEDERAIS RE\u00daNEM MAIS DE 9,7 MIL VAGAS - Bahia Economica\",\"isPartOf\":{\"@id\":\"https:\/\/bahiaeconomica.com.br\/wp\/#website\"},\"datePublished\":\"2023-05-29T10:35:13+00:00\",\"dateModified\":\"2023-05-29T10:36:47+00:00\",\"description\":\"O governo federal autorizou concursos em ao menos 5 \u00f3rg\u00e3os federais desde o inicio de 2023. Ao todo, s\u00e3o mais de 9,5 mil vagas para cargos\",\"breadcrumb\":{\"@id\":\"https:\/\/bahiaeconomica.com.br\/wp\/2023\/05\/29\/concursos-publicos-em-orgaos-federais-reunem-mais-de-97-mil-vagas\/#breadcrumb\"},\"inLanguage\":\"pt-BR\",\"potentialAction\":[{\"@type\":\"ReadAction\",\"target\":[\"https:\/\/bahiaeconomica.com.br\/wp\/2023\/05\/29\/concursos-publicos-em-orgaos-federais-reunem-mais-de-97-mil-vagas\/\"]}]},{\"@type\":\"BreadcrumbList\",\"@id\":\"https:\/\/bahiaeconomica.com.br\/wp\/2023\/05\/29\/concursos-publicos-em-orgaos-federais-reunem-mais-de-97-mil-vagas\/#breadcrumb\",\"itemListElement\":[{\"@type\":\"ListItem\",\"position\":1,\"name\":\"In\u00edcio\",\"item\":\"https:\/\/bahiaeconomica.com.br\/wp\/\"},{\"@type\":\"ListItem\",\"position\":2,\"name\":\"CONCURSOS EM \u00d3RG\u00c3OS FEDERAIS RE\u00daNEM MAIS DE 9,7 MIL VAGAS\"}]},{\"@type\":\"WebSite\",\"@id\":\"https:\/\/bahiaeconomica.com.br\/wp\/#website\",\"url\":\"https:\/\/bahiaeconomica.com.br\/wp\/\",\"name\":\"Bahia Economica\",\"description\":\"O maior portal de Economia da Bahia\",\"publisher\":{\"@id\":\"https:\/\/bahiaeconomica.com.br\/wp\/#organization\"},\"potentialAction\":[{\"@type\":\"SearchAction\",\"target\":{\"@type\":\"EntryPoint\",\"urlTemplate\":\"https:\/\/bahiaeconomica.com.br\/wp\/?s={search_term_string}\"},\"query-input\":\"required name=search_term_string\"}],\"inLanguage\":\"pt-BR\"},{\"@type\":\"Organization\",\"@id\":\"https:\/\/bahiaeconomica.com.br\/wp\/#organization\",\"name\":\"Bahia Econ\u00f4mica\",\"url\":\"https:\/\/bahiaeconomica.com.br\/wp\/\",\"logo\":{\"@type\":\"ImageObject\",\"inLanguage\":\"pt-BR\",\"@id\":\"https:\/\/bahiaeconomica.com.br\/wp\/#\/schema\/logo\/image\/\",\"url\":\"https:\/\/bahiaeconomica.com.br\/wp\/wp-content\/uploads\/2020\/12\/cropped-BE.png\",\"contentUrl\":\"https:\/\/bahiaeconomica.com.br\/wp\/wp-content\/uploads\/2020\/12\/cropped-BE.png\",\"width\":512,\"height\":512,\"caption\":\"Bahia Econ\u00f4mica\"},\"image\":{\"@id\":\"https:\/\/bahiaeconomica.com.br\/wp\/#\/schema\/logo\/image\/\"},\"sameAs\":[\"https:\/\/www.facebook.com\/bahiaeconomica\"]},{\"@type\":\"Person\",\"@id\":\"https:\/\/bahiaeconomica.com.br\/wp\/#\/schema\/person\/c86d3a3f8960425a0f9d0e5245991f4e\",\"name\":\"JP\",\"sameAs\":[\"https:\/\/bahiaeconomica.com.br\/wp\/beta\/\"],\"url\":\"https:\/\/bahiaeconomica.com.br\/wp\/author\/jp\/\"}]}<\/script>\n<!-- \/ Yoast SEO plugin. -->","yoast_head_json":{"title":"CONCURSOS EM \u00d3RG\u00c3OS FEDERAIS RE\u00daNEM MAIS DE 9,7 MIL VAGAS - Bahia Economica","description":"O governo federal autorizou concursos em ao menos 5 \u00f3rg\u00e3os federais desde o inicio de 2023. Ao todo, s\u00e3o mais de 9,5 mil vagas para cargos","robots":{"index":"index","follow":"follow","max-snippet":"max-snippet:-1","max-image-preview":"max-image-preview:large","max-video-preview":"max-video-preview:-1"},"canonical":"https:\/\/bahiaeconomica.com.br\/wp\/2023\/05\/29\/concursos-publicos-em-orgaos-federais-reunem-mais-de-97-mil-vagas\/","og_locale":"pt_BR","og_type":"article","og_title":"CONCURSOS EM \u00d3RG\u00c3OS FEDERAIS RE\u00daNEM MAIS DE 9,7 MIL VAGAS - Bahia Economica","og_description":"O governo federal autorizou concursos em ao menos 5 \u00f3rg\u00e3os federais desde o inicio de 2023. Ao todo, s\u00e3o mais de 9,5 mil vagas para cargos","og_url":"https:\/\/bahiaeconomica.com.br\/wp\/2023\/05\/29\/concursos-publicos-em-orgaos-federais-reunem-mais-de-97-mil-vagas\/","og_site_name":"Bahia Economica","article_publisher":"https:\/\/www.facebook.com\/bahiaeconomica","article_published_time":"2023-05-29T10:35:13+00:00","article_modified_time":"2023-05-29T10:36:47+00:00","og_image":[{"width":500,"height":300,"url":"https:\/\/bahiaeconomica.com.br\/wp\/wp-content\/uploads\/2022\/10\/prova-teste-exame-vestibular-concurso-publico-1642187809292_v2_900x506-1.png","type":"image\/png"}],"author":"JP","twitter_card":"summary_large_image","twitter_misc":{"Escrito por":"JP","Est. tempo de leitura":"2 minutos"},"schema":{"@context":"https:\/\/schema.org","@graph":[{"@type":"Article","@id":"https:\/\/bahiaeconomica.com.br\/wp\/2023\/05\/29\/concursos-publicos-em-orgaos-federais-reunem-mais-de-97-mil-vagas\/#article","isPartOf":{"@id":"https:\/\/bahiaeconomica.com.br\/wp\/2023\/05\/29\/concursos-publicos-em-orgaos-federais-reunem-mais-de-97-mil-vagas\/"},"author":{"name":"JP","@id":"https:\/\/bahiaeconomica.com.br\/wp\/#\/schema\/person\/c86d3a3f8960425a0f9d0e5245991f4e"},"headline":"CONCURSOS EM \u00d3RG\u00c3OS FEDERAIS RE\u00daNEM MAIS DE 9,7 MIL VAGAS","datePublished":"2023-05-29T10:35:13+00:00","dateModified":"2023-05-29T10:36:47+00:00","mainEntityOfPage":{"@id":"https:\/\/bahiaeconomica.com.br\/wp\/2023\/05\/29\/concursos-publicos-em-orgaos-federais-reunem-mais-de-97-mil-vagas\/"},"wordCount":392,"publisher":{"@id":"https:\/\/bahiaeconomica.com.br\/wp\/#organization"},"keywords":["alta","Brasil","concurso","provas"],"articleSection":["DESTAQUE DO DIA","ECONOMIA \/ POL\u00cdTICA","EMPREGOS \/ CONCURSOS"],"inLanguage":"pt-BR"},{"@type":"WebPage","@id":"https:\/\/bahiaeconomica.com.br\/wp\/2023\/05\/29\/concursos-publicos-em-orgaos-federais-reunem-mais-de-97-mil-vagas\/","url":"https:\/\/bahiaeconomica.com.br\/wp\/2023\/05\/29\/concursos-publicos-em-orgaos-federais-reunem-mais-de-97-mil-vagas\/","name":"CONCURSOS EM \u00d3RG\u00c3OS FEDERAIS RE\u00daNEM MAIS DE 9,7 MIL VAGAS - Bahia Economica","isPartOf":{"@id":"https:\/\/bahiaeconomica.com.br\/wp\/#website"},"datePublished":"2023-05-29T10:35:13+00:00","dateModified":"2023-05-29T10:36:47+00:00","description":"O governo federal autorizou concursos em ao menos 5 \u00f3rg\u00e3os federais desde o inicio de 2023. Ao todo, s\u00e3o mais de 9,5 mil vagas para cargos","breadcrumb":{"@id":"https:\/\/bahiaeconomica.com.br\/wp\/2023\/05\/29\/concursos-publicos-em-orgaos-federais-reunem-mais-de-97-mil-vagas\/#breadcrumb"},"inLanguage":"pt-BR","potentialAction":[{"@type":"ReadAction","target":["https:\/\/bahiaeconomica.com.br\/wp\/2023\/05\/29\/concursos-publicos-em-orgaos-federais-reunem-mais-de-97-mil-vagas\/"]}]},{"@type":"BreadcrumbList","@id":"https:\/\/bahiaeconomica.com.br\/wp\/2023\/05\/29\/concursos-publicos-em-orgaos-federais-reunem-mais-de-97-mil-vagas\/#breadcrumb","itemListElement":[{"@type":"ListItem","position":1,"name":"In\u00edcio","item":"https:\/\/bahiaeconomica.com.br\/wp\/"},{"@type":"ListItem","position":2,"name":"CONCURSOS EM \u00d3RG\u00c3OS FEDERAIS RE\u00daNEM MAIS DE 9,7 MIL VAGAS"}]},{"@type":"WebSite","@id":"https:\/\/bahiaeconomica.com.br\/wp\/#website","url":"https:\/\/bahiaeconomica.com.br\/wp\/","name":"Bahia Economica","description":"O maior portal de Economia da Bahia","publisher":{"@id":"https:\/\/bahiaeconomica.com.br\/wp\/#organization"},"potentialAction":[{"@type":"SearchAction","target":{"@type":"EntryPoint","urlTemplate":"https:\/\/bahiaeconomica.com.br\/wp\/?s={search_term_string}"},"query-input":"required name=search_term_string"}],"inLanguage":"pt-BR"},{"@type":"Organization","@id":"https:\/\/bahiaeconomica.com.br\/wp\/#organization","name":"Bahia Econ\u00f4mica","url":"https:\/\/bahiaeconomica.com.br\/wp\/","logo":{"@type":"ImageObject","inLanguage":"pt-BR","@id":"https:\/\/bahiaeconomica.com.br\/wp\/#\/schema\/logo\/image\/","url":"https:\/\/bahiaeconomica.com.br\/wp\/wp-content\/uploads\/2020\/12\/cropped-BE.png","contentUrl":"https:\/\/bahiaeconomica.com.br\/wp\/wp-content\/uploads\/2020\/12\/cropped-BE.png","width":512,"height":512,"caption":"Bahia Econ\u00f4mica"},"image":{"@id":"https:\/\/bahiaeconomica.com.br\/wp\/#\/schema\/logo\/image\/"},"sameAs":["https:\/\/www.facebook.com\/bahiaeconomica"]},{"@type":"Person","@id":"https:\/\/bahiaeconomica.com.br\/wp\/#\/schema\/person\/c86d3a3f8960425a0f9d0e5245991f4e","name":"JP","sameAs":["https:\/\/bahiaeconomica.com.br\/wp\/beta\/"],"url":"https:\/\/bahiaeconomica.com.br\/wp\/author\/jp\/"}]}},"views":2,"_links":{"self":[{"href":"https:\/\/bahiaeconomica.com.br\/wp\/wp-json\/wp\/v2\/posts\/737377"}],"collection":[{"href":"https:\/\/bahiaeconomica.com.br\/wp\/wp-json\/wp\/v2\/posts"}],"about":[{"href":"https:\/\/bahiaeconomica.com.br\/wp\/wp-json\/wp\/v2\/types\/post"}],"author":[{"embeddable":true,"href":"https:\/\/bahiaeconomica.com.br\/wp\/wp-json\/wp\/v2\/users\/8"}],"replies":[{"embeddable":true,"href":"https:\/\/bahiaeconomica.com.br\/wp\/wp-json\/wp\/v2\/comments?post=737377"}],"version-history":[{"count":2,"href":"https:\/\/bahiaeconomica.com.br\/wp\/wp-json\/wp\/v2\/posts\/737377\/revisions"}],"predecessor-version":[{"id":737381,"href":"https:\/\/bahiaeconomica.com.br\/wp\/wp-json\/wp\/v2\/posts\/737377\/revisions\/737381"}],"wp:featuredmedia":[{"embeddable":true,"href":"https:\/\/bahiaeconomica.com.br\/wp\/wp-json\/wp\/v2\/media\/695060"}],"wp:attachment":[{"href":"https:\/\/bahiaeconomica.com.br\/wp\/wp-json\/wp\/v2\/media?parent=737377"}],"wp:term":[{"taxonomy":"category","embeddable":true,"href":"https:\/\/bahiaeconomica.com.br\/wp\/wp-json\/wp\/v2\/categories?post=737377"},{"taxonomy":"post_tag","embeddable":true,"href":"https:\/\/bahiaeconomica.com.br\/wp\/wp-json\/wp\/v2\/tags?post=737377"}],"curies":[{"name":"wp","href":"https:\/\/api.w.org\/{rel}","templated":true}]}}