{"id":737288,"date":"2023-06-26T06:00:06","date_gmt":"2023-06-26T09:00:06","guid":{"rendered":"https:\/\/bahiaeconomica.com.br\/wp\/beta\/?p=737288"},"modified":"2023-06-24T08:04:40","modified_gmt":"2023-06-24T11:04:40","slug":"entrevista-com-luiz-gavazza-presidente-da-bahiagas","status":"publish","type":"post","link":"https:\/\/bahiaeconomica.com.br\/wp\/2023\/06\/26\/entrevista-com-luiz-gavazza-presidente-da-bahiagas\/","title":{"rendered":"ENTREVISTA COM LUIZ GAVAZZA PRESIDENTE DA BAHIAG\u00c1S"},"content":{"rendered":"<p><strong>Bahia Econ\u00f4mica \u2013 O governo federal alterou a f\u00f3rmula da Petrobras que pareava o pre\u00e7o ao d\u00f3lar. Essa mudan\u00e7a fez o pre\u00e7o dos produtos gasolina e g\u00e1s baixarem no pa\u00eds. Como o senhor avalia essa decis\u00e3o?<\/strong><\/p>\n<p><strong> Luiz Gavazza &#8211;\u00a0<\/strong>Eu avalio como muito positiva. O alinhamento dos pre\u00e7os da petrobras com os pre\u00e7os internacionais atrav\u00e9s da PPI era nociva ao mercado brasileiro. Os pre\u00e7os precisam corresponder a realidade do Brasil. Tanto na produ\u00e7\u00e3o quando na venda. Inicialmente a medida atinge apenas os combustiveis l\u00edquidos e os GLP n\u00e3o atinge o g\u00e1s natural. Por\u00e9m n\u00f3s estamos otimistas que essa mesma pol\u00edtica chegua a pol\u00edtica comercial para o g\u00e1s canalizado. A final de contas n\u00f3s temos os mesmos custos de produ\u00e7\u00e3o, custos de amplia\u00e7\u00e3o, ou seja o opex e o capex de mercado quando na necessidade de importa\u00e7\u00e3o. Hoje o g\u00e1s natural tem a sua pol\u00edtica de reajuste atrelada a uma cesta de \u00f3leos do mercado internacional que n\u00e3o tem nada haver um com o outro apesar de caminharmos juntos e al\u00e9m disso a varia\u00e7\u00e3o cambial. Pela enormidade de g\u00e1s que se produz no pa\u00eds n\u00e3o faz nenhum sentido. Portanto \u00e9 necess\u00e1rio que a politica de pre\u00e7os tamb\u00e9m atinja o g\u00e1s natural.<\/p>\n<p><strong>Bahia Econ\u00f4mica \u2013 Para a Bahiag\u00e1s a nova pol\u00edtica pre\u00e7o da petrobras pode trazer algum preju\u00edzo?<\/strong><\/p>\n<p><b>Luiz Gavazza &#8211; <\/b>N\u00f3s saudamos essa politica, por\u00e9m \u00e9 importante dizer que os combust\u00edveis concorrentes nossos, em especial a gasolina e o GLP eles ter\u00e3o seus pre\u00e7os reduzidos e isso pode tirar a competitividade do g\u00e1s natural. Por isso n\u00f3s estamos enviando um oficio para o presidente da Petrobras, para solicitar que a mesma pol\u00edtica que foi adotada para o combust\u00edvel seja aplicada no g\u00e1s encanado natural. Como eu j\u00e1 havia explicado hoje a pol\u00edtica de pre\u00e7os do g\u00e1s \u00e9 ligada a uma cesta de \u00f3leos internacionais e seus custos de produ\u00e7\u00e3o, ent\u00e3o n\u00f3s estamos solicitando essa altera\u00e7\u00e3o a petrobras.<\/p>\n<p><strong>Bahia Econ\u00f4mica &#8211; A Bahiag\u00e1s \u00e9 a \u00fanica empresa da Bahia que distribui g\u00e1s pelo estado. Caso o governo crie mecanismo para estimular outras empresas a entrarem no mercado a empresa pode sofrer perdas?<\/strong><\/p>\n<p><b>Luiz Gavazza &#8211; <\/b>O governo da Bahia \u00e9 o \u00fanico detentor do direito de distribuir g\u00e1s no estado. Esse direito foi concebido na constitui\u00e7\u00e3o baiana de 1989. Por isso n\u00e3o existe possibilidade do governo abrir m\u00e3o dessa exclusividade. E para isso o governo criou uma empresa para realizar esse papel. Hoje o governo \u00e9 um s\u00f3cio amplamente majorit\u00e1rio com 58,5% do capital total e 75,5% do capital votante tendo uma rela\u00e7\u00e3o de parceria e investimentos com a empresa privada\u00a0Mitsui G\u00e1s e Energia do Brasil. Estamos ampliando fortemente os investimentos do estado. Com um plano diretor de interioriza\u00e7\u00e3o que nos levar\u00e1 sair de hoje onde atendemos 22 munic\u00edpios e temos 57% de participa\u00e7\u00e3o no PIB industrial baiano para atendemos 68 munic\u00edpios e 81% do PIB industrial do estado e atender a 76% da popula\u00e7\u00e3o baiana. Por isso n\u00e3o faz sentido o estado pensar em dividir a concess\u00e3o<\/p>\n<p><strong>Bahia Econ\u00f4mica \u2013 Qual a import\u00e2ncia da Ponte Salvador Itaparica e toda sua facilidade log\u00edstica para a Bahiag\u00e1s ?<\/strong><\/p>\n<p><b>Luiz Gavazza &#8211; <\/b>A ponte Salvador Itaparica \u00e9 um grande empreendimento que vai modernizar a Bahia e vai trazer integra\u00e7\u00e3o entre a regi\u00e3o metropolita e o baixo sul do estado, al\u00e9m de encurtar distancias importantes para o estado. Para a Bahiag\u00e1s o projeto \u00e9 extremamente importante. N\u00f3s j\u00e1 estamos em tratativa com a concession\u00e1ria da ponte para termos um duto para capta\u00e7\u00e3o do g\u00e1s que \u00e9 produzido na ilha de Itaparica e um duto de distribui\u00e7\u00e3o para regi\u00e3o metropolitana. Ent\u00e3o o projeto \u00e9 extremamente importante para a empresa.<\/p>\n<p><strong>Bahia Econ\u00f4mica \u2013 Quais os investimentos previstos para Bahiag\u00e1s em 2023?<\/strong><\/p>\n<p><strong>Luiz Gavazza &#8211;\u00a0<\/strong>A Bahia G\u00e1s tem uma previs\u00e3o de investimento na casa dos R$ 300 milh\u00f5es de reais que est\u00e3o sendo aplicados na constru\u00e7\u00e3o no gasoduto sudoeste. Esse valor \u00e9 para aplica\u00e7\u00e3o do de investimentos em 2023, 2024 e 2025 quando teremos essa obra conclu\u00edda. Em 2023 est\u00e3o previstos mais de R$ 170 milh\u00f5es de investimento superando um novo recorde da empresa, isso significa, que o governo do estado est\u00e1 avan\u00e7ando no terceiro grande ciclo no estado e em 2025 e se tudo correr bem em 2025 estaremos chegando a minera\u00e7\u00e3o.<\/p>\n","protected":false},"excerpt":{"rendered":"<p>Bahia Econ\u00f4mica \u2013 O governo federal alterou a f\u00f3rmula da Petrobras que pareava o pre\u00e7o ao d\u00f3lar. Essa mudan\u00e7a fez o pre\u00e7o dos produtos gasolina e g\u00e1s baixarem no pa\u00eds. Como o senhor avalia essa decis\u00e3o? Luiz Gavazza &#8211;\u00a0Eu avalio como muito positiva. O alinhamento dos pre\u00e7os da petrobras com os pre\u00e7os internacionais atrav\u00e9s da [&hellip;]<\/p>\n","protected":false},"author":8,"featured_media":734006,"comment_status":"closed","ping_status":"closed","sticky":false,"template":"","format":"standard","meta":[],"categories":[9],"tags":[835,52,1296,100],"acf":[],"yoast_head":"<!-- This site is optimized with the Yoast SEO plugin v20.8 - https:\/\/yoast.com\/wordpress\/plugins\/seo\/ -->\n<title>ENTREVISTA COM LUIZ GAVAZZA PRESIDENTE DA BAHIAG\u00c1S - Bahia Economica<\/title>\n<meta name=\"description\" content=\"O governo federal alterou a f\u00f3rmula da Petrobras que pareava o pre\u00e7o ao d\u00f3lar. Essa mudan\u00e7a fez o pre\u00e7o dos produtos\" \/>\n<meta name=\"robots\" content=\"index, follow, max-snippet:-1, max-image-preview:large, max-video-preview:-1\" \/>\n<link rel=\"canonical\" href=\"https:\/\/bahiaeconomica.com.br\/wp\/2023\/06\/26\/entrevista-com-luiz-gavazza-presidente-da-bahiagas\/\" \/>\n<meta property=\"og:locale\" content=\"pt_BR\" \/>\n<meta property=\"og:type\" content=\"article\" \/>\n<meta property=\"og:title\" content=\"ENTREVISTA COM LUIZ GAVAZZA PRESIDENTE DA BAHIAG\u00c1S - Bahia Economica\" \/>\n<meta property=\"og:description\" content=\"O governo federal alterou a f\u00f3rmula da Petrobras que pareava o pre\u00e7o ao d\u00f3lar. Essa mudan\u00e7a fez o pre\u00e7o dos produtos\" \/>\n<meta property=\"og:url\" content=\"https:\/\/bahiaeconomica.com.br\/wp\/2023\/06\/26\/entrevista-com-luiz-gavazza-presidente-da-bahiagas\/\" \/>\n<meta property=\"og:site_name\" content=\"Bahia Economica\" \/>\n<meta property=\"article:publisher\" content=\"https:\/\/www.facebook.com\/bahiaeconomica\" \/>\n<meta property=\"article:published_time\" content=\"2023-06-26T09:00:06+00:00\" \/>\n<meta property=\"article:modified_time\" content=\"2023-06-24T11:04:40+00:00\" \/>\n<meta property=\"og:image\" content=\"https:\/\/bahiaeconomica.com.br\/wp\/wp-content\/uploads\/2023\/05\/LuizGavazza-300x223-1.jpg\" \/>\n\t<meta property=\"og:image:width\" content=\"300\" \/>\n\t<meta property=\"og:image:height\" content=\"223\" \/>\n\t<meta property=\"og:image:type\" content=\"image\/jpeg\" \/>\n<meta name=\"author\" content=\"JP\" \/>\n<meta name=\"twitter:card\" content=\"summary_large_image\" \/>\n<meta name=\"twitter:label1\" content=\"Escrito por\" \/>\n\t<meta name=\"twitter:data1\" content=\"JP\" \/>\n\t<meta name=\"twitter:label2\" content=\"Est. tempo de leitura\" \/>\n\t<meta name=\"twitter:data2\" content=\"4 minutos\" \/>\n<script type=\"application\/ld+json\" class=\"yoast-schema-graph\">{\"@context\":\"https:\/\/schema.org\",\"@graph\":[{\"@type\":\"Article\",\"@id\":\"https:\/\/bahiaeconomica.com.br\/wp\/2023\/06\/26\/entrevista-com-luiz-gavazza-presidente-da-bahiagas\/#article\",\"isPartOf\":{\"@id\":\"https:\/\/bahiaeconomica.com.br\/wp\/2023\/06\/26\/entrevista-com-luiz-gavazza-presidente-da-bahiagas\/\"},\"author\":{\"name\":\"JP\",\"@id\":\"https:\/\/bahiaeconomica.com.br\/wp\/#\/schema\/person\/c86d3a3f8960425a0f9d0e5245991f4e\"},\"headline\":\"ENTREVISTA COM LUIZ GAVAZZA PRESIDENTE DA BAHIAG\u00c1S\",\"datePublished\":\"2023-06-26T09:00:06+00:00\",\"dateModified\":\"2023-06-24T11:04:40+00:00\",\"mainEntityOfPage\":{\"@id\":\"https:\/\/bahiaeconomica.com.br\/wp\/2023\/06\/26\/entrevista-com-luiz-gavazza-presidente-da-bahiagas\/\"},\"wordCount\":788,\"publisher\":{\"@id\":\"https:\/\/bahiaeconomica.com.br\/wp\/#organization\"},\"keywords\":[\"alta\",\"Brasil\",\"entrevista\",\"Pol\u00edtica\"],\"articleSection\":[\"ENTREVISTAS\"],\"inLanguage\":\"pt-BR\"},{\"@type\":\"WebPage\",\"@id\":\"https:\/\/bahiaeconomica.com.br\/wp\/2023\/06\/26\/entrevista-com-luiz-gavazza-presidente-da-bahiagas\/\",\"url\":\"https:\/\/bahiaeconomica.com.br\/wp\/2023\/06\/26\/entrevista-com-luiz-gavazza-presidente-da-bahiagas\/\",\"name\":\"ENTREVISTA COM LUIZ GAVAZZA PRESIDENTE DA BAHIAG\u00c1S - Bahia Economica\",\"isPartOf\":{\"@id\":\"https:\/\/bahiaeconomica.com.br\/wp\/#website\"},\"datePublished\":\"2023-06-26T09:00:06+00:00\",\"dateModified\":\"2023-06-24T11:04:40+00:00\",\"description\":\"O governo federal alterou a f\u00f3rmula da Petrobras que pareava o pre\u00e7o ao d\u00f3lar. Essa mudan\u00e7a fez o pre\u00e7o dos produtos\",\"breadcrumb\":{\"@id\":\"https:\/\/bahiaeconomica.com.br\/wp\/2023\/06\/26\/entrevista-com-luiz-gavazza-presidente-da-bahiagas\/#breadcrumb\"},\"inLanguage\":\"pt-BR\",\"potentialAction\":[{\"@type\":\"ReadAction\",\"target\":[\"https:\/\/bahiaeconomica.com.br\/wp\/2023\/06\/26\/entrevista-com-luiz-gavazza-presidente-da-bahiagas\/\"]}]},{\"@type\":\"BreadcrumbList\",\"@id\":\"https:\/\/bahiaeconomica.com.br\/wp\/2023\/06\/26\/entrevista-com-luiz-gavazza-presidente-da-bahiagas\/#breadcrumb\",\"itemListElement\":[{\"@type\":\"ListItem\",\"position\":1,\"name\":\"In\u00edcio\",\"item\":\"https:\/\/bahiaeconomica.com.br\/wp\/\"},{\"@type\":\"ListItem\",\"position\":2,\"name\":\"ENTREVISTA COM LUIZ GAVAZZA PRESIDENTE DA BAHIAG\u00c1S\"}]},{\"@type\":\"WebSite\",\"@id\":\"https:\/\/bahiaeconomica.com.br\/wp\/#website\",\"url\":\"https:\/\/bahiaeconomica.com.br\/wp\/\",\"name\":\"Bahia Economica\",\"description\":\"O maior portal de Economia da Bahia\",\"publisher\":{\"@id\":\"https:\/\/bahiaeconomica.com.br\/wp\/#organization\"},\"potentialAction\":[{\"@type\":\"SearchAction\",\"target\":{\"@type\":\"EntryPoint\",\"urlTemplate\":\"https:\/\/bahiaeconomica.com.br\/wp\/?s={search_term_string}\"},\"query-input\":\"required name=search_term_string\"}],\"inLanguage\":\"pt-BR\"},{\"@type\":\"Organization\",\"@id\":\"https:\/\/bahiaeconomica.com.br\/wp\/#organization\",\"name\":\"Bahia Econ\u00f4mica\",\"url\":\"https:\/\/bahiaeconomica.com.br\/wp\/\",\"logo\":{\"@type\":\"ImageObject\",\"inLanguage\":\"pt-BR\",\"@id\":\"https:\/\/bahiaeconomica.com.br\/wp\/#\/schema\/logo\/image\/\",\"url\":\"https:\/\/bahiaeconomica.com.br\/wp\/wp-content\/uploads\/2020\/12\/cropped-BE.png\",\"contentUrl\":\"https:\/\/bahiaeconomica.com.br\/wp\/wp-content\/uploads\/2020\/12\/cropped-BE.png\",\"width\":512,\"height\":512,\"caption\":\"Bahia Econ\u00f4mica\"},\"image\":{\"@id\":\"https:\/\/bahiaeconomica.com.br\/wp\/#\/schema\/logo\/image\/\"},\"sameAs\":[\"https:\/\/www.facebook.com\/bahiaeconomica\"]},{\"@type\":\"Person\",\"@id\":\"https:\/\/bahiaeconomica.com.br\/wp\/#\/schema\/person\/c86d3a3f8960425a0f9d0e5245991f4e\",\"name\":\"JP\",\"sameAs\":[\"https:\/\/bahiaeconomica.com.br\/wp\/beta\/\"],\"url\":\"https:\/\/bahiaeconomica.com.br\/wp\/author\/jp\/\"}]}<\/script>\n<!-- \/ Yoast SEO plugin. -->","yoast_head_json":{"title":"ENTREVISTA COM LUIZ GAVAZZA PRESIDENTE DA BAHIAG\u00c1S - Bahia Economica","description":"O governo federal alterou a f\u00f3rmula da Petrobras que pareava o pre\u00e7o ao d\u00f3lar. Essa mudan\u00e7a fez o pre\u00e7o dos produtos","robots":{"index":"index","follow":"follow","max-snippet":"max-snippet:-1","max-image-preview":"max-image-preview:large","max-video-preview":"max-video-preview:-1"},"canonical":"https:\/\/bahiaeconomica.com.br\/wp\/2023\/06\/26\/entrevista-com-luiz-gavazza-presidente-da-bahiagas\/","og_locale":"pt_BR","og_type":"article","og_title":"ENTREVISTA COM LUIZ GAVAZZA PRESIDENTE DA BAHIAG\u00c1S - Bahia Economica","og_description":"O governo federal alterou a f\u00f3rmula da Petrobras que pareava o pre\u00e7o ao d\u00f3lar. Essa mudan\u00e7a fez o pre\u00e7o dos produtos","og_url":"https:\/\/bahiaeconomica.com.br\/wp\/2023\/06\/26\/entrevista-com-luiz-gavazza-presidente-da-bahiagas\/","og_site_name":"Bahia Economica","article_publisher":"https:\/\/www.facebook.com\/bahiaeconomica","article_published_time":"2023-06-26T09:00:06+00:00","article_modified_time":"2023-06-24T11:04:40+00:00","og_image":[{"width":300,"height":223,"url":"https:\/\/bahiaeconomica.com.br\/wp\/wp-content\/uploads\/2023\/05\/LuizGavazza-300x223-1.jpg","type":"image\/jpeg"}],"author":"JP","twitter_card":"summary_large_image","twitter_misc":{"Escrito por":"JP","Est. tempo de leitura":"4 minutos"},"schema":{"@context":"https:\/\/schema.org","@graph":[{"@type":"Article","@id":"https:\/\/bahiaeconomica.com.br\/wp\/2023\/06\/26\/entrevista-com-luiz-gavazza-presidente-da-bahiagas\/#article","isPartOf":{"@id":"https:\/\/bahiaeconomica.com.br\/wp\/2023\/06\/26\/entrevista-com-luiz-gavazza-presidente-da-bahiagas\/"},"author":{"name":"JP","@id":"https:\/\/bahiaeconomica.com.br\/wp\/#\/schema\/person\/c86d3a3f8960425a0f9d0e5245991f4e"},"headline":"ENTREVISTA COM LUIZ GAVAZZA PRESIDENTE DA BAHIAG\u00c1S","datePublished":"2023-06-26T09:00:06+00:00","dateModified":"2023-06-24T11:04:40+00:00","mainEntityOfPage":{"@id":"https:\/\/bahiaeconomica.com.br\/wp\/2023\/06\/26\/entrevista-com-luiz-gavazza-presidente-da-bahiagas\/"},"wordCount":788,"publisher":{"@id":"https:\/\/bahiaeconomica.com.br\/wp\/#organization"},"keywords":["alta","Brasil","entrevista","Pol\u00edtica"],"articleSection":["ENTREVISTAS"],"inLanguage":"pt-BR"},{"@type":"WebPage","@id":"https:\/\/bahiaeconomica.com.br\/wp\/2023\/06\/26\/entrevista-com-luiz-gavazza-presidente-da-bahiagas\/","url":"https:\/\/bahiaeconomica.com.br\/wp\/2023\/06\/26\/entrevista-com-luiz-gavazza-presidente-da-bahiagas\/","name":"ENTREVISTA COM LUIZ GAVAZZA PRESIDENTE DA BAHIAG\u00c1S - Bahia Economica","isPartOf":{"@id":"https:\/\/bahiaeconomica.com.br\/wp\/#website"},"datePublished":"2023-06-26T09:00:06+00:00","dateModified":"2023-06-24T11:04:40+00:00","description":"O governo federal alterou a f\u00f3rmula da Petrobras que pareava o pre\u00e7o ao d\u00f3lar. Essa mudan\u00e7a fez o pre\u00e7o dos produtos","breadcrumb":{"@id":"https:\/\/bahiaeconomica.com.br\/wp\/2023\/06\/26\/entrevista-com-luiz-gavazza-presidente-da-bahiagas\/#breadcrumb"},"inLanguage":"pt-BR","potentialAction":[{"@type":"ReadAction","target":["https:\/\/bahiaeconomica.com.br\/wp\/2023\/06\/26\/entrevista-com-luiz-gavazza-presidente-da-bahiagas\/"]}]},{"@type":"BreadcrumbList","@id":"https:\/\/bahiaeconomica.com.br\/wp\/2023\/06\/26\/entrevista-com-luiz-gavazza-presidente-da-bahiagas\/#breadcrumb","itemListElement":[{"@type":"ListItem","position":1,"name":"In\u00edcio","item":"https:\/\/bahiaeconomica.com.br\/wp\/"},{"@type":"ListItem","position":2,"name":"ENTREVISTA COM LUIZ GAVAZZA PRESIDENTE DA BAHIAG\u00c1S"}]},{"@type":"WebSite","@id":"https:\/\/bahiaeconomica.com.br\/wp\/#website","url":"https:\/\/bahiaeconomica.com.br\/wp\/","name":"Bahia Economica","description":"O maior portal de Economia da Bahia","publisher":{"@id":"https:\/\/bahiaeconomica.com.br\/wp\/#organization"},"potentialAction":[{"@type":"SearchAction","target":{"@type":"EntryPoint","urlTemplate":"https:\/\/bahiaeconomica.com.br\/wp\/?s={search_term_string}"},"query-input":"required name=search_term_string"}],"inLanguage":"pt-BR"},{"@type":"Organization","@id":"https:\/\/bahiaeconomica.com.br\/wp\/#organization","name":"Bahia Econ\u00f4mica","url":"https:\/\/bahiaeconomica.com.br\/wp\/","logo":{"@type":"ImageObject","inLanguage":"pt-BR","@id":"https:\/\/bahiaeconomica.com.br\/wp\/#\/schema\/logo\/image\/","url":"https:\/\/bahiaeconomica.com.br\/wp\/wp-content\/uploads\/2020\/12\/cropped-BE.png","contentUrl":"https:\/\/bahiaeconomica.com.br\/wp\/wp-content\/uploads\/2020\/12\/cropped-BE.png","width":512,"height":512,"caption":"Bahia Econ\u00f4mica"},"image":{"@id":"https:\/\/bahiaeconomica.com.br\/wp\/#\/schema\/logo\/image\/"},"sameAs":["https:\/\/www.facebook.com\/bahiaeconomica"]},{"@type":"Person","@id":"https:\/\/bahiaeconomica.com.br\/wp\/#\/schema\/person\/c86d3a3f8960425a0f9d0e5245991f4e","name":"JP","sameAs":["https:\/\/bahiaeconomica.com.br\/wp\/beta\/"],"url":"https:\/\/bahiaeconomica.com.br\/wp\/author\/jp\/"}]}},"views":100,"_links":{"self":[{"href":"https:\/\/bahiaeconomica.com.br\/wp\/wp-json\/wp\/v2\/posts\/737288"}],"collection":[{"href":"https:\/\/bahiaeconomica.com.br\/wp\/wp-json\/wp\/v2\/posts"}],"about":[{"href":"https:\/\/bahiaeconomica.com.br\/wp\/wp-json\/wp\/v2\/types\/post"}],"author":[{"embeddable":true,"href":"https:\/\/bahiaeconomica.com.br\/wp\/wp-json\/wp\/v2\/users\/8"}],"replies":[{"embeddable":true,"href":"https:\/\/bahiaeconomica.com.br\/wp\/wp-json\/wp\/v2\/comments?post=737288"}],"version-history":[{"count":6,"href":"https:\/\/bahiaeconomica.com.br\/wp\/wp-json\/wp\/v2\/posts\/737288\/revisions"}],"predecessor-version":[{"id":738149,"href":"https:\/\/bahiaeconomica.com.br\/wp\/wp-json\/wp\/v2\/posts\/737288\/revisions\/738149"}],"wp:featuredmedia":[{"embeddable":true,"href":"https:\/\/bahiaeconomica.com.br\/wp\/wp-json\/wp\/v2\/media\/734006"}],"wp:attachment":[{"href":"https:\/\/bahiaeconomica.com.br\/wp\/wp-json\/wp\/v2\/media?parent=737288"}],"wp:term":[{"taxonomy":"category","embeddable":true,"href":"https:\/\/bahiaeconomica.com.br\/wp\/wp-json\/wp\/v2\/categories?post=737288"},{"taxonomy":"post_tag","embeddable":true,"href":"https:\/\/bahiaeconomica.com.br\/wp\/wp-json\/wp\/v2\/tags?post=737288"}],"curies":[{"name":"wp","href":"https:\/\/api.w.org\/{rel}","templated":true}]}}