{"id":737072,"date":"2023-05-26T06:57:13","date_gmt":"2023-05-26T09:57:13","guid":{"rendered":"https:\/\/bahiaeconomica.com.br\/wp\/beta\/?p=737072"},"modified":"2023-05-26T07:57:36","modified_gmt":"2023-05-26T10:57:36","slug":"petrobras-reapresenta-pedido-para-explorar-bacia-da-foz-do-amazonas","status":"publish","type":"post","link":"https:\/\/bahiaeconomica.com.br\/wp\/2023\/05\/26\/petrobras-reapresenta-pedido-para-explorar-bacia-da-foz-do-amazonas\/","title":{"rendered":"PETROBRAS REAPRESENTA PEDIDO PARA EXPLORAR BACIA DA FOZ DO AMAZONAS"},"content":{"rendered":"<p>Atrav\u00e9s de suas redes socais, o presidente da Petrobras \u00a0apresentou pedido para explora\u00e7\u00e3o de petr\u00f3leo na bacia da foz do Amazonas.<\/p>\n<p><!--more--><\/p>\n<p>Jean Paul Prates explicou que a estatal estima que \u00e1rea de explora\u00e7\u00e3o na regi\u00e3o pode render 14 bilh\u00f5es de barris de petr\u00f3leo. Mas o Ibama rejeitou o pedido. O \u00f3rg\u00e3o entendeu que o pedido de licen\u00e7a n\u00e3o continha garantias para atendimentos \u00e0 fauna em poss\u00edveis acidentes com o derramamento de \u00f3leo. Outro ponto destacado seriam lacunas quanto a previs\u00e3o de impactos da atividade em tr\u00eas terras ind\u00edgenas em Oiapoque.<\/p>\n<p>Setores do governo, como o Minist\u00e9rio de Minas e Energia, insistem na explora\u00e7\u00e3o da \u00e1rea. Na ter\u00e7a-feira (23), uma reuni\u00e3o no Pal\u00e1cio do Planalto envolveu representantes do Ibama, do Minist\u00e9rio de Minas e Energia e do Meio Ambiente para tratar do tema. \u201cConforme acordado na reuni\u00e3o de 3aF [ter\u00e7a-feira] sobre quest\u00f5es ambientais relativas \u00e0 Margem Equatorial, reapresentamos h\u00e1 pouco pedido de retomada do processo de licenciamento da perfura\u00e7\u00e3o do po\u00e7o Morpho 1-APS-57 no setor Amap\u00e1 \u00c1guas Profundas da bacia sedimentar mar\u00edtima denominada \u2018Foz do Amazonas&#8217;\u201d, escreveu o executivo.<\/p>\n<p>Foto: Divulga\u00e7\u00e3o\/Funai<\/p>\n","protected":false},"excerpt":{"rendered":"<p>Atrav\u00e9s de suas redes socais, o presidente da Petrobras \u00a0apresentou pedido para explora\u00e7\u00e3o de petr\u00f3leo na bacia da foz do Amazonas.<\/p>\n","protected":false},"author":8,"featured_media":737073,"comment_status":"closed","ping_status":"closed","sticky":false,"template":"","format":"standard","meta":[],"categories":[3],"tags":[2726,2487,789],"acf":[],"yoast_head":"<!-- This site is optimized with the Yoast SEO plugin v20.8 - https:\/\/yoast.com\/wordpress\/plugins\/seo\/ -->\n<title>PETROBRAS REAPRESENTA PEDIDO PARA EXPLORAR BACIA DA FOZ DO AMAZONAS - Bahia Economica<\/title>\n<meta name=\"description\" content=\"Atrav\u00e9s de suas redes socais, o presidente da Petrobras \u00a0apresentou pedido para explora\u00e7\u00e3o de petr\u00f3leo na bacia da foz do Amazonas.\" \/>\n<meta name=\"robots\" content=\"index, follow, max-snippet:-1, max-image-preview:large, max-video-preview:-1\" \/>\n<link rel=\"canonical\" href=\"https:\/\/bahiaeconomica.com.br\/wp\/2023\/05\/26\/petrobras-reapresenta-pedido-para-explorar-bacia-da-foz-do-amazonas\/\" \/>\n<meta property=\"og:locale\" content=\"pt_BR\" \/>\n<meta property=\"og:type\" content=\"article\" \/>\n<meta property=\"og:title\" content=\"PETROBRAS REAPRESENTA PEDIDO PARA EXPLORAR BACIA DA FOZ DO AMAZONAS - Bahia Economica\" \/>\n<meta property=\"og:description\" content=\"Atrav\u00e9s de suas redes socais, o presidente da Petrobras \u00a0apresentou pedido para explora\u00e7\u00e3o de petr\u00f3leo na bacia da foz do Amazonas.\" \/>\n<meta property=\"og:url\" content=\"https:\/\/bahiaeconomica.com.br\/wp\/2023\/05\/26\/petrobras-reapresenta-pedido-para-explorar-bacia-da-foz-do-amazonas\/\" \/>\n<meta property=\"og:site_name\" content=\"Bahia Economica\" \/>\n<meta property=\"article:publisher\" content=\"https:\/\/www.facebook.com\/bahiaeconomica\" \/>\n<meta property=\"article:published_time\" content=\"2023-05-26T09:57:13+00:00\" \/>\n<meta property=\"article:modified_time\" content=\"2023-05-26T10:57:36+00:00\" \/>\n<meta property=\"og:image\" content=\"https:\/\/bahiaeconomica.com.br\/wp\/wp-content\/uploads\/2023\/05\/funais-terra-amazonas360.jpg\" \/>\n\t<meta property=\"og:image:width\" content=\"360\" \/>\n\t<meta property=\"og:image:height\" content=\"220\" \/>\n\t<meta property=\"og:image:type\" content=\"image\/jpeg\" \/>\n<meta name=\"author\" content=\"JP\" \/>\n<meta name=\"twitter:card\" content=\"summary_large_image\" \/>\n<meta name=\"twitter:label1\" content=\"Escrito por\" \/>\n\t<meta name=\"twitter:data1\" content=\"JP\" \/>\n\t<meta name=\"twitter:label2\" content=\"Est. tempo de leitura\" \/>\n\t<meta name=\"twitter:data2\" content=\"1 minuto\" \/>\n<script type=\"application\/ld+json\" class=\"yoast-schema-graph\">{\"@context\":\"https:\/\/schema.org\",\"@graph\":[{\"@type\":\"Article\",\"@id\":\"https:\/\/bahiaeconomica.com.br\/wp\/2023\/05\/26\/petrobras-reapresenta-pedido-para-explorar-bacia-da-foz-do-amazonas\/#article\",\"isPartOf\":{\"@id\":\"https:\/\/bahiaeconomica.com.br\/wp\/2023\/05\/26\/petrobras-reapresenta-pedido-para-explorar-bacia-da-foz-do-amazonas\/\"},\"author\":{\"name\":\"JP\",\"@id\":\"https:\/\/bahiaeconomica.com.br\/wp\/#\/schema\/person\/c86d3a3f8960425a0f9d0e5245991f4e\"},\"headline\":\"PETROBRAS REAPRESENTA PEDIDO PARA EXPLORAR BACIA DA FOZ DO AMAZONAS\",\"datePublished\":\"2023-05-26T09:57:13+00:00\",\"dateModified\":\"2023-05-26T10:57:36+00:00\",\"mainEntityOfPage\":{\"@id\":\"https:\/\/bahiaeconomica.com.br\/wp\/2023\/05\/26\/petrobras-reapresenta-pedido-para-explorar-bacia-da-foz-do-amazonas\/\"},\"wordCount\":214,\"publisher\":{\"@id\":\"https:\/\/bahiaeconomica.com.br\/wp\/#organization\"},\"keywords\":[\"bacia\",\"pedido\",\"Petrobras\"],\"articleSection\":[\"ECONOMIA \/ POL\u00cdTICA\"],\"inLanguage\":\"pt-BR\"},{\"@type\":\"WebPage\",\"@id\":\"https:\/\/bahiaeconomica.com.br\/wp\/2023\/05\/26\/petrobras-reapresenta-pedido-para-explorar-bacia-da-foz-do-amazonas\/\",\"url\":\"https:\/\/bahiaeconomica.com.br\/wp\/2023\/05\/26\/petrobras-reapresenta-pedido-para-explorar-bacia-da-foz-do-amazonas\/\",\"name\":\"PETROBRAS REAPRESENTA PEDIDO PARA EXPLORAR BACIA DA FOZ DO AMAZONAS - Bahia Economica\",\"isPartOf\":{\"@id\":\"https:\/\/bahiaeconomica.com.br\/wp\/#website\"},\"datePublished\":\"2023-05-26T09:57:13+00:00\",\"dateModified\":\"2023-05-26T10:57:36+00:00\",\"description\":\"Atrav\u00e9s de suas redes socais, o presidente da Petrobras \u00a0apresentou pedido para explora\u00e7\u00e3o de petr\u00f3leo na bacia da foz do Amazonas.\",\"breadcrumb\":{\"@id\":\"https:\/\/bahiaeconomica.com.br\/wp\/2023\/05\/26\/petrobras-reapresenta-pedido-para-explorar-bacia-da-foz-do-amazonas\/#breadcrumb\"},\"inLanguage\":\"pt-BR\",\"potentialAction\":[{\"@type\":\"ReadAction\",\"target\":[\"https:\/\/bahiaeconomica.com.br\/wp\/2023\/05\/26\/petrobras-reapresenta-pedido-para-explorar-bacia-da-foz-do-amazonas\/\"]}]},{\"@type\":\"BreadcrumbList\",\"@id\":\"https:\/\/bahiaeconomica.com.br\/wp\/2023\/05\/26\/petrobras-reapresenta-pedido-para-explorar-bacia-da-foz-do-amazonas\/#breadcrumb\",\"itemListElement\":[{\"@type\":\"ListItem\",\"position\":1,\"name\":\"In\u00edcio\",\"item\":\"https:\/\/bahiaeconomica.com.br\/wp\/\"},{\"@type\":\"ListItem\",\"position\":2,\"name\":\"PETROBRAS REAPRESENTA PEDIDO PARA EXPLORAR BACIA DA FOZ DO AMAZONAS\"}]},{\"@type\":\"WebSite\",\"@id\":\"https:\/\/bahiaeconomica.com.br\/wp\/#website\",\"url\":\"https:\/\/bahiaeconomica.com.br\/wp\/\",\"name\":\"Bahia Economica\",\"description\":\"O maior portal de Economia da Bahia\",\"publisher\":{\"@id\":\"https:\/\/bahiaeconomica.com.br\/wp\/#organization\"},\"potentialAction\":[{\"@type\":\"SearchAction\",\"target\":{\"@type\":\"EntryPoint\",\"urlTemplate\":\"https:\/\/bahiaeconomica.com.br\/wp\/?s={search_term_string}\"},\"query-input\":\"required name=search_term_string\"}],\"inLanguage\":\"pt-BR\"},{\"@type\":\"Organization\",\"@id\":\"https:\/\/bahiaeconomica.com.br\/wp\/#organization\",\"name\":\"Bahia Econ\u00f4mica\",\"url\":\"https:\/\/bahiaeconomica.com.br\/wp\/\",\"logo\":{\"@type\":\"ImageObject\",\"inLanguage\":\"pt-BR\",\"@id\":\"https:\/\/bahiaeconomica.com.br\/wp\/#\/schema\/logo\/image\/\",\"url\":\"https:\/\/bahiaeconomica.com.br\/wp\/wp-content\/uploads\/2020\/12\/cropped-BE.png\",\"contentUrl\":\"https:\/\/bahiaeconomica.com.br\/wp\/wp-content\/uploads\/2020\/12\/cropped-BE.png\",\"width\":512,\"height\":512,\"caption\":\"Bahia Econ\u00f4mica\"},\"image\":{\"@id\":\"https:\/\/bahiaeconomica.com.br\/wp\/#\/schema\/logo\/image\/\"},\"sameAs\":[\"https:\/\/www.facebook.com\/bahiaeconomica\"]},{\"@type\":\"Person\",\"@id\":\"https:\/\/bahiaeconomica.com.br\/wp\/#\/schema\/person\/c86d3a3f8960425a0f9d0e5245991f4e\",\"name\":\"JP\",\"sameAs\":[\"https:\/\/bahiaeconomica.com.br\/wp\/beta\/\"],\"url\":\"https:\/\/bahiaeconomica.com.br\/wp\/author\/jp\/\"}]}<\/script>\n<!-- \/ Yoast SEO plugin. -->","yoast_head_json":{"title":"PETROBRAS REAPRESENTA PEDIDO PARA EXPLORAR BACIA DA FOZ DO AMAZONAS - Bahia Economica","description":"Atrav\u00e9s de suas redes socais, o presidente da Petrobras \u00a0apresentou pedido para explora\u00e7\u00e3o de petr\u00f3leo na bacia da foz do Amazonas.","robots":{"index":"index","follow":"follow","max-snippet":"max-snippet:-1","max-image-preview":"max-image-preview:large","max-video-preview":"max-video-preview:-1"},"canonical":"https:\/\/bahiaeconomica.com.br\/wp\/2023\/05\/26\/petrobras-reapresenta-pedido-para-explorar-bacia-da-foz-do-amazonas\/","og_locale":"pt_BR","og_type":"article","og_title":"PETROBRAS REAPRESENTA PEDIDO PARA EXPLORAR BACIA DA FOZ DO AMAZONAS - Bahia Economica","og_description":"Atrav\u00e9s de suas redes socais, o presidente da Petrobras \u00a0apresentou pedido para explora\u00e7\u00e3o de petr\u00f3leo na bacia da foz do Amazonas.","og_url":"https:\/\/bahiaeconomica.com.br\/wp\/2023\/05\/26\/petrobras-reapresenta-pedido-para-explorar-bacia-da-foz-do-amazonas\/","og_site_name":"Bahia Economica","article_publisher":"https:\/\/www.facebook.com\/bahiaeconomica","article_published_time":"2023-05-26T09:57:13+00:00","article_modified_time":"2023-05-26T10:57:36+00:00","og_image":[{"width":360,"height":220,"url":"https:\/\/bahiaeconomica.com.br\/wp\/wp-content\/uploads\/2023\/05\/funais-terra-amazonas360.jpg","type":"image\/jpeg"}],"author":"JP","twitter_card":"summary_large_image","twitter_misc":{"Escrito por":"JP","Est. tempo de leitura":"1 minuto"},"schema":{"@context":"https:\/\/schema.org","@graph":[{"@type":"Article","@id":"https:\/\/bahiaeconomica.com.br\/wp\/2023\/05\/26\/petrobras-reapresenta-pedido-para-explorar-bacia-da-foz-do-amazonas\/#article","isPartOf":{"@id":"https:\/\/bahiaeconomica.com.br\/wp\/2023\/05\/26\/petrobras-reapresenta-pedido-para-explorar-bacia-da-foz-do-amazonas\/"},"author":{"name":"JP","@id":"https:\/\/bahiaeconomica.com.br\/wp\/#\/schema\/person\/c86d3a3f8960425a0f9d0e5245991f4e"},"headline":"PETROBRAS REAPRESENTA PEDIDO PARA EXPLORAR BACIA DA FOZ DO AMAZONAS","datePublished":"2023-05-26T09:57:13+00:00","dateModified":"2023-05-26T10:57:36+00:00","mainEntityOfPage":{"@id":"https:\/\/bahiaeconomica.com.br\/wp\/2023\/05\/26\/petrobras-reapresenta-pedido-para-explorar-bacia-da-foz-do-amazonas\/"},"wordCount":214,"publisher":{"@id":"https:\/\/bahiaeconomica.com.br\/wp\/#organization"},"keywords":["bacia","pedido","Petrobras"],"articleSection":["ECONOMIA \/ POL\u00cdTICA"],"inLanguage":"pt-BR"},{"@type":"WebPage","@id":"https:\/\/bahiaeconomica.com.br\/wp\/2023\/05\/26\/petrobras-reapresenta-pedido-para-explorar-bacia-da-foz-do-amazonas\/","url":"https:\/\/bahiaeconomica.com.br\/wp\/2023\/05\/26\/petrobras-reapresenta-pedido-para-explorar-bacia-da-foz-do-amazonas\/","name":"PETROBRAS REAPRESENTA PEDIDO PARA EXPLORAR BACIA DA FOZ DO AMAZONAS - Bahia Economica","isPartOf":{"@id":"https:\/\/bahiaeconomica.com.br\/wp\/#website"},"datePublished":"2023-05-26T09:57:13+00:00","dateModified":"2023-05-26T10:57:36+00:00","description":"Atrav\u00e9s de suas redes socais, o presidente da Petrobras \u00a0apresentou pedido para explora\u00e7\u00e3o de petr\u00f3leo na bacia da foz do Amazonas.","breadcrumb":{"@id":"https:\/\/bahiaeconomica.com.br\/wp\/2023\/05\/26\/petrobras-reapresenta-pedido-para-explorar-bacia-da-foz-do-amazonas\/#breadcrumb"},"inLanguage":"pt-BR","potentialAction":[{"@type":"ReadAction","target":["https:\/\/bahiaeconomica.com.br\/wp\/2023\/05\/26\/petrobras-reapresenta-pedido-para-explorar-bacia-da-foz-do-amazonas\/"]}]},{"@type":"BreadcrumbList","@id":"https:\/\/bahiaeconomica.com.br\/wp\/2023\/05\/26\/petrobras-reapresenta-pedido-para-explorar-bacia-da-foz-do-amazonas\/#breadcrumb","itemListElement":[{"@type":"ListItem","position":1,"name":"In\u00edcio","item":"https:\/\/bahiaeconomica.com.br\/wp\/"},{"@type":"ListItem","position":2,"name":"PETROBRAS REAPRESENTA PEDIDO PARA EXPLORAR BACIA DA FOZ DO AMAZONAS"}]},{"@type":"WebSite","@id":"https:\/\/bahiaeconomica.com.br\/wp\/#website","url":"https:\/\/bahiaeconomica.com.br\/wp\/","name":"Bahia Economica","description":"O maior portal de Economia da Bahia","publisher":{"@id":"https:\/\/bahiaeconomica.com.br\/wp\/#organization"},"potentialAction":[{"@type":"SearchAction","target":{"@type":"EntryPoint","urlTemplate":"https:\/\/bahiaeconomica.com.br\/wp\/?s={search_term_string}"},"query-input":"required name=search_term_string"}],"inLanguage":"pt-BR"},{"@type":"Organization","@id":"https:\/\/bahiaeconomica.com.br\/wp\/#organization","name":"Bahia Econ\u00f4mica","url":"https:\/\/bahiaeconomica.com.br\/wp\/","logo":{"@type":"ImageObject","inLanguage":"pt-BR","@id":"https:\/\/bahiaeconomica.com.br\/wp\/#\/schema\/logo\/image\/","url":"https:\/\/bahiaeconomica.com.br\/wp\/wp-content\/uploads\/2020\/12\/cropped-BE.png","contentUrl":"https:\/\/bahiaeconomica.com.br\/wp\/wp-content\/uploads\/2020\/12\/cropped-BE.png","width":512,"height":512,"caption":"Bahia Econ\u00f4mica"},"image":{"@id":"https:\/\/bahiaeconomica.com.br\/wp\/#\/schema\/logo\/image\/"},"sameAs":["https:\/\/www.facebook.com\/bahiaeconomica"]},{"@type":"Person","@id":"https:\/\/bahiaeconomica.com.br\/wp\/#\/schema\/person\/c86d3a3f8960425a0f9d0e5245991f4e","name":"JP","sameAs":["https:\/\/bahiaeconomica.com.br\/wp\/beta\/"],"url":"https:\/\/bahiaeconomica.com.br\/wp\/author\/jp\/"}]}},"views":1,"_links":{"self":[{"href":"https:\/\/bahiaeconomica.com.br\/wp\/wp-json\/wp\/v2\/posts\/737072"}],"collection":[{"href":"https:\/\/bahiaeconomica.com.br\/wp\/wp-json\/wp\/v2\/posts"}],"about":[{"href":"https:\/\/bahiaeconomica.com.br\/wp\/wp-json\/wp\/v2\/types\/post"}],"author":[{"embeddable":true,"href":"https:\/\/bahiaeconomica.com.br\/wp\/wp-json\/wp\/v2\/users\/8"}],"replies":[{"embeddable":true,"href":"https:\/\/bahiaeconomica.com.br\/wp\/wp-json\/wp\/v2\/comments?post=737072"}],"version-history":[{"count":1,"href":"https:\/\/bahiaeconomica.com.br\/wp\/wp-json\/wp\/v2\/posts\/737072\/revisions"}],"predecessor-version":[{"id":737074,"href":"https:\/\/bahiaeconomica.com.br\/wp\/wp-json\/wp\/v2\/posts\/737072\/revisions\/737074"}],"wp:featuredmedia":[{"embeddable":true,"href":"https:\/\/bahiaeconomica.com.br\/wp\/wp-json\/wp\/v2\/media\/737073"}],"wp:attachment":[{"href":"https:\/\/bahiaeconomica.com.br\/wp\/wp-json\/wp\/v2\/media?parent=737072"}],"wp:term":[{"taxonomy":"category","embeddable":true,"href":"https:\/\/bahiaeconomica.com.br\/wp\/wp-json\/wp\/v2\/categories?post=737072"},{"taxonomy":"post_tag","embeddable":true,"href":"https:\/\/bahiaeconomica.com.br\/wp\/wp-json\/wp\/v2\/tags?post=737072"}],"curies":[{"name":"wp","href":"https:\/\/api.w.org\/{rel}","templated":true}]}}