{"id":73658,"date":"2018-06-15T07:05:17","date_gmt":"2018-06-15T10:05:17","guid":{"rendered":"https:\/\/bahiaeconomica.com.br\/wp\/beta\/?p=73658"},"modified":"2018-06-15T07:05:17","modified_gmt":"2018-06-15T10:05:17","slug":"nova-denuncia-contra-temer-pode-rachar-base-aliada","status":"publish","type":"post","link":"https:\/\/bahiaeconomica.com.br\/wp\/2018\/06\/15\/nova-denuncia-contra-temer-pode-rachar-base-aliada\/","title":{"rendered":"NOVA DEN\u00daNCIA CONTRA TEMER PODE RACHAR BASE ALIADA"},"content":{"rendered":"<p style=\"text-align: justify;\">Interlocutores do Pal\u00e1cio do Planalto avaliam que a base aliada na C\u00e2mara mudou o humor em rela\u00e7\u00e3o ao governo e, pela primeira vez, est\u00e3o em alerta com a possibilidade de a Procuradoria Geral da Rep\u00fablica oferecer uma nova den\u00fancia contra o presidente Michel Temer. Para os interlocutores de Temer, se a terceira den\u00fancia for apresentada \u00e0s vesperas da elei\u00e7\u00e3o, o placar pode ser desfavor\u00e1vel ao presidente.<\/p>\n<p style=\"text-align: justify;\">Temer \u00e9 alvo de dois inqu\u00e9ritos no Supremo Tribunal Federal. O receio dos assessores do presidente \u00e9 que a PGR apresente uma nova den\u00fancia no \u00e2mbito da investiga\u00e7\u00e3o que apura se ele cometeu irregularidades ao editar o decreto dos portos. H\u00e1 o reconhecimento entre aliados de Temer que as investiga\u00e7\u00f5es avan\u00e7aram e, agora, trazem embara\u00e7o ao presidente.<\/p>\n<p style=\"text-align: justify;\">&#8220;Os aliados j\u00e1 sofreram o desgaste de arquivar duas den\u00fancias em 2017. Mas, \u00e0s v\u00e9speras de uma elei\u00e7\u00e3o geral, fica muito dif\u00edcil para um deputado votar para arquivar novamente uma den\u00fancia de um presidente com recorde de impopularidade. Isso seria o mesmo que pedir o suic\u00eddio pol\u00edtico do deputado&#8221;, ressaltou ao blog um interlocutor de Temer.<\/p>\n<p style=\"text-align: justify;\">At\u00e9 agora, o Planalto trabalhava com um cen\u00e1rio em que a C\u00e2mara evitaria um ambiente de instabilidade pol\u00edtica e, assim, rejeitaria dar prosseguimento \u00e0 eventual nova den\u00fancia. Diante do enfraquecimento pol\u00edtico de Temer \u2013 com a greve dos caminhoneiros e o \u00edndice de 82% de rejei\u00e7\u00e3o ao governo \u2013 a avalia\u00e7\u00e3o \u00e9 que a situa\u00e7\u00e3o mudou entre os aliados.<\/p>\n","protected":false},"excerpt":{"rendered":"<p>Interlocutores do Pal\u00e1cio do Planalto avaliam que a base aliada na C\u00e2mara mudou o humor em rela\u00e7\u00e3o ao governo e, pela primeira vez, est\u00e3o em alerta com a possibilidade de a Procuradoria Geral da Rep\u00fablica oferecer uma nova den\u00fancia contra o presidente Michel Temer. Para os interlocutores de Temer, se a terceira den\u00fancia for apresentada [&hellip;]<\/p>\n","protected":false},"author":1,"featured_media":73661,"comment_status":"open","ping_status":"open","sticky":false,"template":"","format":"standard","meta":[],"categories":[14],"tags":[],"acf":[],"yoast_head":"<!-- This site is optimized with the Yoast SEO plugin v20.8 - https:\/\/yoast.com\/wordpress\/plugins\/seo\/ -->\n<title>NOVA DEN\u00daNCIA CONTRA TEMER PODE RACHAR BASE ALIADA - Bahia Economica<\/title>\n<meta name=\"description\" content=\"O maior portal de Economia da Bahia DESTAQUE DO DIA Bahia Economica\" \/>\n<meta name=\"robots\" content=\"index, follow, max-snippet:-1, max-image-preview:large, max-video-preview:-1\" \/>\n<link rel=\"canonical\" href=\"https:\/\/bahiaeconomica.com.br\/wp\/2018\/06\/15\/nova-denuncia-contra-temer-pode-rachar-base-aliada\/\" \/>\n<meta property=\"og:locale\" content=\"pt_BR\" \/>\n<meta property=\"og:type\" content=\"article\" \/>\n<meta property=\"og:title\" content=\"NOVA DEN\u00daNCIA CONTRA TEMER PODE RACHAR BASE ALIADA - Bahia Economica\" \/>\n<meta property=\"og:description\" content=\"O maior portal de Economia da Bahia DESTAQUE DO DIA Bahia Economica\" \/>\n<meta property=\"og:url\" content=\"https:\/\/bahiaeconomica.com.br\/wp\/2018\/06\/15\/nova-denuncia-contra-temer-pode-rachar-base-aliada\/\" \/>\n<meta property=\"og:site_name\" content=\"Bahia Economica\" \/>\n<meta property=\"article:publisher\" content=\"https:\/\/www.facebook.com\/bahiaeconomica\" \/>\n<meta property=\"article:published_time\" content=\"2018-06-15T10:05:17+00:00\" \/>\n<meta property=\"og:image\" content=\"https:\/\/bahiaeconomica.com.br\/wp\/wp-content\/uploads\/2018\/06\/xtemer.jpg.pagespeed.ic_.G-HSCiHLQC-e1529057107250.jpg\" \/>\n\t<meta property=\"og:image:width\" content=\"500\" \/>\n\t<meta property=\"og:image:height\" content=\"300\" \/>\n\t<meta property=\"og:image:type\" content=\"image\/jpeg\" \/>\n<meta name=\"author\" content=\"admin\" \/>\n<meta name=\"twitter:card\" content=\"summary_large_image\" \/>\n<meta name=\"twitter:label1\" content=\"Escrito por\" \/>\n\t<meta name=\"twitter:data1\" content=\"admin\" \/>\n\t<meta name=\"twitter:label2\" content=\"Est. tempo de leitura\" \/>\n\t<meta name=\"twitter:data2\" content=\"1 minuto\" \/>\n<script type=\"application\/ld+json\" class=\"yoast-schema-graph\">{\"@context\":\"https:\/\/schema.org\",\"@graph\":[{\"@type\":\"Article\",\"@id\":\"https:\/\/bahiaeconomica.com.br\/wp\/2018\/06\/15\/nova-denuncia-contra-temer-pode-rachar-base-aliada\/#article\",\"isPartOf\":{\"@id\":\"https:\/\/bahiaeconomica.com.br\/wp\/2018\/06\/15\/nova-denuncia-contra-temer-pode-rachar-base-aliada\/\"},\"author\":{\"name\":\"admin\",\"@id\":\"https:\/\/bahiaeconomica.com.br\/wp\/#\/schema\/person\/cb1ab5ba96ad3d9390805381c76284ec\"},\"headline\":\"NOVA DEN\u00daNCIA CONTRA TEMER PODE RACHAR BASE ALIADA\",\"datePublished\":\"2018-06-15T10:05:17+00:00\",\"dateModified\":\"2018-06-15T10:05:17+00:00\",\"mainEntityOfPage\":{\"@id\":\"https:\/\/bahiaeconomica.com.br\/wp\/2018\/06\/15\/nova-denuncia-contra-temer-pode-rachar-base-aliada\/\"},\"wordCount\":269,\"commentCount\":0,\"publisher\":{\"@id\":\"https:\/\/bahiaeconomica.com.br\/wp\/#organization\"},\"articleSection\":[\"DESTAQUE DO DIA\"],\"inLanguage\":\"pt-BR\",\"potentialAction\":[{\"@type\":\"CommentAction\",\"name\":\"Comment\",\"target\":[\"https:\/\/bahiaeconomica.com.br\/wp\/2018\/06\/15\/nova-denuncia-contra-temer-pode-rachar-base-aliada\/#respond\"]}]},{\"@type\":\"WebPage\",\"@id\":\"https:\/\/bahiaeconomica.com.br\/wp\/2018\/06\/15\/nova-denuncia-contra-temer-pode-rachar-base-aliada\/\",\"url\":\"https:\/\/bahiaeconomica.com.br\/wp\/2018\/06\/15\/nova-denuncia-contra-temer-pode-rachar-base-aliada\/\",\"name\":\"NOVA DEN\u00daNCIA CONTRA TEMER PODE RACHAR BASE ALIADA - Bahia Economica\",\"isPartOf\":{\"@id\":\"https:\/\/bahiaeconomica.com.br\/wp\/#website\"},\"datePublished\":\"2018-06-15T10:05:17+00:00\",\"dateModified\":\"2018-06-15T10:05:17+00:00\",\"description\":\"O maior portal de Economia da Bahia DESTAQUE DO DIA Bahia Economica\",\"breadcrumb\":{\"@id\":\"https:\/\/bahiaeconomica.com.br\/wp\/2018\/06\/15\/nova-denuncia-contra-temer-pode-rachar-base-aliada\/#breadcrumb\"},\"inLanguage\":\"pt-BR\",\"potentialAction\":[{\"@type\":\"ReadAction\",\"target\":[\"https:\/\/bahiaeconomica.com.br\/wp\/2018\/06\/15\/nova-denuncia-contra-temer-pode-rachar-base-aliada\/\"]}]},{\"@type\":\"BreadcrumbList\",\"@id\":\"https:\/\/bahiaeconomica.com.br\/wp\/2018\/06\/15\/nova-denuncia-contra-temer-pode-rachar-base-aliada\/#breadcrumb\",\"itemListElement\":[{\"@type\":\"ListItem\",\"position\":1,\"name\":\"In\u00edcio\",\"item\":\"https:\/\/bahiaeconomica.com.br\/wp\/\"},{\"@type\":\"ListItem\",\"position\":2,\"name\":\"NOVA DEN\u00daNCIA CONTRA TEMER PODE RACHAR BASE ALIADA\"}]},{\"@type\":\"WebSite\",\"@id\":\"https:\/\/bahiaeconomica.com.br\/wp\/#website\",\"url\":\"https:\/\/bahiaeconomica.com.br\/wp\/\",\"name\":\"Bahia Economica\",\"description\":\"O maior portal de Economia da Bahia\",\"publisher\":{\"@id\":\"https:\/\/bahiaeconomica.com.br\/wp\/#organization\"},\"potentialAction\":[{\"@type\":\"SearchAction\",\"target\":{\"@type\":\"EntryPoint\",\"urlTemplate\":\"https:\/\/bahiaeconomica.com.br\/wp\/?s={search_term_string}\"},\"query-input\":\"required name=search_term_string\"}],\"inLanguage\":\"pt-BR\"},{\"@type\":\"Organization\",\"@id\":\"https:\/\/bahiaeconomica.com.br\/wp\/#organization\",\"name\":\"Bahia Econ\u00f4mica\",\"url\":\"https:\/\/bahiaeconomica.com.br\/wp\/\",\"logo\":{\"@type\":\"ImageObject\",\"inLanguage\":\"pt-BR\",\"@id\":\"https:\/\/bahiaeconomica.com.br\/wp\/#\/schema\/logo\/image\/\",\"url\":\"https:\/\/bahiaeconomica.com.br\/wp\/wp-content\/uploads\/2020\/12\/cropped-BE.png\",\"contentUrl\":\"https:\/\/bahiaeconomica.com.br\/wp\/wp-content\/uploads\/2020\/12\/cropped-BE.png\",\"width\":512,\"height\":512,\"caption\":\"Bahia Econ\u00f4mica\"},\"image\":{\"@id\":\"https:\/\/bahiaeconomica.com.br\/wp\/#\/schema\/logo\/image\/\"},\"sameAs\":[\"https:\/\/www.facebook.com\/bahiaeconomica\"]},{\"@type\":\"Person\",\"@id\":\"https:\/\/bahiaeconomica.com.br\/wp\/#\/schema\/person\/cb1ab5ba96ad3d9390805381c76284ec\",\"name\":\"admin\",\"url\":\"https:\/\/bahiaeconomica.com.br\/wp\/author\/admin\/\"}]}<\/script>\n<!-- \/ Yoast SEO plugin. -->","yoast_head_json":{"title":"NOVA DEN\u00daNCIA CONTRA TEMER PODE RACHAR BASE ALIADA - Bahia Economica","description":"O maior portal de Economia da Bahia DESTAQUE DO DIA Bahia Economica","robots":{"index":"index","follow":"follow","max-snippet":"max-snippet:-1","max-image-preview":"max-image-preview:large","max-video-preview":"max-video-preview:-1"},"canonical":"https:\/\/bahiaeconomica.com.br\/wp\/2018\/06\/15\/nova-denuncia-contra-temer-pode-rachar-base-aliada\/","og_locale":"pt_BR","og_type":"article","og_title":"NOVA DEN\u00daNCIA CONTRA TEMER PODE RACHAR BASE ALIADA - Bahia Economica","og_description":"O maior portal de Economia da Bahia DESTAQUE DO DIA Bahia Economica","og_url":"https:\/\/bahiaeconomica.com.br\/wp\/2018\/06\/15\/nova-denuncia-contra-temer-pode-rachar-base-aliada\/","og_site_name":"Bahia Economica","article_publisher":"https:\/\/www.facebook.com\/bahiaeconomica","article_published_time":"2018-06-15T10:05:17+00:00","og_image":[{"width":500,"height":300,"url":"https:\/\/bahiaeconomica.com.br\/wp\/wp-content\/uploads\/2018\/06\/xtemer.jpg.pagespeed.ic_.G-HSCiHLQC-e1529057107250.jpg","type":"image\/jpeg"}],"author":"admin","twitter_card":"summary_large_image","twitter_misc":{"Escrito por":"admin","Est. tempo de leitura":"1 minuto"},"schema":{"@context":"https:\/\/schema.org","@graph":[{"@type":"Article","@id":"https:\/\/bahiaeconomica.com.br\/wp\/2018\/06\/15\/nova-denuncia-contra-temer-pode-rachar-base-aliada\/#article","isPartOf":{"@id":"https:\/\/bahiaeconomica.com.br\/wp\/2018\/06\/15\/nova-denuncia-contra-temer-pode-rachar-base-aliada\/"},"author":{"name":"admin","@id":"https:\/\/bahiaeconomica.com.br\/wp\/#\/schema\/person\/cb1ab5ba96ad3d9390805381c76284ec"},"headline":"NOVA DEN\u00daNCIA CONTRA TEMER PODE RACHAR BASE ALIADA","datePublished":"2018-06-15T10:05:17+00:00","dateModified":"2018-06-15T10:05:17+00:00","mainEntityOfPage":{"@id":"https:\/\/bahiaeconomica.com.br\/wp\/2018\/06\/15\/nova-denuncia-contra-temer-pode-rachar-base-aliada\/"},"wordCount":269,"commentCount":0,"publisher":{"@id":"https:\/\/bahiaeconomica.com.br\/wp\/#organization"},"articleSection":["DESTAQUE DO DIA"],"inLanguage":"pt-BR","potentialAction":[{"@type":"CommentAction","name":"Comment","target":["https:\/\/bahiaeconomica.com.br\/wp\/2018\/06\/15\/nova-denuncia-contra-temer-pode-rachar-base-aliada\/#respond"]}]},{"@type":"WebPage","@id":"https:\/\/bahiaeconomica.com.br\/wp\/2018\/06\/15\/nova-denuncia-contra-temer-pode-rachar-base-aliada\/","url":"https:\/\/bahiaeconomica.com.br\/wp\/2018\/06\/15\/nova-denuncia-contra-temer-pode-rachar-base-aliada\/","name":"NOVA DEN\u00daNCIA CONTRA TEMER PODE RACHAR BASE ALIADA - Bahia Economica","isPartOf":{"@id":"https:\/\/bahiaeconomica.com.br\/wp\/#website"},"datePublished":"2018-06-15T10:05:17+00:00","dateModified":"2018-06-15T10:05:17+00:00","description":"O maior portal de Economia da Bahia DESTAQUE DO DIA Bahia Economica","breadcrumb":{"@id":"https:\/\/bahiaeconomica.com.br\/wp\/2018\/06\/15\/nova-denuncia-contra-temer-pode-rachar-base-aliada\/#breadcrumb"},"inLanguage":"pt-BR","potentialAction":[{"@type":"ReadAction","target":["https:\/\/bahiaeconomica.com.br\/wp\/2018\/06\/15\/nova-denuncia-contra-temer-pode-rachar-base-aliada\/"]}]},{"@type":"BreadcrumbList","@id":"https:\/\/bahiaeconomica.com.br\/wp\/2018\/06\/15\/nova-denuncia-contra-temer-pode-rachar-base-aliada\/#breadcrumb","itemListElement":[{"@type":"ListItem","position":1,"name":"In\u00edcio","item":"https:\/\/bahiaeconomica.com.br\/wp\/"},{"@type":"ListItem","position":2,"name":"NOVA DEN\u00daNCIA CONTRA TEMER PODE RACHAR BASE ALIADA"}]},{"@type":"WebSite","@id":"https:\/\/bahiaeconomica.com.br\/wp\/#website","url":"https:\/\/bahiaeconomica.com.br\/wp\/","name":"Bahia Economica","description":"O maior portal de Economia da Bahia","publisher":{"@id":"https:\/\/bahiaeconomica.com.br\/wp\/#organization"},"potentialAction":[{"@type":"SearchAction","target":{"@type":"EntryPoint","urlTemplate":"https:\/\/bahiaeconomica.com.br\/wp\/?s={search_term_string}"},"query-input":"required name=search_term_string"}],"inLanguage":"pt-BR"},{"@type":"Organization","@id":"https:\/\/bahiaeconomica.com.br\/wp\/#organization","name":"Bahia Econ\u00f4mica","url":"https:\/\/bahiaeconomica.com.br\/wp\/","logo":{"@type":"ImageObject","inLanguage":"pt-BR","@id":"https:\/\/bahiaeconomica.com.br\/wp\/#\/schema\/logo\/image\/","url":"https:\/\/bahiaeconomica.com.br\/wp\/wp-content\/uploads\/2020\/12\/cropped-BE.png","contentUrl":"https:\/\/bahiaeconomica.com.br\/wp\/wp-content\/uploads\/2020\/12\/cropped-BE.png","width":512,"height":512,"caption":"Bahia Econ\u00f4mica"},"image":{"@id":"https:\/\/bahiaeconomica.com.br\/wp\/#\/schema\/logo\/image\/"},"sameAs":["https:\/\/www.facebook.com\/bahiaeconomica"]},{"@type":"Person","@id":"https:\/\/bahiaeconomica.com.br\/wp\/#\/schema\/person\/cb1ab5ba96ad3d9390805381c76284ec","name":"admin","url":"https:\/\/bahiaeconomica.com.br\/wp\/author\/admin\/"}]}},"views":1,"_links":{"self":[{"href":"https:\/\/bahiaeconomica.com.br\/wp\/wp-json\/wp\/v2\/posts\/73658"}],"collection":[{"href":"https:\/\/bahiaeconomica.com.br\/wp\/wp-json\/wp\/v2\/posts"}],"about":[{"href":"https:\/\/bahiaeconomica.com.br\/wp\/wp-json\/wp\/v2\/types\/post"}],"author":[{"embeddable":true,"href":"https:\/\/bahiaeconomica.com.br\/wp\/wp-json\/wp\/v2\/users\/1"}],"replies":[{"embeddable":true,"href":"https:\/\/bahiaeconomica.com.br\/wp\/wp-json\/wp\/v2\/comments?post=73658"}],"version-history":[{"count":0,"href":"https:\/\/bahiaeconomica.com.br\/wp\/wp-json\/wp\/v2\/posts\/73658\/revisions"}],"wp:featuredmedia":[{"embeddable":true,"href":"https:\/\/bahiaeconomica.com.br\/wp\/wp-json\/wp\/v2\/media\/73661"}],"wp:attachment":[{"href":"https:\/\/bahiaeconomica.com.br\/wp\/wp-json\/wp\/v2\/media?parent=73658"}],"wp:term":[{"taxonomy":"category","embeddable":true,"href":"https:\/\/bahiaeconomica.com.br\/wp\/wp-json\/wp\/v2\/categories?post=73658"},{"taxonomy":"post_tag","embeddable":true,"href":"https:\/\/bahiaeconomica.com.br\/wp\/wp-json\/wp\/v2\/tags?post=73658"}],"curies":[{"name":"wp","href":"https:\/\/api.w.org\/{rel}","templated":true}]}}