{"id":735986,"date":"2023-05-20T09:22:38","date_gmt":"2023-05-20T12:22:38","guid":{"rendered":"https:\/\/bahiaeconomica.com.br\/wp\/beta\/?p=735986"},"modified":"2023-05-20T09:14:37","modified_gmt":"2023-05-20T12:14:37","slug":"vitoria-tem-a-segunda-derrota-seguida-na-serie-b","status":"publish","type":"post","link":"https:\/\/bahiaeconomica.com.br\/wp\/2023\/05\/20\/vitoria-tem-a-segunda-derrota-seguida-na-serie-b\/","title":{"rendered":"VIT\u00d3RIA TEM A SEGUNDA DERROTA SEGUIDA NA S\u00c9RIE B"},"content":{"rendered":"<p>O Vit\u00f3ria perdeu, nesta sexta-feira (19), para o Mirassol, no Jos\u00e9 Maria de Campos Maia, por 2 a 0. Essa foi a segunda derrota consecutiva do rubro-negro na S\u00e9rie B do Campeonato Brasileiro, ap\u00f3s uma sequ\u00eancia de triunfos do Le\u00e3o.<\/p>\n<p><!--more--><\/p>\n<p>O pr\u00f3ximo compromisso do Vit\u00f3ria, que se mant\u00e9m com 15 pontos, \u00e9 no Barrad\u00e3o, contra o CRB, na quarta-feira (24), \u00e0s 19h, pela 8\u00aa rodada da Segundona.<\/p>\n<p>Foto: Victor Ferreira \/ EC Vit\u00f3ria<\/p>\n","protected":false},"excerpt":{"rendered":"<p>O Vit\u00f3ria perdeu, nesta sexta-feira (19), para o Mirassol, no Jos\u00e9 Maria de Campos Maia, por 2 a 0. Essa foi a segunda derrota consecutiva do rubro-negro na S\u00e9rie B do Campeonato Brasileiro, ap\u00f3s uma sequ\u00eancia de triunfos do Le\u00e3o.<\/p>\n","protected":false},"author":8,"featured_media":735987,"comment_status":"closed","ping_status":"closed","sticky":false,"template":"","format":"standard","meta":[],"categories":[14,3,4486],"tags":[835,52,1086,100],"acf":[],"yoast_head":"<!-- This site is optimized with the Yoast SEO plugin v20.8 - https:\/\/yoast.com\/wordpress\/plugins\/seo\/ -->\n<title>VIT\u00d3RIA TEM A SEGUNDA DERROTA SEGUIDA NA S\u00c9RIE B - Bahia Economica<\/title>\n<meta name=\"description\" content=\"O Vit\u00f3ria perdeu, nesta sexta-feira (19), para o Mirassol, no Jos\u00e9 Maria de Campos Maia, por 2 a 0. Essa foi a segunda\" \/>\n<meta name=\"robots\" content=\"index, follow, max-snippet:-1, max-image-preview:large, max-video-preview:-1\" \/>\n<link rel=\"canonical\" href=\"https:\/\/bahiaeconomica.com.br\/wp\/2023\/05\/20\/vitoria-tem-a-segunda-derrota-seguida-na-serie-b\/\" \/>\n<meta property=\"og:locale\" content=\"pt_BR\" \/>\n<meta property=\"og:type\" content=\"article\" \/>\n<meta property=\"og:title\" content=\"VIT\u00d3RIA TEM A SEGUNDA DERROTA SEGUIDA NA S\u00c9RIE B - Bahia Economica\" \/>\n<meta property=\"og:description\" content=\"O Vit\u00f3ria perdeu, nesta sexta-feira (19), para o Mirassol, no Jos\u00e9 Maria de Campos Maia, por 2 a 0. Essa foi a segunda\" \/>\n<meta property=\"og:url\" content=\"https:\/\/bahiaeconomica.com.br\/wp\/2023\/05\/20\/vitoria-tem-a-segunda-derrota-seguida-na-serie-b\/\" \/>\n<meta property=\"og:site_name\" content=\"Bahia Economica\" \/>\n<meta property=\"article:publisher\" content=\"https:\/\/www.facebook.com\/bahiaeconomica\" \/>\n<meta property=\"article:published_time\" content=\"2023-05-20T12:22:38+00:00\" \/>\n<meta property=\"article:modified_time\" content=\"2023-05-20T12:14:37+00:00\" \/>\n<meta property=\"og:image\" content=\"https:\/\/bahiaeconomica.com.br\/wp\/wp-content\/uploads\/2023\/05\/ECVITORIA.jpg\" \/>\n\t<meta property=\"og:image:width\" content=\"671\" \/>\n\t<meta property=\"og:image:height\" content=\"420\" \/>\n\t<meta property=\"og:image:type\" content=\"image\/jpeg\" \/>\n<meta name=\"author\" content=\"JP\" \/>\n<meta name=\"twitter:card\" content=\"summary_large_image\" \/>\n<meta name=\"twitter:label1\" content=\"Escrito por\" \/>\n\t<meta name=\"twitter:data1\" content=\"JP\" \/>\n\t<meta name=\"twitter:label2\" content=\"Est. tempo de leitura\" \/>\n\t<meta name=\"twitter:data2\" content=\"1 minuto\" \/>\n<script type=\"application\/ld+json\" class=\"yoast-schema-graph\">{\"@context\":\"https:\/\/schema.org\",\"@graph\":[{\"@type\":\"Article\",\"@id\":\"https:\/\/bahiaeconomica.com.br\/wp\/2023\/05\/20\/vitoria-tem-a-segunda-derrota-seguida-na-serie-b\/#article\",\"isPartOf\":{\"@id\":\"https:\/\/bahiaeconomica.com.br\/wp\/2023\/05\/20\/vitoria-tem-a-segunda-derrota-seguida-na-serie-b\/\"},\"author\":{\"name\":\"JP\",\"@id\":\"https:\/\/bahiaeconomica.com.br\/wp\/#\/schema\/person\/c86d3a3f8960425a0f9d0e5245991f4e\"},\"headline\":\"VIT\u00d3RIA TEM A SEGUNDA DERROTA SEGUIDA NA S\u00c9RIE B\",\"datePublished\":\"2023-05-20T12:22:38+00:00\",\"dateModified\":\"2023-05-20T12:14:37+00:00\",\"mainEntityOfPage\":{\"@id\":\"https:\/\/bahiaeconomica.com.br\/wp\/2023\/05\/20\/vitoria-tem-a-segunda-derrota-seguida-na-serie-b\/\"},\"wordCount\":86,\"publisher\":{\"@id\":\"https:\/\/bahiaeconomica.com.br\/wp\/#organization\"},\"keywords\":[\"alta\",\"Brasil\",\"novidade\",\"Pol\u00edtica\"],\"articleSection\":[\"DESTAQUE DO DIA\",\"ECONOMIA \/ POL\u00cdTICA\",\"Esporte\"],\"inLanguage\":\"pt-BR\"},{\"@type\":\"WebPage\",\"@id\":\"https:\/\/bahiaeconomica.com.br\/wp\/2023\/05\/20\/vitoria-tem-a-segunda-derrota-seguida-na-serie-b\/\",\"url\":\"https:\/\/bahiaeconomica.com.br\/wp\/2023\/05\/20\/vitoria-tem-a-segunda-derrota-seguida-na-serie-b\/\",\"name\":\"VIT\u00d3RIA TEM A SEGUNDA DERROTA SEGUIDA NA S\u00c9RIE B - Bahia Economica\",\"isPartOf\":{\"@id\":\"https:\/\/bahiaeconomica.com.br\/wp\/#website\"},\"datePublished\":\"2023-05-20T12:22:38+00:00\",\"dateModified\":\"2023-05-20T12:14:37+00:00\",\"description\":\"O Vit\u00f3ria perdeu, nesta sexta-feira (19), para o Mirassol, no Jos\u00e9 Maria de Campos Maia, por 2 a 0. Essa foi a segunda\",\"breadcrumb\":{\"@id\":\"https:\/\/bahiaeconomica.com.br\/wp\/2023\/05\/20\/vitoria-tem-a-segunda-derrota-seguida-na-serie-b\/#breadcrumb\"},\"inLanguage\":\"pt-BR\",\"potentialAction\":[{\"@type\":\"ReadAction\",\"target\":[\"https:\/\/bahiaeconomica.com.br\/wp\/2023\/05\/20\/vitoria-tem-a-segunda-derrota-seguida-na-serie-b\/\"]}]},{\"@type\":\"BreadcrumbList\",\"@id\":\"https:\/\/bahiaeconomica.com.br\/wp\/2023\/05\/20\/vitoria-tem-a-segunda-derrota-seguida-na-serie-b\/#breadcrumb\",\"itemListElement\":[{\"@type\":\"ListItem\",\"position\":1,\"name\":\"In\u00edcio\",\"item\":\"https:\/\/bahiaeconomica.com.br\/wp\/\"},{\"@type\":\"ListItem\",\"position\":2,\"name\":\"VIT\u00d3RIA TEM A SEGUNDA DERROTA SEGUIDA NA S\u00c9RIE B\"}]},{\"@type\":\"WebSite\",\"@id\":\"https:\/\/bahiaeconomica.com.br\/wp\/#website\",\"url\":\"https:\/\/bahiaeconomica.com.br\/wp\/\",\"name\":\"Bahia Economica\",\"description\":\"O maior portal de Economia da Bahia\",\"publisher\":{\"@id\":\"https:\/\/bahiaeconomica.com.br\/wp\/#organization\"},\"potentialAction\":[{\"@type\":\"SearchAction\",\"target\":{\"@type\":\"EntryPoint\",\"urlTemplate\":\"https:\/\/bahiaeconomica.com.br\/wp\/?s={search_term_string}\"},\"query-input\":\"required name=search_term_string\"}],\"inLanguage\":\"pt-BR\"},{\"@type\":\"Organization\",\"@id\":\"https:\/\/bahiaeconomica.com.br\/wp\/#organization\",\"name\":\"Bahia Econ\u00f4mica\",\"url\":\"https:\/\/bahiaeconomica.com.br\/wp\/\",\"logo\":{\"@type\":\"ImageObject\",\"inLanguage\":\"pt-BR\",\"@id\":\"https:\/\/bahiaeconomica.com.br\/wp\/#\/schema\/logo\/image\/\",\"url\":\"https:\/\/bahiaeconomica.com.br\/wp\/wp-content\/uploads\/2020\/12\/cropped-BE.png\",\"contentUrl\":\"https:\/\/bahiaeconomica.com.br\/wp\/wp-content\/uploads\/2020\/12\/cropped-BE.png\",\"width\":512,\"height\":512,\"caption\":\"Bahia Econ\u00f4mica\"},\"image\":{\"@id\":\"https:\/\/bahiaeconomica.com.br\/wp\/#\/schema\/logo\/image\/\"},\"sameAs\":[\"https:\/\/www.facebook.com\/bahiaeconomica\"]},{\"@type\":\"Person\",\"@id\":\"https:\/\/bahiaeconomica.com.br\/wp\/#\/schema\/person\/c86d3a3f8960425a0f9d0e5245991f4e\",\"name\":\"JP\",\"sameAs\":[\"https:\/\/bahiaeconomica.com.br\/wp\/beta\/\"],\"url\":\"https:\/\/bahiaeconomica.com.br\/wp\/author\/jp\/\"}]}<\/script>\n<!-- \/ Yoast SEO plugin. -->","yoast_head_json":{"title":"VIT\u00d3RIA TEM A SEGUNDA DERROTA SEGUIDA NA S\u00c9RIE B - Bahia Economica","description":"O Vit\u00f3ria perdeu, nesta sexta-feira (19), para o Mirassol, no Jos\u00e9 Maria de Campos Maia, por 2 a 0. Essa foi a segunda","robots":{"index":"index","follow":"follow","max-snippet":"max-snippet:-1","max-image-preview":"max-image-preview:large","max-video-preview":"max-video-preview:-1"},"canonical":"https:\/\/bahiaeconomica.com.br\/wp\/2023\/05\/20\/vitoria-tem-a-segunda-derrota-seguida-na-serie-b\/","og_locale":"pt_BR","og_type":"article","og_title":"VIT\u00d3RIA TEM A SEGUNDA DERROTA SEGUIDA NA S\u00c9RIE B - Bahia Economica","og_description":"O Vit\u00f3ria perdeu, nesta sexta-feira (19), para o Mirassol, no Jos\u00e9 Maria de Campos Maia, por 2 a 0. Essa foi a segunda","og_url":"https:\/\/bahiaeconomica.com.br\/wp\/2023\/05\/20\/vitoria-tem-a-segunda-derrota-seguida-na-serie-b\/","og_site_name":"Bahia Economica","article_publisher":"https:\/\/www.facebook.com\/bahiaeconomica","article_published_time":"2023-05-20T12:22:38+00:00","article_modified_time":"2023-05-20T12:14:37+00:00","og_image":[{"width":671,"height":420,"url":"https:\/\/bahiaeconomica.com.br\/wp\/wp-content\/uploads\/2023\/05\/ECVITORIA.jpg","type":"image\/jpeg"}],"author":"JP","twitter_card":"summary_large_image","twitter_misc":{"Escrito por":"JP","Est. tempo de leitura":"1 minuto"},"schema":{"@context":"https:\/\/schema.org","@graph":[{"@type":"Article","@id":"https:\/\/bahiaeconomica.com.br\/wp\/2023\/05\/20\/vitoria-tem-a-segunda-derrota-seguida-na-serie-b\/#article","isPartOf":{"@id":"https:\/\/bahiaeconomica.com.br\/wp\/2023\/05\/20\/vitoria-tem-a-segunda-derrota-seguida-na-serie-b\/"},"author":{"name":"JP","@id":"https:\/\/bahiaeconomica.com.br\/wp\/#\/schema\/person\/c86d3a3f8960425a0f9d0e5245991f4e"},"headline":"VIT\u00d3RIA TEM A SEGUNDA DERROTA SEGUIDA NA S\u00c9RIE B","datePublished":"2023-05-20T12:22:38+00:00","dateModified":"2023-05-20T12:14:37+00:00","mainEntityOfPage":{"@id":"https:\/\/bahiaeconomica.com.br\/wp\/2023\/05\/20\/vitoria-tem-a-segunda-derrota-seguida-na-serie-b\/"},"wordCount":86,"publisher":{"@id":"https:\/\/bahiaeconomica.com.br\/wp\/#organization"},"keywords":["alta","Brasil","novidade","Pol\u00edtica"],"articleSection":["DESTAQUE DO DIA","ECONOMIA \/ POL\u00cdTICA","Esporte"],"inLanguage":"pt-BR"},{"@type":"WebPage","@id":"https:\/\/bahiaeconomica.com.br\/wp\/2023\/05\/20\/vitoria-tem-a-segunda-derrota-seguida-na-serie-b\/","url":"https:\/\/bahiaeconomica.com.br\/wp\/2023\/05\/20\/vitoria-tem-a-segunda-derrota-seguida-na-serie-b\/","name":"VIT\u00d3RIA TEM A SEGUNDA DERROTA SEGUIDA NA S\u00c9RIE B - Bahia Economica","isPartOf":{"@id":"https:\/\/bahiaeconomica.com.br\/wp\/#website"},"datePublished":"2023-05-20T12:22:38+00:00","dateModified":"2023-05-20T12:14:37+00:00","description":"O Vit\u00f3ria perdeu, nesta sexta-feira (19), para o Mirassol, no Jos\u00e9 Maria de Campos Maia, por 2 a 0. Essa foi a segunda","breadcrumb":{"@id":"https:\/\/bahiaeconomica.com.br\/wp\/2023\/05\/20\/vitoria-tem-a-segunda-derrota-seguida-na-serie-b\/#breadcrumb"},"inLanguage":"pt-BR","potentialAction":[{"@type":"ReadAction","target":["https:\/\/bahiaeconomica.com.br\/wp\/2023\/05\/20\/vitoria-tem-a-segunda-derrota-seguida-na-serie-b\/"]}]},{"@type":"BreadcrumbList","@id":"https:\/\/bahiaeconomica.com.br\/wp\/2023\/05\/20\/vitoria-tem-a-segunda-derrota-seguida-na-serie-b\/#breadcrumb","itemListElement":[{"@type":"ListItem","position":1,"name":"In\u00edcio","item":"https:\/\/bahiaeconomica.com.br\/wp\/"},{"@type":"ListItem","position":2,"name":"VIT\u00d3RIA TEM A SEGUNDA DERROTA SEGUIDA NA S\u00c9RIE B"}]},{"@type":"WebSite","@id":"https:\/\/bahiaeconomica.com.br\/wp\/#website","url":"https:\/\/bahiaeconomica.com.br\/wp\/","name":"Bahia Economica","description":"O maior portal de Economia da Bahia","publisher":{"@id":"https:\/\/bahiaeconomica.com.br\/wp\/#organization"},"potentialAction":[{"@type":"SearchAction","target":{"@type":"EntryPoint","urlTemplate":"https:\/\/bahiaeconomica.com.br\/wp\/?s={search_term_string}"},"query-input":"required name=search_term_string"}],"inLanguage":"pt-BR"},{"@type":"Organization","@id":"https:\/\/bahiaeconomica.com.br\/wp\/#organization","name":"Bahia Econ\u00f4mica","url":"https:\/\/bahiaeconomica.com.br\/wp\/","logo":{"@type":"ImageObject","inLanguage":"pt-BR","@id":"https:\/\/bahiaeconomica.com.br\/wp\/#\/schema\/logo\/image\/","url":"https:\/\/bahiaeconomica.com.br\/wp\/wp-content\/uploads\/2020\/12\/cropped-BE.png","contentUrl":"https:\/\/bahiaeconomica.com.br\/wp\/wp-content\/uploads\/2020\/12\/cropped-BE.png","width":512,"height":512,"caption":"Bahia Econ\u00f4mica"},"image":{"@id":"https:\/\/bahiaeconomica.com.br\/wp\/#\/schema\/logo\/image\/"},"sameAs":["https:\/\/www.facebook.com\/bahiaeconomica"]},{"@type":"Person","@id":"https:\/\/bahiaeconomica.com.br\/wp\/#\/schema\/person\/c86d3a3f8960425a0f9d0e5245991f4e","name":"JP","sameAs":["https:\/\/bahiaeconomica.com.br\/wp\/beta\/"],"url":"https:\/\/bahiaeconomica.com.br\/wp\/author\/jp\/"}]}},"views":0,"_links":{"self":[{"href":"https:\/\/bahiaeconomica.com.br\/wp\/wp-json\/wp\/v2\/posts\/735986"}],"collection":[{"href":"https:\/\/bahiaeconomica.com.br\/wp\/wp-json\/wp\/v2\/posts"}],"about":[{"href":"https:\/\/bahiaeconomica.com.br\/wp\/wp-json\/wp\/v2\/types\/post"}],"author":[{"embeddable":true,"href":"https:\/\/bahiaeconomica.com.br\/wp\/wp-json\/wp\/v2\/users\/8"}],"replies":[{"embeddable":true,"href":"https:\/\/bahiaeconomica.com.br\/wp\/wp-json\/wp\/v2\/comments?post=735986"}],"version-history":[{"count":1,"href":"https:\/\/bahiaeconomica.com.br\/wp\/wp-json\/wp\/v2\/posts\/735986\/revisions"}],"predecessor-version":[{"id":735988,"href":"https:\/\/bahiaeconomica.com.br\/wp\/wp-json\/wp\/v2\/posts\/735986\/revisions\/735988"}],"wp:featuredmedia":[{"embeddable":true,"href":"https:\/\/bahiaeconomica.com.br\/wp\/wp-json\/wp\/v2\/media\/735987"}],"wp:attachment":[{"href":"https:\/\/bahiaeconomica.com.br\/wp\/wp-json\/wp\/v2\/media?parent=735986"}],"wp:term":[{"taxonomy":"category","embeddable":true,"href":"https:\/\/bahiaeconomica.com.br\/wp\/wp-json\/wp\/v2\/categories?post=735986"},{"taxonomy":"post_tag","embeddable":true,"href":"https:\/\/bahiaeconomica.com.br\/wp\/wp-json\/wp\/v2\/tags?post=735986"}],"curies":[{"name":"wp","href":"https:\/\/api.w.org\/{rel}","templated":true}]}}