{"id":735198,"date":"2023-05-17T06:55:02","date_gmt":"2023-05-17T09:55:02","guid":{"rendered":"https:\/\/bahiaeconomica.com.br\/wp\/beta\/?p=735198"},"modified":"2023-05-17T07:36:04","modified_gmt":"2023-05-17T10:36:04","slug":"professores-de-universidades-estaduais-da-bahia-fazem-paralisacao-de-24h","status":"publish","type":"post","link":"https:\/\/bahiaeconomica.com.br\/wp\/2023\/05\/17\/professores-de-universidades-estaduais-da-bahia-fazem-paralisacao-de-24h\/","title":{"rendered":"PROFESSORES DE UNIVERSIDADES ESTADUAIS DA BAHIA FAZEM PARALISA\u00c7\u00c3O DE 24H"},"content":{"rendered":"<p>Reivindicando perdas na casa de 8%, Professores da Uneb, Uefs, Uesb e Uesc paralisaram as atividades ontem (16) nas universidades estaduais baianas. O movimento durou 24 horas.<\/p>\n<p><!--more--><\/p>\n<p>De acordo com as Associa\u00e7\u00f5es Docentes, a manifesta\u00e7\u00e3o \u00e9 para que seja aberta uma mesa de negocia\u00e7\u00e3o com o Governo do Estado para discutir um quadro de desvaloriza\u00e7\u00e3o da categoria que est\u00e1 h\u00e1 8 anos acumulando perdas salariais, segundo o coordenador da ADUNEB, Cl\u00f3vis Pi\u00e1u, em entrevista ao Jornal Correio.<\/p>\n<p>&#8220;Segundo c\u00e1lculos do Departamento Intersindical de Estat\u00edstica e Estudos Socioecon\u00f4micos (DIEESE), a corros\u00e3o do sal\u00e1rio dos docentes nesse per\u00edodo chegou a 53% do sal\u00e1rio. Isso faz parte de uma campanha que come\u00e7ou no governo Rui Costa, que \u00e9 a solicita\u00e7\u00e3o do Reajuste J\u00e1, e o mote \u00e9 em fun\u00e7\u00e3o dessa defasagem&#8221;, explicou. A categoria est\u00e1 na Assembleia Legislativa da Bahia para uma audi\u00eancia sobre o caso.<\/p>\n<p>Outro motivo que se acumula para a determina\u00e7\u00e3o da paralisa\u00e7\u00e3o foi o Projeto de Lei (PL) de reajuste salarial para servidores p\u00fablicos enviado pelo executivo. A proposta de reajuste \u00e9 de 4% para todo servi\u00e7o p\u00fablico, e prev\u00ea para os profissionais do Magist\u00e9rio Superior um acr\u00e9scimo de 2,53%. Os professores universit\u00e1rio, ent\u00e3o, ficaram com um reajuste entre 6,53% e 9,32%, a depender do n\u00edvel que ocupam.<\/p>\n<p>&#8220;\u00c9 o espa\u00e7o para falar de financiamento, direitos, sal\u00e1rio, a situa\u00e7\u00e3o do Planserv, perman\u00eancia estudantil e a nossa luta para que a mesa de negocia\u00e7\u00e3o seja retomada. Temos uma infinidade de temas que dizem respeito a nossa realidade e precisam ser resolvidos, principalmente diante da relev\u00e2ncia do nosso trabalho e dessas institui\u00e7\u00f5es para todo o estado da Bahia&#8221;, destaca ainda Elson Moura, coordenador do F\u00f3rum das Associa\u00e7\u00f5es Docentes (ADs) e presidente da ADUFS.<\/p>\n<p>Na avalia\u00e7\u00e3o das Associa\u00e7\u00f5es Docentes, a audi\u00eancia ocorrer em um dia de paralisa\u00e7\u00e3o unificada \u00e9 fundamental para que o debate p\u00fablico sobre o ensino superior p\u00fablico estadual seja &#8220;democratizado e tenha mais visibilidade&#8221;. Procurado, o Governo do Estado informou que &#8220;garantiu o maior investimento dos \u00faltimos anos na Educa\u00e7\u00e3o Superior&#8221; e falou sobre o reajuste complementar de 2,53% e com acr\u00e9scimos de 0,73% a 2,52%, em fun\u00e7\u00e3o da recomposi\u00e7\u00e3o dos interst\u00edcios (varia\u00e7\u00f5es percentuais) entre as classes da carreira do Magist\u00e9rio Superior.&#8221;<\/p>\n<p>&#8220;Os t\u00e9cnicos e analistas universit\u00e1rios tamb\u00e9m receber\u00e3o, al\u00e9m do reajuste de 4%, o acr\u00e9scimo de 2,53%. Professores do Magist\u00e9rio Superior ser\u00e3o ainda contemplados com a convers\u00e3o da licen\u00e7a-pr\u00eamio em vantagem financeira (pec\u00fania)&#8221;, diz nota.<\/p>\n<p>Foto: (Divulga\u00e7\u00e3o)<\/p>\n","protected":false},"excerpt":{"rendered":"<p>Reivindicando perdas na casa de 8%, Professores da Uneb, Uefs, Uesb e Uesc paralisaram as atividades ontem (16) nas universidades estaduais baianas. O movimento durou 24 horas.<\/p>\n","protected":false},"author":8,"featured_media":735199,"comment_status":"closed","ping_status":"closed","sticky":false,"template":"","format":"standard","meta":[],"categories":[3],"tags":[835,85,100,1529],"acf":[],"yoast_head":"<!-- This site is optimized with the Yoast SEO plugin v20.8 - https:\/\/yoast.com\/wordpress\/plugins\/seo\/ -->\n<title>PROFESSORES DE UNIVERSIDADES ESTADUAIS DA BAHIA FAZEM PARALISA\u00c7\u00c3O DE 24H - Bahia Economica<\/title>\n<meta name=\"description\" content=\"Reivindicando perdas na casa de 8%, Professores da Uneb, Uefs, Uesb e Uesc paralisaram as atividades ontem (16) nas universidades estaduais\" \/>\n<meta name=\"robots\" content=\"index, follow, max-snippet:-1, max-image-preview:large, max-video-preview:-1\" \/>\n<link rel=\"canonical\" href=\"https:\/\/bahiaeconomica.com.br\/wp\/2023\/05\/17\/professores-de-universidades-estaduais-da-bahia-fazem-paralisacao-de-24h\/\" \/>\n<meta property=\"og:locale\" content=\"pt_BR\" \/>\n<meta property=\"og:type\" content=\"article\" \/>\n<meta property=\"og:title\" content=\"PROFESSORES DE UNIVERSIDADES ESTADUAIS DA BAHIA FAZEM PARALISA\u00c7\u00c3O DE 24H - Bahia Economica\" \/>\n<meta property=\"og:description\" content=\"Reivindicando perdas na casa de 8%, Professores da Uneb, Uefs, Uesb e Uesc paralisaram as atividades ontem (16) nas universidades estaduais\" \/>\n<meta property=\"og:url\" content=\"https:\/\/bahiaeconomica.com.br\/wp\/2023\/05\/17\/professores-de-universidades-estaduais-da-bahia-fazem-paralisacao-de-24h\/\" \/>\n<meta property=\"og:site_name\" content=\"Bahia Economica\" \/>\n<meta property=\"article:publisher\" content=\"https:\/\/www.facebook.com\/bahiaeconomica\" \/>\n<meta property=\"article:published_time\" content=\"2023-05-17T09:55:02+00:00\" \/>\n<meta property=\"article:modified_time\" content=\"2023-05-17T10:36:04+00:00\" \/>\n<meta property=\"og:image\" content=\"https:\/\/bahiaeconomica.com.br\/wp\/wp-content\/uploads\/2023\/05\/csm_WhatsApp_Image_2023-05-16_at_4.45.04_PM_7e3c50d9af360.jpg\" \/>\n\t<meta property=\"og:image:width\" content=\"360\" \/>\n\t<meta property=\"og:image:height\" content=\"220\" \/>\n\t<meta property=\"og:image:type\" content=\"image\/jpeg\" \/>\n<meta name=\"author\" content=\"JP\" \/>\n<meta name=\"twitter:card\" content=\"summary_large_image\" \/>\n<meta name=\"twitter:label1\" content=\"Escrito por\" \/>\n\t<meta name=\"twitter:data1\" content=\"JP\" \/>\n\t<meta name=\"twitter:label2\" content=\"Est. tempo de leitura\" \/>\n\t<meta name=\"twitter:data2\" content=\"3 minutos\" \/>\n<script type=\"application\/ld+json\" class=\"yoast-schema-graph\">{\"@context\":\"https:\/\/schema.org\",\"@graph\":[{\"@type\":\"Article\",\"@id\":\"https:\/\/bahiaeconomica.com.br\/wp\/2023\/05\/17\/professores-de-universidades-estaduais-da-bahia-fazem-paralisacao-de-24h\/#article\",\"isPartOf\":{\"@id\":\"https:\/\/bahiaeconomica.com.br\/wp\/2023\/05\/17\/professores-de-universidades-estaduais-da-bahia-fazem-paralisacao-de-24h\/\"},\"author\":{\"name\":\"JP\",\"@id\":\"https:\/\/bahiaeconomica.com.br\/wp\/#\/schema\/person\/c86d3a3f8960425a0f9d0e5245991f4e\"},\"headline\":\"PROFESSORES DE UNIVERSIDADES ESTADUAIS DA BAHIA FAZEM PARALISA\u00c7\u00c3O DE 24H\",\"datePublished\":\"2023-05-17T09:55:02+00:00\",\"dateModified\":\"2023-05-17T10:36:04+00:00\",\"mainEntityOfPage\":{\"@id\":\"https:\/\/bahiaeconomica.com.br\/wp\/2023\/05\/17\/professores-de-universidades-estaduais-da-bahia-fazem-paralisacao-de-24h\/\"},\"wordCount\":452,\"publisher\":{\"@id\":\"https:\/\/bahiaeconomica.com.br\/wp\/#organization\"},\"keywords\":[\"alta\",\"Bahia\",\"Pol\u00edtica\",\"professores\"],\"articleSection\":[\"ECONOMIA \/ POL\u00cdTICA\"],\"inLanguage\":\"pt-BR\"},{\"@type\":\"WebPage\",\"@id\":\"https:\/\/bahiaeconomica.com.br\/wp\/2023\/05\/17\/professores-de-universidades-estaduais-da-bahia-fazem-paralisacao-de-24h\/\",\"url\":\"https:\/\/bahiaeconomica.com.br\/wp\/2023\/05\/17\/professores-de-universidades-estaduais-da-bahia-fazem-paralisacao-de-24h\/\",\"name\":\"PROFESSORES DE UNIVERSIDADES ESTADUAIS DA BAHIA FAZEM PARALISA\u00c7\u00c3O DE 24H - Bahia Economica\",\"isPartOf\":{\"@id\":\"https:\/\/bahiaeconomica.com.br\/wp\/#website\"},\"datePublished\":\"2023-05-17T09:55:02+00:00\",\"dateModified\":\"2023-05-17T10:36:04+00:00\",\"description\":\"Reivindicando perdas na casa de 8%, Professores da Uneb, Uefs, Uesb e Uesc paralisaram as atividades ontem (16) nas universidades estaduais\",\"breadcrumb\":{\"@id\":\"https:\/\/bahiaeconomica.com.br\/wp\/2023\/05\/17\/professores-de-universidades-estaduais-da-bahia-fazem-paralisacao-de-24h\/#breadcrumb\"},\"inLanguage\":\"pt-BR\",\"potentialAction\":[{\"@type\":\"ReadAction\",\"target\":[\"https:\/\/bahiaeconomica.com.br\/wp\/2023\/05\/17\/professores-de-universidades-estaduais-da-bahia-fazem-paralisacao-de-24h\/\"]}]},{\"@type\":\"BreadcrumbList\",\"@id\":\"https:\/\/bahiaeconomica.com.br\/wp\/2023\/05\/17\/professores-de-universidades-estaduais-da-bahia-fazem-paralisacao-de-24h\/#breadcrumb\",\"itemListElement\":[{\"@type\":\"ListItem\",\"position\":1,\"name\":\"In\u00edcio\",\"item\":\"https:\/\/bahiaeconomica.com.br\/wp\/\"},{\"@type\":\"ListItem\",\"position\":2,\"name\":\"PROFESSORES DE UNIVERSIDADES ESTADUAIS DA BAHIA FAZEM PARALISA\u00c7\u00c3O DE 24H\"}]},{\"@type\":\"WebSite\",\"@id\":\"https:\/\/bahiaeconomica.com.br\/wp\/#website\",\"url\":\"https:\/\/bahiaeconomica.com.br\/wp\/\",\"name\":\"Bahia Economica\",\"description\":\"O maior portal de Economia da Bahia\",\"publisher\":{\"@id\":\"https:\/\/bahiaeconomica.com.br\/wp\/#organization\"},\"potentialAction\":[{\"@type\":\"SearchAction\",\"target\":{\"@type\":\"EntryPoint\",\"urlTemplate\":\"https:\/\/bahiaeconomica.com.br\/wp\/?s={search_term_string}\"},\"query-input\":\"required name=search_term_string\"}],\"inLanguage\":\"pt-BR\"},{\"@type\":\"Organization\",\"@id\":\"https:\/\/bahiaeconomica.com.br\/wp\/#organization\",\"name\":\"Bahia Econ\u00f4mica\",\"url\":\"https:\/\/bahiaeconomica.com.br\/wp\/\",\"logo\":{\"@type\":\"ImageObject\",\"inLanguage\":\"pt-BR\",\"@id\":\"https:\/\/bahiaeconomica.com.br\/wp\/#\/schema\/logo\/image\/\",\"url\":\"https:\/\/bahiaeconomica.com.br\/wp\/wp-content\/uploads\/2020\/12\/cropped-BE.png\",\"contentUrl\":\"https:\/\/bahiaeconomica.com.br\/wp\/wp-content\/uploads\/2020\/12\/cropped-BE.png\",\"width\":512,\"height\":512,\"caption\":\"Bahia Econ\u00f4mica\"},\"image\":{\"@id\":\"https:\/\/bahiaeconomica.com.br\/wp\/#\/schema\/logo\/image\/\"},\"sameAs\":[\"https:\/\/www.facebook.com\/bahiaeconomica\"]},{\"@type\":\"Person\",\"@id\":\"https:\/\/bahiaeconomica.com.br\/wp\/#\/schema\/person\/c86d3a3f8960425a0f9d0e5245991f4e\",\"name\":\"JP\",\"sameAs\":[\"https:\/\/bahiaeconomica.com.br\/wp\/beta\/\"],\"url\":\"https:\/\/bahiaeconomica.com.br\/wp\/author\/jp\/\"}]}<\/script>\n<!-- \/ Yoast SEO plugin. -->","yoast_head_json":{"title":"PROFESSORES DE UNIVERSIDADES ESTADUAIS DA BAHIA FAZEM PARALISA\u00c7\u00c3O DE 24H - Bahia Economica","description":"Reivindicando perdas na casa de 8%, Professores da Uneb, Uefs, Uesb e Uesc paralisaram as atividades ontem (16) nas universidades estaduais","robots":{"index":"index","follow":"follow","max-snippet":"max-snippet:-1","max-image-preview":"max-image-preview:large","max-video-preview":"max-video-preview:-1"},"canonical":"https:\/\/bahiaeconomica.com.br\/wp\/2023\/05\/17\/professores-de-universidades-estaduais-da-bahia-fazem-paralisacao-de-24h\/","og_locale":"pt_BR","og_type":"article","og_title":"PROFESSORES DE UNIVERSIDADES ESTADUAIS DA BAHIA FAZEM PARALISA\u00c7\u00c3O DE 24H - Bahia Economica","og_description":"Reivindicando perdas na casa de 8%, Professores da Uneb, Uefs, Uesb e Uesc paralisaram as atividades ontem (16) nas universidades estaduais","og_url":"https:\/\/bahiaeconomica.com.br\/wp\/2023\/05\/17\/professores-de-universidades-estaduais-da-bahia-fazem-paralisacao-de-24h\/","og_site_name":"Bahia Economica","article_publisher":"https:\/\/www.facebook.com\/bahiaeconomica","article_published_time":"2023-05-17T09:55:02+00:00","article_modified_time":"2023-05-17T10:36:04+00:00","og_image":[{"width":360,"height":220,"url":"https:\/\/bahiaeconomica.com.br\/wp\/wp-content\/uploads\/2023\/05\/csm_WhatsApp_Image_2023-05-16_at_4.45.04_PM_7e3c50d9af360.jpg","type":"image\/jpeg"}],"author":"JP","twitter_card":"summary_large_image","twitter_misc":{"Escrito por":"JP","Est. tempo de leitura":"3 minutos"},"schema":{"@context":"https:\/\/schema.org","@graph":[{"@type":"Article","@id":"https:\/\/bahiaeconomica.com.br\/wp\/2023\/05\/17\/professores-de-universidades-estaduais-da-bahia-fazem-paralisacao-de-24h\/#article","isPartOf":{"@id":"https:\/\/bahiaeconomica.com.br\/wp\/2023\/05\/17\/professores-de-universidades-estaduais-da-bahia-fazem-paralisacao-de-24h\/"},"author":{"name":"JP","@id":"https:\/\/bahiaeconomica.com.br\/wp\/#\/schema\/person\/c86d3a3f8960425a0f9d0e5245991f4e"},"headline":"PROFESSORES DE UNIVERSIDADES ESTADUAIS DA BAHIA FAZEM PARALISA\u00c7\u00c3O DE 24H","datePublished":"2023-05-17T09:55:02+00:00","dateModified":"2023-05-17T10:36:04+00:00","mainEntityOfPage":{"@id":"https:\/\/bahiaeconomica.com.br\/wp\/2023\/05\/17\/professores-de-universidades-estaduais-da-bahia-fazem-paralisacao-de-24h\/"},"wordCount":452,"publisher":{"@id":"https:\/\/bahiaeconomica.com.br\/wp\/#organization"},"keywords":["alta","Bahia","Pol\u00edtica","professores"],"articleSection":["ECONOMIA \/ POL\u00cdTICA"],"inLanguage":"pt-BR"},{"@type":"WebPage","@id":"https:\/\/bahiaeconomica.com.br\/wp\/2023\/05\/17\/professores-de-universidades-estaduais-da-bahia-fazem-paralisacao-de-24h\/","url":"https:\/\/bahiaeconomica.com.br\/wp\/2023\/05\/17\/professores-de-universidades-estaduais-da-bahia-fazem-paralisacao-de-24h\/","name":"PROFESSORES DE UNIVERSIDADES ESTADUAIS DA BAHIA FAZEM PARALISA\u00c7\u00c3O DE 24H - Bahia Economica","isPartOf":{"@id":"https:\/\/bahiaeconomica.com.br\/wp\/#website"},"datePublished":"2023-05-17T09:55:02+00:00","dateModified":"2023-05-17T10:36:04+00:00","description":"Reivindicando perdas na casa de 8%, Professores da Uneb, Uefs, Uesb e Uesc paralisaram as atividades ontem (16) nas universidades estaduais","breadcrumb":{"@id":"https:\/\/bahiaeconomica.com.br\/wp\/2023\/05\/17\/professores-de-universidades-estaduais-da-bahia-fazem-paralisacao-de-24h\/#breadcrumb"},"inLanguage":"pt-BR","potentialAction":[{"@type":"ReadAction","target":["https:\/\/bahiaeconomica.com.br\/wp\/2023\/05\/17\/professores-de-universidades-estaduais-da-bahia-fazem-paralisacao-de-24h\/"]}]},{"@type":"BreadcrumbList","@id":"https:\/\/bahiaeconomica.com.br\/wp\/2023\/05\/17\/professores-de-universidades-estaduais-da-bahia-fazem-paralisacao-de-24h\/#breadcrumb","itemListElement":[{"@type":"ListItem","position":1,"name":"In\u00edcio","item":"https:\/\/bahiaeconomica.com.br\/wp\/"},{"@type":"ListItem","position":2,"name":"PROFESSORES DE UNIVERSIDADES ESTADUAIS DA BAHIA FAZEM PARALISA\u00c7\u00c3O DE 24H"}]},{"@type":"WebSite","@id":"https:\/\/bahiaeconomica.com.br\/wp\/#website","url":"https:\/\/bahiaeconomica.com.br\/wp\/","name":"Bahia Economica","description":"O maior portal de Economia da Bahia","publisher":{"@id":"https:\/\/bahiaeconomica.com.br\/wp\/#organization"},"potentialAction":[{"@type":"SearchAction","target":{"@type":"EntryPoint","urlTemplate":"https:\/\/bahiaeconomica.com.br\/wp\/?s={search_term_string}"},"query-input":"required name=search_term_string"}],"inLanguage":"pt-BR"},{"@type":"Organization","@id":"https:\/\/bahiaeconomica.com.br\/wp\/#organization","name":"Bahia Econ\u00f4mica","url":"https:\/\/bahiaeconomica.com.br\/wp\/","logo":{"@type":"ImageObject","inLanguage":"pt-BR","@id":"https:\/\/bahiaeconomica.com.br\/wp\/#\/schema\/logo\/image\/","url":"https:\/\/bahiaeconomica.com.br\/wp\/wp-content\/uploads\/2020\/12\/cropped-BE.png","contentUrl":"https:\/\/bahiaeconomica.com.br\/wp\/wp-content\/uploads\/2020\/12\/cropped-BE.png","width":512,"height":512,"caption":"Bahia Econ\u00f4mica"},"image":{"@id":"https:\/\/bahiaeconomica.com.br\/wp\/#\/schema\/logo\/image\/"},"sameAs":["https:\/\/www.facebook.com\/bahiaeconomica"]},{"@type":"Person","@id":"https:\/\/bahiaeconomica.com.br\/wp\/#\/schema\/person\/c86d3a3f8960425a0f9d0e5245991f4e","name":"JP","sameAs":["https:\/\/bahiaeconomica.com.br\/wp\/beta\/"],"url":"https:\/\/bahiaeconomica.com.br\/wp\/author\/jp\/"}]}},"views":2,"_links":{"self":[{"href":"https:\/\/bahiaeconomica.com.br\/wp\/wp-json\/wp\/v2\/posts\/735198"}],"collection":[{"href":"https:\/\/bahiaeconomica.com.br\/wp\/wp-json\/wp\/v2\/posts"}],"about":[{"href":"https:\/\/bahiaeconomica.com.br\/wp\/wp-json\/wp\/v2\/types\/post"}],"author":[{"embeddable":true,"href":"https:\/\/bahiaeconomica.com.br\/wp\/wp-json\/wp\/v2\/users\/8"}],"replies":[{"embeddable":true,"href":"https:\/\/bahiaeconomica.com.br\/wp\/wp-json\/wp\/v2\/comments?post=735198"}],"version-history":[{"count":1,"href":"https:\/\/bahiaeconomica.com.br\/wp\/wp-json\/wp\/v2\/posts\/735198\/revisions"}],"predecessor-version":[{"id":735200,"href":"https:\/\/bahiaeconomica.com.br\/wp\/wp-json\/wp\/v2\/posts\/735198\/revisions\/735200"}],"wp:featuredmedia":[{"embeddable":true,"href":"https:\/\/bahiaeconomica.com.br\/wp\/wp-json\/wp\/v2\/media\/735199"}],"wp:attachment":[{"href":"https:\/\/bahiaeconomica.com.br\/wp\/wp-json\/wp\/v2\/media?parent=735198"}],"wp:term":[{"taxonomy":"category","embeddable":true,"href":"https:\/\/bahiaeconomica.com.br\/wp\/wp-json\/wp\/v2\/categories?post=735198"},{"taxonomy":"post_tag","embeddable":true,"href":"https:\/\/bahiaeconomica.com.br\/wp\/wp-json\/wp\/v2\/tags?post=735198"}],"curies":[{"name":"wp","href":"https:\/\/api.w.org\/{rel}","templated":true}]}}