{"id":734172,"date":"2023-05-14T08:18:57","date_gmt":"2023-05-14T11:18:57","guid":{"rendered":"https:\/\/bahiaeconomica.com.br\/wp\/beta\/?p=734172"},"modified":"2023-05-13T13:28:29","modified_gmt":"2023-05-13T16:28:29","slug":"dia-das-maes-salvador-shopping-e-salvador-norte-estendem-horario-de-funcionamento-no-sabado-dia-13","status":"publish","type":"post","link":"https:\/\/bahiaeconomica.com.br\/wp\/2023\/05\/14\/dia-das-maes-salvador-shopping-e-salvador-norte-estendem-horario-de-funcionamento-no-sabado-dia-13\/","title":{"rendered":"DIA DAS M\u00c3ES: SALVADOR SHOPPING E SALVADOR NORTE ESTENDEM HOR\u00c1RIO DE FUNCIONAMENTO NO S\u00c1BADO, DIA 13"},"content":{"rendered":"<p>Para dar comodidade e mais tempo para os clientes comprarem o presente do Dia das M\u00e3es, o Salvador Shopping e o Salvador Norte v\u00e3o estender o hor\u00e1rio de funcionamento no s\u00e1bado, dia 13 de maio, quando funcionam das 9h \u00e0s 23h.<\/p>\n<p><!--more--><\/p>\n<p>J\u00e1 no domingo, 14 de maio, quando ser\u00e1 celebrado o Dia das M\u00e3es, o funcionamento ser\u00e1 normal, das 12h \u00e0s 21h. Ainda no domingo, dia 14, o Espa\u00e7o Gourmet (Piso L1) do Salvador Shopping abre mais cedo: a partir das 11h.<\/p>\n<p>Promo\u00e7\u00f5es on-line | Os shoppings apostam em promo\u00e7\u00f5es especiais de &#8220;Compre e Ganhe&#8221; com kits \u2018O Botic\u00e1rio\u2019 para compras nos canais digitais. Aqueles que comprarem a partir de R$150 no SuperApp Salvador Shopping ou no site Salvador Shopping Online, at\u00e9 14 de maio, ganham de presente um Kit Glamour Secrets Black com desodorante col\u00f4nia (75ml), creme hidratante desodorante corporal (200ml) e creme para as m\u00e3os (50g). J\u00e1 no Salvador Norte, at\u00e9 14 de maio, aqueles que comprarem on-line a partir de R$120 v\u00e3o receber um Kit Floratta Blue, com desodorante col\u00f4nia (10ml), hidratante corporal (75g) e um shower gel (75g). S\u00e3o v\u00e1lidas as compras realizadas no SuperApp ou no Salvador Norte Online. S\u00f3 \u00e9 permitida a retirada de um brinde por CPF.<\/p>\n<p>Foto: divulga\u00e7\u00e3o<\/p>\n","protected":false},"excerpt":{"rendered":"<p>Para dar comodidade e mais tempo para os clientes comprarem o presente do Dia das M\u00e3es, o Salvador Shopping e o Salvador Norte v\u00e3o estender o hor\u00e1rio de funcionamento no s\u00e1bado, dia 13 de maio, quando funcionam das 9h \u00e0s 23h.<\/p>\n","protected":false},"author":8,"featured_media":734173,"comment_status":"closed","ping_status":"closed","sticky":false,"template":"","format":"standard","meta":[],"categories":[3],"tags":[],"acf":[],"yoast_head":"<!-- This site is optimized with the Yoast SEO plugin v20.8 - https:\/\/yoast.com\/wordpress\/plugins\/seo\/ -->\n<title>DIA DAS M\u00c3ES: SALVADOR SHOPPING E SALVADOR NORTE ESTENDEM HOR\u00c1RIO DE FUNCIONAMENTO NO S\u00c1BADO, DIA 13 - Bahia Economica<\/title>\n<meta name=\"description\" content=\"Para dar comodidade e mais tempo para os clientes comprarem o presente do Dia das M\u00e3es, o Salvador Shopping e o Salvador Norte\" \/>\n<meta name=\"robots\" content=\"index, follow, max-snippet:-1, max-image-preview:large, max-video-preview:-1\" \/>\n<link rel=\"canonical\" href=\"https:\/\/bahiaeconomica.com.br\/wp\/2023\/05\/14\/dia-das-maes-salvador-shopping-e-salvador-norte-estendem-horario-de-funcionamento-no-sabado-dia-13\/\" \/>\n<meta property=\"og:locale\" content=\"pt_BR\" \/>\n<meta property=\"og:type\" content=\"article\" \/>\n<meta property=\"og:title\" content=\"DIA DAS M\u00c3ES: SALVADOR SHOPPING E SALVADOR NORTE ESTENDEM HOR\u00c1RIO DE FUNCIONAMENTO NO S\u00c1BADO, DIA 13 - Bahia Economica\" \/>\n<meta property=\"og:description\" content=\"Para dar comodidade e mais tempo para os clientes comprarem o presente do Dia das M\u00e3es, o Salvador Shopping e o Salvador Norte\" \/>\n<meta property=\"og:url\" content=\"https:\/\/bahiaeconomica.com.br\/wp\/2023\/05\/14\/dia-das-maes-salvador-shopping-e-salvador-norte-estendem-horario-de-funcionamento-no-sabado-dia-13\/\" \/>\n<meta property=\"og:site_name\" content=\"Bahia Economica\" \/>\n<meta property=\"article:publisher\" content=\"https:\/\/www.facebook.com\/bahiaeconomica\" \/>\n<meta property=\"article:published_time\" content=\"2023-05-14T11:18:57+00:00\" \/>\n<meta property=\"article:modified_time\" content=\"2023-05-13T16:28:29+00:00\" \/>\n<meta property=\"og:image\" content=\"https:\/\/bahiaeconomica.com.br\/wp\/wp-content\/uploads\/2023\/05\/WhatsApp-Image-2023-05-10-at-18.24.07.jpeg\" \/>\n\t<meta property=\"og:image:width\" content=\"1280\" \/>\n\t<meta property=\"og:image:height\" content=\"1091\" \/>\n\t<meta property=\"og:image:type\" content=\"image\/jpeg\" \/>\n<meta name=\"author\" content=\"JP\" \/>\n<meta name=\"twitter:card\" content=\"summary_large_image\" \/>\n<meta name=\"twitter:label1\" content=\"Escrito por\" \/>\n\t<meta name=\"twitter:data1\" content=\"JP\" \/>\n\t<meta name=\"twitter:label2\" content=\"Est. tempo de leitura\" \/>\n\t<meta name=\"twitter:data2\" content=\"2 minutos\" \/>\n<script type=\"application\/ld+json\" class=\"yoast-schema-graph\">{\"@context\":\"https:\/\/schema.org\",\"@graph\":[{\"@type\":\"Article\",\"@id\":\"https:\/\/bahiaeconomica.com.br\/wp\/2023\/05\/14\/dia-das-maes-salvador-shopping-e-salvador-norte-estendem-horario-de-funcionamento-no-sabado-dia-13\/#article\",\"isPartOf\":{\"@id\":\"https:\/\/bahiaeconomica.com.br\/wp\/2023\/05\/14\/dia-das-maes-salvador-shopping-e-salvador-norte-estendem-horario-de-funcionamento-no-sabado-dia-13\/\"},\"author\":{\"name\":\"JP\",\"@id\":\"https:\/\/bahiaeconomica.com.br\/wp\/#\/schema\/person\/c86d3a3f8960425a0f9d0e5245991f4e\"},\"headline\":\"DIA DAS M\u00c3ES: SALVADOR SHOPPING E SALVADOR NORTE ESTENDEM HOR\u00c1RIO DE FUNCIONAMENTO NO S\u00c1BADO, DIA 13\",\"datePublished\":\"2023-05-14T11:18:57+00:00\",\"dateModified\":\"2023-05-13T16:28:29+00:00\",\"mainEntityOfPage\":{\"@id\":\"https:\/\/bahiaeconomica.com.br\/wp\/2023\/05\/14\/dia-das-maes-salvador-shopping-e-salvador-norte-estendem-horario-de-funcionamento-no-sabado-dia-13\/\"},\"wordCount\":233,\"publisher\":{\"@id\":\"https:\/\/bahiaeconomica.com.br\/wp\/#organization\"},\"articleSection\":[\"ECONOMIA \/ POL\u00cdTICA\"],\"inLanguage\":\"pt-BR\"},{\"@type\":\"WebPage\",\"@id\":\"https:\/\/bahiaeconomica.com.br\/wp\/2023\/05\/14\/dia-das-maes-salvador-shopping-e-salvador-norte-estendem-horario-de-funcionamento-no-sabado-dia-13\/\",\"url\":\"https:\/\/bahiaeconomica.com.br\/wp\/2023\/05\/14\/dia-das-maes-salvador-shopping-e-salvador-norte-estendem-horario-de-funcionamento-no-sabado-dia-13\/\",\"name\":\"DIA DAS M\u00c3ES: SALVADOR SHOPPING E SALVADOR NORTE ESTENDEM HOR\u00c1RIO DE FUNCIONAMENTO NO S\u00c1BADO, DIA 13 - Bahia Economica\",\"isPartOf\":{\"@id\":\"https:\/\/bahiaeconomica.com.br\/wp\/#website\"},\"datePublished\":\"2023-05-14T11:18:57+00:00\",\"dateModified\":\"2023-05-13T16:28:29+00:00\",\"description\":\"Para dar comodidade e mais tempo para os clientes comprarem o presente do Dia das M\u00e3es, o Salvador Shopping e o Salvador Norte\",\"breadcrumb\":{\"@id\":\"https:\/\/bahiaeconomica.com.br\/wp\/2023\/05\/14\/dia-das-maes-salvador-shopping-e-salvador-norte-estendem-horario-de-funcionamento-no-sabado-dia-13\/#breadcrumb\"},\"inLanguage\":\"pt-BR\",\"potentialAction\":[{\"@type\":\"ReadAction\",\"target\":[\"https:\/\/bahiaeconomica.com.br\/wp\/2023\/05\/14\/dia-das-maes-salvador-shopping-e-salvador-norte-estendem-horario-de-funcionamento-no-sabado-dia-13\/\"]}]},{\"@type\":\"BreadcrumbList\",\"@id\":\"https:\/\/bahiaeconomica.com.br\/wp\/2023\/05\/14\/dia-das-maes-salvador-shopping-e-salvador-norte-estendem-horario-de-funcionamento-no-sabado-dia-13\/#breadcrumb\",\"itemListElement\":[{\"@type\":\"ListItem\",\"position\":1,\"name\":\"In\u00edcio\",\"item\":\"https:\/\/bahiaeconomica.com.br\/wp\/\"},{\"@type\":\"ListItem\",\"position\":2,\"name\":\"DIA DAS M\u00c3ES: SALVADOR SHOPPING E SALVADOR NORTE ESTENDEM HOR\u00c1RIO DE FUNCIONAMENTO NO S\u00c1BADO, DIA 13\"}]},{\"@type\":\"WebSite\",\"@id\":\"https:\/\/bahiaeconomica.com.br\/wp\/#website\",\"url\":\"https:\/\/bahiaeconomica.com.br\/wp\/\",\"name\":\"Bahia Economica\",\"description\":\"O maior portal de Economia da Bahia\",\"publisher\":{\"@id\":\"https:\/\/bahiaeconomica.com.br\/wp\/#organization\"},\"potentialAction\":[{\"@type\":\"SearchAction\",\"target\":{\"@type\":\"EntryPoint\",\"urlTemplate\":\"https:\/\/bahiaeconomica.com.br\/wp\/?s={search_term_string}\"},\"query-input\":\"required name=search_term_string\"}],\"inLanguage\":\"pt-BR\"},{\"@type\":\"Organization\",\"@id\":\"https:\/\/bahiaeconomica.com.br\/wp\/#organization\",\"name\":\"Bahia Econ\u00f4mica\",\"url\":\"https:\/\/bahiaeconomica.com.br\/wp\/\",\"logo\":{\"@type\":\"ImageObject\",\"inLanguage\":\"pt-BR\",\"@id\":\"https:\/\/bahiaeconomica.com.br\/wp\/#\/schema\/logo\/image\/\",\"url\":\"https:\/\/bahiaeconomica.com.br\/wp\/wp-content\/uploads\/2020\/12\/cropped-BE.png\",\"contentUrl\":\"https:\/\/bahiaeconomica.com.br\/wp\/wp-content\/uploads\/2020\/12\/cropped-BE.png\",\"width\":512,\"height\":512,\"caption\":\"Bahia Econ\u00f4mica\"},\"image\":{\"@id\":\"https:\/\/bahiaeconomica.com.br\/wp\/#\/schema\/logo\/image\/\"},\"sameAs\":[\"https:\/\/www.facebook.com\/bahiaeconomica\"]},{\"@type\":\"Person\",\"@id\":\"https:\/\/bahiaeconomica.com.br\/wp\/#\/schema\/person\/c86d3a3f8960425a0f9d0e5245991f4e\",\"name\":\"JP\",\"sameAs\":[\"https:\/\/bahiaeconomica.com.br\/wp\/beta\/\"],\"url\":\"https:\/\/bahiaeconomica.com.br\/wp\/author\/jp\/\"}]}<\/script>\n<!-- \/ Yoast SEO plugin. -->","yoast_head_json":{"title":"DIA DAS M\u00c3ES: SALVADOR SHOPPING E SALVADOR NORTE ESTENDEM HOR\u00c1RIO DE FUNCIONAMENTO NO S\u00c1BADO, DIA 13 - Bahia Economica","description":"Para dar comodidade e mais tempo para os clientes comprarem o presente do Dia das M\u00e3es, o Salvador Shopping e o Salvador Norte","robots":{"index":"index","follow":"follow","max-snippet":"max-snippet:-1","max-image-preview":"max-image-preview:large","max-video-preview":"max-video-preview:-1"},"canonical":"https:\/\/bahiaeconomica.com.br\/wp\/2023\/05\/14\/dia-das-maes-salvador-shopping-e-salvador-norte-estendem-horario-de-funcionamento-no-sabado-dia-13\/","og_locale":"pt_BR","og_type":"article","og_title":"DIA DAS M\u00c3ES: SALVADOR SHOPPING E SALVADOR NORTE ESTENDEM HOR\u00c1RIO DE FUNCIONAMENTO NO S\u00c1BADO, DIA 13 - Bahia Economica","og_description":"Para dar comodidade e mais tempo para os clientes comprarem o presente do Dia das M\u00e3es, o Salvador Shopping e o Salvador Norte","og_url":"https:\/\/bahiaeconomica.com.br\/wp\/2023\/05\/14\/dia-das-maes-salvador-shopping-e-salvador-norte-estendem-horario-de-funcionamento-no-sabado-dia-13\/","og_site_name":"Bahia Economica","article_publisher":"https:\/\/www.facebook.com\/bahiaeconomica","article_published_time":"2023-05-14T11:18:57+00:00","article_modified_time":"2023-05-13T16:28:29+00:00","og_image":[{"width":1280,"height":1091,"url":"https:\/\/bahiaeconomica.com.br\/wp\/wp-content\/uploads\/2023\/05\/WhatsApp-Image-2023-05-10-at-18.24.07.jpeg","type":"image\/jpeg"}],"author":"JP","twitter_card":"summary_large_image","twitter_misc":{"Escrito por":"JP","Est. tempo de leitura":"2 minutos"},"schema":{"@context":"https:\/\/schema.org","@graph":[{"@type":"Article","@id":"https:\/\/bahiaeconomica.com.br\/wp\/2023\/05\/14\/dia-das-maes-salvador-shopping-e-salvador-norte-estendem-horario-de-funcionamento-no-sabado-dia-13\/#article","isPartOf":{"@id":"https:\/\/bahiaeconomica.com.br\/wp\/2023\/05\/14\/dia-das-maes-salvador-shopping-e-salvador-norte-estendem-horario-de-funcionamento-no-sabado-dia-13\/"},"author":{"name":"JP","@id":"https:\/\/bahiaeconomica.com.br\/wp\/#\/schema\/person\/c86d3a3f8960425a0f9d0e5245991f4e"},"headline":"DIA DAS M\u00c3ES: SALVADOR SHOPPING E SALVADOR NORTE ESTENDEM HOR\u00c1RIO DE FUNCIONAMENTO NO S\u00c1BADO, DIA 13","datePublished":"2023-05-14T11:18:57+00:00","dateModified":"2023-05-13T16:28:29+00:00","mainEntityOfPage":{"@id":"https:\/\/bahiaeconomica.com.br\/wp\/2023\/05\/14\/dia-das-maes-salvador-shopping-e-salvador-norte-estendem-horario-de-funcionamento-no-sabado-dia-13\/"},"wordCount":233,"publisher":{"@id":"https:\/\/bahiaeconomica.com.br\/wp\/#organization"},"articleSection":["ECONOMIA \/ POL\u00cdTICA"],"inLanguage":"pt-BR"},{"@type":"WebPage","@id":"https:\/\/bahiaeconomica.com.br\/wp\/2023\/05\/14\/dia-das-maes-salvador-shopping-e-salvador-norte-estendem-horario-de-funcionamento-no-sabado-dia-13\/","url":"https:\/\/bahiaeconomica.com.br\/wp\/2023\/05\/14\/dia-das-maes-salvador-shopping-e-salvador-norte-estendem-horario-de-funcionamento-no-sabado-dia-13\/","name":"DIA DAS M\u00c3ES: SALVADOR SHOPPING E SALVADOR NORTE ESTENDEM HOR\u00c1RIO DE FUNCIONAMENTO NO S\u00c1BADO, DIA 13 - Bahia Economica","isPartOf":{"@id":"https:\/\/bahiaeconomica.com.br\/wp\/#website"},"datePublished":"2023-05-14T11:18:57+00:00","dateModified":"2023-05-13T16:28:29+00:00","description":"Para dar comodidade e mais tempo para os clientes comprarem o presente do Dia das M\u00e3es, o Salvador Shopping e o Salvador Norte","breadcrumb":{"@id":"https:\/\/bahiaeconomica.com.br\/wp\/2023\/05\/14\/dia-das-maes-salvador-shopping-e-salvador-norte-estendem-horario-de-funcionamento-no-sabado-dia-13\/#breadcrumb"},"inLanguage":"pt-BR","potentialAction":[{"@type":"ReadAction","target":["https:\/\/bahiaeconomica.com.br\/wp\/2023\/05\/14\/dia-das-maes-salvador-shopping-e-salvador-norte-estendem-horario-de-funcionamento-no-sabado-dia-13\/"]}]},{"@type":"BreadcrumbList","@id":"https:\/\/bahiaeconomica.com.br\/wp\/2023\/05\/14\/dia-das-maes-salvador-shopping-e-salvador-norte-estendem-horario-de-funcionamento-no-sabado-dia-13\/#breadcrumb","itemListElement":[{"@type":"ListItem","position":1,"name":"In\u00edcio","item":"https:\/\/bahiaeconomica.com.br\/wp\/"},{"@type":"ListItem","position":2,"name":"DIA DAS M\u00c3ES: SALVADOR SHOPPING E SALVADOR NORTE ESTENDEM HOR\u00c1RIO DE FUNCIONAMENTO NO S\u00c1BADO, DIA 13"}]},{"@type":"WebSite","@id":"https:\/\/bahiaeconomica.com.br\/wp\/#website","url":"https:\/\/bahiaeconomica.com.br\/wp\/","name":"Bahia Economica","description":"O maior portal de Economia da Bahia","publisher":{"@id":"https:\/\/bahiaeconomica.com.br\/wp\/#organization"},"potentialAction":[{"@type":"SearchAction","target":{"@type":"EntryPoint","urlTemplate":"https:\/\/bahiaeconomica.com.br\/wp\/?s={search_term_string}"},"query-input":"required name=search_term_string"}],"inLanguage":"pt-BR"},{"@type":"Organization","@id":"https:\/\/bahiaeconomica.com.br\/wp\/#organization","name":"Bahia Econ\u00f4mica","url":"https:\/\/bahiaeconomica.com.br\/wp\/","logo":{"@type":"ImageObject","inLanguage":"pt-BR","@id":"https:\/\/bahiaeconomica.com.br\/wp\/#\/schema\/logo\/image\/","url":"https:\/\/bahiaeconomica.com.br\/wp\/wp-content\/uploads\/2020\/12\/cropped-BE.png","contentUrl":"https:\/\/bahiaeconomica.com.br\/wp\/wp-content\/uploads\/2020\/12\/cropped-BE.png","width":512,"height":512,"caption":"Bahia Econ\u00f4mica"},"image":{"@id":"https:\/\/bahiaeconomica.com.br\/wp\/#\/schema\/logo\/image\/"},"sameAs":["https:\/\/www.facebook.com\/bahiaeconomica"]},{"@type":"Person","@id":"https:\/\/bahiaeconomica.com.br\/wp\/#\/schema\/person\/c86d3a3f8960425a0f9d0e5245991f4e","name":"JP","sameAs":["https:\/\/bahiaeconomica.com.br\/wp\/beta\/"],"url":"https:\/\/bahiaeconomica.com.br\/wp\/author\/jp\/"}]}},"views":15,"_links":{"self":[{"href":"https:\/\/bahiaeconomica.com.br\/wp\/wp-json\/wp\/v2\/posts\/734172"}],"collection":[{"href":"https:\/\/bahiaeconomica.com.br\/wp\/wp-json\/wp\/v2\/posts"}],"about":[{"href":"https:\/\/bahiaeconomica.com.br\/wp\/wp-json\/wp\/v2\/types\/post"}],"author":[{"embeddable":true,"href":"https:\/\/bahiaeconomica.com.br\/wp\/wp-json\/wp\/v2\/users\/8"}],"replies":[{"embeddable":true,"href":"https:\/\/bahiaeconomica.com.br\/wp\/wp-json\/wp\/v2\/comments?post=734172"}],"version-history":[{"count":1,"href":"https:\/\/bahiaeconomica.com.br\/wp\/wp-json\/wp\/v2\/posts\/734172\/revisions"}],"predecessor-version":[{"id":734174,"href":"https:\/\/bahiaeconomica.com.br\/wp\/wp-json\/wp\/v2\/posts\/734172\/revisions\/734174"}],"wp:featuredmedia":[{"embeddable":true,"href":"https:\/\/bahiaeconomica.com.br\/wp\/wp-json\/wp\/v2\/media\/734173"}],"wp:attachment":[{"href":"https:\/\/bahiaeconomica.com.br\/wp\/wp-json\/wp\/v2\/media?parent=734172"}],"wp:term":[{"taxonomy":"category","embeddable":true,"href":"https:\/\/bahiaeconomica.com.br\/wp\/wp-json\/wp\/v2\/categories?post=734172"},{"taxonomy":"post_tag","embeddable":true,"href":"https:\/\/bahiaeconomica.com.br\/wp\/wp-json\/wp\/v2\/tags?post=734172"}],"curies":[{"name":"wp","href":"https:\/\/api.w.org\/{rel}","templated":true}]}}