{"id":733824,"date":"2023-05-09T19:49:38","date_gmt":"2023-05-09T22:49:38","guid":{"rendered":"https:\/\/bahiaeconomica.com.br\/wp\/beta\/?p=733824"},"modified":"2023-05-09T19:54:39","modified_gmt":"2023-05-09T22:54:39","slug":"geraldo-junior-comenta-mudanca-de-muniz-e-eleicoes-veja","status":"publish","type":"post","link":"https:\/\/bahiaeconomica.com.br\/wp\/2023\/05\/09\/geraldo-junior-comenta-mudanca-de-muniz-e-eleicoes-veja\/","title":{"rendered":"GERALDO J\u00daNIOR COMENTA MUDAN\u00c7A DE MUNIZ E ELEI\u00c7\u00d5ES; VEJA"},"content":{"rendered":"<p>Em entrevista na R\u00e1dio Metr\u00f3pole, o vice-governador da Bahia tratou sobre diversos assuntos, principalmente sobre as elei\u00e7\u00f5es 2024<\/p>\n<p>&nbsp;<\/p>\n<p><!--more--><\/p>\n<p>Em entrevista ao programa Jornal da Bahia no Ar, na R\u00e1dio Metropole, o vice-governador Geraldo J\u00fanior (MDB) comentou sobre a filia\u00e7\u00e3o do presidente da C\u00e2mara de Salvador (CMS), Carlos Muniz, ao PSDB. Para Geraldo, a escolha feita por Muniz n\u00e3o foi das melhores, pois a legenda \u00e9 da base de apoio ao atual prefeito de Salvador, Bruno Reis (PSDB), que busca a reelei\u00e7\u00e3o em 2024. O emedebista falou ainda que \u201cn\u00e3o tem medo de sombra\u201d, ao se referir a chefe da CMS.<\/p>\n<p>\u201cAchei que a decis\u00e3o n\u00e3o foi a melhor. Mas, como ele disse, e eu concordo, mulher e partido s\u00f3 a gente decide. Eu queria que Muniz tivesse vindo para o meu partido, MDB, ou um partido da base do governador Jer\u00f4nimo. Apesar de confiar muito no presidente do PSDB [Adolfo Viana], o partido n\u00e3o se decide por uma s\u00f3 pessoa. Espero em Deus que o mesmo destino que tentaram fazer comigo e para mim n\u00e3o fa\u00e7am com o vereador Carlos Muniz\u201d, disse.<\/p>\n<p>Segundo o vice-governador, apesar de estar no lado da oposi\u00e7\u00e3o, Muniz declarou que vai apoiar uma poss\u00edvel candidatura de Geraldo para a Prefeitura de Salvador nas pr\u00f3ximas elei\u00e7\u00f5es municipais.<\/p>\n<p>\u201cEle me avisou, depois me procurou pessoalmente para dizer \u2018toda a minha lealdade continua a voc\u00ea, se voc\u00ea for candidato, j\u00e1 disse ao prefeito da cidade e PSDB, meu nome \u00e9 voc\u00ea, mas preciso que voc\u00ea re\u00fana as condi\u00e7\u00f5es\u201d, contou.<\/p>\n<p>Na entrevista, o vice-governador falou sobre o cen\u00e1rio que se desenha para as elei\u00e7\u00f5es soteropolitanas no pr\u00f3ximo ano. Na vis\u00e3o dele, Bruno Reis \u00e9 um forte candidato para a reelei\u00e7\u00e3o, por estar na Prefeitura. O nome apontado por Geraldo J\u00fanior que poderia brigar com o atual prefeito \u00e9 Jos\u00e9 Trindade, presidente da Companhia de Desenvolvimento Urbano do Estado da Bahia (Conder), cotado para ser candidato pelo PT.<\/p>\n<p>&#8220;Bruno est\u00e1 com a m\u00e1quina [p\u00fablica] na m\u00e3o, \u00e9 muito dif\u00edcil n\u00e3o se reeleger com a m\u00e1quina na m\u00e3o. Se n\u00f3s repetirmos os mesmos equ\u00edvocos e erros do passado, Bruno \u00e9 um forte candidato \u00e0 reelei\u00e7\u00e3o, Bruno conhece a pol\u00edtica de Salvador [&#8230;]. Z\u00e9 Trindade \u00e9 um bom nome para concorrer contra ACM Neto e Bruno Reis&#8221;, avaliou.<\/p>\n<p>&nbsp;<\/p>\n<p>Foto: Metropress\/Fernanda Vilas Boas<\/p>\n","protected":false},"excerpt":{"rendered":"<p>Em entrevista na R\u00e1dio Metr\u00f3pole, o vice-governador da Bahia tratou sobre diversos assuntos, principalmente sobre as elei\u00e7\u00f5es 2024 &nbsp;<\/p>\n","protected":false},"author":6,"featured_media":733827,"comment_status":"closed","ping_status":"closed","sticky":false,"template":"","format":"standard","meta":[],"categories":[14,3],"tags":[85,166,13493,10948,4996,100,836,1621,73,402],"acf":[],"yoast_head":"<!-- This site is optimized with the Yoast SEO plugin v20.8 - https:\/\/yoast.com\/wordpress\/plugins\/seo\/ -->\n<title>GERALDO J\u00daNIOR COMENTA MUDAN\u00c7A DE MUNIZ E ELEI\u00c7\u00d5ES; VEJA - Bahia Economica<\/title>\n<meta name=\"description\" content=\"Em entrevista na R\u00e1dio Metr\u00f3pole, o vice-governador da Bahia tratou sobre diversos assuntos, principalmente sobre as elei\u00e7\u00f5es 2024\" \/>\n<meta name=\"robots\" content=\"index, follow, max-snippet:-1, max-image-preview:large, max-video-preview:-1\" \/>\n<link rel=\"canonical\" href=\"https:\/\/bahiaeconomica.com.br\/wp\/2023\/05\/09\/geraldo-junior-comenta-mudanca-de-muniz-e-eleicoes-veja\/\" \/>\n<meta property=\"og:locale\" content=\"pt_BR\" \/>\n<meta property=\"og:type\" content=\"article\" \/>\n<meta property=\"og:title\" content=\"GERALDO J\u00daNIOR COMENTA MUDAN\u00c7A DE MUNIZ E ELEI\u00c7\u00d5ES; VEJA - Bahia Economica\" \/>\n<meta property=\"og:description\" content=\"Em entrevista na R\u00e1dio Metr\u00f3pole, o vice-governador da Bahia tratou sobre diversos assuntos, principalmente sobre as elei\u00e7\u00f5es 2024\" \/>\n<meta property=\"og:url\" content=\"https:\/\/bahiaeconomica.com.br\/wp\/2023\/05\/09\/geraldo-junior-comenta-mudanca-de-muniz-e-eleicoes-veja\/\" \/>\n<meta property=\"og:site_name\" content=\"Bahia Economica\" \/>\n<meta property=\"article:publisher\" content=\"https:\/\/www.facebook.com\/bahiaeconomica\" \/>\n<meta property=\"article:published_time\" content=\"2023-05-09T22:49:38+00:00\" \/>\n<meta property=\"article:modified_time\" content=\"2023-05-09T22:54:39+00:00\" \/>\n<meta property=\"og:image\" content=\"https:\/\/bahiaeconomica.com.br\/wp\/wp-content\/uploads\/2023\/05\/136070geraldo-jr-diz-que-filiacao-de-muniz-ao-psdb-nao-foi-a-melhor-decisao-e-avisa-nao-ter-medo-de-sombra-3.jpg\" \/>\n\t<meta property=\"og:image:width\" content=\"360\" \/>\n\t<meta property=\"og:image:height\" content=\"220\" \/>\n\t<meta property=\"og:image:type\" content=\"image\/jpeg\" \/>\n<meta name=\"author\" content=\"DS\" \/>\n<meta name=\"twitter:card\" content=\"summary_large_image\" \/>\n<meta name=\"twitter:label1\" content=\"Escrito por\" \/>\n\t<meta name=\"twitter:data1\" content=\"DS\" \/>\n\t<meta name=\"twitter:label2\" content=\"Est. tempo de leitura\" \/>\n\t<meta name=\"twitter:data2\" content=\"3 minutos\" \/>\n<script type=\"application\/ld+json\" class=\"yoast-schema-graph\">{\"@context\":\"https:\/\/schema.org\",\"@graph\":[{\"@type\":\"Article\",\"@id\":\"https:\/\/bahiaeconomica.com.br\/wp\/2023\/05\/09\/geraldo-junior-comenta-mudanca-de-muniz-e-eleicoes-veja\/#article\",\"isPartOf\":{\"@id\":\"https:\/\/bahiaeconomica.com.br\/wp\/2023\/05\/09\/geraldo-junior-comenta-mudanca-de-muniz-e-eleicoes-veja\/\"},\"author\":{\"name\":\"DS\",\"@id\":\"https:\/\/bahiaeconomica.com.br\/wp\/#\/schema\/person\/756f314c5bfa87c7b43a2850854305a1\"},\"headline\":\"GERALDO J\u00daNIOR COMENTA MUDAN\u00c7A DE MUNIZ E ELEI\u00c7\u00d5ES; VEJA\",\"datePublished\":\"2023-05-09T22:49:38+00:00\",\"dateModified\":\"2023-05-09T22:54:39+00:00\",\"mainEntityOfPage\":{\"@id\":\"https:\/\/bahiaeconomica.com.br\/wp\/2023\/05\/09\/geraldo-junior-comenta-mudanca-de-muniz-e-eleicoes-veja\/\"},\"wordCount\":423,\"publisher\":{\"@id\":\"https:\/\/bahiaeconomica.com.br\/wp\/#organization\"},\"keywords\":[\"Bahia\",\"Bruno Reis\",\"CARLOZ MUNIZ\",\"ELEI\u00c7\u00d5ES 2024\",\"geraldo junior\",\"Pol\u00edtica\",\"prefeitura\",\"psdb\",\"Salvador\",\"vice-governador da Bahia\"],\"articleSection\":[\"DESTAQUE DO DIA\",\"ECONOMIA \/ POL\u00cdTICA\"],\"inLanguage\":\"pt-BR\"},{\"@type\":\"WebPage\",\"@id\":\"https:\/\/bahiaeconomica.com.br\/wp\/2023\/05\/09\/geraldo-junior-comenta-mudanca-de-muniz-e-eleicoes-veja\/\",\"url\":\"https:\/\/bahiaeconomica.com.br\/wp\/2023\/05\/09\/geraldo-junior-comenta-mudanca-de-muniz-e-eleicoes-veja\/\",\"name\":\"GERALDO J\u00daNIOR COMENTA MUDAN\u00c7A DE MUNIZ E ELEI\u00c7\u00d5ES; VEJA - Bahia Economica\",\"isPartOf\":{\"@id\":\"https:\/\/bahiaeconomica.com.br\/wp\/#website\"},\"datePublished\":\"2023-05-09T22:49:38+00:00\",\"dateModified\":\"2023-05-09T22:54:39+00:00\",\"description\":\"Em entrevista na R\u00e1dio Metr\u00f3pole, o vice-governador da Bahia tratou sobre diversos assuntos, principalmente sobre as elei\u00e7\u00f5es 2024\",\"breadcrumb\":{\"@id\":\"https:\/\/bahiaeconomica.com.br\/wp\/2023\/05\/09\/geraldo-junior-comenta-mudanca-de-muniz-e-eleicoes-veja\/#breadcrumb\"},\"inLanguage\":\"pt-BR\",\"potentialAction\":[{\"@type\":\"ReadAction\",\"target\":[\"https:\/\/bahiaeconomica.com.br\/wp\/2023\/05\/09\/geraldo-junior-comenta-mudanca-de-muniz-e-eleicoes-veja\/\"]}]},{\"@type\":\"BreadcrumbList\",\"@id\":\"https:\/\/bahiaeconomica.com.br\/wp\/2023\/05\/09\/geraldo-junior-comenta-mudanca-de-muniz-e-eleicoes-veja\/#breadcrumb\",\"itemListElement\":[{\"@type\":\"ListItem\",\"position\":1,\"name\":\"In\u00edcio\",\"item\":\"https:\/\/bahiaeconomica.com.br\/wp\/\"},{\"@type\":\"ListItem\",\"position\":2,\"name\":\"GERALDO J\u00daNIOR COMENTA MUDAN\u00c7A DE MUNIZ E ELEI\u00c7\u00d5ES; VEJA\"}]},{\"@type\":\"WebSite\",\"@id\":\"https:\/\/bahiaeconomica.com.br\/wp\/#website\",\"url\":\"https:\/\/bahiaeconomica.com.br\/wp\/\",\"name\":\"Bahia Economica\",\"description\":\"O maior portal de Economia da Bahia\",\"publisher\":{\"@id\":\"https:\/\/bahiaeconomica.com.br\/wp\/#organization\"},\"potentialAction\":[{\"@type\":\"SearchAction\",\"target\":{\"@type\":\"EntryPoint\",\"urlTemplate\":\"https:\/\/bahiaeconomica.com.br\/wp\/?s={search_term_string}\"},\"query-input\":\"required name=search_term_string\"}],\"inLanguage\":\"pt-BR\"},{\"@type\":\"Organization\",\"@id\":\"https:\/\/bahiaeconomica.com.br\/wp\/#organization\",\"name\":\"Bahia Econ\u00f4mica\",\"url\":\"https:\/\/bahiaeconomica.com.br\/wp\/\",\"logo\":{\"@type\":\"ImageObject\",\"inLanguage\":\"pt-BR\",\"@id\":\"https:\/\/bahiaeconomica.com.br\/wp\/#\/schema\/logo\/image\/\",\"url\":\"https:\/\/bahiaeconomica.com.br\/wp\/wp-content\/uploads\/2020\/12\/cropped-BE.png\",\"contentUrl\":\"https:\/\/bahiaeconomica.com.br\/wp\/wp-content\/uploads\/2020\/12\/cropped-BE.png\",\"width\":512,\"height\":512,\"caption\":\"Bahia Econ\u00f4mica\"},\"image\":{\"@id\":\"https:\/\/bahiaeconomica.com.br\/wp\/#\/schema\/logo\/image\/\"},\"sameAs\":[\"https:\/\/www.facebook.com\/bahiaeconomica\"]},{\"@type\":\"Person\",\"@id\":\"https:\/\/bahiaeconomica.com.br\/wp\/#\/schema\/person\/756f314c5bfa87c7b43a2850854305a1\",\"name\":\"DS\",\"sameAs\":[\"https:\/\/bahiaeconomica.com.br\/wp\/beta\/\"],\"url\":\"https:\/\/bahiaeconomica.com.br\/wp\/author\/ds\/\"}]}<\/script>\n<!-- \/ Yoast SEO plugin. -->","yoast_head_json":{"title":"GERALDO J\u00daNIOR COMENTA MUDAN\u00c7A DE MUNIZ E ELEI\u00c7\u00d5ES; VEJA - Bahia Economica","description":"Em entrevista na R\u00e1dio Metr\u00f3pole, o vice-governador da Bahia tratou sobre diversos assuntos, principalmente sobre as elei\u00e7\u00f5es 2024","robots":{"index":"index","follow":"follow","max-snippet":"max-snippet:-1","max-image-preview":"max-image-preview:large","max-video-preview":"max-video-preview:-1"},"canonical":"https:\/\/bahiaeconomica.com.br\/wp\/2023\/05\/09\/geraldo-junior-comenta-mudanca-de-muniz-e-eleicoes-veja\/","og_locale":"pt_BR","og_type":"article","og_title":"GERALDO J\u00daNIOR COMENTA MUDAN\u00c7A DE MUNIZ E ELEI\u00c7\u00d5ES; VEJA - Bahia Economica","og_description":"Em entrevista na R\u00e1dio Metr\u00f3pole, o vice-governador da Bahia tratou sobre diversos assuntos, principalmente sobre as elei\u00e7\u00f5es 2024","og_url":"https:\/\/bahiaeconomica.com.br\/wp\/2023\/05\/09\/geraldo-junior-comenta-mudanca-de-muniz-e-eleicoes-veja\/","og_site_name":"Bahia Economica","article_publisher":"https:\/\/www.facebook.com\/bahiaeconomica","article_published_time":"2023-05-09T22:49:38+00:00","article_modified_time":"2023-05-09T22:54:39+00:00","og_image":[{"width":360,"height":220,"url":"https:\/\/bahiaeconomica.com.br\/wp\/wp-content\/uploads\/2023\/05\/136070geraldo-jr-diz-que-filiacao-de-muniz-ao-psdb-nao-foi-a-melhor-decisao-e-avisa-nao-ter-medo-de-sombra-3.jpg","type":"image\/jpeg"}],"author":"DS","twitter_card":"summary_large_image","twitter_misc":{"Escrito por":"DS","Est. tempo de leitura":"3 minutos"},"schema":{"@context":"https:\/\/schema.org","@graph":[{"@type":"Article","@id":"https:\/\/bahiaeconomica.com.br\/wp\/2023\/05\/09\/geraldo-junior-comenta-mudanca-de-muniz-e-eleicoes-veja\/#article","isPartOf":{"@id":"https:\/\/bahiaeconomica.com.br\/wp\/2023\/05\/09\/geraldo-junior-comenta-mudanca-de-muniz-e-eleicoes-veja\/"},"author":{"name":"DS","@id":"https:\/\/bahiaeconomica.com.br\/wp\/#\/schema\/person\/756f314c5bfa87c7b43a2850854305a1"},"headline":"GERALDO J\u00daNIOR COMENTA MUDAN\u00c7A DE MUNIZ E ELEI\u00c7\u00d5ES; VEJA","datePublished":"2023-05-09T22:49:38+00:00","dateModified":"2023-05-09T22:54:39+00:00","mainEntityOfPage":{"@id":"https:\/\/bahiaeconomica.com.br\/wp\/2023\/05\/09\/geraldo-junior-comenta-mudanca-de-muniz-e-eleicoes-veja\/"},"wordCount":423,"publisher":{"@id":"https:\/\/bahiaeconomica.com.br\/wp\/#organization"},"keywords":["Bahia","Bruno Reis","CARLOZ MUNIZ","ELEI\u00c7\u00d5ES 2024","geraldo junior","Pol\u00edtica","prefeitura","psdb","Salvador","vice-governador da Bahia"],"articleSection":["DESTAQUE DO DIA","ECONOMIA \/ POL\u00cdTICA"],"inLanguage":"pt-BR"},{"@type":"WebPage","@id":"https:\/\/bahiaeconomica.com.br\/wp\/2023\/05\/09\/geraldo-junior-comenta-mudanca-de-muniz-e-eleicoes-veja\/","url":"https:\/\/bahiaeconomica.com.br\/wp\/2023\/05\/09\/geraldo-junior-comenta-mudanca-de-muniz-e-eleicoes-veja\/","name":"GERALDO J\u00daNIOR COMENTA MUDAN\u00c7A DE MUNIZ E ELEI\u00c7\u00d5ES; VEJA - Bahia Economica","isPartOf":{"@id":"https:\/\/bahiaeconomica.com.br\/wp\/#website"},"datePublished":"2023-05-09T22:49:38+00:00","dateModified":"2023-05-09T22:54:39+00:00","description":"Em entrevista na R\u00e1dio Metr\u00f3pole, o vice-governador da Bahia tratou sobre diversos assuntos, principalmente sobre as elei\u00e7\u00f5es 2024","breadcrumb":{"@id":"https:\/\/bahiaeconomica.com.br\/wp\/2023\/05\/09\/geraldo-junior-comenta-mudanca-de-muniz-e-eleicoes-veja\/#breadcrumb"},"inLanguage":"pt-BR","potentialAction":[{"@type":"ReadAction","target":["https:\/\/bahiaeconomica.com.br\/wp\/2023\/05\/09\/geraldo-junior-comenta-mudanca-de-muniz-e-eleicoes-veja\/"]}]},{"@type":"BreadcrumbList","@id":"https:\/\/bahiaeconomica.com.br\/wp\/2023\/05\/09\/geraldo-junior-comenta-mudanca-de-muniz-e-eleicoes-veja\/#breadcrumb","itemListElement":[{"@type":"ListItem","position":1,"name":"In\u00edcio","item":"https:\/\/bahiaeconomica.com.br\/wp\/"},{"@type":"ListItem","position":2,"name":"GERALDO J\u00daNIOR COMENTA MUDAN\u00c7A DE MUNIZ E ELEI\u00c7\u00d5ES; VEJA"}]},{"@type":"WebSite","@id":"https:\/\/bahiaeconomica.com.br\/wp\/#website","url":"https:\/\/bahiaeconomica.com.br\/wp\/","name":"Bahia Economica","description":"O maior portal de Economia da Bahia","publisher":{"@id":"https:\/\/bahiaeconomica.com.br\/wp\/#organization"},"potentialAction":[{"@type":"SearchAction","target":{"@type":"EntryPoint","urlTemplate":"https:\/\/bahiaeconomica.com.br\/wp\/?s={search_term_string}"},"query-input":"required name=search_term_string"}],"inLanguage":"pt-BR"},{"@type":"Organization","@id":"https:\/\/bahiaeconomica.com.br\/wp\/#organization","name":"Bahia Econ\u00f4mica","url":"https:\/\/bahiaeconomica.com.br\/wp\/","logo":{"@type":"ImageObject","inLanguage":"pt-BR","@id":"https:\/\/bahiaeconomica.com.br\/wp\/#\/schema\/logo\/image\/","url":"https:\/\/bahiaeconomica.com.br\/wp\/wp-content\/uploads\/2020\/12\/cropped-BE.png","contentUrl":"https:\/\/bahiaeconomica.com.br\/wp\/wp-content\/uploads\/2020\/12\/cropped-BE.png","width":512,"height":512,"caption":"Bahia Econ\u00f4mica"},"image":{"@id":"https:\/\/bahiaeconomica.com.br\/wp\/#\/schema\/logo\/image\/"},"sameAs":["https:\/\/www.facebook.com\/bahiaeconomica"]},{"@type":"Person","@id":"https:\/\/bahiaeconomica.com.br\/wp\/#\/schema\/person\/756f314c5bfa87c7b43a2850854305a1","name":"DS","sameAs":["https:\/\/bahiaeconomica.com.br\/wp\/beta\/"],"url":"https:\/\/bahiaeconomica.com.br\/wp\/author\/ds\/"}]}},"views":5,"_links":{"self":[{"href":"https:\/\/bahiaeconomica.com.br\/wp\/wp-json\/wp\/v2\/posts\/733824"}],"collection":[{"href":"https:\/\/bahiaeconomica.com.br\/wp\/wp-json\/wp\/v2\/posts"}],"about":[{"href":"https:\/\/bahiaeconomica.com.br\/wp\/wp-json\/wp\/v2\/types\/post"}],"author":[{"embeddable":true,"href":"https:\/\/bahiaeconomica.com.br\/wp\/wp-json\/wp\/v2\/users\/6"}],"replies":[{"embeddable":true,"href":"https:\/\/bahiaeconomica.com.br\/wp\/wp-json\/wp\/v2\/comments?post=733824"}],"version-history":[{"count":2,"href":"https:\/\/bahiaeconomica.com.br\/wp\/wp-json\/wp\/v2\/posts\/733824\/revisions"}],"predecessor-version":[{"id":733831,"href":"https:\/\/bahiaeconomica.com.br\/wp\/wp-json\/wp\/v2\/posts\/733824\/revisions\/733831"}],"wp:featuredmedia":[{"embeddable":true,"href":"https:\/\/bahiaeconomica.com.br\/wp\/wp-json\/wp\/v2\/media\/733827"}],"wp:attachment":[{"href":"https:\/\/bahiaeconomica.com.br\/wp\/wp-json\/wp\/v2\/media?parent=733824"}],"wp:term":[{"taxonomy":"category","embeddable":true,"href":"https:\/\/bahiaeconomica.com.br\/wp\/wp-json\/wp\/v2\/categories?post=733824"},{"taxonomy":"post_tag","embeddable":true,"href":"https:\/\/bahiaeconomica.com.br\/wp\/wp-json\/wp\/v2\/tags?post=733824"}],"curies":[{"name":"wp","href":"https:\/\/api.w.org\/{rel}","templated":true}]}}