{"id":733698,"date":"2023-05-09T10:02:55","date_gmt":"2023-05-09T13:02:55","guid":{"rendered":"https:\/\/bahiaeconomica.com.br\/wp\/beta\/?p=733698"},"modified":"2023-05-09T10:09:36","modified_gmt":"2023-05-09T13:09:36","slug":"projeto-de-lei-quer-punir-estabelecimentos-que-pratiquem-racismo-e-atos-discriminatorios-autoria-e-do-deputado-robinson","status":"publish","type":"post","link":"https:\/\/bahiaeconomica.com.br\/wp\/2023\/05\/09\/projeto-de-lei-quer-punir-estabelecimentos-que-pratiquem-racismo-e-atos-discriminatorios-autoria-e-do-deputado-robinson\/","title":{"rendered":"PROJETO DE LEI QUER PUNIR LOJAS QUE PRATIQUEM RACISMO"},"content":{"rendered":"<p>O l\u00edder da Federa\u00e7\u00e3o PT, PC Do B e PV, deputado Robinson Almeida, apresentou, na Assembleia Legislativa, um Projeto de Lei que prev\u00ea aplica\u00e7\u00e3o de san\u00e7\u00f5es administrativas aos estabelecimentos comerciais cujos funcion\u00e1rios ou prepostos pratiquem atos discriminat\u00f3rios de racismo, inj\u00faria racial, contra orienta\u00e7\u00e3o sexual, defici\u00eancia, estado de sa\u00fade, ascend\u00eancia ou de qualquer outra natureza.<\/p>\n<p><!--more--><\/p>\n<p>Entre as penalidades defendidas pelo legislador est\u00e3o multa, que ser\u00e1 dobrada a cada reincid\u00eancia, impedimento para firmar contrato com a administra\u00e7\u00e3o p\u00fablica estadual, direta ou indireta, seja para o fornecimento de bens ou presta\u00e7\u00e3o de servi\u00e7os, ou concess\u00e3o e permiss\u00e3o de servi\u00e7os p\u00fablicos.\u00a0 Al\u00e9m disso, entre outras san\u00e7\u00f5es, tamb\u00e9m est\u00e1 o impedimento para gozar de isen\u00e7\u00e3o, anistia ou remiss\u00e3o, parcial ou total, de quaisquer tributos institu\u00eddos por lei estadual.<\/p>\n<p>Na justificativa, Robinson Almeida recorda que, infelizmente, as ocorr\u00eancias de racismo e preconceito s\u00e3o in\u00fameras e que \u00e9 necess\u00e1rio puni\u00e7\u00e3o para empresas que pratiquem ou estejam omissas ao crime praticados por prepostos.\u00a0 Apenas em Salvador, nos \u00faltimos dias, dois casos de racismo foram registrados nas depend\u00eancias de estabelecimentos comerciais. O primeiro em uma unidade do Carrefour, quando um casal de negros foi espancando por seguran\u00e7as do mercado. O segundo caso teve como v\u00edtima a\u00a0aut\u00f4noma\u00a0Andresa Fonseca, agredida com ofensas racistas proferidas por uma mulher em uma loja de conveni\u00eancia da rede Menor Pre\u00e7o, no bairro S\u00e3o Marcos.<\/p>\n<p>\u201cAs ocorr\u00eancias semelhantes s\u00e3o in\u00fameras, noticiadas quase que diariamente pelos ve\u00edculos de comunica\u00e7\u00e3o. \u00c9 lament\u00e1vel que 135 anos ap\u00f3s o fim da escravid\u00e3o no Brasil ainda sejam t\u00e3o frequentes a\u00e7\u00f5es perpetradas por estabelecimentos comerciais, ou por prepostos destes, que resultam em atitudes de preconceito e discrimina\u00e7\u00e3o de todo o g\u00eanero, especialmente as de tend\u00eancia racista\u201d, afirmou Robinson Almeida.<\/p>\n<p>\u201c\u00c9 preciso, portanto, pensar medidas que fa\u00e7am o enfrentamento dos atos, posturas e a\u00e7\u00f5es dessa natureza. E sem preju\u00edzo de provid\u00eancias cab\u00edveis no \u00e2mbito do direito penal e civil, cuja compet\u00eancia legislativa \u00e9 outorgada \u00e0 Uni\u00e3o, \u00e9 atribui\u00e7\u00e3o dos Estados federados a fixa\u00e7\u00e3o de san\u00e7\u00f5es administrativas\u201d, advoga o parlamentar. O Projeto de Lei de N\u00ba 24.880\/2023 est\u00e1 em tramita\u00e7\u00e3o na Assembleia Legislativa. A proposta\u00a0ser\u00e1 analisada pelas comiss\u00f5es de Direitos Humanos; Defesa do Consumidor; de Finan\u00e7as e Fiscaliza\u00e7\u00e3o; e de Constitui\u00e7\u00e3o e Justi\u00e7a. Depois seguir\u00e1 para o Plen\u00e1rio.<\/p>\n<p>Foto: assessoria<\/p>\n","protected":false},"excerpt":{"rendered":"<p>O l\u00edder da Federa\u00e7\u00e3o PT, PC Do B e PV, deputado Robinson Almeida, apresentou, na Assembleia Legislativa, um Projeto de Lei que prev\u00ea aplica\u00e7\u00e3o de san\u00e7\u00f5es administrativas aos estabelecimentos comerciais cujos funcion\u00e1rios ou prepostos pratiquem atos discriminat\u00f3rios de racismo, inj\u00faria racial, contra orienta\u00e7\u00e3o sexual, defici\u00eancia, estado de sa\u00fade, ascend\u00eancia ou de qualquer outra natureza.<\/p>\n","protected":false},"author":8,"featured_media":733701,"comment_status":"closed","ping_status":"closed","sticky":false,"template":"","format":"standard","meta":[],"categories":[14,3],"tags":[835,52,100,1931],"acf":[],"yoast_head":"<!-- This site is optimized with the Yoast SEO plugin v20.8 - https:\/\/yoast.com\/wordpress\/plugins\/seo\/ -->\n<title>PROJETO DE LEI QUER PUNIR LOJAS QUE PRATIQUEM RACISMO - Bahia Economica<\/title>\n<meta name=\"description\" content=\"O l\u00edder da Federa\u00e7\u00e3o PT, PC Do B e PV, deputado Robinson Almeida, apresentou, na Assembleia Legislativa, um Projeto de Lei que\" \/>\n<meta name=\"robots\" content=\"index, follow, max-snippet:-1, max-image-preview:large, max-video-preview:-1\" \/>\n<link rel=\"canonical\" href=\"https:\/\/bahiaeconomica.com.br\/wp\/2023\/05\/09\/projeto-de-lei-quer-punir-estabelecimentos-que-pratiquem-racismo-e-atos-discriminatorios-autoria-e-do-deputado-robinson\/\" \/>\n<meta property=\"og:locale\" content=\"pt_BR\" \/>\n<meta property=\"og:type\" content=\"article\" \/>\n<meta property=\"og:title\" content=\"PROJETO DE LEI QUER PUNIR LOJAS QUE PRATIQUEM RACISMO - Bahia Economica\" \/>\n<meta property=\"og:description\" content=\"O l\u00edder da Federa\u00e7\u00e3o PT, PC Do B e PV, deputado Robinson Almeida, apresentou, na Assembleia Legislativa, um Projeto de Lei que\" \/>\n<meta property=\"og:url\" content=\"https:\/\/bahiaeconomica.com.br\/wp\/2023\/05\/09\/projeto-de-lei-quer-punir-estabelecimentos-que-pratiquem-racismo-e-atos-discriminatorios-autoria-e-do-deputado-robinson\/\" \/>\n<meta property=\"og:site_name\" content=\"Bahia Economica\" \/>\n<meta property=\"article:publisher\" content=\"https:\/\/www.facebook.com\/bahiaeconomica\" \/>\n<meta property=\"article:published_time\" content=\"2023-05-09T13:02:55+00:00\" \/>\n<meta property=\"article:modified_time\" content=\"2023-05-09T13:09:36+00:00\" \/>\n<meta property=\"og:image\" content=\"https:\/\/bahiaeconomica.com.br\/wp\/wp-content\/uploads\/2023\/05\/WhatsApp-Image-2023-05-08-at-14.28.28.jpeg\" \/>\n\t<meta property=\"og:image:width\" content=\"678\" \/>\n\t<meta property=\"og:image:height\" content=\"452\" \/>\n\t<meta property=\"og:image:type\" content=\"image\/jpeg\" \/>\n<meta name=\"author\" content=\"JP\" \/>\n<meta name=\"twitter:card\" content=\"summary_large_image\" \/>\n<meta name=\"twitter:label1\" content=\"Escrito por\" \/>\n\t<meta name=\"twitter:data1\" content=\"JP\" \/>\n\t<meta name=\"twitter:label2\" content=\"Est. tempo de leitura\" \/>\n\t<meta name=\"twitter:data2\" content=\"3 minutos\" \/>\n<script type=\"application\/ld+json\" class=\"yoast-schema-graph\">{\"@context\":\"https:\/\/schema.org\",\"@graph\":[{\"@type\":\"Article\",\"@id\":\"https:\/\/bahiaeconomica.com.br\/wp\/2023\/05\/09\/projeto-de-lei-quer-punir-estabelecimentos-que-pratiquem-racismo-e-atos-discriminatorios-autoria-e-do-deputado-robinson\/#article\",\"isPartOf\":{\"@id\":\"https:\/\/bahiaeconomica.com.br\/wp\/2023\/05\/09\/projeto-de-lei-quer-punir-estabelecimentos-que-pratiquem-racismo-e-atos-discriminatorios-autoria-e-do-deputado-robinson\/\"},\"author\":{\"name\":\"JP\",\"@id\":\"https:\/\/bahiaeconomica.com.br\/wp\/#\/schema\/person\/c86d3a3f8960425a0f9d0e5245991f4e\"},\"headline\":\"PROJETO DE LEI QUER PUNIR LOJAS QUE PRATIQUEM RACISMO\",\"datePublished\":\"2023-05-09T13:02:55+00:00\",\"dateModified\":\"2023-05-09T13:09:36+00:00\",\"mainEntityOfPage\":{\"@id\":\"https:\/\/bahiaeconomica.com.br\/wp\/2023\/05\/09\/projeto-de-lei-quer-punir-estabelecimentos-que-pratiquem-racismo-e-atos-discriminatorios-autoria-e-do-deputado-robinson\/\"},\"wordCount\":439,\"publisher\":{\"@id\":\"https:\/\/bahiaeconomica.com.br\/wp\/#organization\"},\"keywords\":[\"alta\",\"Brasil\",\"Pol\u00edtica\",\"robinson\"],\"articleSection\":[\"DESTAQUE DO DIA\",\"ECONOMIA \/ POL\u00cdTICA\"],\"inLanguage\":\"pt-BR\"},{\"@type\":\"WebPage\",\"@id\":\"https:\/\/bahiaeconomica.com.br\/wp\/2023\/05\/09\/projeto-de-lei-quer-punir-estabelecimentos-que-pratiquem-racismo-e-atos-discriminatorios-autoria-e-do-deputado-robinson\/\",\"url\":\"https:\/\/bahiaeconomica.com.br\/wp\/2023\/05\/09\/projeto-de-lei-quer-punir-estabelecimentos-que-pratiquem-racismo-e-atos-discriminatorios-autoria-e-do-deputado-robinson\/\",\"name\":\"PROJETO DE LEI QUER PUNIR LOJAS QUE PRATIQUEM RACISMO - Bahia Economica\",\"isPartOf\":{\"@id\":\"https:\/\/bahiaeconomica.com.br\/wp\/#website\"},\"datePublished\":\"2023-05-09T13:02:55+00:00\",\"dateModified\":\"2023-05-09T13:09:36+00:00\",\"description\":\"O l\u00edder da Federa\u00e7\u00e3o PT, PC Do B e PV, deputado Robinson Almeida, apresentou, na Assembleia Legislativa, um Projeto de Lei que\",\"breadcrumb\":{\"@id\":\"https:\/\/bahiaeconomica.com.br\/wp\/2023\/05\/09\/projeto-de-lei-quer-punir-estabelecimentos-que-pratiquem-racismo-e-atos-discriminatorios-autoria-e-do-deputado-robinson\/#breadcrumb\"},\"inLanguage\":\"pt-BR\",\"potentialAction\":[{\"@type\":\"ReadAction\",\"target\":[\"https:\/\/bahiaeconomica.com.br\/wp\/2023\/05\/09\/projeto-de-lei-quer-punir-estabelecimentos-que-pratiquem-racismo-e-atos-discriminatorios-autoria-e-do-deputado-robinson\/\"]}]},{\"@type\":\"BreadcrumbList\",\"@id\":\"https:\/\/bahiaeconomica.com.br\/wp\/2023\/05\/09\/projeto-de-lei-quer-punir-estabelecimentos-que-pratiquem-racismo-e-atos-discriminatorios-autoria-e-do-deputado-robinson\/#breadcrumb\",\"itemListElement\":[{\"@type\":\"ListItem\",\"position\":1,\"name\":\"In\u00edcio\",\"item\":\"https:\/\/bahiaeconomica.com.br\/wp\/\"},{\"@type\":\"ListItem\",\"position\":2,\"name\":\"PROJETO DE LEI QUER PUNIR LOJAS QUE PRATIQUEM RACISMO\"}]},{\"@type\":\"WebSite\",\"@id\":\"https:\/\/bahiaeconomica.com.br\/wp\/#website\",\"url\":\"https:\/\/bahiaeconomica.com.br\/wp\/\",\"name\":\"Bahia Economica\",\"description\":\"O maior portal de Economia da Bahia\",\"publisher\":{\"@id\":\"https:\/\/bahiaeconomica.com.br\/wp\/#organization\"},\"potentialAction\":[{\"@type\":\"SearchAction\",\"target\":{\"@type\":\"EntryPoint\",\"urlTemplate\":\"https:\/\/bahiaeconomica.com.br\/wp\/?s={search_term_string}\"},\"query-input\":\"required name=search_term_string\"}],\"inLanguage\":\"pt-BR\"},{\"@type\":\"Organization\",\"@id\":\"https:\/\/bahiaeconomica.com.br\/wp\/#organization\",\"name\":\"Bahia Econ\u00f4mica\",\"url\":\"https:\/\/bahiaeconomica.com.br\/wp\/\",\"logo\":{\"@type\":\"ImageObject\",\"inLanguage\":\"pt-BR\",\"@id\":\"https:\/\/bahiaeconomica.com.br\/wp\/#\/schema\/logo\/image\/\",\"url\":\"https:\/\/bahiaeconomica.com.br\/wp\/wp-content\/uploads\/2020\/12\/cropped-BE.png\",\"contentUrl\":\"https:\/\/bahiaeconomica.com.br\/wp\/wp-content\/uploads\/2020\/12\/cropped-BE.png\",\"width\":512,\"height\":512,\"caption\":\"Bahia Econ\u00f4mica\"},\"image\":{\"@id\":\"https:\/\/bahiaeconomica.com.br\/wp\/#\/schema\/logo\/image\/\"},\"sameAs\":[\"https:\/\/www.facebook.com\/bahiaeconomica\"]},{\"@type\":\"Person\",\"@id\":\"https:\/\/bahiaeconomica.com.br\/wp\/#\/schema\/person\/c86d3a3f8960425a0f9d0e5245991f4e\",\"name\":\"JP\",\"sameAs\":[\"https:\/\/bahiaeconomica.com.br\/wp\/beta\/\"],\"url\":\"https:\/\/bahiaeconomica.com.br\/wp\/author\/jp\/\"}]}<\/script>\n<!-- \/ Yoast SEO plugin. -->","yoast_head_json":{"title":"PROJETO DE LEI QUER PUNIR LOJAS QUE PRATIQUEM RACISMO - Bahia Economica","description":"O l\u00edder da Federa\u00e7\u00e3o PT, PC Do B e PV, deputado Robinson Almeida, apresentou, na Assembleia Legislativa, um Projeto de Lei que","robots":{"index":"index","follow":"follow","max-snippet":"max-snippet:-1","max-image-preview":"max-image-preview:large","max-video-preview":"max-video-preview:-1"},"canonical":"https:\/\/bahiaeconomica.com.br\/wp\/2023\/05\/09\/projeto-de-lei-quer-punir-estabelecimentos-que-pratiquem-racismo-e-atos-discriminatorios-autoria-e-do-deputado-robinson\/","og_locale":"pt_BR","og_type":"article","og_title":"PROJETO DE LEI QUER PUNIR LOJAS QUE PRATIQUEM RACISMO - Bahia Economica","og_description":"O l\u00edder da Federa\u00e7\u00e3o PT, PC Do B e PV, deputado Robinson Almeida, apresentou, na Assembleia Legislativa, um Projeto de Lei que","og_url":"https:\/\/bahiaeconomica.com.br\/wp\/2023\/05\/09\/projeto-de-lei-quer-punir-estabelecimentos-que-pratiquem-racismo-e-atos-discriminatorios-autoria-e-do-deputado-robinson\/","og_site_name":"Bahia Economica","article_publisher":"https:\/\/www.facebook.com\/bahiaeconomica","article_published_time":"2023-05-09T13:02:55+00:00","article_modified_time":"2023-05-09T13:09:36+00:00","og_image":[{"width":678,"height":452,"url":"https:\/\/bahiaeconomica.com.br\/wp\/wp-content\/uploads\/2023\/05\/WhatsApp-Image-2023-05-08-at-14.28.28.jpeg","type":"image\/jpeg"}],"author":"JP","twitter_card":"summary_large_image","twitter_misc":{"Escrito por":"JP","Est. tempo de leitura":"3 minutos"},"schema":{"@context":"https:\/\/schema.org","@graph":[{"@type":"Article","@id":"https:\/\/bahiaeconomica.com.br\/wp\/2023\/05\/09\/projeto-de-lei-quer-punir-estabelecimentos-que-pratiquem-racismo-e-atos-discriminatorios-autoria-e-do-deputado-robinson\/#article","isPartOf":{"@id":"https:\/\/bahiaeconomica.com.br\/wp\/2023\/05\/09\/projeto-de-lei-quer-punir-estabelecimentos-que-pratiquem-racismo-e-atos-discriminatorios-autoria-e-do-deputado-robinson\/"},"author":{"name":"JP","@id":"https:\/\/bahiaeconomica.com.br\/wp\/#\/schema\/person\/c86d3a3f8960425a0f9d0e5245991f4e"},"headline":"PROJETO DE LEI QUER PUNIR LOJAS QUE PRATIQUEM RACISMO","datePublished":"2023-05-09T13:02:55+00:00","dateModified":"2023-05-09T13:09:36+00:00","mainEntityOfPage":{"@id":"https:\/\/bahiaeconomica.com.br\/wp\/2023\/05\/09\/projeto-de-lei-quer-punir-estabelecimentos-que-pratiquem-racismo-e-atos-discriminatorios-autoria-e-do-deputado-robinson\/"},"wordCount":439,"publisher":{"@id":"https:\/\/bahiaeconomica.com.br\/wp\/#organization"},"keywords":["alta","Brasil","Pol\u00edtica","robinson"],"articleSection":["DESTAQUE DO DIA","ECONOMIA \/ POL\u00cdTICA"],"inLanguage":"pt-BR"},{"@type":"WebPage","@id":"https:\/\/bahiaeconomica.com.br\/wp\/2023\/05\/09\/projeto-de-lei-quer-punir-estabelecimentos-que-pratiquem-racismo-e-atos-discriminatorios-autoria-e-do-deputado-robinson\/","url":"https:\/\/bahiaeconomica.com.br\/wp\/2023\/05\/09\/projeto-de-lei-quer-punir-estabelecimentos-que-pratiquem-racismo-e-atos-discriminatorios-autoria-e-do-deputado-robinson\/","name":"PROJETO DE LEI QUER PUNIR LOJAS QUE PRATIQUEM RACISMO - Bahia Economica","isPartOf":{"@id":"https:\/\/bahiaeconomica.com.br\/wp\/#website"},"datePublished":"2023-05-09T13:02:55+00:00","dateModified":"2023-05-09T13:09:36+00:00","description":"O l\u00edder da Federa\u00e7\u00e3o PT, PC Do B e PV, deputado Robinson Almeida, apresentou, na Assembleia Legislativa, um Projeto de Lei que","breadcrumb":{"@id":"https:\/\/bahiaeconomica.com.br\/wp\/2023\/05\/09\/projeto-de-lei-quer-punir-estabelecimentos-que-pratiquem-racismo-e-atos-discriminatorios-autoria-e-do-deputado-robinson\/#breadcrumb"},"inLanguage":"pt-BR","potentialAction":[{"@type":"ReadAction","target":["https:\/\/bahiaeconomica.com.br\/wp\/2023\/05\/09\/projeto-de-lei-quer-punir-estabelecimentos-que-pratiquem-racismo-e-atos-discriminatorios-autoria-e-do-deputado-robinson\/"]}]},{"@type":"BreadcrumbList","@id":"https:\/\/bahiaeconomica.com.br\/wp\/2023\/05\/09\/projeto-de-lei-quer-punir-estabelecimentos-que-pratiquem-racismo-e-atos-discriminatorios-autoria-e-do-deputado-robinson\/#breadcrumb","itemListElement":[{"@type":"ListItem","position":1,"name":"In\u00edcio","item":"https:\/\/bahiaeconomica.com.br\/wp\/"},{"@type":"ListItem","position":2,"name":"PROJETO DE LEI QUER PUNIR LOJAS QUE PRATIQUEM RACISMO"}]},{"@type":"WebSite","@id":"https:\/\/bahiaeconomica.com.br\/wp\/#website","url":"https:\/\/bahiaeconomica.com.br\/wp\/","name":"Bahia Economica","description":"O maior portal de Economia da Bahia","publisher":{"@id":"https:\/\/bahiaeconomica.com.br\/wp\/#organization"},"potentialAction":[{"@type":"SearchAction","target":{"@type":"EntryPoint","urlTemplate":"https:\/\/bahiaeconomica.com.br\/wp\/?s={search_term_string}"},"query-input":"required name=search_term_string"}],"inLanguage":"pt-BR"},{"@type":"Organization","@id":"https:\/\/bahiaeconomica.com.br\/wp\/#organization","name":"Bahia Econ\u00f4mica","url":"https:\/\/bahiaeconomica.com.br\/wp\/","logo":{"@type":"ImageObject","inLanguage":"pt-BR","@id":"https:\/\/bahiaeconomica.com.br\/wp\/#\/schema\/logo\/image\/","url":"https:\/\/bahiaeconomica.com.br\/wp\/wp-content\/uploads\/2020\/12\/cropped-BE.png","contentUrl":"https:\/\/bahiaeconomica.com.br\/wp\/wp-content\/uploads\/2020\/12\/cropped-BE.png","width":512,"height":512,"caption":"Bahia Econ\u00f4mica"},"image":{"@id":"https:\/\/bahiaeconomica.com.br\/wp\/#\/schema\/logo\/image\/"},"sameAs":["https:\/\/www.facebook.com\/bahiaeconomica"]},{"@type":"Person","@id":"https:\/\/bahiaeconomica.com.br\/wp\/#\/schema\/person\/c86d3a3f8960425a0f9d0e5245991f4e","name":"JP","sameAs":["https:\/\/bahiaeconomica.com.br\/wp\/beta\/"],"url":"https:\/\/bahiaeconomica.com.br\/wp\/author\/jp\/"}]}},"views":3,"_links":{"self":[{"href":"https:\/\/bahiaeconomica.com.br\/wp\/wp-json\/wp\/v2\/posts\/733698"}],"collection":[{"href":"https:\/\/bahiaeconomica.com.br\/wp\/wp-json\/wp\/v2\/posts"}],"about":[{"href":"https:\/\/bahiaeconomica.com.br\/wp\/wp-json\/wp\/v2\/types\/post"}],"author":[{"embeddable":true,"href":"https:\/\/bahiaeconomica.com.br\/wp\/wp-json\/wp\/v2\/users\/8"}],"replies":[{"embeddable":true,"href":"https:\/\/bahiaeconomica.com.br\/wp\/wp-json\/wp\/v2\/comments?post=733698"}],"version-history":[{"count":3,"href":"https:\/\/bahiaeconomica.com.br\/wp\/wp-json\/wp\/v2\/posts\/733698\/revisions"}],"predecessor-version":[{"id":733706,"href":"https:\/\/bahiaeconomica.com.br\/wp\/wp-json\/wp\/v2\/posts\/733698\/revisions\/733706"}],"wp:featuredmedia":[{"embeddable":true,"href":"https:\/\/bahiaeconomica.com.br\/wp\/wp-json\/wp\/v2\/media\/733701"}],"wp:attachment":[{"href":"https:\/\/bahiaeconomica.com.br\/wp\/wp-json\/wp\/v2\/media?parent=733698"}],"wp:term":[{"taxonomy":"category","embeddable":true,"href":"https:\/\/bahiaeconomica.com.br\/wp\/wp-json\/wp\/v2\/categories?post=733698"},{"taxonomy":"post_tag","embeddable":true,"href":"https:\/\/bahiaeconomica.com.br\/wp\/wp-json\/wp\/v2\/tags?post=733698"}],"curies":[{"name":"wp","href":"https:\/\/api.w.org\/{rel}","templated":true}]}}