{"id":733657,"date":"2023-05-09T09:00:55","date_gmt":"2023-05-09T12:00:55","guid":{"rendered":"https:\/\/bahiaeconomica.com.br\/wp\/beta\/?p=733657"},"modified":"2023-05-09T08:47:32","modified_gmt":"2023-05-09T11:47:32","slug":"veja-previsao-do-tempo-para-esta-semana-em-salvador","status":"publish","type":"post","link":"https:\/\/bahiaeconomica.com.br\/wp\/2023\/05\/09\/veja-previsao-do-tempo-para-esta-semana-em-salvador\/","title":{"rendered":"VEJA PREVIS\u00c3O DO TEMPO PARA ESTA SEMANA EM SALVADOR"},"content":{"rendered":"<p>Como as \u00e1guas de mar\u00e7o chegaram atrasadas, e o tempo chuvoso s\u00f3 come\u00e7ou de fato em Salvador em abril, o m\u00eas de maio mostrou a que veio: nesta segunda semana do m\u00eas, o tempo na capital baiana deve seguir nublado e com chuvas isoladas ao longo de todo o dia.<\/p>\n<p><!--more--><\/p>\n<p>At\u00e9 a sexta-feira, a previs\u00e3o \u00e9 de muitas nuvens, ventos fracos ou moderados e umidade m\u00e1xima de 95%, e m\u00ednima de 65%, de acordo com o Instituto Nacional de Meteorologia (Inmet).<\/p>\n<p>As temperaturas m\u00ednimas da semana poder\u00e3o ocorrer nesta ter\u00e7a-feira (9), quando os term\u00f4metros poder\u00e3o chegar a 23\u00baC. As m\u00ednimas da quarta, quinta e sexta s\u00e3o as mesmas: 24\u00baC. J\u00e1 as m\u00e1ximas chegam a 29\u00baC entre a quarta e a sexta, quando a semana pode dar uma esquentada. Nesta ter\u00e7a, a m\u00ednima n\u00e3o apresenta uma grande varia\u00e7\u00e3o e ser\u00e1 de 28\u00baC. O levantamento dos primeiros dias do m\u00eas de maio revelou maiores ac\u00famulos nos bairros de Pitua\u00e7u (166,4mm), Piat\u00e3 (165,6mm), Itapu\u00e3 (158,6mm), Boca do Rio (125,6mm) e Alto do Cabrito (114,8mm).<\/p>\n<p>Foto: (Arisson Marinho\/CORREIO)<\/p>\n<p>Fonte: Inmet<\/p>\n","protected":false},"excerpt":{"rendered":"<p>Como as \u00e1guas de mar\u00e7o chegaram atrasadas, e o tempo chuvoso s\u00f3 come\u00e7ou de fato em Salvador em abril, o m\u00eas de maio mostrou a que veio: nesta segunda semana do m\u00eas, o tempo na capital baiana deve seguir nublado e com chuvas isoladas ao longo de todo o dia.<\/p>\n","protected":false},"author":8,"featured_media":733659,"comment_status":"closed","ping_status":"closed","sticky":false,"template":"","format":"standard","meta":[],"categories":[14,3],"tags":[52,874,1086,100],"acf":[],"yoast_head":"<!-- This site is optimized with the Yoast SEO plugin v20.8 - https:\/\/yoast.com\/wordpress\/plugins\/seo\/ -->\n<title>VEJA PREVIS\u00c3O DO TEMPO PARA ESTA SEMANA EM SALVADOR - Bahia Economica<\/title>\n<meta name=\"description\" content=\"Como as \u00e1guas de mar\u00e7o chegaram atrasadas, e o tempo chuvoso s\u00f3 come\u00e7ou de fato em Salvador em abril, o m\u00eas de maio mostrou a que veio:\" \/>\n<meta name=\"robots\" content=\"index, follow, max-snippet:-1, max-image-preview:large, max-video-preview:-1\" \/>\n<link rel=\"canonical\" href=\"https:\/\/bahiaeconomica.com.br\/wp\/2023\/05\/09\/veja-previsao-do-tempo-para-esta-semana-em-salvador\/\" \/>\n<meta property=\"og:locale\" content=\"pt_BR\" \/>\n<meta property=\"og:type\" content=\"article\" \/>\n<meta property=\"og:title\" content=\"VEJA PREVIS\u00c3O DO TEMPO PARA ESTA SEMANA EM SALVADOR - Bahia Economica\" \/>\n<meta property=\"og:description\" content=\"Como as \u00e1guas de mar\u00e7o chegaram atrasadas, e o tempo chuvoso s\u00f3 come\u00e7ou de fato em Salvador em abril, o m\u00eas de maio mostrou a que veio:\" \/>\n<meta property=\"og:url\" content=\"https:\/\/bahiaeconomica.com.br\/wp\/2023\/05\/09\/veja-previsao-do-tempo-para-esta-semana-em-salvador\/\" \/>\n<meta property=\"og:site_name\" content=\"Bahia Economica\" \/>\n<meta property=\"article:publisher\" content=\"https:\/\/www.facebook.com\/bahiaeconomica\" \/>\n<meta property=\"article:published_time\" content=\"2023-05-09T12:00:55+00:00\" \/>\n<meta property=\"article:modified_time\" content=\"2023-05-09T11:47:32+00:00\" \/>\n<meta property=\"og:image\" content=\"https:\/\/bahiaeconomica.com.br\/wp\/wp-content\/uploads\/2023\/05\/csm_csm_csm_WhatsApp_Image_2023-05-02_at_10.53.42_e268885770_672d488887_d75d56b8bd.jpeg\" \/>\n\t<meta property=\"og:image:width\" content=\"940\" \/>\n\t<meta property=\"og:image:height\" content=\"627\" \/>\n\t<meta property=\"og:image:type\" content=\"image\/jpeg\" \/>\n<meta name=\"author\" content=\"JP\" \/>\n<meta name=\"twitter:card\" content=\"summary_large_image\" \/>\n<meta name=\"twitter:label1\" content=\"Escrito por\" \/>\n\t<meta name=\"twitter:data1\" content=\"JP\" \/>\n\t<meta name=\"twitter:label2\" content=\"Est. tempo de leitura\" \/>\n\t<meta name=\"twitter:data2\" content=\"1 minuto\" \/>\n<script type=\"application\/ld+json\" class=\"yoast-schema-graph\">{\"@context\":\"https:\/\/schema.org\",\"@graph\":[{\"@type\":\"Article\",\"@id\":\"https:\/\/bahiaeconomica.com.br\/wp\/2023\/05\/09\/veja-previsao-do-tempo-para-esta-semana-em-salvador\/#article\",\"isPartOf\":{\"@id\":\"https:\/\/bahiaeconomica.com.br\/wp\/2023\/05\/09\/veja-previsao-do-tempo-para-esta-semana-em-salvador\/\"},\"author\":{\"name\":\"JP\",\"@id\":\"https:\/\/bahiaeconomica.com.br\/wp\/#\/schema\/person\/c86d3a3f8960425a0f9d0e5245991f4e\"},\"headline\":\"VEJA PREVIS\u00c3O DO TEMPO PARA ESTA SEMANA EM SALVADOR\",\"datePublished\":\"2023-05-09T12:00:55+00:00\",\"dateModified\":\"2023-05-09T11:47:32+00:00\",\"mainEntityOfPage\":{\"@id\":\"https:\/\/bahiaeconomica.com.br\/wp\/2023\/05\/09\/veja-previsao-do-tempo-para-esta-semana-em-salvador\/\"},\"wordCount\":205,\"publisher\":{\"@id\":\"https:\/\/bahiaeconomica.com.br\/wp\/#organization\"},\"keywords\":[\"Brasil\",\"chuva\",\"novidade\",\"Pol\u00edtica\"],\"articleSection\":[\"DESTAQUE DO DIA\",\"ECONOMIA \/ POL\u00cdTICA\"],\"inLanguage\":\"pt-BR\"},{\"@type\":\"WebPage\",\"@id\":\"https:\/\/bahiaeconomica.com.br\/wp\/2023\/05\/09\/veja-previsao-do-tempo-para-esta-semana-em-salvador\/\",\"url\":\"https:\/\/bahiaeconomica.com.br\/wp\/2023\/05\/09\/veja-previsao-do-tempo-para-esta-semana-em-salvador\/\",\"name\":\"VEJA PREVIS\u00c3O DO TEMPO PARA ESTA SEMANA EM SALVADOR - Bahia Economica\",\"isPartOf\":{\"@id\":\"https:\/\/bahiaeconomica.com.br\/wp\/#website\"},\"datePublished\":\"2023-05-09T12:00:55+00:00\",\"dateModified\":\"2023-05-09T11:47:32+00:00\",\"description\":\"Como as \u00e1guas de mar\u00e7o chegaram atrasadas, e o tempo chuvoso s\u00f3 come\u00e7ou de fato em Salvador em abril, o m\u00eas de maio mostrou a que veio:\",\"breadcrumb\":{\"@id\":\"https:\/\/bahiaeconomica.com.br\/wp\/2023\/05\/09\/veja-previsao-do-tempo-para-esta-semana-em-salvador\/#breadcrumb\"},\"inLanguage\":\"pt-BR\",\"potentialAction\":[{\"@type\":\"ReadAction\",\"target\":[\"https:\/\/bahiaeconomica.com.br\/wp\/2023\/05\/09\/veja-previsao-do-tempo-para-esta-semana-em-salvador\/\"]}]},{\"@type\":\"BreadcrumbList\",\"@id\":\"https:\/\/bahiaeconomica.com.br\/wp\/2023\/05\/09\/veja-previsao-do-tempo-para-esta-semana-em-salvador\/#breadcrumb\",\"itemListElement\":[{\"@type\":\"ListItem\",\"position\":1,\"name\":\"In\u00edcio\",\"item\":\"https:\/\/bahiaeconomica.com.br\/wp\/\"},{\"@type\":\"ListItem\",\"position\":2,\"name\":\"VEJA PREVIS\u00c3O DO TEMPO PARA ESTA SEMANA EM SALVADOR\"}]},{\"@type\":\"WebSite\",\"@id\":\"https:\/\/bahiaeconomica.com.br\/wp\/#website\",\"url\":\"https:\/\/bahiaeconomica.com.br\/wp\/\",\"name\":\"Bahia Economica\",\"description\":\"O maior portal de Economia da Bahia\",\"publisher\":{\"@id\":\"https:\/\/bahiaeconomica.com.br\/wp\/#organization\"},\"potentialAction\":[{\"@type\":\"SearchAction\",\"target\":{\"@type\":\"EntryPoint\",\"urlTemplate\":\"https:\/\/bahiaeconomica.com.br\/wp\/?s={search_term_string}\"},\"query-input\":\"required name=search_term_string\"}],\"inLanguage\":\"pt-BR\"},{\"@type\":\"Organization\",\"@id\":\"https:\/\/bahiaeconomica.com.br\/wp\/#organization\",\"name\":\"Bahia Econ\u00f4mica\",\"url\":\"https:\/\/bahiaeconomica.com.br\/wp\/\",\"logo\":{\"@type\":\"ImageObject\",\"inLanguage\":\"pt-BR\",\"@id\":\"https:\/\/bahiaeconomica.com.br\/wp\/#\/schema\/logo\/image\/\",\"url\":\"https:\/\/bahiaeconomica.com.br\/wp\/wp-content\/uploads\/2020\/12\/cropped-BE.png\",\"contentUrl\":\"https:\/\/bahiaeconomica.com.br\/wp\/wp-content\/uploads\/2020\/12\/cropped-BE.png\",\"width\":512,\"height\":512,\"caption\":\"Bahia Econ\u00f4mica\"},\"image\":{\"@id\":\"https:\/\/bahiaeconomica.com.br\/wp\/#\/schema\/logo\/image\/\"},\"sameAs\":[\"https:\/\/www.facebook.com\/bahiaeconomica\"]},{\"@type\":\"Person\",\"@id\":\"https:\/\/bahiaeconomica.com.br\/wp\/#\/schema\/person\/c86d3a3f8960425a0f9d0e5245991f4e\",\"name\":\"JP\",\"sameAs\":[\"https:\/\/bahiaeconomica.com.br\/wp\/beta\/\"],\"url\":\"https:\/\/bahiaeconomica.com.br\/wp\/author\/jp\/\"}]}<\/script>\n<!-- \/ Yoast SEO plugin. -->","yoast_head_json":{"title":"VEJA PREVIS\u00c3O DO TEMPO PARA ESTA SEMANA EM SALVADOR - Bahia Economica","description":"Como as \u00e1guas de mar\u00e7o chegaram atrasadas, e o tempo chuvoso s\u00f3 come\u00e7ou de fato em Salvador em abril, o m\u00eas de maio mostrou a que veio:","robots":{"index":"index","follow":"follow","max-snippet":"max-snippet:-1","max-image-preview":"max-image-preview:large","max-video-preview":"max-video-preview:-1"},"canonical":"https:\/\/bahiaeconomica.com.br\/wp\/2023\/05\/09\/veja-previsao-do-tempo-para-esta-semana-em-salvador\/","og_locale":"pt_BR","og_type":"article","og_title":"VEJA PREVIS\u00c3O DO TEMPO PARA ESTA SEMANA EM SALVADOR - Bahia Economica","og_description":"Como as \u00e1guas de mar\u00e7o chegaram atrasadas, e o tempo chuvoso s\u00f3 come\u00e7ou de fato em Salvador em abril, o m\u00eas de maio mostrou a que veio:","og_url":"https:\/\/bahiaeconomica.com.br\/wp\/2023\/05\/09\/veja-previsao-do-tempo-para-esta-semana-em-salvador\/","og_site_name":"Bahia Economica","article_publisher":"https:\/\/www.facebook.com\/bahiaeconomica","article_published_time":"2023-05-09T12:00:55+00:00","article_modified_time":"2023-05-09T11:47:32+00:00","og_image":[{"width":940,"height":627,"url":"https:\/\/bahiaeconomica.com.br\/wp\/wp-content\/uploads\/2023\/05\/csm_csm_csm_WhatsApp_Image_2023-05-02_at_10.53.42_e268885770_672d488887_d75d56b8bd.jpeg","type":"image\/jpeg"}],"author":"JP","twitter_card":"summary_large_image","twitter_misc":{"Escrito por":"JP","Est. tempo de leitura":"1 minuto"},"schema":{"@context":"https:\/\/schema.org","@graph":[{"@type":"Article","@id":"https:\/\/bahiaeconomica.com.br\/wp\/2023\/05\/09\/veja-previsao-do-tempo-para-esta-semana-em-salvador\/#article","isPartOf":{"@id":"https:\/\/bahiaeconomica.com.br\/wp\/2023\/05\/09\/veja-previsao-do-tempo-para-esta-semana-em-salvador\/"},"author":{"name":"JP","@id":"https:\/\/bahiaeconomica.com.br\/wp\/#\/schema\/person\/c86d3a3f8960425a0f9d0e5245991f4e"},"headline":"VEJA PREVIS\u00c3O DO TEMPO PARA ESTA SEMANA EM SALVADOR","datePublished":"2023-05-09T12:00:55+00:00","dateModified":"2023-05-09T11:47:32+00:00","mainEntityOfPage":{"@id":"https:\/\/bahiaeconomica.com.br\/wp\/2023\/05\/09\/veja-previsao-do-tempo-para-esta-semana-em-salvador\/"},"wordCount":205,"publisher":{"@id":"https:\/\/bahiaeconomica.com.br\/wp\/#organization"},"keywords":["Brasil","chuva","novidade","Pol\u00edtica"],"articleSection":["DESTAQUE DO DIA","ECONOMIA \/ POL\u00cdTICA"],"inLanguage":"pt-BR"},{"@type":"WebPage","@id":"https:\/\/bahiaeconomica.com.br\/wp\/2023\/05\/09\/veja-previsao-do-tempo-para-esta-semana-em-salvador\/","url":"https:\/\/bahiaeconomica.com.br\/wp\/2023\/05\/09\/veja-previsao-do-tempo-para-esta-semana-em-salvador\/","name":"VEJA PREVIS\u00c3O DO TEMPO PARA ESTA SEMANA EM SALVADOR - Bahia Economica","isPartOf":{"@id":"https:\/\/bahiaeconomica.com.br\/wp\/#website"},"datePublished":"2023-05-09T12:00:55+00:00","dateModified":"2023-05-09T11:47:32+00:00","description":"Como as \u00e1guas de mar\u00e7o chegaram atrasadas, e o tempo chuvoso s\u00f3 come\u00e7ou de fato em Salvador em abril, o m\u00eas de maio mostrou a que veio:","breadcrumb":{"@id":"https:\/\/bahiaeconomica.com.br\/wp\/2023\/05\/09\/veja-previsao-do-tempo-para-esta-semana-em-salvador\/#breadcrumb"},"inLanguage":"pt-BR","potentialAction":[{"@type":"ReadAction","target":["https:\/\/bahiaeconomica.com.br\/wp\/2023\/05\/09\/veja-previsao-do-tempo-para-esta-semana-em-salvador\/"]}]},{"@type":"BreadcrumbList","@id":"https:\/\/bahiaeconomica.com.br\/wp\/2023\/05\/09\/veja-previsao-do-tempo-para-esta-semana-em-salvador\/#breadcrumb","itemListElement":[{"@type":"ListItem","position":1,"name":"In\u00edcio","item":"https:\/\/bahiaeconomica.com.br\/wp\/"},{"@type":"ListItem","position":2,"name":"VEJA PREVIS\u00c3O DO TEMPO PARA ESTA SEMANA EM SALVADOR"}]},{"@type":"WebSite","@id":"https:\/\/bahiaeconomica.com.br\/wp\/#website","url":"https:\/\/bahiaeconomica.com.br\/wp\/","name":"Bahia Economica","description":"O maior portal de Economia da Bahia","publisher":{"@id":"https:\/\/bahiaeconomica.com.br\/wp\/#organization"},"potentialAction":[{"@type":"SearchAction","target":{"@type":"EntryPoint","urlTemplate":"https:\/\/bahiaeconomica.com.br\/wp\/?s={search_term_string}"},"query-input":"required name=search_term_string"}],"inLanguage":"pt-BR"},{"@type":"Organization","@id":"https:\/\/bahiaeconomica.com.br\/wp\/#organization","name":"Bahia Econ\u00f4mica","url":"https:\/\/bahiaeconomica.com.br\/wp\/","logo":{"@type":"ImageObject","inLanguage":"pt-BR","@id":"https:\/\/bahiaeconomica.com.br\/wp\/#\/schema\/logo\/image\/","url":"https:\/\/bahiaeconomica.com.br\/wp\/wp-content\/uploads\/2020\/12\/cropped-BE.png","contentUrl":"https:\/\/bahiaeconomica.com.br\/wp\/wp-content\/uploads\/2020\/12\/cropped-BE.png","width":512,"height":512,"caption":"Bahia Econ\u00f4mica"},"image":{"@id":"https:\/\/bahiaeconomica.com.br\/wp\/#\/schema\/logo\/image\/"},"sameAs":["https:\/\/www.facebook.com\/bahiaeconomica"]},{"@type":"Person","@id":"https:\/\/bahiaeconomica.com.br\/wp\/#\/schema\/person\/c86d3a3f8960425a0f9d0e5245991f4e","name":"JP","sameAs":["https:\/\/bahiaeconomica.com.br\/wp\/beta\/"],"url":"https:\/\/bahiaeconomica.com.br\/wp\/author\/jp\/"}]}},"views":8,"_links":{"self":[{"href":"https:\/\/bahiaeconomica.com.br\/wp\/wp-json\/wp\/v2\/posts\/733657"}],"collection":[{"href":"https:\/\/bahiaeconomica.com.br\/wp\/wp-json\/wp\/v2\/posts"}],"about":[{"href":"https:\/\/bahiaeconomica.com.br\/wp\/wp-json\/wp\/v2\/types\/post"}],"author":[{"embeddable":true,"href":"https:\/\/bahiaeconomica.com.br\/wp\/wp-json\/wp\/v2\/users\/8"}],"replies":[{"embeddable":true,"href":"https:\/\/bahiaeconomica.com.br\/wp\/wp-json\/wp\/v2\/comments?post=733657"}],"version-history":[{"count":1,"href":"https:\/\/bahiaeconomica.com.br\/wp\/wp-json\/wp\/v2\/posts\/733657\/revisions"}],"predecessor-version":[{"id":733660,"href":"https:\/\/bahiaeconomica.com.br\/wp\/wp-json\/wp\/v2\/posts\/733657\/revisions\/733660"}],"wp:featuredmedia":[{"embeddable":true,"href":"https:\/\/bahiaeconomica.com.br\/wp\/wp-json\/wp\/v2\/media\/733659"}],"wp:attachment":[{"href":"https:\/\/bahiaeconomica.com.br\/wp\/wp-json\/wp\/v2\/media?parent=733657"}],"wp:term":[{"taxonomy":"category","embeddable":true,"href":"https:\/\/bahiaeconomica.com.br\/wp\/wp-json\/wp\/v2\/categories?post=733657"},{"taxonomy":"post_tag","embeddable":true,"href":"https:\/\/bahiaeconomica.com.br\/wp\/wp-json\/wp\/v2\/tags?post=733657"}],"curies":[{"name":"wp","href":"https:\/\/api.w.org\/{rel}","templated":true}]}}