{"id":733021,"date":"2023-05-04T16:23:49","date_gmt":"2023-05-04T19:23:49","guid":{"rendered":"https:\/\/bahiaeconomica.com.br\/wp\/beta\/?p=733021"},"modified":"2023-05-04T21:02:00","modified_gmt":"2023-05-05T00:02:00","slug":"prefeito-de-brusque-e-empresario-sao-cassados-pelo-tse","status":"publish","type":"post","link":"https:\/\/bahiaeconomica.com.br\/wp\/2023\/05\/04\/prefeito-de-brusque-e-empresario-sao-cassados-pelo-tse\/","title":{"rendered":"PREFEITO DE BRUSQUE E EMPRES\u00c1RIO S\u00c3O CASSADOS PELO TSE"},"content":{"rendered":"<p>Os envolvidos foram punidos por abuso de poder econ\u00f4mico durante campanha eleitoral nas Elei\u00e7\u00f5es Municipais de 2020<\/p>\n<p><!--more--><\/p>\n<p>Nesta quinta (04), o Tribunal Superior Eleitoral (TSE) cassou os mandatos do prefeito e do vice-prefeito de Brusque (SC), Jos\u00e9 Ari Vequi e Gilmar Doerner, por abuso de poder econ\u00f4mico durante campanha eleitoral nas Elei\u00e7\u00f5es Municipais de 2020, por 5 votos a 2. Outro que ficou ineleg\u00edvel at\u00e9 2028, foi o empres\u00e1rio Luciano Hang, propriet\u00e1rio das Lojas Havan.<\/p>\n<p>A puni\u00e7\u00e3o ocorre depois que os diret\u00f3rios municipais dos partidos Podemos (PODE), Partido dos Trabalhadores (PT), Partido Socialista Brasileiro (PSB) e Partido Verde (PV) ingressaram com A\u00e7\u00e3o de Investiga\u00e7\u00e3o Judicial Eleitoral (AIJE) contra a Coliga\u00e7\u00e3o \u201cBrusque Mais Forte\u201d, composto pelo empres\u00e1rio Luciano Hang e os candidatos a prefeito e vice-prefeito no munic\u00edpio catarinense.<\/p>\n<p>Os partidos alegaram abuso de poder econ\u00f4mico e afirmaram que Hang teria realizado divulga\u00e7\u00e3o, em massa, de v\u00eddeos no Instagram, em prol da candidatura dos ent\u00e3o candidatos. Segundo os autos, as m\u00eddias teriam sido gravadas no interior dos estabelecimentos empresariais, contando com entrevistas de funcion\u00e1rios e fornecedores, bem como com utiliza\u00e7\u00e3o de logomarca e bens da empresa Havan em favor dos concorrentes ao cargo.<\/p>\n<p>No TSE, o caso ficou sob a relatoria do ent\u00e3o ministro Ricardo Lewandowski que, em sess\u00e3o virtual, negou seguimento ao pedido para que recurso fosse analisado pelo Plen\u00e1rio. Entretanto, voto-vista do ministro Alexandre de Moraes levou \u00e0 altera\u00e7\u00e3o do resultado do julgamento. Moraes foi seguido pelos ministros Benedito Gon\u00e7alves, C\u00e1rmen L\u00facia, S\u00e9rgio Banhos e Carlos Horbach. Ficaram vencidos Lewandowski e Raul Ara\u00fajo.<\/p>\n<p>&nbsp;<\/p>\n<p>Foto: Daniel Marenco\/Ag\u00eancia O Globo<\/p>\n","protected":false},"excerpt":{"rendered":"<p>Os envolvidos foram punidos por abuso de poder econ\u00f4mico durante campanha eleitoral nas Elei\u00e7\u00f5es Municipais de 2020<\/p>\n","protected":false},"author":7,"featured_media":733023,"comment_status":"closed","ping_status":"closed","sticky":false,"template":"","format":"standard","meta":[],"categories":[14,3],"tags":[52,13320,6356,13319,658,100,1739],"acf":[],"yoast_head":"<!-- This site is optimized with the Yoast SEO plugin v20.8 - https:\/\/yoast.com\/wordpress\/plugins\/seo\/ -->\n<title>PREFEITO DE BRUSQUE E EMPRES\u00c1RIO S\u00c3O CASSADOS PELO TSE - Bahia Economica<\/title>\n<meta name=\"description\" content=\"Os envolvidos foram punidos por abuso de poder econ\u00f4mico durante campanha eleitoral nas Elei\u00e7\u00f5es Municipais de 2020\" \/>\n<meta name=\"robots\" content=\"index, follow, max-snippet:-1, max-image-preview:large, max-video-preview:-1\" \/>\n<link rel=\"canonical\" href=\"https:\/\/bahiaeconomica.com.br\/wp\/2023\/05\/04\/prefeito-de-brusque-e-empresario-sao-cassados-pelo-tse\/\" \/>\n<meta property=\"og:locale\" content=\"pt_BR\" \/>\n<meta property=\"og:type\" content=\"article\" \/>\n<meta property=\"og:title\" content=\"PREFEITO DE BRUSQUE E EMPRES\u00c1RIO S\u00c3O CASSADOS PELO TSE - Bahia Economica\" \/>\n<meta property=\"og:description\" content=\"Os envolvidos foram punidos por abuso de poder econ\u00f4mico durante campanha eleitoral nas Elei\u00e7\u00f5es Municipais de 2020\" \/>\n<meta property=\"og:url\" content=\"https:\/\/bahiaeconomica.com.br\/wp\/2023\/05\/04\/prefeito-de-brusque-e-empresario-sao-cassados-pelo-tse\/\" \/>\n<meta property=\"og:site_name\" content=\"Bahia Economica\" \/>\n<meta property=\"article:publisher\" content=\"https:\/\/www.facebook.com\/bahiaeconomica\" \/>\n<meta property=\"article:author\" content=\"https:\/\/www.facebook.com\/taciosapirescaldas\" \/>\n<meta property=\"article:published_time\" content=\"2023-05-04T19:23:49+00:00\" \/>\n<meta property=\"article:modified_time\" content=\"2023-05-05T00:02:00+00:00\" \/>\n<meta property=\"og:image\" content=\"https:\/\/bahiaeconomica.com.br\/wp\/wp-content\/uploads\/2023\/05\/2-32.jpg\" \/>\n\t<meta property=\"og:image:width\" content=\"360\" \/>\n\t<meta property=\"og:image:height\" content=\"220\" \/>\n\t<meta property=\"og:image:type\" content=\"image\/jpeg\" \/>\n<meta name=\"author\" content=\"TC\" \/>\n<meta name=\"twitter:card\" content=\"summary_large_image\" \/>\n<meta name=\"twitter:creator\" content=\"@taciocaldas\" \/>\n<meta name=\"twitter:label1\" content=\"Escrito por\" \/>\n\t<meta name=\"twitter:data1\" content=\"TC\" \/>\n\t<meta name=\"twitter:label2\" content=\"Est. tempo de leitura\" \/>\n\t<meta name=\"twitter:data2\" content=\"2 minutos\" \/>\n<script type=\"application\/ld+json\" class=\"yoast-schema-graph\">{\"@context\":\"https:\/\/schema.org\",\"@graph\":[{\"@type\":\"Article\",\"@id\":\"https:\/\/bahiaeconomica.com.br\/wp\/2023\/05\/04\/prefeito-de-brusque-e-empresario-sao-cassados-pelo-tse\/#article\",\"isPartOf\":{\"@id\":\"https:\/\/bahiaeconomica.com.br\/wp\/2023\/05\/04\/prefeito-de-brusque-e-empresario-sao-cassados-pelo-tse\/\"},\"author\":{\"name\":\"TC\",\"@id\":\"https:\/\/bahiaeconomica.com.br\/wp\/#\/schema\/person\/65938f073b6505ca9ee9899a67ae291b\"},\"headline\":\"PREFEITO DE BRUSQUE E EMPRES\u00c1RIO S\u00c3O CASSADOS PELO TSE\",\"datePublished\":\"2023-05-04T19:23:49+00:00\",\"dateModified\":\"2023-05-05T00:02:00+00:00\",\"mainEntityOfPage\":{\"@id\":\"https:\/\/bahiaeconomica.com.br\/wp\/2023\/05\/04\/prefeito-de-brusque-e-empresario-sao-cassados-pelo-tse\/\"},\"wordCount\":296,\"publisher\":{\"@id\":\"https:\/\/bahiaeconomica.com.br\/wp\/#organization\"},\"keywords\":[\"Brasil\",\"BRUSQUE\",\"cassa\u00e7\u00e3o\",\"ELEI\u00c7\u00d5ES 2020\",\"Luciano Hang\",\"Pol\u00edtica\",\"tse\"],\"articleSection\":[\"DESTAQUE DO DIA\",\"ECONOMIA \/ POL\u00cdTICA\"],\"inLanguage\":\"pt-BR\"},{\"@type\":\"WebPage\",\"@id\":\"https:\/\/bahiaeconomica.com.br\/wp\/2023\/05\/04\/prefeito-de-brusque-e-empresario-sao-cassados-pelo-tse\/\",\"url\":\"https:\/\/bahiaeconomica.com.br\/wp\/2023\/05\/04\/prefeito-de-brusque-e-empresario-sao-cassados-pelo-tse\/\",\"name\":\"PREFEITO DE BRUSQUE E EMPRES\u00c1RIO S\u00c3O CASSADOS PELO TSE - Bahia Economica\",\"isPartOf\":{\"@id\":\"https:\/\/bahiaeconomica.com.br\/wp\/#website\"},\"datePublished\":\"2023-05-04T19:23:49+00:00\",\"dateModified\":\"2023-05-05T00:02:00+00:00\",\"description\":\"Os envolvidos foram punidos por abuso de poder econ\u00f4mico durante campanha eleitoral nas Elei\u00e7\u00f5es Municipais de 2020\",\"breadcrumb\":{\"@id\":\"https:\/\/bahiaeconomica.com.br\/wp\/2023\/05\/04\/prefeito-de-brusque-e-empresario-sao-cassados-pelo-tse\/#breadcrumb\"},\"inLanguage\":\"pt-BR\",\"potentialAction\":[{\"@type\":\"ReadAction\",\"target\":[\"https:\/\/bahiaeconomica.com.br\/wp\/2023\/05\/04\/prefeito-de-brusque-e-empresario-sao-cassados-pelo-tse\/\"]}]},{\"@type\":\"BreadcrumbList\",\"@id\":\"https:\/\/bahiaeconomica.com.br\/wp\/2023\/05\/04\/prefeito-de-brusque-e-empresario-sao-cassados-pelo-tse\/#breadcrumb\",\"itemListElement\":[{\"@type\":\"ListItem\",\"position\":1,\"name\":\"In\u00edcio\",\"item\":\"https:\/\/bahiaeconomica.com.br\/wp\/\"},{\"@type\":\"ListItem\",\"position\":2,\"name\":\"PREFEITO DE BRUSQUE E EMPRES\u00c1RIO S\u00c3O CASSADOS PELO TSE\"}]},{\"@type\":\"WebSite\",\"@id\":\"https:\/\/bahiaeconomica.com.br\/wp\/#website\",\"url\":\"https:\/\/bahiaeconomica.com.br\/wp\/\",\"name\":\"Bahia Economica\",\"description\":\"O maior portal de Economia da Bahia\",\"publisher\":{\"@id\":\"https:\/\/bahiaeconomica.com.br\/wp\/#organization\"},\"potentialAction\":[{\"@type\":\"SearchAction\",\"target\":{\"@type\":\"EntryPoint\",\"urlTemplate\":\"https:\/\/bahiaeconomica.com.br\/wp\/?s={search_term_string}\"},\"query-input\":\"required name=search_term_string\"}],\"inLanguage\":\"pt-BR\"},{\"@type\":\"Organization\",\"@id\":\"https:\/\/bahiaeconomica.com.br\/wp\/#organization\",\"name\":\"Bahia Econ\u00f4mica\",\"url\":\"https:\/\/bahiaeconomica.com.br\/wp\/\",\"logo\":{\"@type\":\"ImageObject\",\"inLanguage\":\"pt-BR\",\"@id\":\"https:\/\/bahiaeconomica.com.br\/wp\/#\/schema\/logo\/image\/\",\"url\":\"https:\/\/bahiaeconomica.com.br\/wp\/wp-content\/uploads\/2020\/12\/cropped-BE.png\",\"contentUrl\":\"https:\/\/bahiaeconomica.com.br\/wp\/wp-content\/uploads\/2020\/12\/cropped-BE.png\",\"width\":512,\"height\":512,\"caption\":\"Bahia Econ\u00f4mica\"},\"image\":{\"@id\":\"https:\/\/bahiaeconomica.com.br\/wp\/#\/schema\/logo\/image\/\"},\"sameAs\":[\"https:\/\/www.facebook.com\/bahiaeconomica\"]},{\"@type\":\"Person\",\"@id\":\"https:\/\/bahiaeconomica.com.br\/wp\/#\/schema\/person\/65938f073b6505ca9ee9899a67ae291b\",\"name\":\"TC\",\"sameAs\":[\"https:\/\/bahiaeconomica.com.br\/wp\/beta\/\",\"https:\/\/www.facebook.com\/taciosapirescaldas\",\"https:\/\/www.instagram.com\/taciocaldas\/\",\"https:\/\/www.linkedin.com\/in\/tcio-caldas\/\",\"https:\/\/twitter.com\/taciocaldas\"],\"url\":\"https:\/\/bahiaeconomica.com.br\/wp\/author\/tc\/\"}]}<\/script>\n<!-- \/ Yoast SEO plugin. -->","yoast_head_json":{"title":"PREFEITO DE BRUSQUE E EMPRES\u00c1RIO S\u00c3O CASSADOS PELO TSE - Bahia Economica","description":"Os envolvidos foram punidos por abuso de poder econ\u00f4mico durante campanha eleitoral nas Elei\u00e7\u00f5es Municipais de 2020","robots":{"index":"index","follow":"follow","max-snippet":"max-snippet:-1","max-image-preview":"max-image-preview:large","max-video-preview":"max-video-preview:-1"},"canonical":"https:\/\/bahiaeconomica.com.br\/wp\/2023\/05\/04\/prefeito-de-brusque-e-empresario-sao-cassados-pelo-tse\/","og_locale":"pt_BR","og_type":"article","og_title":"PREFEITO DE BRUSQUE E EMPRES\u00c1RIO S\u00c3O CASSADOS PELO TSE - Bahia Economica","og_description":"Os envolvidos foram punidos por abuso de poder econ\u00f4mico durante campanha eleitoral nas Elei\u00e7\u00f5es Municipais de 2020","og_url":"https:\/\/bahiaeconomica.com.br\/wp\/2023\/05\/04\/prefeito-de-brusque-e-empresario-sao-cassados-pelo-tse\/","og_site_name":"Bahia Economica","article_publisher":"https:\/\/www.facebook.com\/bahiaeconomica","article_author":"https:\/\/www.facebook.com\/taciosapirescaldas","article_published_time":"2023-05-04T19:23:49+00:00","article_modified_time":"2023-05-05T00:02:00+00:00","og_image":[{"width":360,"height":220,"url":"https:\/\/bahiaeconomica.com.br\/wp\/wp-content\/uploads\/2023\/05\/2-32.jpg","type":"image\/jpeg"}],"author":"TC","twitter_card":"summary_large_image","twitter_creator":"@taciocaldas","twitter_misc":{"Escrito por":"TC","Est. tempo de leitura":"2 minutos"},"schema":{"@context":"https:\/\/schema.org","@graph":[{"@type":"Article","@id":"https:\/\/bahiaeconomica.com.br\/wp\/2023\/05\/04\/prefeito-de-brusque-e-empresario-sao-cassados-pelo-tse\/#article","isPartOf":{"@id":"https:\/\/bahiaeconomica.com.br\/wp\/2023\/05\/04\/prefeito-de-brusque-e-empresario-sao-cassados-pelo-tse\/"},"author":{"name":"TC","@id":"https:\/\/bahiaeconomica.com.br\/wp\/#\/schema\/person\/65938f073b6505ca9ee9899a67ae291b"},"headline":"PREFEITO DE BRUSQUE E EMPRES\u00c1RIO S\u00c3O CASSADOS PELO TSE","datePublished":"2023-05-04T19:23:49+00:00","dateModified":"2023-05-05T00:02:00+00:00","mainEntityOfPage":{"@id":"https:\/\/bahiaeconomica.com.br\/wp\/2023\/05\/04\/prefeito-de-brusque-e-empresario-sao-cassados-pelo-tse\/"},"wordCount":296,"publisher":{"@id":"https:\/\/bahiaeconomica.com.br\/wp\/#organization"},"keywords":["Brasil","BRUSQUE","cassa\u00e7\u00e3o","ELEI\u00c7\u00d5ES 2020","Luciano Hang","Pol\u00edtica","tse"],"articleSection":["DESTAQUE DO DIA","ECONOMIA \/ POL\u00cdTICA"],"inLanguage":"pt-BR"},{"@type":"WebPage","@id":"https:\/\/bahiaeconomica.com.br\/wp\/2023\/05\/04\/prefeito-de-brusque-e-empresario-sao-cassados-pelo-tse\/","url":"https:\/\/bahiaeconomica.com.br\/wp\/2023\/05\/04\/prefeito-de-brusque-e-empresario-sao-cassados-pelo-tse\/","name":"PREFEITO DE BRUSQUE E EMPRES\u00c1RIO S\u00c3O CASSADOS PELO TSE - Bahia Economica","isPartOf":{"@id":"https:\/\/bahiaeconomica.com.br\/wp\/#website"},"datePublished":"2023-05-04T19:23:49+00:00","dateModified":"2023-05-05T00:02:00+00:00","description":"Os envolvidos foram punidos por abuso de poder econ\u00f4mico durante campanha eleitoral nas Elei\u00e7\u00f5es Municipais de 2020","breadcrumb":{"@id":"https:\/\/bahiaeconomica.com.br\/wp\/2023\/05\/04\/prefeito-de-brusque-e-empresario-sao-cassados-pelo-tse\/#breadcrumb"},"inLanguage":"pt-BR","potentialAction":[{"@type":"ReadAction","target":["https:\/\/bahiaeconomica.com.br\/wp\/2023\/05\/04\/prefeito-de-brusque-e-empresario-sao-cassados-pelo-tse\/"]}]},{"@type":"BreadcrumbList","@id":"https:\/\/bahiaeconomica.com.br\/wp\/2023\/05\/04\/prefeito-de-brusque-e-empresario-sao-cassados-pelo-tse\/#breadcrumb","itemListElement":[{"@type":"ListItem","position":1,"name":"In\u00edcio","item":"https:\/\/bahiaeconomica.com.br\/wp\/"},{"@type":"ListItem","position":2,"name":"PREFEITO DE BRUSQUE E EMPRES\u00c1RIO S\u00c3O CASSADOS PELO TSE"}]},{"@type":"WebSite","@id":"https:\/\/bahiaeconomica.com.br\/wp\/#website","url":"https:\/\/bahiaeconomica.com.br\/wp\/","name":"Bahia Economica","description":"O maior portal de Economia da Bahia","publisher":{"@id":"https:\/\/bahiaeconomica.com.br\/wp\/#organization"},"potentialAction":[{"@type":"SearchAction","target":{"@type":"EntryPoint","urlTemplate":"https:\/\/bahiaeconomica.com.br\/wp\/?s={search_term_string}"},"query-input":"required name=search_term_string"}],"inLanguage":"pt-BR"},{"@type":"Organization","@id":"https:\/\/bahiaeconomica.com.br\/wp\/#organization","name":"Bahia Econ\u00f4mica","url":"https:\/\/bahiaeconomica.com.br\/wp\/","logo":{"@type":"ImageObject","inLanguage":"pt-BR","@id":"https:\/\/bahiaeconomica.com.br\/wp\/#\/schema\/logo\/image\/","url":"https:\/\/bahiaeconomica.com.br\/wp\/wp-content\/uploads\/2020\/12\/cropped-BE.png","contentUrl":"https:\/\/bahiaeconomica.com.br\/wp\/wp-content\/uploads\/2020\/12\/cropped-BE.png","width":512,"height":512,"caption":"Bahia Econ\u00f4mica"},"image":{"@id":"https:\/\/bahiaeconomica.com.br\/wp\/#\/schema\/logo\/image\/"},"sameAs":["https:\/\/www.facebook.com\/bahiaeconomica"]},{"@type":"Person","@id":"https:\/\/bahiaeconomica.com.br\/wp\/#\/schema\/person\/65938f073b6505ca9ee9899a67ae291b","name":"TC","sameAs":["https:\/\/bahiaeconomica.com.br\/wp\/beta\/","https:\/\/www.facebook.com\/taciosapirescaldas","https:\/\/www.instagram.com\/taciocaldas\/","https:\/\/www.linkedin.com\/in\/tcio-caldas\/","https:\/\/twitter.com\/taciocaldas"],"url":"https:\/\/bahiaeconomica.com.br\/wp\/author\/tc\/"}]}},"views":12,"_links":{"self":[{"href":"https:\/\/bahiaeconomica.com.br\/wp\/wp-json\/wp\/v2\/posts\/733021"}],"collection":[{"href":"https:\/\/bahiaeconomica.com.br\/wp\/wp-json\/wp\/v2\/posts"}],"about":[{"href":"https:\/\/bahiaeconomica.com.br\/wp\/wp-json\/wp\/v2\/types\/post"}],"author":[{"embeddable":true,"href":"https:\/\/bahiaeconomica.com.br\/wp\/wp-json\/wp\/v2\/users\/7"}],"replies":[{"embeddable":true,"href":"https:\/\/bahiaeconomica.com.br\/wp\/wp-json\/wp\/v2\/comments?post=733021"}],"version-history":[{"count":1,"href":"https:\/\/bahiaeconomica.com.br\/wp\/wp-json\/wp\/v2\/posts\/733021\/revisions"}],"predecessor-version":[{"id":733024,"href":"https:\/\/bahiaeconomica.com.br\/wp\/wp-json\/wp\/v2\/posts\/733021\/revisions\/733024"}],"wp:featuredmedia":[{"embeddable":true,"href":"https:\/\/bahiaeconomica.com.br\/wp\/wp-json\/wp\/v2\/media\/733023"}],"wp:attachment":[{"href":"https:\/\/bahiaeconomica.com.br\/wp\/wp-json\/wp\/v2\/media?parent=733021"}],"wp:term":[{"taxonomy":"category","embeddable":true,"href":"https:\/\/bahiaeconomica.com.br\/wp\/wp-json\/wp\/v2\/categories?post=733021"},{"taxonomy":"post_tag","embeddable":true,"href":"https:\/\/bahiaeconomica.com.br\/wp\/wp-json\/wp\/v2\/tags?post=733021"}],"curies":[{"name":"wp","href":"https:\/\/api.w.org\/{rel}","templated":true}]}}