{"id":732915,"date":"2023-05-04T10:02:50","date_gmt":"2023-05-04T13:02:50","guid":{"rendered":"https:\/\/bahiaeconomica.com.br\/wp\/beta\/?p=732915"},"modified":"2023-05-04T10:02:50","modified_gmt":"2023-05-04T13:02:50","slug":"roberta-roma-sai-em-defesa-da-liberdade-de-expressao","status":"publish","type":"post","link":"https:\/\/bahiaeconomica.com.br\/wp\/2023\/05\/04\/roberta-roma-sai-em-defesa-da-liberdade-de-expressao\/","title":{"rendered":"ROBERTA ROMA SAI EM DEFESA DA LIBERDADE DE EXPRESS\u00c3O"},"content":{"rendered":"<p>O Projeto de Lei 2630, que tem por objetivo combater as not\u00edcias falsas em redes sociais e aplicativos de mensagens, que est\u00e1 para ser votado no Congresso Nacional tem dividido opini\u00f5es em todo o pa\u00eds.<\/p>\n<p><!--more--><\/p>\n<p>No \u00faltimo dia 25 de abril, a C\u00e2mara dos Deputados aprovou, por 238 votos a 192, o requerimento de urg\u00eancia para o PL 2630, que cria a Lei Brasileira de Liberdade, Responsabilidade e Transpar\u00eancia na Internet, e, ainda na primeira semana deste m\u00eas, h\u00e1 previs\u00e3o de que o projeto entre na pauta para vota\u00e7\u00e3o.<\/p>\n<p>H\u00e1 aproximadamente tr\u00eas anos, os autores do projeto v\u00eam tentando aprov\u00e1-lo junto \u00e0 C\u00e2mara e ao Senado. De acordo com a deputada federal Roberta Roma (PL\/BA), \u201cainda \u00e9 preciso aprofundar os debates em torno do tema para que n\u00e3o tenhamos um retrocesso sem precedentes ao ferir um direito constitucionalmente garantido que \u00e9 a liberdade de express\u00e3o\u201d.<\/p>\n<p>\u201cN\u00e3o chegamos ainda a um consenso sobre o tema. H\u00e1, por exemplo, no projeto, um ponto pol\u00eamico, com o qual n\u00e3o concordamos, que \u00e9 a cria\u00e7\u00e3o de uma autarquia federal para fiscaliza\u00e7\u00e3o das redes sociais, ora, estamos vivendo uma crise econ\u00f4mica no nosso pa\u00eds, e vamos onerar ainda mais os cofres p\u00fablicos?&#8221;, questionou a deputada federal.<\/p>\n<p>A parlamentar baiana tamb\u00e9m questionou: \u201cal\u00e9m disso, como o Congresso vai colocar no governo o poder de decis\u00e3o sobre o que deve ou n\u00e3o ser postado? H\u00e1 um perigo imenso de censura e cerceamento da liberdade de express\u00e3o, direcionando, ainda, as pessoas a seguirem um vi\u00e9s ideol\u00f3gico de pensamento e, portanto, isso seria uma manobra para tolher a liberdade do cidad\u00e3o e exercer dom\u00ednio sobre a opini\u00e3o p\u00fablica&#8221;, frisou.<\/p>\n<p>H\u00e1 tamb\u00e9m a expectativa de que o tema seja retirado da pauta de vota\u00e7\u00e3o sem previs\u00e3o de uma nova data para retorno. \u201cN\u00e3o h\u00e1 d\u00favidas de que a decis\u00e3o mais sensata \u00e9 retirar o tema da pauta e discuti-lo com mais profundidade. Sou totalmente contra a censura que o texto est\u00e1 imprimindo ao cidad\u00e3o. E \u00e9 trazendo a verdade sobre os perigos desse PL, e com muita coragem para peitar os absurdos que v\u00eam acontecendo no nosso pa\u00eds, que vou seguir trabalhando no meu mandato\u201d, finalizou Roberta.<\/p>\n<p>Fonte: Assessoria<\/p>\n<p>Foto: Assessoria<\/p>\n","protected":false},"excerpt":{"rendered":"<p>O Projeto de Lei 2630, que tem por objetivo combater as not\u00edcias falsas em redes sociais e aplicativos de mensagens, que est\u00e1 para ser votado no Congresso Nacional tem dividido opini\u00f5es em todo o pa\u00eds.<\/p>\n","protected":false},"author":8,"featured_media":732916,"comment_status":"closed","ping_status":"closed","sticky":false,"template":"","format":"standard","meta":[],"categories":[14,3],"tags":[835,52,100,3752,940],"acf":[],"yoast_head":"<!-- This site is optimized with the Yoast SEO plugin v20.8 - https:\/\/yoast.com\/wordpress\/plugins\/seo\/ -->\n<title>ROBERTA ROMA SAI EM DEFESA DA LIBERDADE DE EXPRESS\u00c3O - Bahia Economica<\/title>\n<meta name=\"description\" content=\"O maior portal de Economia da Bahia DESTAQUE DO DIA, ECONOMIA \/ POL\u00cdTICA Bahia Economica\" \/>\n<meta name=\"robots\" content=\"index, follow, max-snippet:-1, max-image-preview:large, max-video-preview:-1\" \/>\n<link rel=\"canonical\" href=\"https:\/\/bahiaeconomica.com.br\/wp\/2023\/05\/04\/roberta-roma-sai-em-defesa-da-liberdade-de-expressao\/\" \/>\n<meta property=\"og:locale\" content=\"pt_BR\" \/>\n<meta property=\"og:type\" content=\"article\" \/>\n<meta property=\"og:title\" content=\"ROBERTA ROMA SAI EM DEFESA DA LIBERDADE DE EXPRESS\u00c3O - Bahia Economica\" \/>\n<meta property=\"og:description\" content=\"O maior portal de Economia da Bahia DESTAQUE DO DIA, ECONOMIA \/ POL\u00cdTICA Bahia Economica\" \/>\n<meta property=\"og:url\" content=\"https:\/\/bahiaeconomica.com.br\/wp\/2023\/05\/04\/roberta-roma-sai-em-defesa-da-liberdade-de-expressao\/\" \/>\n<meta property=\"og:site_name\" content=\"Bahia Economica\" \/>\n<meta property=\"article:publisher\" content=\"https:\/\/www.facebook.com\/bahiaeconomica\" \/>\n<meta property=\"article:published_time\" content=\"2023-05-04T13:02:50+00:00\" \/>\n<meta property=\"og:image\" content=\"https:\/\/bahiaeconomica.com.br\/wp\/wp-content\/uploads\/2023\/05\/WhatsApp-Image-2023-05-04-at-09.40.30.jpeg\" \/>\n\t<meta property=\"og:image:width\" content=\"1600\" \/>\n\t<meta property=\"og:image:height\" content=\"1066\" \/>\n\t<meta property=\"og:image:type\" content=\"image\/jpeg\" \/>\n<meta name=\"author\" content=\"JP\" \/>\n<meta name=\"twitter:card\" content=\"summary_large_image\" \/>\n<meta name=\"twitter:label1\" content=\"Escrito por\" \/>\n\t<meta name=\"twitter:data1\" content=\"JP\" \/>\n\t<meta name=\"twitter:label2\" content=\"Est. tempo de leitura\" \/>\n\t<meta name=\"twitter:data2\" content=\"2 minutos\" \/>\n<script type=\"application\/ld+json\" class=\"yoast-schema-graph\">{\"@context\":\"https:\/\/schema.org\",\"@graph\":[{\"@type\":\"Article\",\"@id\":\"https:\/\/bahiaeconomica.com.br\/wp\/2023\/05\/04\/roberta-roma-sai-em-defesa-da-liberdade-de-expressao\/#article\",\"isPartOf\":{\"@id\":\"https:\/\/bahiaeconomica.com.br\/wp\/2023\/05\/04\/roberta-roma-sai-em-defesa-da-liberdade-de-expressao\/\"},\"author\":{\"name\":\"JP\",\"@id\":\"https:\/\/bahiaeconomica.com.br\/wp\/#\/schema\/person\/c86d3a3f8960425a0f9d0e5245991f4e\"},\"headline\":\"ROBERTA ROMA SAI EM DEFESA DA LIBERDADE DE EXPRESS\u00c3O\",\"datePublished\":\"2023-05-04T13:02:50+00:00\",\"dateModified\":\"2023-05-04T13:02:50+00:00\",\"mainEntityOfPage\":{\"@id\":\"https:\/\/bahiaeconomica.com.br\/wp\/2023\/05\/04\/roberta-roma-sai-em-defesa-da-liberdade-de-expressao\/\"},\"wordCount\":404,\"publisher\":{\"@id\":\"https:\/\/bahiaeconomica.com.br\/wp\/#organization\"},\"keywords\":[\"alta\",\"Brasil\",\"Pol\u00edtica\",\"roberta\",\"roma\"],\"articleSection\":[\"DESTAQUE DO DIA\",\"ECONOMIA \/ POL\u00cdTICA\"],\"inLanguage\":\"pt-BR\"},{\"@type\":\"WebPage\",\"@id\":\"https:\/\/bahiaeconomica.com.br\/wp\/2023\/05\/04\/roberta-roma-sai-em-defesa-da-liberdade-de-expressao\/\",\"url\":\"https:\/\/bahiaeconomica.com.br\/wp\/2023\/05\/04\/roberta-roma-sai-em-defesa-da-liberdade-de-expressao\/\",\"name\":\"ROBERTA ROMA SAI EM DEFESA DA LIBERDADE DE EXPRESS\u00c3O - Bahia Economica\",\"isPartOf\":{\"@id\":\"https:\/\/bahiaeconomica.com.br\/wp\/#website\"},\"datePublished\":\"2023-05-04T13:02:50+00:00\",\"dateModified\":\"2023-05-04T13:02:50+00:00\",\"description\":\"O maior portal de Economia da Bahia DESTAQUE DO DIA, ECONOMIA \/ POL\u00cdTICA Bahia Economica\",\"breadcrumb\":{\"@id\":\"https:\/\/bahiaeconomica.com.br\/wp\/2023\/05\/04\/roberta-roma-sai-em-defesa-da-liberdade-de-expressao\/#breadcrumb\"},\"inLanguage\":\"pt-BR\",\"potentialAction\":[{\"@type\":\"ReadAction\",\"target\":[\"https:\/\/bahiaeconomica.com.br\/wp\/2023\/05\/04\/roberta-roma-sai-em-defesa-da-liberdade-de-expressao\/\"]}]},{\"@type\":\"BreadcrumbList\",\"@id\":\"https:\/\/bahiaeconomica.com.br\/wp\/2023\/05\/04\/roberta-roma-sai-em-defesa-da-liberdade-de-expressao\/#breadcrumb\",\"itemListElement\":[{\"@type\":\"ListItem\",\"position\":1,\"name\":\"In\u00edcio\",\"item\":\"https:\/\/bahiaeconomica.com.br\/wp\/\"},{\"@type\":\"ListItem\",\"position\":2,\"name\":\"ROBERTA ROMA SAI EM DEFESA DA LIBERDADE DE EXPRESS\u00c3O\"}]},{\"@type\":\"WebSite\",\"@id\":\"https:\/\/bahiaeconomica.com.br\/wp\/#website\",\"url\":\"https:\/\/bahiaeconomica.com.br\/wp\/\",\"name\":\"Bahia Economica\",\"description\":\"O maior portal de Economia da Bahia\",\"publisher\":{\"@id\":\"https:\/\/bahiaeconomica.com.br\/wp\/#organization\"},\"potentialAction\":[{\"@type\":\"SearchAction\",\"target\":{\"@type\":\"EntryPoint\",\"urlTemplate\":\"https:\/\/bahiaeconomica.com.br\/wp\/?s={search_term_string}\"},\"query-input\":\"required name=search_term_string\"}],\"inLanguage\":\"pt-BR\"},{\"@type\":\"Organization\",\"@id\":\"https:\/\/bahiaeconomica.com.br\/wp\/#organization\",\"name\":\"Bahia Econ\u00f4mica\",\"url\":\"https:\/\/bahiaeconomica.com.br\/wp\/\",\"logo\":{\"@type\":\"ImageObject\",\"inLanguage\":\"pt-BR\",\"@id\":\"https:\/\/bahiaeconomica.com.br\/wp\/#\/schema\/logo\/image\/\",\"url\":\"https:\/\/bahiaeconomica.com.br\/wp\/wp-content\/uploads\/2020\/12\/cropped-BE.png\",\"contentUrl\":\"https:\/\/bahiaeconomica.com.br\/wp\/wp-content\/uploads\/2020\/12\/cropped-BE.png\",\"width\":512,\"height\":512,\"caption\":\"Bahia Econ\u00f4mica\"},\"image\":{\"@id\":\"https:\/\/bahiaeconomica.com.br\/wp\/#\/schema\/logo\/image\/\"},\"sameAs\":[\"https:\/\/www.facebook.com\/bahiaeconomica\"]},{\"@type\":\"Person\",\"@id\":\"https:\/\/bahiaeconomica.com.br\/wp\/#\/schema\/person\/c86d3a3f8960425a0f9d0e5245991f4e\",\"name\":\"JP\",\"sameAs\":[\"https:\/\/bahiaeconomica.com.br\/wp\/beta\/\"],\"url\":\"https:\/\/bahiaeconomica.com.br\/wp\/author\/jp\/\"}]}<\/script>\n<!-- \/ Yoast SEO plugin. -->","yoast_head_json":{"title":"ROBERTA ROMA SAI EM DEFESA DA LIBERDADE DE EXPRESS\u00c3O - Bahia Economica","description":"O maior portal de Economia da Bahia DESTAQUE DO DIA, ECONOMIA \/ POL\u00cdTICA Bahia Economica","robots":{"index":"index","follow":"follow","max-snippet":"max-snippet:-1","max-image-preview":"max-image-preview:large","max-video-preview":"max-video-preview:-1"},"canonical":"https:\/\/bahiaeconomica.com.br\/wp\/2023\/05\/04\/roberta-roma-sai-em-defesa-da-liberdade-de-expressao\/","og_locale":"pt_BR","og_type":"article","og_title":"ROBERTA ROMA SAI EM DEFESA DA LIBERDADE DE EXPRESS\u00c3O - Bahia Economica","og_description":"O maior portal de Economia da Bahia DESTAQUE DO DIA, ECONOMIA \/ POL\u00cdTICA Bahia Economica","og_url":"https:\/\/bahiaeconomica.com.br\/wp\/2023\/05\/04\/roberta-roma-sai-em-defesa-da-liberdade-de-expressao\/","og_site_name":"Bahia Economica","article_publisher":"https:\/\/www.facebook.com\/bahiaeconomica","article_published_time":"2023-05-04T13:02:50+00:00","og_image":[{"width":1600,"height":1066,"url":"https:\/\/bahiaeconomica.com.br\/wp\/wp-content\/uploads\/2023\/05\/WhatsApp-Image-2023-05-04-at-09.40.30.jpeg","type":"image\/jpeg"}],"author":"JP","twitter_card":"summary_large_image","twitter_misc":{"Escrito por":"JP","Est. tempo de leitura":"2 minutos"},"schema":{"@context":"https:\/\/schema.org","@graph":[{"@type":"Article","@id":"https:\/\/bahiaeconomica.com.br\/wp\/2023\/05\/04\/roberta-roma-sai-em-defesa-da-liberdade-de-expressao\/#article","isPartOf":{"@id":"https:\/\/bahiaeconomica.com.br\/wp\/2023\/05\/04\/roberta-roma-sai-em-defesa-da-liberdade-de-expressao\/"},"author":{"name":"JP","@id":"https:\/\/bahiaeconomica.com.br\/wp\/#\/schema\/person\/c86d3a3f8960425a0f9d0e5245991f4e"},"headline":"ROBERTA ROMA SAI EM DEFESA DA LIBERDADE DE EXPRESS\u00c3O","datePublished":"2023-05-04T13:02:50+00:00","dateModified":"2023-05-04T13:02:50+00:00","mainEntityOfPage":{"@id":"https:\/\/bahiaeconomica.com.br\/wp\/2023\/05\/04\/roberta-roma-sai-em-defesa-da-liberdade-de-expressao\/"},"wordCount":404,"publisher":{"@id":"https:\/\/bahiaeconomica.com.br\/wp\/#organization"},"keywords":["alta","Brasil","Pol\u00edtica","roberta","roma"],"articleSection":["DESTAQUE DO DIA","ECONOMIA \/ POL\u00cdTICA"],"inLanguage":"pt-BR"},{"@type":"WebPage","@id":"https:\/\/bahiaeconomica.com.br\/wp\/2023\/05\/04\/roberta-roma-sai-em-defesa-da-liberdade-de-expressao\/","url":"https:\/\/bahiaeconomica.com.br\/wp\/2023\/05\/04\/roberta-roma-sai-em-defesa-da-liberdade-de-expressao\/","name":"ROBERTA ROMA SAI EM DEFESA DA LIBERDADE DE EXPRESS\u00c3O - Bahia Economica","isPartOf":{"@id":"https:\/\/bahiaeconomica.com.br\/wp\/#website"},"datePublished":"2023-05-04T13:02:50+00:00","dateModified":"2023-05-04T13:02:50+00:00","description":"O maior portal de Economia da Bahia DESTAQUE DO DIA, ECONOMIA \/ POL\u00cdTICA Bahia Economica","breadcrumb":{"@id":"https:\/\/bahiaeconomica.com.br\/wp\/2023\/05\/04\/roberta-roma-sai-em-defesa-da-liberdade-de-expressao\/#breadcrumb"},"inLanguage":"pt-BR","potentialAction":[{"@type":"ReadAction","target":["https:\/\/bahiaeconomica.com.br\/wp\/2023\/05\/04\/roberta-roma-sai-em-defesa-da-liberdade-de-expressao\/"]}]},{"@type":"BreadcrumbList","@id":"https:\/\/bahiaeconomica.com.br\/wp\/2023\/05\/04\/roberta-roma-sai-em-defesa-da-liberdade-de-expressao\/#breadcrumb","itemListElement":[{"@type":"ListItem","position":1,"name":"In\u00edcio","item":"https:\/\/bahiaeconomica.com.br\/wp\/"},{"@type":"ListItem","position":2,"name":"ROBERTA ROMA SAI EM DEFESA DA LIBERDADE DE EXPRESS\u00c3O"}]},{"@type":"WebSite","@id":"https:\/\/bahiaeconomica.com.br\/wp\/#website","url":"https:\/\/bahiaeconomica.com.br\/wp\/","name":"Bahia Economica","description":"O maior portal de Economia da Bahia","publisher":{"@id":"https:\/\/bahiaeconomica.com.br\/wp\/#organization"},"potentialAction":[{"@type":"SearchAction","target":{"@type":"EntryPoint","urlTemplate":"https:\/\/bahiaeconomica.com.br\/wp\/?s={search_term_string}"},"query-input":"required name=search_term_string"}],"inLanguage":"pt-BR"},{"@type":"Organization","@id":"https:\/\/bahiaeconomica.com.br\/wp\/#organization","name":"Bahia Econ\u00f4mica","url":"https:\/\/bahiaeconomica.com.br\/wp\/","logo":{"@type":"ImageObject","inLanguage":"pt-BR","@id":"https:\/\/bahiaeconomica.com.br\/wp\/#\/schema\/logo\/image\/","url":"https:\/\/bahiaeconomica.com.br\/wp\/wp-content\/uploads\/2020\/12\/cropped-BE.png","contentUrl":"https:\/\/bahiaeconomica.com.br\/wp\/wp-content\/uploads\/2020\/12\/cropped-BE.png","width":512,"height":512,"caption":"Bahia Econ\u00f4mica"},"image":{"@id":"https:\/\/bahiaeconomica.com.br\/wp\/#\/schema\/logo\/image\/"},"sameAs":["https:\/\/www.facebook.com\/bahiaeconomica"]},{"@type":"Person","@id":"https:\/\/bahiaeconomica.com.br\/wp\/#\/schema\/person\/c86d3a3f8960425a0f9d0e5245991f4e","name":"JP","sameAs":["https:\/\/bahiaeconomica.com.br\/wp\/beta\/"],"url":"https:\/\/bahiaeconomica.com.br\/wp\/author\/jp\/"}]}},"views":1,"_links":{"self":[{"href":"https:\/\/bahiaeconomica.com.br\/wp\/wp-json\/wp\/v2\/posts\/732915"}],"collection":[{"href":"https:\/\/bahiaeconomica.com.br\/wp\/wp-json\/wp\/v2\/posts"}],"about":[{"href":"https:\/\/bahiaeconomica.com.br\/wp\/wp-json\/wp\/v2\/types\/post"}],"author":[{"embeddable":true,"href":"https:\/\/bahiaeconomica.com.br\/wp\/wp-json\/wp\/v2\/users\/8"}],"replies":[{"embeddable":true,"href":"https:\/\/bahiaeconomica.com.br\/wp\/wp-json\/wp\/v2\/comments?post=732915"}],"version-history":[{"count":1,"href":"https:\/\/bahiaeconomica.com.br\/wp\/wp-json\/wp\/v2\/posts\/732915\/revisions"}],"predecessor-version":[{"id":732917,"href":"https:\/\/bahiaeconomica.com.br\/wp\/wp-json\/wp\/v2\/posts\/732915\/revisions\/732917"}],"wp:featuredmedia":[{"embeddable":true,"href":"https:\/\/bahiaeconomica.com.br\/wp\/wp-json\/wp\/v2\/media\/732916"}],"wp:attachment":[{"href":"https:\/\/bahiaeconomica.com.br\/wp\/wp-json\/wp\/v2\/media?parent=732915"}],"wp:term":[{"taxonomy":"category","embeddable":true,"href":"https:\/\/bahiaeconomica.com.br\/wp\/wp-json\/wp\/v2\/categories?post=732915"},{"taxonomy":"post_tag","embeddable":true,"href":"https:\/\/bahiaeconomica.com.br\/wp\/wp-json\/wp\/v2\/tags?post=732915"}],"curies":[{"name":"wp","href":"https:\/\/api.w.org\/{rel}","templated":true}]}}