{"id":732544,"date":"2023-05-02T16:48:46","date_gmt":"2023-05-02T19:48:46","guid":{"rendered":"https:\/\/bahiaeconomica.com.br\/wp\/beta\/?p=732544"},"modified":"2023-05-02T19:59:44","modified_gmt":"2023-05-02T22:59:44","slug":"secretario-andre-curvello-diz-ser-a-favor-do-pl-das-fake-news","status":"publish","type":"post","link":"https:\/\/bahiaeconomica.com.br\/wp\/2023\/05\/02\/secretario-andre-curvello-diz-ser-a-favor-do-pl-das-fake-news\/","title":{"rendered":"SECRET\u00c1RIO ANDR\u00c9 CURVELLO DIZ SER A FAVOR DO PL DAS FAKE NEWS"},"content":{"rendered":"<p>Para ele, a aprova\u00e7\u00e3o do Projeto de Lei \u00e9 um avan\u00e7o para o pa\u00eds, apesar de n\u00e3o concordar com alguns pontos da proposta<\/p>\n<p><!--more--><\/p>\n<p>Nesta ter\u00e7a (02), em entrevista a Jos\u00e9 Eduardo, na R\u00e1dio Metropole, o secret\u00e1rio estadual de Comunica\u00e7\u00e3o, Andr\u00e9 Curvello, comentou sobre o PL das Fake News, que vai para vota\u00e7\u00e3o nesta semana, na C\u00e2mara dos Deputados. Para ele, a aprova\u00e7\u00e3o do Projeto de Lei \u00e9 um avan\u00e7o para o pa\u00eds, apesar de n\u00e3o concordar com alguns pontos da proposta.<\/p>\n<p>&#8220;Esse projeto come\u00e7ou a ser discutido h\u00e1 quatro anos, mas infelizmente n\u00e3o foi adiante com a velocidade e com a seriedade que seriam necess\u00e1rias. Mas hoje, at\u00e9 motivado pelo advento triste de amea\u00e7a \u00e0s escolas, o Congresso resolveu colocar em pauta e pode ser voltado de hoje para amanh\u00e3. Penso que no mundo do &#8216;on&#8217; e do &#8216;off&#8217; tem que ter regras, tem que ter respeito. Acho que essas plataformas t\u00eam que acordar pra isso. No fundo, todas elas querem faturar, e muitas vezes isso acontece alavancando not\u00edcias falsas&#8221;, analisou Curvello.<\/p>\n<p>Com risco do texto ser rejeitado pelos parlamentares federais, o presidente da C\u00e2mara dos Deputados, Arthur Lira (PP), tem passado a ter\u00e7a em di\u00e1logo com os l\u00edderes dos partidos para tomar uma decis\u00e3o. Mais cedo, Lira teve reuni\u00f5es com o presidente Lula (PT) e com o senador Rodrigo Pacheco (PSD), presidente do Senado.<\/p>\n<p>&nbsp;<\/p>\n<p>Foto: Carol Garcia\/GOV-BA<\/p>\n","protected":false},"excerpt":{"rendered":"<p>Para ele, a aprova\u00e7\u00e3o do Projeto de Lei \u00e9 um avan\u00e7o para o pa\u00eds, apesar de n\u00e3o concordar com alguns pontos da proposta<\/p>\n","protected":false},"author":6,"featured_media":732545,"comment_status":"closed","ping_status":"closed","sticky":false,"template":"","format":"standard","meta":[],"categories":[14,3],"tags":[13232,85,1296,13231,100,73],"acf":[],"yoast_head":"<!-- This site is optimized with the Yoast SEO plugin v20.8 - https:\/\/yoast.com\/wordpress\/plugins\/seo\/ -->\n<title>SECRET\u00c1RIO ANDR\u00c9 CURVELLO DIZ SER A FAVOR DO PL DAS FAKE NEWS - Bahia Economica<\/title>\n<meta name=\"description\" content=\"Para ele, a aprova\u00e7\u00e3o do Projeto de Lei \u00e9 um avan\u00e7o para o pa\u00eds, apesar de n\u00e3o concordar com alguns pontos da proposta\" \/>\n<meta name=\"robots\" content=\"index, follow, max-snippet:-1, max-image-preview:large, max-video-preview:-1\" \/>\n<link rel=\"canonical\" href=\"https:\/\/bahiaeconomica.com.br\/wp\/2023\/05\/02\/secretario-andre-curvello-diz-ser-a-favor-do-pl-das-fake-news\/\" \/>\n<meta property=\"og:locale\" content=\"pt_BR\" \/>\n<meta property=\"og:type\" content=\"article\" \/>\n<meta property=\"og:title\" content=\"SECRET\u00c1RIO ANDR\u00c9 CURVELLO DIZ SER A FAVOR DO PL DAS FAKE NEWS - Bahia Economica\" \/>\n<meta property=\"og:description\" content=\"Para ele, a aprova\u00e7\u00e3o do Projeto de Lei \u00e9 um avan\u00e7o para o pa\u00eds, apesar de n\u00e3o concordar com alguns pontos da proposta\" \/>\n<meta property=\"og:url\" content=\"https:\/\/bahiaeconomica.com.br\/wp\/2023\/05\/02\/secretario-andre-curvello-diz-ser-a-favor-do-pl-das-fake-news\/\" \/>\n<meta property=\"og:site_name\" content=\"Bahia Economica\" \/>\n<meta property=\"article:publisher\" content=\"https:\/\/www.facebook.com\/bahiaeconomica\" \/>\n<meta property=\"article:published_time\" content=\"2023-05-02T19:48:46+00:00\" \/>\n<meta property=\"article:modified_time\" content=\"2023-05-02T22:59:44+00:00\" \/>\n<meta property=\"og:image\" content=\"https:\/\/bahiaeconomica.com.br\/wp\/wp-content\/uploads\/2023\/05\/andre_curv_1.jpg\" \/>\n\t<meta property=\"og:image:width\" content=\"360\" \/>\n\t<meta property=\"og:image:height\" content=\"220\" \/>\n\t<meta property=\"og:image:type\" content=\"image\/jpeg\" \/>\n<meta name=\"author\" content=\"DS\" \/>\n<meta name=\"twitter:card\" content=\"summary_large_image\" \/>\n<meta name=\"twitter:label1\" content=\"Escrito por\" \/>\n\t<meta name=\"twitter:data1\" content=\"DS\" \/>\n\t<meta name=\"twitter:label2\" content=\"Est. tempo de leitura\" \/>\n\t<meta name=\"twitter:data2\" content=\"2 minutos\" \/>\n<script type=\"application\/ld+json\" class=\"yoast-schema-graph\">{\"@context\":\"https:\/\/schema.org\",\"@graph\":[{\"@type\":\"Article\",\"@id\":\"https:\/\/bahiaeconomica.com.br\/wp\/2023\/05\/02\/secretario-andre-curvello-diz-ser-a-favor-do-pl-das-fake-news\/#article\",\"isPartOf\":{\"@id\":\"https:\/\/bahiaeconomica.com.br\/wp\/2023\/05\/02\/secretario-andre-curvello-diz-ser-a-favor-do-pl-das-fake-news\/\"},\"author\":{\"name\":\"DS\",\"@id\":\"https:\/\/bahiaeconomica.com.br\/wp\/#\/schema\/person\/756f314c5bfa87c7b43a2850854305a1\"},\"headline\":\"SECRET\u00c1RIO ANDR\u00c9 CURVELLO DIZ SER A FAVOR DO PL DAS FAKE NEWS\",\"datePublished\":\"2023-05-02T19:48:46+00:00\",\"dateModified\":\"2023-05-02T22:59:44+00:00\",\"mainEntityOfPage\":{\"@id\":\"https:\/\/bahiaeconomica.com.br\/wp\/2023\/05\/02\/secretario-andre-curvello-diz-ser-a-favor-do-pl-das-fake-news\/\"},\"wordCount\":266,\"publisher\":{\"@id\":\"https:\/\/bahiaeconomica.com.br\/wp\/#organization\"},\"keywords\":[\"ANDR\u00c9 CURVELLO\",\"Bahia\",\"entrevista\",\"PL DAS FAKE NEWS\",\"Pol\u00edtica\",\"Salvador\"],\"articleSection\":[\"DESTAQUE DO DIA\",\"ECONOMIA \/ POL\u00cdTICA\"],\"inLanguage\":\"pt-BR\"},{\"@type\":\"WebPage\",\"@id\":\"https:\/\/bahiaeconomica.com.br\/wp\/2023\/05\/02\/secretario-andre-curvello-diz-ser-a-favor-do-pl-das-fake-news\/\",\"url\":\"https:\/\/bahiaeconomica.com.br\/wp\/2023\/05\/02\/secretario-andre-curvello-diz-ser-a-favor-do-pl-das-fake-news\/\",\"name\":\"SECRET\u00c1RIO ANDR\u00c9 CURVELLO DIZ SER A FAVOR DO PL DAS FAKE NEWS - Bahia Economica\",\"isPartOf\":{\"@id\":\"https:\/\/bahiaeconomica.com.br\/wp\/#website\"},\"datePublished\":\"2023-05-02T19:48:46+00:00\",\"dateModified\":\"2023-05-02T22:59:44+00:00\",\"description\":\"Para ele, a aprova\u00e7\u00e3o do Projeto de Lei \u00e9 um avan\u00e7o para o pa\u00eds, apesar de n\u00e3o concordar com alguns pontos da proposta\",\"breadcrumb\":{\"@id\":\"https:\/\/bahiaeconomica.com.br\/wp\/2023\/05\/02\/secretario-andre-curvello-diz-ser-a-favor-do-pl-das-fake-news\/#breadcrumb\"},\"inLanguage\":\"pt-BR\",\"potentialAction\":[{\"@type\":\"ReadAction\",\"target\":[\"https:\/\/bahiaeconomica.com.br\/wp\/2023\/05\/02\/secretario-andre-curvello-diz-ser-a-favor-do-pl-das-fake-news\/\"]}]},{\"@type\":\"BreadcrumbList\",\"@id\":\"https:\/\/bahiaeconomica.com.br\/wp\/2023\/05\/02\/secretario-andre-curvello-diz-ser-a-favor-do-pl-das-fake-news\/#breadcrumb\",\"itemListElement\":[{\"@type\":\"ListItem\",\"position\":1,\"name\":\"In\u00edcio\",\"item\":\"https:\/\/bahiaeconomica.com.br\/wp\/\"},{\"@type\":\"ListItem\",\"position\":2,\"name\":\"SECRET\u00c1RIO ANDR\u00c9 CURVELLO DIZ SER A FAVOR DO PL DAS FAKE NEWS\"}]},{\"@type\":\"WebSite\",\"@id\":\"https:\/\/bahiaeconomica.com.br\/wp\/#website\",\"url\":\"https:\/\/bahiaeconomica.com.br\/wp\/\",\"name\":\"Bahia Economica\",\"description\":\"O maior portal de Economia da Bahia\",\"publisher\":{\"@id\":\"https:\/\/bahiaeconomica.com.br\/wp\/#organization\"},\"potentialAction\":[{\"@type\":\"SearchAction\",\"target\":{\"@type\":\"EntryPoint\",\"urlTemplate\":\"https:\/\/bahiaeconomica.com.br\/wp\/?s={search_term_string}\"},\"query-input\":\"required name=search_term_string\"}],\"inLanguage\":\"pt-BR\"},{\"@type\":\"Organization\",\"@id\":\"https:\/\/bahiaeconomica.com.br\/wp\/#organization\",\"name\":\"Bahia Econ\u00f4mica\",\"url\":\"https:\/\/bahiaeconomica.com.br\/wp\/\",\"logo\":{\"@type\":\"ImageObject\",\"inLanguage\":\"pt-BR\",\"@id\":\"https:\/\/bahiaeconomica.com.br\/wp\/#\/schema\/logo\/image\/\",\"url\":\"https:\/\/bahiaeconomica.com.br\/wp\/wp-content\/uploads\/2020\/12\/cropped-BE.png\",\"contentUrl\":\"https:\/\/bahiaeconomica.com.br\/wp\/wp-content\/uploads\/2020\/12\/cropped-BE.png\",\"width\":512,\"height\":512,\"caption\":\"Bahia Econ\u00f4mica\"},\"image\":{\"@id\":\"https:\/\/bahiaeconomica.com.br\/wp\/#\/schema\/logo\/image\/\"},\"sameAs\":[\"https:\/\/www.facebook.com\/bahiaeconomica\"]},{\"@type\":\"Person\",\"@id\":\"https:\/\/bahiaeconomica.com.br\/wp\/#\/schema\/person\/756f314c5bfa87c7b43a2850854305a1\",\"name\":\"DS\",\"sameAs\":[\"https:\/\/bahiaeconomica.com.br\/wp\/beta\/\"],\"url\":\"https:\/\/bahiaeconomica.com.br\/wp\/author\/ds\/\"}]}<\/script>\n<!-- \/ Yoast SEO plugin. -->","yoast_head_json":{"title":"SECRET\u00c1RIO ANDR\u00c9 CURVELLO DIZ SER A FAVOR DO PL DAS FAKE NEWS - Bahia Economica","description":"Para ele, a aprova\u00e7\u00e3o do Projeto de Lei \u00e9 um avan\u00e7o para o pa\u00eds, apesar de n\u00e3o concordar com alguns pontos da proposta","robots":{"index":"index","follow":"follow","max-snippet":"max-snippet:-1","max-image-preview":"max-image-preview:large","max-video-preview":"max-video-preview:-1"},"canonical":"https:\/\/bahiaeconomica.com.br\/wp\/2023\/05\/02\/secretario-andre-curvello-diz-ser-a-favor-do-pl-das-fake-news\/","og_locale":"pt_BR","og_type":"article","og_title":"SECRET\u00c1RIO ANDR\u00c9 CURVELLO DIZ SER A FAVOR DO PL DAS FAKE NEWS - Bahia Economica","og_description":"Para ele, a aprova\u00e7\u00e3o do Projeto de Lei \u00e9 um avan\u00e7o para o pa\u00eds, apesar de n\u00e3o concordar com alguns pontos da proposta","og_url":"https:\/\/bahiaeconomica.com.br\/wp\/2023\/05\/02\/secretario-andre-curvello-diz-ser-a-favor-do-pl-das-fake-news\/","og_site_name":"Bahia Economica","article_publisher":"https:\/\/www.facebook.com\/bahiaeconomica","article_published_time":"2023-05-02T19:48:46+00:00","article_modified_time":"2023-05-02T22:59:44+00:00","og_image":[{"width":360,"height":220,"url":"https:\/\/bahiaeconomica.com.br\/wp\/wp-content\/uploads\/2023\/05\/andre_curv_1.jpg","type":"image\/jpeg"}],"author":"DS","twitter_card":"summary_large_image","twitter_misc":{"Escrito por":"DS","Est. tempo de leitura":"2 minutos"},"schema":{"@context":"https:\/\/schema.org","@graph":[{"@type":"Article","@id":"https:\/\/bahiaeconomica.com.br\/wp\/2023\/05\/02\/secretario-andre-curvello-diz-ser-a-favor-do-pl-das-fake-news\/#article","isPartOf":{"@id":"https:\/\/bahiaeconomica.com.br\/wp\/2023\/05\/02\/secretario-andre-curvello-diz-ser-a-favor-do-pl-das-fake-news\/"},"author":{"name":"DS","@id":"https:\/\/bahiaeconomica.com.br\/wp\/#\/schema\/person\/756f314c5bfa87c7b43a2850854305a1"},"headline":"SECRET\u00c1RIO ANDR\u00c9 CURVELLO DIZ SER A FAVOR DO PL DAS FAKE NEWS","datePublished":"2023-05-02T19:48:46+00:00","dateModified":"2023-05-02T22:59:44+00:00","mainEntityOfPage":{"@id":"https:\/\/bahiaeconomica.com.br\/wp\/2023\/05\/02\/secretario-andre-curvello-diz-ser-a-favor-do-pl-das-fake-news\/"},"wordCount":266,"publisher":{"@id":"https:\/\/bahiaeconomica.com.br\/wp\/#organization"},"keywords":["ANDR\u00c9 CURVELLO","Bahia","entrevista","PL DAS FAKE NEWS","Pol\u00edtica","Salvador"],"articleSection":["DESTAQUE DO DIA","ECONOMIA \/ POL\u00cdTICA"],"inLanguage":"pt-BR"},{"@type":"WebPage","@id":"https:\/\/bahiaeconomica.com.br\/wp\/2023\/05\/02\/secretario-andre-curvello-diz-ser-a-favor-do-pl-das-fake-news\/","url":"https:\/\/bahiaeconomica.com.br\/wp\/2023\/05\/02\/secretario-andre-curvello-diz-ser-a-favor-do-pl-das-fake-news\/","name":"SECRET\u00c1RIO ANDR\u00c9 CURVELLO DIZ SER A FAVOR DO PL DAS FAKE NEWS - Bahia Economica","isPartOf":{"@id":"https:\/\/bahiaeconomica.com.br\/wp\/#website"},"datePublished":"2023-05-02T19:48:46+00:00","dateModified":"2023-05-02T22:59:44+00:00","description":"Para ele, a aprova\u00e7\u00e3o do Projeto de Lei \u00e9 um avan\u00e7o para o pa\u00eds, apesar de n\u00e3o concordar com alguns pontos da proposta","breadcrumb":{"@id":"https:\/\/bahiaeconomica.com.br\/wp\/2023\/05\/02\/secretario-andre-curvello-diz-ser-a-favor-do-pl-das-fake-news\/#breadcrumb"},"inLanguage":"pt-BR","potentialAction":[{"@type":"ReadAction","target":["https:\/\/bahiaeconomica.com.br\/wp\/2023\/05\/02\/secretario-andre-curvello-diz-ser-a-favor-do-pl-das-fake-news\/"]}]},{"@type":"BreadcrumbList","@id":"https:\/\/bahiaeconomica.com.br\/wp\/2023\/05\/02\/secretario-andre-curvello-diz-ser-a-favor-do-pl-das-fake-news\/#breadcrumb","itemListElement":[{"@type":"ListItem","position":1,"name":"In\u00edcio","item":"https:\/\/bahiaeconomica.com.br\/wp\/"},{"@type":"ListItem","position":2,"name":"SECRET\u00c1RIO ANDR\u00c9 CURVELLO DIZ SER A FAVOR DO PL DAS FAKE NEWS"}]},{"@type":"WebSite","@id":"https:\/\/bahiaeconomica.com.br\/wp\/#website","url":"https:\/\/bahiaeconomica.com.br\/wp\/","name":"Bahia Economica","description":"O maior portal de Economia da Bahia","publisher":{"@id":"https:\/\/bahiaeconomica.com.br\/wp\/#organization"},"potentialAction":[{"@type":"SearchAction","target":{"@type":"EntryPoint","urlTemplate":"https:\/\/bahiaeconomica.com.br\/wp\/?s={search_term_string}"},"query-input":"required name=search_term_string"}],"inLanguage":"pt-BR"},{"@type":"Organization","@id":"https:\/\/bahiaeconomica.com.br\/wp\/#organization","name":"Bahia Econ\u00f4mica","url":"https:\/\/bahiaeconomica.com.br\/wp\/","logo":{"@type":"ImageObject","inLanguage":"pt-BR","@id":"https:\/\/bahiaeconomica.com.br\/wp\/#\/schema\/logo\/image\/","url":"https:\/\/bahiaeconomica.com.br\/wp\/wp-content\/uploads\/2020\/12\/cropped-BE.png","contentUrl":"https:\/\/bahiaeconomica.com.br\/wp\/wp-content\/uploads\/2020\/12\/cropped-BE.png","width":512,"height":512,"caption":"Bahia Econ\u00f4mica"},"image":{"@id":"https:\/\/bahiaeconomica.com.br\/wp\/#\/schema\/logo\/image\/"},"sameAs":["https:\/\/www.facebook.com\/bahiaeconomica"]},{"@type":"Person","@id":"https:\/\/bahiaeconomica.com.br\/wp\/#\/schema\/person\/756f314c5bfa87c7b43a2850854305a1","name":"DS","sameAs":["https:\/\/bahiaeconomica.com.br\/wp\/beta\/"],"url":"https:\/\/bahiaeconomica.com.br\/wp\/author\/ds\/"}]}},"views":5,"_links":{"self":[{"href":"https:\/\/bahiaeconomica.com.br\/wp\/wp-json\/wp\/v2\/posts\/732544"}],"collection":[{"href":"https:\/\/bahiaeconomica.com.br\/wp\/wp-json\/wp\/v2\/posts"}],"about":[{"href":"https:\/\/bahiaeconomica.com.br\/wp\/wp-json\/wp\/v2\/types\/post"}],"author":[{"embeddable":true,"href":"https:\/\/bahiaeconomica.com.br\/wp\/wp-json\/wp\/v2\/users\/6"}],"replies":[{"embeddable":true,"href":"https:\/\/bahiaeconomica.com.br\/wp\/wp-json\/wp\/v2\/comments?post=732544"}],"version-history":[{"count":1,"href":"https:\/\/bahiaeconomica.com.br\/wp\/wp-json\/wp\/v2\/posts\/732544\/revisions"}],"predecessor-version":[{"id":732546,"href":"https:\/\/bahiaeconomica.com.br\/wp\/wp-json\/wp\/v2\/posts\/732544\/revisions\/732546"}],"wp:featuredmedia":[{"embeddable":true,"href":"https:\/\/bahiaeconomica.com.br\/wp\/wp-json\/wp\/v2\/media\/732545"}],"wp:attachment":[{"href":"https:\/\/bahiaeconomica.com.br\/wp\/wp-json\/wp\/v2\/media?parent=732544"}],"wp:term":[{"taxonomy":"category","embeddable":true,"href":"https:\/\/bahiaeconomica.com.br\/wp\/wp-json\/wp\/v2\/categories?post=732544"},{"taxonomy":"post_tag","embeddable":true,"href":"https:\/\/bahiaeconomica.com.br\/wp\/wp-json\/wp\/v2\/tags?post=732544"}],"curies":[{"name":"wp","href":"https:\/\/api.w.org\/{rel}","templated":true}]}}